{"id":63101,"date":"2025-11-07T19:00:01","date_gmt":"2025-11-07T22:00:01","guid":{"rendered":"https:\/\/redept.com.br\/blogosfera\/gastar-mais-com-armas-do-que-acao-climatica-e-caminho-para-apocalipse-afirma-lula\/"},"modified":"2025-11-07T19:00:01","modified_gmt":"2025-11-07T22:00:01","slug":"gastar-mais-com-armas-do-que-acao-climatica-e-caminho-para-apocalipse-afirma-lula","status":"publish","type":"post","link":"https:\/\/redept.com.br\/blogosfera\/gastar-mais-com-armas-do-que-acao-climatica-e-caminho-para-apocalipse-afirma-lula\/","title":{"rendered":"\u2018Gastar mais com armas do que a\u00e7\u00e3o clim\u00e1tica \u00e9 caminho para apocalipse\u2019, afirma Lula"},"content":{"rendered":"<p>O presidente do Brasil, Luiz In\u00e1cio Lula da Silva, afirmou nesta sexta-feira (07\/11) que o gasto mundial com conflitos armados significa \u201cpavimentar o caminho para o apocalipse clim\u00e1tico\u201d.<\/p>\n<p>Em discurso na C\u00fapula do Clima, evento com l\u00edderes de diferentes pa\u00edses que antecede a 30\u00aa Confer\u00eancia das Na\u00e7\u00f5es Unidas sobre Mudan\u00e7a do Clima (COP30), o mandat\u00e1rio brasileiro afirmou que os conflitos armados, como a guerra na Ucr\u00e2nia, interromperam um per\u00edodo de redu\u00e7\u00e3o nas emiss\u00f5es de gases poluentes na atmosfera e podem levar o planeta a um colapso ambiental.<\/p>\n<p>\u201cO conflito na Ucr\u00e2nia reverteu anos de esfor\u00e7os para a redu\u00e7\u00e3o da emiss\u00e3o de gases do efeito estufa e levou \u00e0 reabertura de minas de carv\u00e3o. Gastar com armas o dobro do que destinamos \u00e0 a\u00e7\u00e3o clim\u00e1tica \u00e9 pavimentar o caminho para o apocalipse clim\u00e1tico. N\u00e3o haver\u00e1 seguran\u00e7a energ\u00e9tica em um mundo conflagrado\u201d, afirmou na abertura da segunda sess\u00e3o tem\u00e1tica da C\u00fapula do Clima, em Bel\u00e9m, que discute desafios da transi\u00e7\u00e3o energ\u00e9tica.<\/p>\n<p>Lula ponderou que, apesar de avan\u00e7os relacionados a mudan\u00e7as na matriz energ\u00e9tica, popula\u00e7\u00f5es que vivem em pa\u00edses pobres e em desenvolvimento ainda est\u00e3o distantes de uma transi\u00e7\u00e3o justa.<\/p>\n<p>\u201c\u00c9 fundamental combater todas as formas de pobreza energ\u00e9tica: dois bilh\u00f5es de pessoas n\u00e3o t\u00eam acesso a combust\u00edveis adequados para cozinhar, 660 milh\u00f5es de pessoas dependem de lamparinas e geradores a diesel nas periferias das grandes cidades e nas comunidades rurais da Am\u00e9rica Latina e da \u00c1frica. E 200 milh\u00f5es de crian\u00e7as frequentam escolas sem acesso \u00e0 luz el\u00e9trica. Sem energia, tamb\u00e9m n\u00e3o h\u00e1 conex\u00e3o digital, hospitais funcionando ou agricultura moderna\u201d, observou.<\/p>\n<p>Assim, Lula cobrou a\u00e7\u00e3o para equacionar a \u201cinjusti\u00e7a de d\u00edvidas externas impag\u00e1veis\u201d e as exig\u00eancias que discriminam pa\u00edses em desenvolvimento.<\/p>\n<p>\u201cUm processo justo, ordenado e equitativo de afastamento dos combust\u00edveis f\u00f3sseis demanda o acesso a tecnologia e financiamento a pa\u00edses do Sul Global. H\u00e1 espa\u00e7o para explorar mecanismos inovadores de troca de d\u00edvidas por financiamento de iniciativa de mitiga\u00e7\u00e3o clim\u00e1tica e transi\u00e7\u00e3o energ\u00e9tica\u201d.<\/p>\n<p>Diante de l\u00edderes de diferentes na\u00e7\u00f5es, o presidente brasileiro criticou o sistema financeiro que alimenta o setor de petr\u00f3leo, lembrando que 75% das emiss\u00f5es de gases do efeito estufa t\u00eam origem na produ\u00e7\u00e3o e no consumo de energia.<\/p>\n<p>\u201cNo ano passado, os 65 maiores bancos do mundo se comprometeram a conceder US$ 869 bilh\u00f5es (cerca de R$ 5,04 trilh\u00f5es) para o setor de petr\u00f3leo e g\u00e1s. Desde a ado\u00e7\u00e3o do Acordo de Paris, a participa\u00e7\u00e3o dos combust\u00edveis f\u00f3sseis na matriz energ\u00e9tica global diminuiu apenas de 83% para 80%\u201d, citou.<\/p>\n<p>O presidente brasileiro tamb\u00e9m anunciou que vai criar um fundo para canalizar lucros do setor de \u00f3leo e g\u00e1s para investimento em energia renov\u00e1vel.<\/p>\n<p>\u201cDirecionar parte dos lucros com a explora\u00e7\u00e3o de petr\u00f3leo para a transi\u00e7\u00e3o energ\u00e9tica permanece um caminho v\u00e1lido para os pa\u00edses em desenvolvimento. O Brasil estabelecer\u00e1 um fundo desta natureza para financiar o enfrentamento da mudan\u00e7a do clima e estabelece justi\u00e7a clim\u00e1tica\u201d, afirmou.<\/p>\n<p>O presidente encerrou seu discurso cobrando a implementa\u00e7\u00e3o do acordo da COP28, realizada em Dubai, nos Emirados \u00c1rabes Unidos, de triplicar a energia renov\u00e1vel e dobrar a efici\u00eancia energ\u00e9tica at\u00e9 2030, al\u00e9m de incluir e priorizar a elimina\u00e7\u00e3o da pobreza energ\u00e9tica nos planos e metas clim\u00e1ticas nacionais dos pa\u00edses<\/p>\n<p>\u201cOs cientistas j\u00e1 cumpriram seu papel. Nesta COP, os negociadores devem buscar o entendimento. E n\u00f3s, os l\u00edderes, devemos decidir se o S\u00e9culo 21 ser\u00e1 lembrado como o s\u00e9culo da cat\u00e1strofe clim\u00e1tica ou como o momento da reconstru\u00e7\u00e3o inteligente\u201d, concluiu.<\/p>\n<figure aria-describedby=\"caption-attachment-237129\"><img fetchpriority=\"high\" decoding=\"async\"src=\"https:\/\/redept.com.br\/blogosfera\/wp-content\/uploads\/2025\/11\/54908079091_1ace85fbce_c.jpg\" alt=\"\" width=\"800\" height=\"478\" srcset=\"https:\/\/redept.com.br\/blogosfera\/wp-content\/uploads\/2025\/11\/54908079091_1ace85fbce_c.jpg 800w, https:\/\/operamundi.uol.com.br\/wp-content\/uploads\/2025\/11\/54908079091_1ace85fbce_c-300x179.jpg 300w, https:\/\/operamundi.uol.com.br\/wp-content\/uploads\/2025\/11\/54908079091_1ace85fbce_c-768x459.jpg 768w, https:\/\/operamundi.uol.com.br\/wp-content\/uploads\/2025\/11\/54908079091_1ace85fbce_c-150x90.jpg 150w, https:\/\/operamundi.uol.com.br\/wp-content\/uploads\/2025\/11\/54908079091_1ace85fbce_c-750x448.jpg 750w\" sizes=\"(max-width: 800px) 100vw, 800px\"><figcaption>Presidente Lula durante segunda sess\u00e3o na C\u00fapula do Clima, denominada \u201cTransi\u00e7\u00e3o Energ\u00e9tica\u201d<br \/>Ricardo Stuckert \/ PR<\/figcaption><\/figure>\n<h3>Fundo Florestas Tropicais para Sempre<\/h3>\n<p>\u00c0s v\u00e9speras da COP30, mais de 50 pa\u00edses j\u00e1 assinaram a declara\u00e7\u00e3o de lan\u00e7amento do Fundo Florestas Tropicais para Sempre (TFFF, na sigla em ingl\u00eas), iniciativa criada pelo Brasil e que j\u00e1 assegurou mais de US$ 5,5 bilh\u00f5es (R$ 29,4 bilh\u00f5es) em financiamento.<\/p>\n<p>O projeto foi apresentado oficialmente pelo presidente Lula no primeiro dia da C\u00fapula do Clima em Bel\u00e9m, e busca introduzir uma l\u00f3gica de \u201cganha-ganha\u201d nos instrumentos de a\u00e7\u00e3o clim\u00e1tica, remunerando tanto os pa\u00edses que mantiverem suas florestas de p\u00e9 quanto aqueles que investirem no fundo.<\/p>\n<p>At\u00e9 o momento, 53 na\u00e7\u00f5es endossaram a declara\u00e7\u00e3o de lan\u00e7amento do TFFF, incluindo a Fran\u00e7a, que se comprometeu com US$ 577 milh\u00f5es (R$ 3,1 bilh\u00f5es) at\u00e9 2030, e a Indon\u00e9sia, que abriga uma importante floresta tropical e prometeu US$ 1 bilh\u00e3o (R$ 5,3 bilh\u00f5es), assim como o Brasil.<\/p>\n<p>A lista de signat\u00e1rios tamb\u00e9m conta com Alemanha, Austr\u00e1lia, \u00c1ustria, B\u00e9lgica, Bol\u00edvia, Canad\u00e1, China, Col\u00f4mbia, Cuba, Emirados \u00c1rabes, Fran\u00e7a, Jap\u00e3o, Mal\u00e1sia, M\u00e9xico, Nig\u00e9ria, Portugal, Reino Unido, Rep\u00fablica Democr\u00e1tica do Congo, Su\u00e9cia e Uni\u00e3o Europeia, entre outros.<\/p>\n<p>O chanceler da Alemanha, Friedrich Merz, confirmou nesta sexta-feira (07\/11) que o pa\u00eds vai participar do TFFF. Segundo o mandat\u00e1rio, o pa\u00eds investir\u00e1 um valor \u201cconsider\u00e1vel\u201d, mas n\u00e3o especificou uma quantia. O an\u00fancio da participa\u00e7\u00e3o do pa\u00eds europeu foi feito ap\u00f3s a reuni\u00e3o bilateral com o presidente Lula.<\/p>\n<p>O chanceler alem\u00e3o disse que a defini\u00e7\u00e3o dos valores depende ainda de ajustes que ser\u00e3o feitos em conjunto com o Minist\u00e9rio da Fazenda alem\u00e3o. Existe a expectativa que o an\u00fancio possa ser feito nos pr\u00f3ximos dias, mas segundo o chanceler poder\u00e1 demorar um pouco mais.<\/p>\n<p>O chanceler ressaltou que j\u00e1 h\u00e1 um consenso avan\u00e7ado sobre a contribui\u00e7\u00e3o, mas que o an\u00fancio depende ainda de an\u00e1lises sobre o fundo e de ajustes junto a membros do governo. \u201cPrecisamos revisar a estrutura novamente e contabilizar isso no or\u00e7amento\u201d, acrescentou.<\/p>\n<p>O maior aporte anunciado at\u00e9 o momento \u00e9 o da Noruega, que se comprometeu com US$ 3 bilh\u00f5es pelos pr\u00f3ximos 10 anos, desde que esse valor n\u00e3o represente mais de 20% do total de recursos do TFFF \u2014 o pa\u00eds n\u00f3rdico j\u00e1 \u00e9 o principal financiador do Fundo Amaz\u00f4nia.<\/p>\n<p>O TFFF ser\u00e1 administrado pelo Banco Mundial e tem como meta arrecadar pelo menos US$ 125 bilh\u00f5es (R$ 687,5 bilh\u00f5es), sendo US$ 25 bilh\u00f5es (R$ 137,5 bilh\u00f5es) em capital soberano dos pr\u00f3prios pa\u00edses e US$ 100 bilh\u00f5es (R$ 550 bilh\u00f5es) de investidores institucionais.<\/p>\n<p>O TFFF \u00e9 um fundo misto (p\u00fablico + privado) com foco em retorno financeiro e impacto ambiental positivo, que prop\u00f5e que pa\u00edses tropicais sejam recompensados financeiramente pela manuten\u00e7\u00e3o de suas florestas. A cada hectare de floresta preservado, o pa\u00eds receberia um valor anual, estimado em US$ 4 por hectare. A partir do monitoramento por sat\u00e9lite, os pa\u00edses teriam que provar a queda do desmatamento. O foco do fundo s\u00e3o 74 pa\u00edses do Sul Global com florestas tropicais e subtropicais \u00famidas, que somam mais de 1 bilh\u00e3o de hectares de vegeta\u00e7\u00e3o nativa.<\/p>\n<p>A iniciativa ter\u00e1 juros reduzidos e baixo risco. Os recursos captados ser\u00e3o reinvestidos em projetos com maior taxa de retorno, gerando lucro (spread). Esses investimentos n\u00e3o poder\u00e3o ser feitos em setores poluentes como petr\u00f3leo e carv\u00e3o. Popula\u00e7\u00f5es ind\u00edgenas e comunidades tradicionais receber\u00e3o 20% do lucro para suas atividades de preserva\u00e7\u00e3o.<\/p>\n<p>A COP30 ser\u00e1 realizada de 10 a 21 de novembro, em Bel\u00e9m, capital do Par\u00e1. O objetivo \u00e9 atualizar e refor\u00e7ar os compromissos multilaterais para lidar com a urg\u00eancia da crise clim\u00e1tica.<\/p>\n<p>O evento conta com a participa\u00e7\u00e3o do secret\u00e1rio-geral da Organiza\u00e7\u00e3o das Na\u00e7\u00f5es Unidas (ONU), Ant\u00f3nio Guterres, e de l\u00edderes europeus como o presidente do governo da Espanha, Pedro S\u00e1nchez, e a presidente da Comiss\u00e3o Europeia, Ursula von der Leyen.<\/p>\n<p><em>(*) Com Ag\u00eancia Brasil, Ansa e Brasil de Fato<\/em><\/p>\n<p>O post \u2018Gastar mais com armas do que a\u00e7\u00e3o clim\u00e1tica \u00e9 caminho para apocalipse\u2019, afirma Lula apareceu primeiro em Opera Mundi.<\/p>\n<!-- Begin Yuzo --><div class='yuzo_related_post style-1'  data-version='5.12.89'><!-- without result --><div class='yuzo_clearfixed yuzo__title yuzo__title'><h3>Related Post<\/h3><\/div>\n\t\t\t\t\t\t  <div class=\"relatedthumb \" style=\"width:125px;float:left;overflow:hidden;\">  \n\t\t\t\t\t\t\t  \n\t\t\t\t\t\t\t  <a  href=\"https:\/\/redept.com.br\/blogosfera\/stf-marca-julgamento-de-denuncia-contra-bolsonaro-para-25-de-marco\/\"  >\n\t\t\t\t\t\t\t\t\t  <div class=\"yuzo-img-wrap \" style=\"width: 125px;height:90px;\">\n\t\t\t\t\t\t\t\t\t\t\n\t\t\t\t\t\t\t\t\t\t<div class=\"yuzo-img\" style=\"background:url('https:\/\/redept.org\/blogosfera\/wp-content\/plugins\/yuzo-related-post\/assets\/images\/default.png') 50% 50% no-repeat;width: 125px;height:90px;margin-bottom: 5px;background-size: cover; \"><\/div>\n\t\t\t\t\t\t\t\t\t  <\/div>\n\t\t\t\t\t\t\t\t\t  \n\t\t\t\t\t\t\t\t   <span class=\"yuzo__text--title\" style=\"font-size:13px;\">STF marca julgamento de den\u00fancia contra Bolsonaro ...<\/span>\n\t\t\t\t\t\t\t  \n\t\t\t\t\t\t\t  \n\t\t\t\t\t\t\t  <\/a>\n\n\t\t\t\t\t\t  <\/div>\n\t\t\t\t\t\t  <div class=\"relatedthumb \" style=\"width:125px;float:left;overflow:hidden;\">  \n\t\t\t\t\t\t\t  \n\t\t\t\t\t\t\t  <a  href=\"https:\/\/redept.com.br\/blogosfera\/mst-denuncia-tortura-da-pm-do-tocantins-apos-ocupacao-realizada-em-jornada-contra-violencia\/\"  >\n\t\t\t\t\t\t\t\t\t  <div class=\"yuzo-img-wrap \" style=\"width: 125px;height:90px;\">\n\t\t\t\t\t\t\t\t\t\t\n\t\t\t\t\t\t\t\t\t\t<div class=\"yuzo-img\" style=\"background:url('https:\/\/redept.org\/blogosfera\/wp-content\/plugins\/yuzo-related-post\/assets\/images\/default.png') 50% 50% no-repeat;width: 125px;height:90px;margin-bottom: 5px;background-size: cover; \"><\/div>\n\t\t\t\t\t\t\t\t\t  <\/div>\n\t\t\t\t\t\t\t\t\t  \n\t\t\t\t\t\t\t\t   <span class=\"yuzo__text--title\" style=\"font-size:13px;\">MST denuncia tortura da PM do Tocantins ap\u00f3s ocupa...<\/span>\n\t\t\t\t\t\t\t  \n\t\t\t\t\t\t\t  \n\t\t\t\t\t\t\t  <\/a>\n\n\t\t\t\t\t\t  <\/div>\n\t\t\t\t\t\t  <div class=\"relatedthumb \" style=\"width:125px;float:left;overflow:hidden;\">  \n\t\t\t\t\t\t\t  \n\t\t\t\t\t\t\t  <a  href=\"https:\/\/redept.com.br\/blogosfera\/o-fim-da-guerra-e-o-futuro-do-sistema-internacional\/\"  >\n\t\t\t\t\t\t\t\t\t  <div class=\"yuzo-img-wrap \" style=\"width: 125px;height:90px;\">\n\t\t\t\t\t\t\t\t\t\t\n\t\t\t\t\t\t\t\t\t\t<div class=\"yuzo-img\" style=\"background:url('https:\/\/redept.com.br\/blogosfera\/wp-content\/uploads\/2025\/03\/guerra-1-150x150.webp') 50% 50% no-repeat;width: 125px;height:90px;margin-bottom: 5px;background-size: cover; \"><\/div>\n\t\t\t\t\t\t\t\t\t  <\/div>\n\t\t\t\t\t\t\t\t\t  \n\t\t\t\t\t\t\t\t   <span class=\"yuzo__text--title\" style=\"font-size:13px;\">O fim da guerra e o futuro do sistema internaciona...<\/span>\n\t\t\t\t\t\t\t  \n\t\t\t\t\t\t\t  \n\t\t\t\t\t\t\t  <\/a>\n\n\t\t\t\t\t\t  <\/div>\n\t\t\t\t\t\t  <div class=\"relatedthumb \" style=\"width:125px;float:left;overflow:hidden;\">  \n\t\t\t\t\t\t\t  \n\t\t\t\t\t\t\t  <a  href=\"https:\/\/redept.com.br\/blogosfera\/trump-matou-40-entre-civis-inocentes-e-militares-para-levar-maduro-de-caracas-em-ingerencia-que-pode-nao-dar-em-nada\/\"  >\n\t\t\t\t\t\t\t\t\t  <div class=\"yuzo-img-wrap \" style=\"width: 125px;height:90px;\">\n\t\t\t\t\t\t\t\t\t\t\n\t\t\t\t\t\t\t\t\t\t<div class=\"yuzo-img\" style=\"background:url('https:\/\/redept.org\/blogosfera\/wp-content\/plugins\/yuzo-related-post\/assets\/images\/default.png') 50% 50% no-repeat;width: 125px;height:90px;margin-bottom: 5px;background-size: cover; \"><\/div>\n\t\t\t\t\t\t\t\t\t  <\/div>\n\t\t\t\t\t\t\t\t\t  \n\t\t\t\t\t\t\t\t   <span class=\"yuzo__text--title\" style=\"font-size:13px;\">Trump matou 40 entre civis inocentes e militares p...<\/span>\n\t\t\t\t\t\t\t  \n\t\t\t\t\t\t\t  \n\t\t\t\t\t\t\t  <\/a>\n\n\t\t\t\t\t\t  <\/div>\n<\/div> <script>\n\t\t\t\t\t\t  jQuery(document).ready(function( $ ){\n\t\t\t\t\t\t\t\/\/jQuery('.yuzo_related_post').equalizer({ overflow : 'relatedthumb' });\n\t\t\t\t\t\t\tjQuery('.yuzo_related_post .yuzo_wraps').equalizer({ columns : '> div' });\n\t\t\t\t\t\t   })\n\t\t\t\t\t\t  <\/script> <!-- End Yuzo :) -->","protected":false},"excerpt":{"rendered":"<p>O presidente do Brasil, Luiz In\u00e1cio Lula da Silva, afirmou nesta sexta-feira (07\/11) que o gasto mundial com conflitos armados significa \u201cpavimentar o caminho para o apocalipse clim\u00e1tico\u201d. Em discurso na C\u00fapula do Clima, evento com l\u00edderes de diferentes pa\u00edses que antecede a 30\u00aa Confer\u00eancia das Na\u00e7\u00f5es Unidas sobre Mudan\u00e7a do Clima (COP30), o mandat\u00e1rio [\u2026]<\/p>\n<p>O post <a href=\"https:\/\/operamundi.uol.com.br\/cop30\/gastar-mais-com-armas-do-que-acao-climatica-e-caminho-para-apocalipse-afirma-lula\/\">\u2018Gastar mais com armas do que a\u00e7\u00e3o clim\u00e1tica \u00e9 caminho para apocalipse\u2019, afirma Lula<\/a> apareceu primeiro em <a href=\"https:\/\/operamundi.uol.com.br\/\">Opera Mundi<\/a>.<\/p>\n","protected":false},"author":2,"featured_media":63102,"comment_status":"closed","ping_status":"closed","sticky":false,"template":"","format":"standard","meta":{"fifu_image_url":"","fifu_image_alt":"","footnotes":""},"categories":[894,2519,28623,112,18,5518],"tags":[],"class_list":["post-63101","post","type-post","status-publish","format-standard","has-post-thumbnail","hentry","category-belem","category-cop30","category-cupula-do-clima","category-lula","category-meio-ambiente","category-politica-e-economia"],"_links":{"self":[{"href":"https:\/\/redept.com.br\/blogosfera\/wp-json\/wp\/v2\/posts\/63101","targetHints":{"allow":["GET"]}}],"collection":[{"href":"https:\/\/redept.com.br\/blogosfera\/wp-json\/wp\/v2\/posts"}],"about":[{"href":"https:\/\/redept.com.br\/blogosfera\/wp-json\/wp\/v2\/types\/post"}],"author":[{"embeddable":true,"href":"https:\/\/redept.com.br\/blogosfera\/wp-json\/wp\/v2\/users\/2"}],"replies":[{"embeddable":true,"href":"https:\/\/redept.com.br\/blogosfera\/wp-json\/wp\/v2\/comments?post=63101"}],"version-history":[{"count":0,"href":"https:\/\/redept.com.br\/blogosfera\/wp-json\/wp\/v2\/posts\/63101\/revisions"}],"wp:featuredmedia":[{"embeddable":true,"href":"https:\/\/redept.com.br\/blogosfera\/wp-json\/wp\/v2\/media\/63102"}],"wp:attachment":[{"href":"https:\/\/redept.com.br\/blogosfera\/wp-json\/wp\/v2\/media?parent=63101"}],"wp:term":[{"taxonomy":"category","embeddable":true,"href":"https:\/\/redept.com.br\/blogosfera\/wp-json\/wp\/v2\/categories?post=63101"},{"taxonomy":"post_tag","embeddable":true,"href":"https:\/\/redept.com.br\/blogosfera\/wp-json\/wp\/v2\/tags?post=63101"}],"curies":[{"name":"wp","href":"https:\/\/api.w.org\/{rel}","templated":true}]}}