{"id":63112,"date":"2025-11-07T20:45:04","date_gmt":"2025-11-07T23:45:04","guid":{"rendered":"https:\/\/redept.com.br\/blogosfera\/lula-diz-que-acordo-de-paris-esta-longe-da-meta-e-faz-apelo-a-lideres\/"},"modified":"2025-11-07T20:45:04","modified_gmt":"2025-11-07T23:45:04","slug":"lula-diz-que-acordo-de-paris-esta-longe-da-meta-e-faz-apelo-a-lideres","status":"publish","type":"post","link":"https:\/\/redept.com.br\/blogosfera\/lula-diz-que-acordo-de-paris-esta-longe-da-meta-e-faz-apelo-a-lideres\/","title":{"rendered":"Lula diz que Acordo de Paris est\u00e1 longe da meta e faz apelo a l\u00edderes"},"content":{"rendered":"<div><img loading=\"lazy\" width=\"1170\" height=\"700\" src=\"data:image\/svg+xml,%3Csvg%20xmlns='http:\/\/www.w3.org\/2000\/svg'%20viewBox='0%200%201170%20700'%3E%3C\/svg%3E\" alt=\"\" decoding=\"async\" loading=\"lazy\" data-src=\"https:\/\/redept.com.br\/blogosfera\/wp-content\/uploads\/2025\/11\/54908395490_daf7b09aa3_o.webp\" data-type=\"string\"><\/div>\n<p>Por Pedro Rafael Vilela \u2013 Agencia Brasil\u00a0 O presidente Luiz In\u00e1cio Lula da Silva expressou preocupa\u00e7\u00e3o com a situa\u00e7\u00e3o clim\u00e1tica do planeta e fez um apelo para que l\u00edderes do mundo inteiro reafirmem o compromisso com o Acordo de Paris, que est\u00e1 completando 10 anos.\u00a0Na \u00faltima sess\u00e3o tem\u00e1tica da C\u00fapula do Clima, em Bel\u00e9m, na [\u2026]<\/p>\n<!-- Begin Yuzo --><div class='yuzo_related_post style-1'  data-version='5.12.89'><!-- without result --><div class='yuzo_clearfixed yuzo__title yuzo__title'><h3>Related Post<\/h3><\/div>\n\t\t\t\t\t\t  <div class=\"relatedthumb \" style=\"width:125px;float:left;overflow:hidden;\">  \n\t\t\t\t\t\t\t  \n\t\t\t\t\t\t\t  <a  href=\"https:\/\/redept.com.br\/blogosfera\/tarifaco-transforma-eua-em-pais-isolado-e-impulsiona-brics-avalia-economista\/\"  >\n\t\t\t\t\t\t\t\t\t  <div class=\"yuzo-img-wrap \" style=\"width: 125px;height:90px;\">\n\t\t\t\t\t\t\t\t\t\t\n\t\t\t\t\t\t\t\t\t\t<div class=\"yuzo-img\" style=\"background:url('https:\/\/redept.org\/blogosfera\/wp-content\/plugins\/yuzo-related-post\/assets\/images\/default.png') 50% 50% no-repeat;width: 125px;height:90px;margin-bottom: 5px;background-size: cover; \"><\/div>\n\t\t\t\t\t\t\t\t\t  <\/div>\n\t\t\t\t\t\t\t\t\t  \n\t\t\t\t\t\t\t\t   <span class=\"yuzo__text--title\" style=\"font-size:13px;\">Tarifa\u00e7o transforma EUA em pa\u00eds isolado e impulsio...<\/span>\n\t\t\t\t\t\t\t  \n\t\t\t\t\t\t\t  \n\t\t\t\t\t\t\t  <\/a>\n\n\t\t\t\t\t\t  <\/div>\n\t\t\t\t\t\t  <div class=\"relatedthumb \" style=\"width:125px;float:left;overflow:hidden;\">  \n\t\t\t\t\t\t\t  \n\t\t\t\t\t\t\t  <a  href=\"https:\/\/redept.com.br\/blogosfera\/stf-faz-acareacao-de-cid-e-camara-nesta-quarta-13-reus-na-trama-golpista\/\"  >\n\t\t\t\t\t\t\t\t\t  <div class=\"yuzo-img-wrap \" style=\"width: 125px;height:90px;\">\n\t\t\t\t\t\t\t\t\t\t\n\t\t\t\t\t\t\t\t\t\t<div class=\"yuzo-img\" style=\"background:url('https:\/\/redept.org\/blogosfera\/wp-content\/plugins\/yuzo-related-post\/assets\/images\/default.png') 50% 50% no-repeat;width: 125px;height:90px;margin-bottom: 5px;background-size: cover; \"><\/div>\n\t\t\t\t\t\t\t\t\t  <\/div>\n\t\t\t\t\t\t\t\t\t  \n\t\t\t\t\t\t\t\t   <span class=\"yuzo__text--title\" style=\"font-size:13px;\">STF faz acarea\u00e7\u00e3o de Cid e C\u00e2mara nesta quarta (13...<\/span>\n\t\t\t\t\t\t\t  \n\t\t\t\t\t\t\t  \n\t\t\t\t\t\t\t  <\/a>\n\n\t\t\t\t\t\t  <\/div>\n\t\t\t\t\t\t  <div class=\"relatedthumb \" style=\"width:125px;float:left;overflow:hidden;\">  \n\t\t\t\t\t\t\t  \n\t\t\t\t\t\t\t  <a  href=\"https:\/\/redept.com.br\/blogosfera\/armazem-do-campo-de-porto-alegre-reabre-suas-portas-na-sede-do-sindicato-dos-bancarios\/\"  >\n\t\t\t\t\t\t\t\t\t  <div class=\"yuzo-img-wrap \" style=\"width: 125px;height:90px;\">\n\t\t\t\t\t\t\t\t\t\t\n\t\t\t\t\t\t\t\t\t\t<div class=\"yuzo-img\" style=\"background:url('https:\/\/redept.com.br\/blogosfera\/wp-content\/uploads\/2025\/05\/image-1024x128-1-49-150x128.png') 50% 50% no-repeat;width: 125px;height:90px;margin-bottom: 5px;background-size: cover; \"><\/div>\n\t\t\t\t\t\t\t\t\t  <\/div>\n\t\t\t\t\t\t\t\t\t  \n\t\t\t\t\t\t\t\t   <span class=\"yuzo__text--title\" style=\"font-size:13px;\">Armaz\u00e9m do Campo de Porto Alegre reabre suas porta...<\/span>\n\t\t\t\t\t\t\t  \n\t\t\t\t\t\t\t  \n\t\t\t\t\t\t\t  <\/a>\n\n\t\t\t\t\t\t  <\/div>\n\t\t\t\t\t\t  <div class=\"relatedthumb \" style=\"width:125px;float:left;overflow:hidden;\">  \n\t\t\t\t\t\t\t  \n\t\t\t\t\t\t\t  <a  href=\"https:\/\/redept.com.br\/blogosfera\/voto-de-fux-estica-corda-e-pode-deixa-lo-isolado-diz-advogado-criminalista\/\"  >\n\t\t\t\t\t\t\t\t\t  <div class=\"yuzo-img-wrap \" style=\"width: 125px;height:90px;\">\n\t\t\t\t\t\t\t\t\t\t\n\t\t\t\t\t\t\t\t\t\t<div class=\"yuzo-img\" style=\"background:url('https:\/\/redept.org\/blogosfera\/wp-content\/plugins\/yuzo-related-post\/assets\/images\/default.png') 50% 50% no-repeat;width: 125px;height:90px;margin-bottom: 5px;background-size: cover; \"><\/div>\n\t\t\t\t\t\t\t\t\t  <\/div>\n\t\t\t\t\t\t\t\t\t  \n\t\t\t\t\t\t\t\t   <span class=\"yuzo__text--title\" style=\"font-size:13px;\">Voto de Fux \u2018estica corda\u2019 e pode deix\u00e1-lo isolado...<\/span>\n\t\t\t\t\t\t\t  \n\t\t\t\t\t\t\t  \n\t\t\t\t\t\t\t  <\/a>\n\n\t\t\t\t\t\t  <\/div>\n<\/div> <script>\n\t\t\t\t\t\t  jQuery(document).ready(function( $ ){\n\t\t\t\t\t\t\t\/\/jQuery('.yuzo_related_post').equalizer({ overflow : 'relatedthumb' });\n\t\t\t\t\t\t\tjQuery('.yuzo_related_post .yuzo_wraps').equalizer({ columns : '> div' });\n\t\t\t\t\t\t   })\n\t\t\t\t\t\t  <\/script> <!-- End Yuzo :) -->","protected":false},"excerpt":{"rendered":"<div><img loading=\"lazy\" decoding=\"async\" width=\"1170\" height=\"700\" src=\"\/\/www.w3.org\/2000\/svg'%20viewBox='0%200%201170%20700'%3E%3C\/svg%3E\" alt=\"\" loading=\"lazy\" data-src=\"https:\/\/iclnoticias.com.br\/app\/uploads\/2025\/11\/54908395490_daf7b09aa3_o.webp\" data-type=\"string\"><\/div>\n<p>Por Pedro Rafael Vilela \u2013 Agencia Brasil\u00a0 O presidente Luiz In\u00e1cio Lula da Silva expressou preocupa\u00e7\u00e3o com a situa\u00e7\u00e3o clim\u00e1tica do planeta e fez um apelo para que l\u00edderes do mundo inteiro reafirmem o compromisso com o Acordo de Paris, que est\u00e1 completando 10 anos.\u00a0Na \u00faltima sess\u00e3o tem\u00e1tica da C\u00fapula do Clima, em Bel\u00e9m, na [\u2026]<\/p>\n","protected":false},"author":2,"featured_media":63113,"comment_status":"open","ping_status":"closed","sticky":false,"template":"","format":"standard","meta":{"fifu_image_url":"","fifu_image_alt":"","footnotes":""},"categories":[2519,28623,7575],"tags":[],"class_list":["post-63112","post","type-post","status-publish","format-standard","has-post-thumbnail","hentry","category-cop30","category-cupula-do-clima","category-pais"],"_links":{"self":[{"href":"https:\/\/redept.com.br\/blogosfera\/wp-json\/wp\/v2\/posts\/63112","targetHints":{"allow":["GET"]}}],"collection":[{"href":"https:\/\/redept.com.br\/blogosfera\/wp-json\/wp\/v2\/posts"}],"about":[{"href":"https:\/\/redept.com.br\/blogosfera\/wp-json\/wp\/v2\/types\/post"}],"author":[{"embeddable":true,"href":"https:\/\/redept.com.br\/blogosfera\/wp-json\/wp\/v2\/users\/2"}],"replies":[{"embeddable":true,"href":"https:\/\/redept.com.br\/blogosfera\/wp-json\/wp\/v2\/comments?post=63112"}],"version-history":[{"count":0,"href":"https:\/\/redept.com.br\/blogosfera\/wp-json\/wp\/v2\/posts\/63112\/revisions"}],"wp:featuredmedia":[{"embeddable":true,"href":"https:\/\/redept.com.br\/blogosfera\/wp-json\/wp\/v2\/media\/63113"}],"wp:attachment":[{"href":"https:\/\/redept.com.br\/blogosfera\/wp-json\/wp\/v2\/media?parent=63112"}],"wp:term":[{"taxonomy":"category","embeddable":true,"href":"https:\/\/redept.com.br\/blogosfera\/wp-json\/wp\/v2\/categories?post=63112"},{"taxonomy":"post_tag","embeddable":true,"href":"https:\/\/redept.com.br\/blogosfera\/wp-json\/wp\/v2\/tags?post=63112"}],"curies":[{"name":"wp","href":"https:\/\/api.w.org\/{rel}","templated":true}]}}