{"id":63154,"date":"2025-11-08T12:43:02","date_gmt":"2025-11-08T15:43:02","guid":{"rendered":"https:\/\/redept.com.br\/blogosfera\/cupula-de-lideres-da-cop30-aprova-declaracao-sobre-fome-pobreza-e-acao-climatica\/"},"modified":"2025-11-08T12:43:02","modified_gmt":"2025-11-08T15:43:02","slug":"cupula-de-lideres-da-cop30-aprova-declaracao-sobre-fome-pobreza-e-acao-climatica","status":"publish","type":"post","link":"https:\/\/redept.com.br\/blogosfera\/cupula-de-lideres-da-cop30-aprova-declaracao-sobre-fome-pobreza-e-acao-climatica\/","title":{"rendered":"C\u00fapula de L\u00edderes da COP30 aprova declara\u00e7\u00e3o sobre fome, pobreza e a\u00e7\u00e3o clim\u00e1tica"},"content":{"rendered":"<p><img fetchpriority=\"high\" width=\"1024\" height=\"768\"src=\"https:\/\/redept.com.br\/blogosfera\/wp-content\/uploads\/2025\/11\/cupula-clima_Foto-Bruno-Peres_Agencia-Brasil.jpg\" alt=\"\" decoding=\"async\" srcset=\"https:\/\/redept.com.br\/blogosfera\/wp-content\/uploads\/2025\/11\/cupula-clima_Foto-Bruno-Peres_Agencia-Brasil.jpg 1024w, https:\/\/vermelho.org.br\/wp-content\/uploads\/2025\/11\/cupula-clima_Foto-Bruno-Peres_Agencia-Brasil-300x225.jpg 300w, https:\/\/vermelho.org.br\/wp-content\/uploads\/2025\/11\/cupula-clima_Foto-Bruno-Peres_Agencia-Brasil-768x576.jpg 768w\" sizes=\"(max-width: 1024px) 100vw, 1024px\"><\/p>\n<p>A C\u00fapula de L\u00edderes da COP30 aprovou, nesta sexta-feira (7), a Declara\u00e7\u00e3o de Bel\u00e9m sobre Fome, Pobreza e A\u00e7\u00e3o Clim\u00e1tica Centrada nas Pessoas, com o apoio de 43 pa\u00edses e da Uni\u00e3o Europeia. Tendo como base a vis\u00e3o do governo brasileiro sobre o combate a esses males, o documento alerta para o fato de que o impacto adverso das mudan\u00e7as clim\u00e1ticas, embora afete a todos, \u00e9 desigual e atinge com mais for\u00e7a os mais vulner\u00e1veis.<\/p>\n<p>Partindo desse pressuposto, a declara\u00e7\u00e3o refor\u00e7a a import\u00e2ncia de que os pa\u00edses continuem investindo na mitiga\u00e7\u00e3o dos efeitos da crise ambiental, mas com foco especial nas medidas de adapta\u00e7\u00e3o clim\u00e1tica centradas no ser humano, como a prote\u00e7\u00e3o social adaptativa, seguros-safra e outros instrumentos que promovam a resili\u00eancia dos pequenos produtores rurais \u00e0s mudan\u00e7as clim\u00e1ticas.<\/p>\n<p><strong>Leia tamb\u00e9m:<a href=\"https:\/\/vermelho.org.br\/2025\/11\/07\/lula-diz-que-mundo-esta-distante-de-atingir-objetivo-do-acordo-de-paris\/\"> <\/a><\/strong><a href=\"https:\/\/vermelho.org.br\/2025\/11\/07\/lula-diz-que-mundo-esta-distante-de-atingir-objetivo-do-acordo-de-paris\/\">Lula diz que mundo est\u00e1 distante de atingir objetivo do Acordo de Paris<\/a><\/p>\n<p>Ao mesmo tempo, defende que o financiamento clim\u00e1tico tamb\u00e9m invista em projetos que gerem oportunidades, empregos e meios de subsist\u00eancia para agricultores familiares, comunidades tradicionais e povos da floresta, refor\u00e7ando o entendimento de que o financiamento clim\u00e1tico deve priorizar solu\u00e7\u00f5es centradas nas pessoas.<\/p>\n<p>No mesmo dia, tamb\u00e9m foram aprovados outros documentos para nortear as a\u00e7\u00f5es dos pa\u00edses signat\u00e1rios nos pr\u00f3ximos anos. Um deles foi a\u00a0Declara\u00e7\u00e3o de Bel\u00e9m sobre o Combate ao Racismo Ambiental, que busca fomentar o di\u00e1logo internacional sobre a interse\u00e7\u00e3o entre igualdade racial, meio ambiente e clima.<\/p>\n<p>Tamb\u00e9m foram aprovadas a Declara\u00e7\u00e3o sobre a Coaliz\u00e3o Aberta de Mercados Regulados de Carbono e o Compromisso de Bel\u00e9m pelos Combust\u00edveis Sustent\u00e1veis, que pretende somar esfor\u00e7os para quadruplicar a produ\u00e7\u00e3o e o uso de combust\u00edveis sustent\u00e1veis at\u00e9 2035.<\/p>\n<p><strong>Fome, Pobreza e A\u00e7\u00e3o Clim\u00e1tica<\/strong><\/p>\n<p>A Declara\u00e7\u00e3o de Bel\u00e9m sobre Fome, Pobreza e A\u00e7\u00e3o Clim\u00e1tica Centrada nas Pessoas \u2014 uma das mais abrangentes e impactantes entre os documentos aprovados \u2014 refor\u00e7a que \u201ca mudan\u00e7a do clima, a degrada\u00e7\u00e3o ambiental e a perda da biodiversidade j\u00e1 est\u00e3o agravando a fome, a pobreza e a inseguran\u00e7a alimentar, comprometendo o acesso \u00e0 \u00e1gua, piorando os indicadores de sa\u00fade e aumentando a mortalidade, aprofundando desigualdades e amea\u00e7ando meios de subsist\u00eancia, com impactos desproporcionais sobre pessoas j\u00e1 pobres ou em situa\u00e7\u00e3o de vulnerabilidade\u201d.<\/p>\n<p>Nesse sentido, se compromete a \u201ccolocar os impactos desiguais da mudan\u00e7a do clima no centro da nossa resposta, em conson\u00e2ncia com o princ\u00edpio da UNFCCC (Conven\u00e7\u00e3o-Quadro das Na\u00e7\u00f5es Unidas sobre Mudan\u00e7a do Clima) de dar plena considera\u00e7\u00e3o \u00e0s necessidades espec\u00edficas e \u00e0s circunst\u00e2ncias especiais dos pa\u00edses em desenvolvimento, em especial os mais vulner\u00e1veis\u201d.<\/p>\n<p><strong>Leia mais:<\/strong> <a href=\"https:\/\/vermelho.org.br\/2025\/11\/07\/decisoes-em-belem-podem-selar-sucesso-ou-fracasso-climatico-alerta-lula\/\">Decis\u00f5es em Bel\u00e9m podem selar sucesso ou fracasso clim\u00e1tico, alerta Lula<\/a><\/p>\n<p>O documento aponta que os signat\u00e1rios trabalhar\u00e3o, entre outros pontos, para \u201cexpandir sistemas de prote\u00e7\u00e3o social e assist\u00eancia emergencial adaptados \u00e0s mudan\u00e7as do clima; integrar os sistemas de prote\u00e7\u00e3o social com alertas antecipados, prepara\u00e7\u00e3o para desastres, a\u00e7\u00f5es antecipat\u00f3rias, respostas a perdas e danos, bem como com os setores de recursos naturais e meio ambiente e conectar a prote\u00e7\u00e3o social com interven\u00e7\u00f5es em nutri\u00e7\u00e3o, alimenta\u00e7\u00e3o escolar, meios de subsist\u00eancia, sa\u00fade, extens\u00e3o agr\u00edcola e educa\u00e7\u00e3o, promovendo a resili\u00eancia de longo prazo e a adapta\u00e7\u00e3o frente a impactos clim\u00e1ticos adversos\u201d.<\/p>\n<p>Quanto aos produtores rurais, a declara\u00e7\u00e3o se compromete a \u201campliar solu\u00e7\u00f5es que permitam que fam\u00edlias em situa\u00e7\u00e3o de vulnerabilidade clim\u00e1tica e pequenos produtores em \u00e1reas rurais gerenciem riscos clim\u00e1ticos, aumentem sua resili\u00eancia e reduzam vulnerabilidades \u2014 incluindo seguros, garantias, mecanismos de redu\u00e7\u00e3o de riscos, prote\u00e7\u00e3o social vinculada \u00e0 produ\u00e7\u00e3o e financiamento para evitar, minimizar e enfrentar perdas e danos\u201d.<\/p>\n<p>Tamb\u00e9m defende a expans\u00e3o do acesso das popula\u00e7\u00f5es mais vulner\u00e1veis em \u00e1reas rurais \u201ca infraestrutura e servi\u00e7os resilientes ao clima, como acesso seguro \u00e0 \u00e1gua e saneamento, irriga\u00e7\u00e3o inteligente e eficiente, gest\u00e3o de secas e enchentes, energia sustent\u00e1vel, instrumentos financeiros adequados, capacita\u00e7\u00e3o, informa\u00e7\u00f5es de mercado, ferramentas e servi\u00e7os de assist\u00eancia t\u00e9cnica e extens\u00e3o rural\u201d.<\/p>\n<p>A declara\u00e7\u00e3o ainda se compromete a \u201cdesenvolver, implementar e ampliar solu\u00e7\u00f5es inclusivas e sustent\u00e1veis, incluindo modelos diversificados de agroflorestas, que gerem empregos decentes e meios de vida sustent\u00e1veis para as popula\u00e7\u00f5es locais; expandir alternativas sustent\u00e1veis de subsist\u00eancia por meio da bioeconomia, agroflorestas, servi\u00e7os rurais, ecoturismo, restaura\u00e7\u00e3o e conserva\u00e7\u00e3o de terras e ecossistemas; apoiar o desenvolvimento do Fundo Florestas Tropicais para Sempre (TFFF) e incentivar a\u00e7\u00f5es clim\u00e1ticas e projetos de financiamento clim\u00e1tico e proteger os direitos de propriedade sobre florestas e outros direitos dos Povos Ind\u00edgenas e comunidades locais\u201d.<\/p>\n<p>Para ler a \u00edntegra da declara\u00e7\u00e3o,<a href=\"https:\/\/www.gov.br\/mre\/pt-br\/canais_atendimento\/imprensa\/notas-a-imprensa\/declaracao-de-belem-sobre-fome-pobreza-e-acao-climatica-centrada-nas-pessoas-belem-7-de-novembro-de-2025\"> clique aqui.<\/a><\/p>\n<\/p>\n<p>O post <a href=\"https:\/\/vermelho.org.br\/2025\/11\/08\/cupula-de-lideres-da-cop30-aprova-declaracao-sobre-fome-pobreza-e-acao-climatica\/\">C\u00fapula de L\u00edderes da COP30 aprova declara\u00e7\u00e3o sobre fome, pobreza e a\u00e7\u00e3o clim\u00e1tica<\/a> apareceu primeiro em <a href=\"https:\/\/vermelho.org.br\/\">Vermelho<\/a>.<\/p>\n<!-- Begin Yuzo --><div class='yuzo_related_post style-1'  data-version='5.12.89'><!-- without result --><div class='yuzo_clearfixed yuzo__title yuzo__title'><h3>Related Post<\/h3><\/div>\n\t\t\t\t\t\t  <div class=\"relatedthumb \" style=\"width:125px;float:left;overflow:hidden;\">  \n\t\t\t\t\t\t\t  \n\t\t\t\t\t\t\t  <a  href=\"https:\/\/redept.com.br\/blogosfera\/ira-promete-destruir-18-grandes-empresas-dos-eua-saiba-quais-sao\/\"  >\n\t\t\t\t\t\t\t\t\t  <div class=\"yuzo-img-wrap \" style=\"width: 125px;height:90px;\">\n\t\t\t\t\t\t\t\t\t\t\n\t\t\t\t\t\t\t\t\t\t<div class=\"yuzo-img\" style=\"background:url('https:\/\/redept.com.br\/blogosfera\/wp-content\/uploads\/2026\/04\/irna-150x150.jpg') 50% 50% no-repeat;width: 125px;height:90px;margin-bottom: 5px;background-size: cover; \"><\/div>\n\t\t\t\t\t\t\t\t\t  <\/div>\n\t\t\t\t\t\t\t\t\t  \n\t\t\t\t\t\t\t\t   <span class=\"yuzo__text--title\" style=\"font-size:13px;\">Ir\u00e3 promete destruir 18 grandes empresas dos EUA, ...<\/span>\n\t\t\t\t\t\t\t  \n\t\t\t\t\t\t\t  \n\t\t\t\t\t\t\t  <\/a>\n\n\t\t\t\t\t\t  <\/div>\n\t\t\t\t\t\t  <div class=\"relatedthumb \" style=\"width:125px;float:left;overflow:hidden;\">  \n\t\t\t\t\t\t\t  \n\t\t\t\t\t\t\t  <a  href=\"https:\/\/redept.com.br\/blogosfera\/lucelia-santos-destaca-vida-dedicada-ao-intercambio-cultural-entre-brasil-e-china\/\"  >\n\t\t\t\t\t\t\t\t\t  <div class=\"yuzo-img-wrap \" style=\"width: 125px;height:90px;\">\n\t\t\t\t\t\t\t\t\t\t\n\t\t\t\t\t\t\t\t\t\t<div class=\"yuzo-img\" style=\"background:url('https:\/\/redept.com.br\/blogosfera\/wp-content\/uploads\/2025\/05\/Captura-de-Tela-2025-05-24-as-105831-2048x1263-1-150x150.png') 50% 50% no-repeat;width: 125px;height:90px;margin-bottom: 5px;background-size: cover; \"><\/div>\n\t\t\t\t\t\t\t\t\t  <\/div>\n\t\t\t\t\t\t\t\t\t  \n\t\t\t\t\t\t\t\t   <span class=\"yuzo__text--title\" style=\"font-size:13px;\">Luc\u00e9lia Santos destaca vida dedicada ao interc\u00e2mbi...<\/span>\n\t\t\t\t\t\t\t  \n\t\t\t\t\t\t\t  \n\t\t\t\t\t\t\t  <\/a>\n\n\t\t\t\t\t\t  <\/div>\n\t\t\t\t\t\t  <div class=\"relatedthumb \" style=\"width:125px;float:left;overflow:hidden;\">  \n\t\t\t\t\t\t\t  \n\t\t\t\t\t\t\t  <a  href=\"https:\/\/redept.com.br\/blogosfera\/sob-petro-reforma-agraria-tem-avanco-inedito-na-colombia-mas-esbarra-na-violencia-e-poder-do-agronegocio\/\"  >\n\t\t\t\t\t\t\t\t\t  <div class=\"yuzo-img-wrap \" style=\"width: 125px;height:90px;\">\n\t\t\t\t\t\t\t\t\t\t\n\t\t\t\t\t\t\t\t\t\t<div class=\"yuzo-img\" style=\"background:url('https:\/\/redept.com.br\/blogosfera\/wp-content\/uploads\/2025\/09\/52675353520_4eceb22781_k-1-150x150.jpg') 50% 50% no-repeat;width: 125px;height:90px;margin-bottom: 5px;background-size: cover; \"><\/div>\n\t\t\t\t\t\t\t\t\t  <\/div>\n\t\t\t\t\t\t\t\t\t  \n\t\t\t\t\t\t\t\t   <span class=\"yuzo__text--title\" style=\"font-size:13px;\">Sob Petro, reforma agr\u00e1ria tem avan\u00e7o in\u00e9dito na C...<\/span>\n\t\t\t\t\t\t\t  \n\t\t\t\t\t\t\t  \n\t\t\t\t\t\t\t  <\/a>\n\n\t\t\t\t\t\t  <\/div>\n\t\t\t\t\t\t  <div class=\"relatedthumb \" style=\"width:125px;float:left;overflow:hidden;\">  \n\t\t\t\t\t\t\t  \n\t\t\t\t\t\t\t  <a  href=\"https:\/\/redept.com.br\/blogosfera\/em-telefonema-lula-e-xi-falam-sobre-colaboracao-entre-os-paises-e-defesa-da-onu-em-tempos-turbulentos\/\"  >\n\t\t\t\t\t\t\t\t\t  <div class=\"yuzo-img-wrap \" style=\"width: 125px;height:90px;\">\n\t\t\t\t\t\t\t\t\t\t\n\t\t\t\t\t\t\t\t\t\t<div class=\"yuzo-img\" style=\"background:url('https:\/\/redept.org\/blogosfera\/wp-content\/plugins\/yuzo-related-post\/assets\/images\/default.png') 50% 50% no-repeat;width: 125px;height:90px;margin-bottom: 5px;background-size: cover; \"><\/div>\n\t\t\t\t\t\t\t\t\t  <\/div>\n\t\t\t\t\t\t\t\t\t  \n\t\t\t\t\t\t\t\t   <span class=\"yuzo__text--title\" style=\"font-size:13px;\">Em telefonema, Lula e Xi falam sobre colabora\u00e7\u00e3o e...<\/span>\n\t\t\t\t\t\t\t  \n\t\t\t\t\t\t\t  \n\t\t\t\t\t\t\t  <\/a>\n\n\t\t\t\t\t\t  <\/div>\n<\/div> <script>\n\t\t\t\t\t\t  jQuery(document).ready(function( $ ){\n\t\t\t\t\t\t\t\/\/jQuery('.yuzo_related_post').equalizer({ overflow : 'relatedthumb' });\n\t\t\t\t\t\t\tjQuery('.yuzo_related_post .yuzo_wraps').equalizer({ columns : '> div' });\n\t\t\t\t\t\t   })\n\t\t\t\t\t\t  <\/script> <!-- End Yuzo :) -->","protected":false},"excerpt":{"rendered":"<p>A C\u00fapula de L\u00edderes da COP30 aprovou, nesta sexta-feira (7), a Declara\u00e7\u00e3o de Bel\u00e9m sobre Fome, Pobreza e A\u00e7\u00e3o Clim\u00e1tica Centrada nas Pessoas, com o apoio de 43 pa\u00edses e da Uni\u00e3o Europeia. Tendo como base a vis\u00e3o do governo brasileiro sobre o combate a esses males, o documento alerta para o fato de que [&hellip;]<\/p>\n","protected":false},"author":2,"featured_media":0,"comment_status":"open","ping_status":"closed","sticky":false,"template":"","format":"standard","meta":{"fifu_image_url":"","fifu_image_alt":"","footnotes":""},"categories":[568,2519,28710,18,570],"tags":[],"class_list":["post-63154","post","type-post","status-publish","format-standard","hentry","category-cop-30","category-cop30","category-cupula-de-lideres","category-meio-ambiente","category-mudancas-climaticas"],"_links":{"self":[{"href":"https:\/\/redept.com.br\/blogosfera\/wp-json\/wp\/v2\/posts\/63154","targetHints":{"allow":["GET"]}}],"collection":[{"href":"https:\/\/redept.com.br\/blogosfera\/wp-json\/wp\/v2\/posts"}],"about":[{"href":"https:\/\/redept.com.br\/blogosfera\/wp-json\/wp\/v2\/types\/post"}],"author":[{"embeddable":true,"href":"https:\/\/redept.com.br\/blogosfera\/wp-json\/wp\/v2\/users\/2"}],"replies":[{"embeddable":true,"href":"https:\/\/redept.com.br\/blogosfera\/wp-json\/wp\/v2\/comments?post=63154"}],"version-history":[{"count":0,"href":"https:\/\/redept.com.br\/blogosfera\/wp-json\/wp\/v2\/posts\/63154\/revisions"}],"wp:attachment":[{"href":"https:\/\/redept.com.br\/blogosfera\/wp-json\/wp\/v2\/media?parent=63154"}],"wp:term":[{"taxonomy":"category","embeddable":true,"href":"https:\/\/redept.com.br\/blogosfera\/wp-json\/wp\/v2\/categories?post=63154"},{"taxonomy":"post_tag","embeddable":true,"href":"https:\/\/redept.com.br\/blogosfera\/wp-json\/wp\/v2\/tags?post=63154"}],"curies":[{"name":"wp","href":"https:\/\/api.w.org\/{rel}","templated":true}]}}