{"id":63363,"date":"2025-11-10T12:43:52","date_gmt":"2025-11-10T15:43:52","guid":{"rendered":"https:\/\/redept.com.br\/blogosfera\/cesta-basica-em-sao-paulo-sobe-058-em-outubro-e-segue-a-mais-cara-do-pais\/"},"modified":"2025-11-10T12:43:52","modified_gmt":"2025-11-10T15:43:52","slug":"cesta-basica-em-sao-paulo-sobe-058-em-outubro-e-segue-a-mais-cara-do-pais","status":"publish","type":"post","link":"https:\/\/redept.com.br\/blogosfera\/cesta-basica-em-sao-paulo-sobe-058-em-outubro-e-segue-a-mais-cara-do-pais\/","title":{"rendered":"Cesta b\u00e1sica em S\u00e3o Paulo sobe 0,58% em outubro e segue a mais cara do pa\u00eds"},"content":{"rendered":"<p>O custo da cesta b\u00e1sica de alimentos subiu em 16 das 27 capitais brasileiras pesquisadas em outubro, segundo a an\u00e1lise conjunta do Departamento Intersindical de Estat\u00edstica e Estudos Socioecon\u00f4micos (<a href=\"https:\/\/www.dieese.org.br\/\" target=\"_blank\" rel=\"noopener noreferrer nofollow\">Dieese<\/a>) e da Companhia Nacional de Abastecimento (Conab). A capital paulista manteve o posto de cidade com a cesta mais cara do pa\u00eds: R$ 847,14, um aumento de 0,58% em rela\u00e7\u00e3o a setembro. Confira tudo na<a href=\"https:\/\/tvtnews.com.br\/\"><strong><em> TVT News<\/em><\/strong><\/a>.<\/p>\n<p>A parceria entre Dieese e Conab, firmada em 2024, ampliou o monitoramento da cesta b\u00e1sica de 17 para 27 capitais, com o objetivo de fortalecer a Pol\u00edtica Nacional de Seguran\u00e7a Alimentar e Nutricional e a Pol\u00edtica Nacional de Abastecimento Alimentar. \u201cA amplia\u00e7\u00e3o da pesquisa permite uma vis\u00e3o mais abrangente do comportamento dos pre\u00e7os e dos impactos sobre o poder de compra da popula\u00e7\u00e3o\u201d, diz o estudo.<\/p>\n<h2>Ranking nacional da cesta b\u00e1sica<\/h2>\n<p>Segundo a pesquisa, depois de S\u00e3o Paulo, as cestas mais caras foram registradas em Florian\u00f3polis (R$ 824,57), Porto Alegre (R$ 823,57) e Rio de Janeiro (R$ 801,37). J\u00e1 os menores valores m\u00e9dios foram observados em Aracaju (R$ 550,18), Macei\u00f3 (R$ 592,25), Salvador (R$ 606,39) e Recife (R$ 608,03), cidades onde a composi\u00e7\u00e3o da cesta difere por incluir farinha de mandioca em vez de trigo e menor quantidade de carne.<\/p>\n<p>Em S\u00e3o Paulo, sete dos 13 produtos pesquisados tiveram aumento entre setembro e outubro. As maiores altas foram registradas na batata (6,06%), \u00f3leo de soja (4,19%), banana (3,01%), tomate (2,36%) e manteiga (0,79%). Outros produtos, como arroz (-2,22%), a\u00e7\u00facar (-1,26%) e carne bovina de primeira (-0,84%), apresentaram queda.<\/p>\n<p>\u201cO valor do conjunto dos alimentos b\u00e1sicos aumentou em 16 das 27 capitais, com destaque para S\u00e3o Lu\u00eds, Palmas, Florian\u00f3polis e S\u00e3o Paulo\u201d, informa o Dieese.<\/p>\n<h3>Caf\u00e9 dispara e carne encarece no ano<\/h3>\n<p>No acumulado de 12 meses, o levantamento mostra altas expressivas em sete itens da cesta paulista, com destaque para caf\u00e9 em p\u00f3 (48,31%), tomate (17,14%), carne bovina (14,70%) e \u00f3leo de soja (14,37%). Os produtos que ficaram mais baratos foram batata (-33,02%), arroz agulhinha (-19,73%) e farinha de trigo (-12,48%).<\/p>\n<p>A an\u00e1lise explica que a safra reduzida e os problemas no beneficiamento afetaram o pre\u00e7o do caf\u00e9, enquanto o tempo seco e a falta de pasto encareceram a carne bovina. J\u00e1 os pre\u00e7os do arroz ca\u00edram pela \u201campla oferta, demanda interna est\u00e1vel e recuo das cota\u00e7\u00f5es internacionais\u201d.<\/p>\n<h3>Sal\u00e1rio m\u00ednimo e poder de compra<\/h3>\n<p>Com base na cesta mais cara do pa\u00eds, o Dieese calcula mensalmente o sal\u00e1rio m\u00ednimo necess\u00e1rio para suprir as despesas de uma fam\u00edlia de quatro pessoas. Em outubro, o valor ideal seria de R$ 7.116,83, equivalente a 4,69 vezes o m\u00ednimo vigente de R$ 1.518,00.<\/p>\n<p>Em S\u00e3o Paulo, o trabalhador que recebe o sal\u00e1rio m\u00ednimo precisou trabalhar 122 horas e 46 minutos para comprar a cesta \u2014 42 minutos a mais que em setembro. \u201cO tempo m\u00e9dio necess\u00e1rio para adquirir os produtos da cesta b\u00e1sica nas 27 capitais foi de 100 horas e 19 minutos\u201d, indica o estudo.<\/p>\n<p>Considerando o sal\u00e1rio l\u00edquido, descontada a contribui\u00e7\u00e3o previdenci\u00e1ria, o paulistano que ganha o piso comprometeu <strong>60,33% da renda<\/strong> com a alimenta\u00e7\u00e3o b\u00e1sica. Em outubro de 2024, esse percentual era maior: <strong>61,70%<\/strong>.<\/p>\n<h3>Contexto nacional<\/h3>\n<p>No comparativo anual (outubro de 2024 a outubro de 2025), o levantamento registrou <strong>alta de pre\u00e7os em todas as 17 capitais<\/strong> com s\u00e9rie hist\u00f3rica completa. As varia\u00e7\u00f5es foram de <strong>0,93% em Bras\u00edlia<\/strong> a <strong>10,92% em Recife<\/strong>. No acumulado de 2025, entre dezembro e outubro, <strong>11 cidades tiveram aumento da cesta<\/strong>, com destaque para <strong>Porto Alegre (5,08%)<\/strong>, <strong>Salvador (3,85%)<\/strong> e <strong>Recife (3,34%)<\/strong>.<\/p>\n<p>Para o Dieese e a Conab, o acompanhamento da cesta b\u00e1sica \u00e9 \u201cfundamental para compreender as press\u00f5es inflacion\u00e1rias sobre os alimentos e a evolu\u00e7\u00e3o das condi\u00e7\u00f5es de vida dos trabalhadores brasileiros\u201d.<\/p>\n<hr>\n<h3><strong>Cesta B\u00e1sica (Outubro de 2025)<\/strong><\/h3>\n<ul>\n<li><strong>Cesta mais cara:<\/strong> S\u00e3o Paulo (R$ 847,14)<\/li>\n<li><strong>Cesta mais barata:<\/strong> Aracaju (R$ 550,18)<\/li>\n<li><strong>Varia\u00e7\u00e3o mensal em S\u00e3o Paulo:<\/strong> +0,58%<\/li>\n<li><strong>Varia\u00e7\u00e3o anual (out\/24 \u2013 out\/25):<\/strong> +5,13%<\/li>\n<li><strong>Varia\u00e7\u00e3o acumulada em 2025:<\/strong> +0,70%<\/li>\n<li><strong>Sal\u00e1rio m\u00ednimo necess\u00e1rio:<\/strong> R$ 7.116,83 (4,69 vezes o atual)<\/li>\n<li><strong>Horas trabalhadas para adquirir a cesta (SP):<\/strong> 122h46<\/li>\n<li><strong>Percentual da renda comprometido (SP):<\/strong> 60,33%<\/li>\n<li><strong>Produtos com maior alta (12 meses, SP):<\/strong>\n<ul>\n<li>Caf\u00e9 em p\u00f3: +48,31%<\/li>\n<li>Tomate: +17,14%<\/li>\n<li>Carne bovina de primeira: +14,70%<\/li>\n<li>\u00d3leo de soja: +14,37%<\/li>\n<\/ul>\n<\/li>\n<li><strong>Produtos com maior queda (12 meses, SP):<\/strong>\n<ul>\n<li>Batata: -33,02%<\/li>\n<li>Arroz agulhinha: -19,73%<\/li>\n<li>Farinha de trigo: -12,48%<\/li>\n<\/ul>\n<\/li>\n<\/ul>\n<figure><img fetchpriority=\"high\" fetchpriority=\"high\" decoding=\"async\" width=\"457\" height=\"449\"src=\"https:\/\/redept.com.br\/blogosfera\/wp-content\/uploads\/2025\/11\/cesta-basica.jpg\" alt=\"cesta b\u00e1sica dieese conab tvt news\" title=\"Cesta b\u00e1sica em S\u00e3o Paulo sobe 0,58% em outubro e segue a mais cara do pa\u00eds 1\" srcset=\"https:\/\/redept.com.br\/blogosfera\/wp-content\/uploads\/2025\/11\/cesta-basica.jpg 457w, https:\/\/tvtnews.com.br\/wp-content\/uploads\/2025\/11\/cesta-basica-300x295.jpg 300w\" sizes=\"(max-width: 457px) 100vw, 457px\"><\/figure>\n<p>The post <a rel=\"nofollow\" href=\"https:\/\/tvtnews.com.br\/cesta-basica-sobe-sp-mais-cara-pais\/\">Cesta b\u00e1sica em S\u00e3o Paulo sobe 0,58% em outubro e segue a mais cara do pa\u00eds<\/a> appeared first on <a rel=\"nofollow\" href=\"https:\/\/tvtnews.com.br\/\">TVT News<\/a>.<\/p>\n<!-- Begin Yuzo --><div class='yuzo_related_post style-1'  data-version='5.12.89'><!-- without result --><div class='yuzo_clearfixed yuzo__title yuzo__title'><h3>Related Post<\/h3><\/div>\n\t\t\t\t\t\t  <div class=\"relatedthumb \" style=\"width:125px;float:left;overflow:hidden;\">  \n\t\t\t\t\t\t\t  \n\t\t\t\t\t\t\t  <a  href=\"https:\/\/redept.com.br\/blogosfera\/o%c7%b9kowe-a-historia-do-brasil-em-um-defeito-de-cor\/\"  >\n\t\t\t\t\t\t\t\t\t  <div class=\"yuzo-img-wrap \" style=\"width: 125px;height:90px;\">\n\t\t\t\t\t\t\t\t\t\t\n\t\t\t\t\t\t\t\t\t\t<div class=\"yuzo-img\" style=\"background:url('https:\/\/redept.org\/blogosfera\/wp-content\/plugins\/yuzo-related-post\/assets\/images\/default.png') 50% 50% no-repeat;width: 125px;height:90px;margin-bottom: 5px;background-size: cover; \"><\/div>\n\t\t\t\t\t\t\t\t\t  <\/div>\n\t\t\t\t\t\t\t\t\t  \n\t\t\t\t\t\t\t\t   <span class=\"yuzo__text--title\" style=\"font-size:13px;\">\u00d2\u01f9k\u1ecd\u0300w\u00e9: a hist\u00f3ria do Brasil em Um defeito de cor...<\/span>\n\t\t\t\t\t\t\t  \n\t\t\t\t\t\t\t  \n\t\t\t\t\t\t\t  <\/a>\n\n\t\t\t\t\t\t  <\/div>\n\t\t\t\t\t\t  <div class=\"relatedthumb \" style=\"width:125px;float:left;overflow:hidden;\">  \n\t\t\t\t\t\t\t  \n\t\t\t\t\t\t\t  <a  href=\"https:\/\/redept.com.br\/blogosfera\/autoridades-israelenses-invadem-mesquita-al-aqsa-e-sugerem-construir-templo-judaico-no-local\/\"  >\n\t\t\t\t\t\t\t\t\t  <div class=\"yuzo-img-wrap \" style=\"width: 125px;height:90px;\">\n\t\t\t\t\t\t\t\t\t\t\n\t\t\t\t\t\t\t\t\t\t<div class=\"yuzo-img\" style=\"background:url('https:\/\/redept.org\/blogosfera\/wp-content\/plugins\/yuzo-related-post\/assets\/images\/default.png') 50% 50% no-repeat;width: 125px;height:90px;margin-bottom: 5px;background-size: cover; \"><\/div>\n\t\t\t\t\t\t\t\t\t  <\/div>\n\t\t\t\t\t\t\t\t\t  \n\t\t\t\t\t\t\t\t   <span class=\"yuzo__text--title\" style=\"font-size:13px;\">Autoridades israelenses invadem Mesquita Al-Aqsa e...<\/span>\n\t\t\t\t\t\t\t  \n\t\t\t\t\t\t\t  \n\t\t\t\t\t\t\t  <\/a>\n\n\t\t\t\t\t\t  <\/div>\n\t\t\t\t\t\t  <div class=\"relatedthumb \" style=\"width:125px;float:left;overflow:hidden;\">  \n\t\t\t\t\t\t\t  \n\t\t\t\t\t\t\t  <a  href=\"https:\/\/redept.com.br\/blogosfera\/petrobras-bate-recorde-producao-cresce-11-e-fortalece-o-pais-2\/\"  >\n\t\t\t\t\t\t\t\t\t  <div class=\"yuzo-img-wrap \" style=\"width: 125px;height:90px;\">\n\t\t\t\t\t\t\t\t\t\t\n\t\t\t\t\t\t\t\t\t\t<div class=\"yuzo-img\" style=\"background:url('https:\/\/redept.com.br\/blogosfera\/wp-content\/uploads\/2026\/02\/plataforma-p-54_foto_petrobras-1-150x150.webp') 50% 50% no-repeat;width: 125px;height:90px;margin-bottom: 5px;background-size: cover; \"><\/div>\n\t\t\t\t\t\t\t\t\t  <\/div>\n\t\t\t\t\t\t\t\t\t  \n\t\t\t\t\t\t\t\t   <span class=\"yuzo__text--title\" style=\"font-size:13px;\">Petrobras bate recorde: produ\u00e7\u00e3o cresce 11% e fort...<\/span>\n\t\t\t\t\t\t\t  \n\t\t\t\t\t\t\t  \n\t\t\t\t\t\t\t  <\/a>\n\n\t\t\t\t\t\t  <\/div>\n\t\t\t\t\t\t  <div class=\"relatedthumb \" style=\"width:125px;float:left;overflow:hidden;\">  \n\t\t\t\t\t\t\t  \n\t\t\t\t\t\t\t  <a  href=\"https:\/\/sul21.com.br\/noticias\/politica\/2025\/08\/tribunal-italiano-marca-audiencia-sobre-extradicao-de-carla-zambelli-para-quarta-feira-13\/\"  >\n\t\t\t\t\t\t\t\t\t  <div class=\"yuzo-img-wrap \" style=\"width: 125px;height:90px;\">\n\t\t\t\t\t\t\t\t\t\t\n\t\t\t\t\t\t\t\t\t\t<div class=\"yuzo-img\" style=\"background:url('https:\/\/agenciabrasil.ebc.com.br\/ebc.png?id=1653767&amp;o=node') 50% 50% no-repeat;width: 125px;height:90px;margin-bottom: 5px;background-size: cover; \"><\/div>\n\t\t\t\t\t\t\t\t\t  <\/div>\n\t\t\t\t\t\t\t\t\t  \n\t\t\t\t\t\t\t\t   <span class=\"yuzo__text--title\" style=\"font-size:13px;\">Tribunal italiano marca audi\u00eancia sobre extradi\u00e7\u00e3o...<\/span>\n\t\t\t\t\t\t\t  \n\t\t\t\t\t\t\t  \n\t\t\t\t\t\t\t  <\/a>\n\n\t\t\t\t\t\t  <\/div>\n<\/div> <script>\n\t\t\t\t\t\t  jQuery(document).ready(function( $ ){\n\t\t\t\t\t\t\t\/\/jQuery('.yuzo_related_post').equalizer({ overflow : 'relatedthumb' });\n\t\t\t\t\t\t\tjQuery('.yuzo_related_post .yuzo_wraps').equalizer({ columns : '> div' });\n\t\t\t\t\t\t   })\n\t\t\t\t\t\t  <\/script> <!-- End Yuzo :) -->","protected":false},"excerpt":{"rendered":"<p>O custo da cesta b\u00e1sica de alimentos subiu em 16 das 27 capitais brasileiras pesquisadas em outubro, segundo a an\u00e1lise conjunta do Departamento Intersindical de Estat\u00edstica e Estudos Socioecon\u00f4micos (Dieese) e da Companhia Nacional de Abastecimento (Conab). A capital paulista manteve o posto de cidade com a cesta mais cara do pa\u00eds: R$ 847,14, um [&hellip;]<\/p>\n","protected":false},"author":2,"featured_media":0,"comment_status":"open","ping_status":"closed","sticky":false,"template":"","format":"standard","meta":{"fifu_image_url":"","fifu_image_alt":"","footnotes":""},"categories":[1861,489,221,377],"tags":[],"class_list":["post-63363","post","type-post","status-publish","format-standard","hentry","category-cesta-basica","category-destaque-pequeno","category-economia","category-trabalho"],"_links":{"self":[{"href":"https:\/\/redept.com.br\/blogosfera\/wp-json\/wp\/v2\/posts\/63363","targetHints":{"allow":["GET"]}}],"collection":[{"href":"https:\/\/redept.com.br\/blogosfera\/wp-json\/wp\/v2\/posts"}],"about":[{"href":"https:\/\/redept.com.br\/blogosfera\/wp-json\/wp\/v2\/types\/post"}],"author":[{"embeddable":true,"href":"https:\/\/redept.com.br\/blogosfera\/wp-json\/wp\/v2\/users\/2"}],"replies":[{"embeddable":true,"href":"https:\/\/redept.com.br\/blogosfera\/wp-json\/wp\/v2\/comments?post=63363"}],"version-history":[{"count":0,"href":"https:\/\/redept.com.br\/blogosfera\/wp-json\/wp\/v2\/posts\/63363\/revisions"}],"wp:attachment":[{"href":"https:\/\/redept.com.br\/blogosfera\/wp-json\/wp\/v2\/media?parent=63363"}],"wp:term":[{"taxonomy":"category","embeddable":true,"href":"https:\/\/redept.com.br\/blogosfera\/wp-json\/wp\/v2\/categories?post=63363"},{"taxonomy":"post_tag","embeddable":true,"href":"https:\/\/redept.com.br\/blogosfera\/wp-json\/wp\/v2\/tags?post=63363"}],"curies":[{"name":"wp","href":"https:\/\/api.w.org\/{rel}","templated":true}]}}