{"id":63367,"date":"2025-11-10T12:55:52","date_gmt":"2025-11-10T15:55:52","guid":{"rendered":"https:\/\/redept.com.br\/blogosfera\/lula-abre-a-cop-30-e-momento-de-impor-nova-derrota-aos-negacionistas\/"},"modified":"2025-11-10T12:55:52","modified_gmt":"2025-11-10T15:55:52","slug":"lula-abre-a-cop-30-e-momento-de-impor-nova-derrota-aos-negacionistas","status":"publish","type":"post","link":"https:\/\/redept.com.br\/blogosfera\/lula-abre-a-cop-30-e-momento-de-impor-nova-derrota-aos-negacionistas\/","title":{"rendered":"Lula abre a COP 30: \u201c\u00c9 momento de impor nova derrota aos negacionistas\u201d"},"content":{"rendered":"<p><img fetchpriority=\"high\" width=\"1024\" height=\"712\"src=\"https:\/\/redept.com.br\/blogosfera\/wp-content\/uploads\/2025\/11\/578136707_1373570070791840_6111808933279224351_n.jpg\" alt=\"\" decoding=\"async\" srcset=\"https:\/\/vermelho.org.br\/wp-content\/uploads\/2025\/11\/578136707_1373570070791840_6111808933279224351_n-1024x712.jpg 1024w, https:\/\/vermelho.org.br\/wp-content\/uploads\/2025\/11\/578136707_1373570070791840_6111808933279224351_n-300x209.jpg 300w, https:\/\/vermelho.org.br\/wp-content\/uploads\/2025\/11\/578136707_1373570070791840_6111808933279224351_n-768x534.jpg 768w, https:\/\/vermelho.org.br\/wp-content\/uploads\/2025\/11\/578136707_1373570070791840_6111808933279224351_n-1536x1068.jpg 1536w, https:\/\/redept.com.br\/blogosfera\/wp-content\/uploads\/2025\/11\/578136707_1373570070791840_6111808933279224351_n.jpg 2047w\" sizes=\"(max-width: 1024px) 100vw, 1024px\"><\/p>\n<p>A COP30 (30\u00aa Confer\u00eancia das Partes da Conven\u00e7\u00e3o-Quadro das Na\u00e7\u00f5es Unidas sobre a Mudan\u00e7a do Clima) teve os trabalhos abertos oficialmente nesta segunda-feira (10), em Bel\u00e9m (PA). O presidente Lula discursou durante o ato para lideran\u00e7as pol\u00edticas e delegados da Confer\u00eancia, ocasi\u00e3o em que pediu por maior financiamento \u00e0s a\u00e7\u00f5es ambientais em detrimento \u00e0s guerras, assim como rebateu os negacionistas clim\u00e1ticos.<\/p>\n<p>O embaixador Andr\u00e9 Corr\u00eaa do Lago foi nomeado oficialmente o presidente da Conven\u00e7\u00e3o por um per\u00edodo de 12 meses, recebendo o posto de Mukhtar Babayev, que organizou o evento anterior, em Baku, no Azerbaij\u00e3o.<\/p>\n<p><strong>Desafio<\/strong><\/p>\n<p>O presidente Lula iniciou sua fala destacando o desafio de realizar a COP 30 em Bel\u00e9m: \u201cdesafio t\u00e3o grande quanto acabar com a polui\u00e7\u00e3o do planeta Terra.\u201d<\/p>\n<p>Segundo Lula, seria mais f\u00e1cil ter realizado a COP 30 em uma cidade brasileira com maior infraestrutura, principalmente hoteleira, no entanto, aceitou o desafio de levar para Amaz\u00f4nia \u201cpara provar que quando se tem disposi\u00e7\u00e3o pol\u00edtica, quando se tem vontade e compromisso com a verdade, a gente prova que o homem n\u00e3o tem nada que seja imposs\u00edvel, o imposs\u00edvel \u00e9 n\u00e3o ter coragem de enfrentar desafios\u201d.<\/p>\n<p><strong>Investimento ambiental<\/strong><\/p>\n<p>Na sequ\u00eancia, Lula refor\u00e7ou o apelo que une pacifismo e preserva\u00e7\u00e3o ambiental. De acordo com o presidente, se \u201cos homens que fazem guerra estivessem aqui [COP 30], eles iriam perceber que \u00e9 muito mais barato colocar um trilh\u00e3o e trezentos bilh\u00f5es de d\u00f3lares para a gente acabar com o problema clim\u00e1tico, do que colocar dois trilh\u00f5es e setecentos bilh\u00f5es de d\u00f3lares para fazer guerra\u201d.<\/p>\n<p><strong>Leia mais: <\/strong><a href=\"https:\/\/vermelho.org.br\/2025\/11\/07\/decisoes-em-belem-podem-selar-sucesso-ou-fracasso-climatico-alerta-lula\/\">Decis\u00f5es em Bel\u00e9m podem selar sucesso ou fracasso clim\u00e1tico, alerta Lula<\/a><\/p>\n<p>O presidente ainda ressaltou a RIO 92 como ber\u00e7o da cria\u00e7\u00e3o da Conven\u00e7\u00e3o-Quadro das Na\u00e7\u00f5es Unidas sobre Mudan\u00e7a do Clima (UNFCCC), pontuando que a ocasi\u00e3o foi um marco para o multilateralismo na \u00e1rea, que agora volta ao Brasil, sua \u201cterra natal\u201d, onde foi criada.<\/p>\n<p><strong>Amaz\u00f4nia no centro do debate<\/strong><\/p>\n<p>O l\u00edder brasileiro exaltou que a comunidade pol\u00edtica e cient\u00edfica reunir\u00e1 esfor\u00e7os nas pr\u00f3ximas duas semanas em que Bel\u00e9m ser\u00e1 a capital do mundo para tomar decis\u00f5es sobre o futuro do planeta.<\/p>\n<p>\u201cA Amaz\u00f4nia n\u00e3o \u00e9 uma entidade abstrata. Quem s\u00f3 v\u00ea floresta de cima desconhece o que se passa \u00e0 sua sombra. O bioma mais diverso da Terra \u00e9 a casa de quase 50 milh\u00f5es de pessoas, incluindo 400 dos povos ind\u00edgenas, dispersos por nove pa\u00edses em desenvolvimento, que ainda enfrentam imensos desafios sociais e econ\u00f4micos. Desafios que o Brasil luta para superar com a mesma determina\u00e7\u00e3o com que contornou as adversidades log\u00edsticas inerentes \u00e0 organiza\u00e7\u00e3o de uma confer\u00eancia desse porte\u201d, declarou.<\/p>\n<p>Lula ainda destacou os feitos na C\u00fapula do Clima, que antecederam a Confer\u00eancia, em que foi lan\u00e7ado o Fundo Florestas Tropicais para Sempre, angariando <a href=\"https:\/\/vermelho.org.br\/2025\/11\/07\/fundo-florestal-lancado-pelo-brasil-ja-tem-us-55-bi-50-do-previsto-para-1-ano\/\">5,5 bilh\u00f5es de d\u00f3lares para o financiamento clim\u00e1tic<\/a>o, e adotada a <a href=\"https:\/\/vermelho.org.br\/2025\/11\/08\/cupula-de-lideres-da-cop30-aprova-declaracao-sobre-fome-pobreza-e-acao-climatica\/\">Declara\u00e7\u00e3o de Bel\u00e9m sobre Fome, Pobreza e A\u00e7\u00e3o Clim\u00e1tica Centrada nas Pessoas,<\/a> com o apoio de 43 pa\u00edses e da Uni\u00e3o Europeia.\u00a0<\/p>\n<p><strong>Derrota aos negacionistas<\/strong><\/p>\n<p>As trag\u00e9dias clim\u00e1ticas foram lembradas pelo presidente para evidenciar a urg\u00eancia do debate: \u201cA mudan\u00e7a do clima j\u00e1 n\u00e3o \u00e9 uma amea\u00e7a do futuro. \u00c9 uma trag\u00e9dia do presente. O furac\u00e3o Melissa que fustigou o Caribe e o tornado que atingiu o Estado do Paran\u00e1, no Sul do Brasil, deixaram v\u00edtimas fatais e um rastro de destrui\u00e7\u00e3o. Das secas e inc\u00eandios na \u00c1frica e na Europa \u00e0s enchentes na Am\u00e9rica do Sul e no Sudeste Asi\u00e1tico, o aumento da temperatura global espalha dor e sofrimento, especialmente entre as popula\u00e7\u00f5es mais vulner\u00e1veis.\u201d<\/p>\n<p>Repetida como um mantra por Lula, a afirma\u00e7\u00e3o de que a \u201cCOP30 ser\u00e1 a COP da verdade\u201d foi refor\u00e7ada por ele.<\/p>\n<p>Nesse sentido, pregou contra as <em>fake news<\/em> (not\u00edcias falsas) e o negacionismo clim\u00e1tico, utilizados por l\u00edderes irrespons\u00e1veis para justificar a continuidade da explora\u00e7\u00e3o predat\u00f3ria dos recursos ambientais.<\/p>\n<p>\u201cNa era da desinforma\u00e7\u00e3o, os obscurantistas rejeitam n\u00e3o s\u00f3 as evid\u00eancias da ci\u00eancia, mas tamb\u00e9m os progressos do multilateralismo. Eles controlam algoritmos, semeiam o \u00f3dio e espalham o medo.\u00a0Atacam as institui\u00e7\u00f5es, a ci\u00eancia e as universidades. \u00c9 momento de impor uma nova derrota aos negacionistas\u201d, salientou o presidente brasileiro.<\/p>\n<p><strong>Leia mais: <\/strong><a href=\"https:\/\/vermelho.org.br\/2025\/11\/08\/cupula-de-lideres-da-cop30-aprova-declaracao-sobre-fome-pobreza-e-acao-climatica\/\">C\u00fapula de L\u00edderes da COP30 aprova declara\u00e7\u00e3o sobre fome, pobreza e a\u00e7\u00e3o clim\u00e1tica<\/a><\/p>\n<p>Ele ainda fez a indica\u00e7\u00e3o de que sem o Acordo de Paris o mundo estaria fadado a um aquecimento catastr\u00f3fico de quase cinco graus at\u00e9 o fim do s\u00e9culo. Portanto, entende que as decis\u00f5es j\u00e1 celebradas apontaram para a dire\u00e7\u00e3o certa, por\u00e9m est\u00e3o na velocidade errada de implementa\u00e7\u00e3o.<\/p>\n<p>\u201cNo ritmo atual, ainda avan\u00e7amos rumo a um aumento superior a um grau e meio na temperatura global. Romper essa barreira \u00e9 um risco que n\u00e3o podemos correr\u201d, explicou.<\/p>\n<figure><figcaption>Abertura da 30\u00aa Confer\u00eancia das Partes (COP30). Foto: Hermes Caruzo\/COP30<\/figcaption><\/figure>\n<p><strong>\u00a0Chamado \u00e0 a\u00e7\u00e3o\u00a0<\/strong><\/p>\n<p>Ao explanar as posi\u00e7\u00f5es do Brasil, Lula fez um chamado \u00e0 a\u00e7\u00e3o aos demais pa\u00edses.<\/p>\n<p>Ele pediu que os pa\u00edses cumpram seus compromissos, apontando tr\u00eas pontos:<\/p>\n<ul>\n<li>formula\u00e7\u00e3o e implementa\u00e7\u00e3o de Contribui\u00e7\u00f5es Nacionalmente Determinadas ambiciosas;<\/li>\n<li>assegurar financiamento, transfer\u00eancia de tecnologia e capacita\u00e7\u00e3o aos pa\u00edses em desenvolvimento;<\/li>\n<li>aten\u00e7\u00e3o \u00e0 adapta\u00e7\u00e3o aos efeitos da mudan\u00e7a do clima.<\/li>\n<\/ul>\n<p>Tamb\u00e9m conclamou a acelera\u00e7\u00e3o da a\u00e7\u00e3o clim\u00e1tica global: \u201cA proposta de cria\u00e7\u00e3o de um Conselho do Clima, vinculado \u00e0 Assembleia Geral da ONU, \u00e9 uma forma de dar a esse desafio a estatura pol\u00edtica que ele merece\u201d, disse.<\/p>\n<p>Por fim, convocou a comunidade internacional a colocar as pessoas no centro da agenda clim\u00e1tica, com destaque para as popula\u00e7\u00f5es ind\u00edgenas.<\/p>\n<p>\u201cO aquecimento global pode empurrar milh\u00f5es de pessoas para a fome e a pobreza, fazendo retroceder d\u00e9cadas de avan\u00e7os. O impacto desproporcional da mudan\u00e7a do clima sobre mulheres, afrodescendentes, migrantes e grupos vulner\u00e1veis deve ser levado em conta nas pol\u00edticas de adapta\u00e7\u00e3o\u201d, afirmou.<\/p>\n<p><strong>Leia mais: <\/strong><a href=\"https:\/\/vermelho.org.br\/2025\/11\/07\/cop30-observatorio-cobra-plano-para-acabar-com-desmatamento-ate-2030\/\">COP30: Observat\u00f3rio cobra plano para acabar com desmatamento at\u00e9 2030<\/a><\/p>\n<p>\u201c\u00c9 fundamental reconhecer o papel dos territ\u00f3rios ind\u00edgenas e de comunidades tradicionais nos esfor\u00e7os de mitiga\u00e7\u00e3o. No Brasil, mais de 13% do territ\u00f3rio s\u00e3o \u00e1reas demarcadas para os povos ind\u00edgenas. Talvez ainda seja pouco.\u00a0Uma transi\u00e7\u00e3o justa precisa contribuir para reduzir as assimetrias entre o Norte e o Sul Global, forjadas sobre s\u00e9culos de emiss\u00f5es\u201d, completou Lula.<\/p>\n<p>Ainda durante a abertura da COP30, foram realizadas interven\u00e7\u00f5es ind\u00edgenas da tribo Guajajara e apresenta\u00e7\u00f5es de Faf\u00e1 de Bel\u00e9m e da ministra da Cultura Margareth Menezes.<\/p>\n<p>Al\u00e9m de representantes e negociadores de diversos pa\u00edses, o ato teve a presen\u00e7a de ministros e ministras de governo, entre elas a do Meio Ambiente,\u00a0Marina Silva, e dos Povos Ind\u00edgenas,\u00a0Sonia Guajajara, e do governador do Par\u00e1, H\u00e9lder Barbalho.<\/p>\n<p>O post <a href=\"https:\/\/vermelho.org.br\/2025\/11\/10\/lula-abre-a-cop-30-e-momento-de-impor-nova-derrota-aos-negacionistas\/\">Lula abre a COP 30: \u201c\u00c9 momento de impor nova derrota aos negacionistas\u201d<\/a> apareceu primeiro em <a href=\"https:\/\/vermelho.org.br\/\">Vermelho<\/a>.<\/p>\n<!-- Begin Yuzo --><div class='yuzo_related_post style-1'  data-version='5.12.89'><!-- without result --><div class='yuzo_clearfixed yuzo__title yuzo__title'><h3>Related Post<\/h3><\/div>\n\t\t\t\t\t\t  <div class=\"relatedthumb \" style=\"width:125px;float:left;overflow:hidden;\">  \n\t\t\t\t\t\t\t  \n\t\t\t\t\t\t\t  <a  href=\"https:\/\/redept.com.br\/blogosfera\/e-preciso-lutar-para-avancar-movimentos-de-diversos-paises-chegam-a-colombia-para-conferencia-sobre-reforma-agraria\/\"  >\n\t\t\t\t\t\t\t\t\t  <div class=\"yuzo-img-wrap \" style=\"width: 125px;height:90px;\">\n\t\t\t\t\t\t\t\t\t\t\n\t\t\t\t\t\t\t\t\t\t<div class=\"yuzo-img\" style=\"background:url('https:\/\/redept.org\/blogosfera\/wp-content\/plugins\/yuzo-related-post\/assets\/images\/default.png') 50% 50% no-repeat;width: 125px;height:90px;margin-bottom: 5px;background-size: cover; \"><\/div>\n\t\t\t\t\t\t\t\t\t  <\/div>\n\t\t\t\t\t\t\t\t\t  \n\t\t\t\t\t\t\t\t   <span class=\"yuzo__text--title\" style=\"font-size:13px;\">\u2018\u00c9 preciso lutar para avan\u00e7ar\u2019: movimentos de dive...<\/span>\n\t\t\t\t\t\t\t  \n\t\t\t\t\t\t\t  \n\t\t\t\t\t\t\t  <\/a>\n\n\t\t\t\t\t\t  <\/div>\n\t\t\t\t\t\t  <div class=\"relatedthumb \" style=\"width:125px;float:left;overflow:hidden;\">  \n\t\t\t\t\t\t\t  \n\t\t\t\t\t\t\t  <a  href=\"https:\/\/redept.com.br\/blogosfera\/uma-das-mais-poderosas-ondas-de-choque-causada-pela-colisao-de-galaxias-chegou-a-terra\/\"  >\n\t\t\t\t\t\t\t\t\t  <div class=\"yuzo-img-wrap \" style=\"width: 125px;height:90px;\">\n\t\t\t\t\t\t\t\t\t\t\n\t\t\t\t\t\t\t\t\t\t<div class=\"yuzo-img\" style=\"background:url('https:\/\/redept.org\/blogosfera\/wp-content\/plugins\/yuzo-related-post\/assets\/images\/default.png') 50% 50% no-repeat;width: 125px;height:90px;margin-bottom: 5px;background-size: cover; \"><\/div>\n\t\t\t\t\t\t\t\t\t  <\/div>\n\t\t\t\t\t\t\t\t\t  \n\t\t\t\t\t\t\t\t   <span class=\"yuzo__text--title\" style=\"font-size:13px;\">Uma das mais poderosas ondas de choque causada pel...<\/span>\n\t\t\t\t\t\t\t  \n\t\t\t\t\t\t\t  \n\t\t\t\t\t\t\t  <\/a>\n\n\t\t\t\t\t\t  <\/div>\n\t\t\t\t\t\t  <div class=\"relatedthumb \" style=\"width:125px;float:left;overflow:hidden;\">  \n\t\t\t\t\t\t\t  \n\t\t\t\t\t\t\t  <a  href=\"https:\/\/redept.com.br\/blogosfera\/no-recife-marcha-da-consciencia-negra-protesta-contra-ataques-do-estado-ao-povo-preto\/\"  >\n\t\t\t\t\t\t\t\t\t  <div class=\"yuzo-img-wrap \" style=\"width: 125px;height:90px;\">\n\t\t\t\t\t\t\t\t\t\t\n\t\t\t\t\t\t\t\t\t\t<div class=\"yuzo-img\" style=\"background:url('https:\/\/redept.org\/blogosfera\/wp-content\/plugins\/yuzo-related-post\/assets\/images\/default.png') 50% 50% no-repeat;width: 125px;height:90px;margin-bottom: 5px;background-size: cover; \"><\/div>\n\t\t\t\t\t\t\t\t\t  <\/div>\n\t\t\t\t\t\t\t\t\t  \n\t\t\t\t\t\t\t\t   <span class=\"yuzo__text--title\" style=\"font-size:13px;\">No Recife, Marcha da Consci\u00eancia Negra protesta co...<\/span>\n\t\t\t\t\t\t\t  \n\t\t\t\t\t\t\t  \n\t\t\t\t\t\t\t  <\/a>\n\n\t\t\t\t\t\t  <\/div>\n\t\t\t\t\t\t  <div class=\"relatedthumb \" style=\"width:125px;float:left;overflow:hidden;\">  \n\t\t\t\t\t\t\t  \n\t\t\t\t\t\t\t  <a  href=\"https:\/\/redept.com.br\/blogosfera\/uma-mudanca-vira-blues-brics-e-a-transicao-multipolar\/\"  >\n\t\t\t\t\t\t\t\t\t  <div class=\"yuzo-img-wrap \" style=\"width: 125px;height:90px;\">\n\t\t\t\t\t\t\t\t\t\t\n\t\t\t\t\t\t\t\t\t\t<div class=\"yuzo-img\" style=\"background:url('https:\/\/redept.com.br\/blogosfera\/wp-content\/uploads\/2025\/10\/brics-Ricardo-Stuckert_PR-150x150.webp') 50% 50% no-repeat;width: 125px;height:90px;margin-bottom: 5px;background-size: cover; \"><\/div>\n\t\t\t\t\t\t\t\t\t  <\/div>\n\t\t\t\t\t\t\t\t\t  \n\t\t\t\t\t\t\t\t   <span class=\"yuzo__text--title\" style=\"font-size:13px;\">Uma mudan\u00e7a vir\u00e1: Blues, Brics e a transi\u00e7\u00e3o multi...<\/span>\n\t\t\t\t\t\t\t  \n\t\t\t\t\t\t\t  \n\t\t\t\t\t\t\t  <\/a>\n\n\t\t\t\t\t\t  <\/div>\n<\/div> <script>\n\t\t\t\t\t\t  jQuery(document).ready(function( $ ){\n\t\t\t\t\t\t\t\/\/jQuery('.yuzo_related_post').equalizer({ overflow : 'relatedthumb' });\n\t\t\t\t\t\t\tjQuery('.yuzo_related_post .yuzo_wraps').equalizer({ columns : '> div' });\n\t\t\t\t\t\t   })\n\t\t\t\t\t\t  <\/script> <!-- End Yuzo :) -->","protected":false},"excerpt":{"rendered":"<p>A COP30 (30\u00aa Confer\u00eancia das Partes da Conven\u00e7\u00e3o-Quadro das Na\u00e7\u00f5es Unidas sobre a Mudan\u00e7a do Clima) teve os trabalhos abertos oficialmente nesta segunda-feira (10), em Bel\u00e9m (PA). O presidente Lula discursou durante o ato para lideran\u00e7as pol\u00edticas e delegados da Confer\u00eancia, ocasi\u00e3o em que pediu por maior financiamento \u00e0s a\u00e7\u00f5es ambientais em detrimento \u00e0s guerras, [&hellip;]<\/p>\n","protected":false},"author":2,"featured_media":0,"comment_status":"open","ping_status":"closed","sticky":false,"template":"","format":"standard","meta":{"fifu_image_url":"","fifu_image_alt":"","footnotes":""},"categories":[109,894,1867,3294,568,112,18,570,722,1838],"tags":[],"class_list":["post-63367","post","type-post","status-publish","format-standard","hentry","category-amazonia","category-belem","category-conferencia-do-clima","category-cop-30-em-belem","category-cop-30","category-lula","category-meio-ambiente","category-mudancas-climaticas","category-para","category-protecao-ambiental"],"_links":{"self":[{"href":"https:\/\/redept.com.br\/blogosfera\/wp-json\/wp\/v2\/posts\/63367","targetHints":{"allow":["GET"]}}],"collection":[{"href":"https:\/\/redept.com.br\/blogosfera\/wp-json\/wp\/v2\/posts"}],"about":[{"href":"https:\/\/redept.com.br\/blogosfera\/wp-json\/wp\/v2\/types\/post"}],"author":[{"embeddable":true,"href":"https:\/\/redept.com.br\/blogosfera\/wp-json\/wp\/v2\/users\/2"}],"replies":[{"embeddable":true,"href":"https:\/\/redept.com.br\/blogosfera\/wp-json\/wp\/v2\/comments?post=63367"}],"version-history":[{"count":0,"href":"https:\/\/redept.com.br\/blogosfera\/wp-json\/wp\/v2\/posts\/63367\/revisions"}],"wp:attachment":[{"href":"https:\/\/redept.com.br\/blogosfera\/wp-json\/wp\/v2\/media?parent=63367"}],"wp:term":[{"taxonomy":"category","embeddable":true,"href":"https:\/\/redept.com.br\/blogosfera\/wp-json\/wp\/v2\/categories?post=63367"},{"taxonomy":"post_tag","embeddable":true,"href":"https:\/\/redept.com.br\/blogosfera\/wp-json\/wp\/v2\/tags?post=63367"}],"curies":[{"name":"wp","href":"https:\/\/api.w.org\/{rel}","templated":true}]}}