{"id":63613,"date":"2025-11-11T14:13:35","date_gmt":"2025-11-11T17:13:35","guid":{"rendered":"https:\/\/redept.com.br\/blogosfera\/decisao-do-stf-abre-caminho-para-regularizar-mototaxi-em-sao-paulo\/"},"modified":"2025-11-11T14:13:35","modified_gmt":"2025-11-11T17:13:35","slug":"decisao-do-stf-abre-caminho-para-regularizar-mototaxi-em-sao-paulo","status":"publish","type":"post","link":"https:\/\/redept.com.br\/blogosfera\/decisao-do-stf-abre-caminho-para-regularizar-mototaxi-em-sao-paulo\/","title":{"rendered":"Decis\u00e3o do STF abre caminho para regularizar motot\u00e1xi em S\u00e3o Paulo"},"content":{"rendered":"<p>O <strong>Supremo Tribunal Federal (STF)<\/strong> derrubou, nesta segunda-feira (10), a lei estadual que restringia o servi\u00e7o de <strong>motot\u00e1xi <\/strong>em S\u00e3o Paulo e condicionava sua opera\u00e7\u00e3o \u00e0 autoriza\u00e7\u00e3o dos munic\u00edpios. A decis\u00e3o abre caminho para a regulamenta\u00e7\u00e3o definitiva da atividade na capital, que estava suspensa por determina\u00e7\u00e3o da Prefeitura. Saiba mais na <strong><a href=\"https:\/\/tvtnews.com.br\/\">TVT News<\/a><\/strong>.<\/p>\n<p>A lei paulista n\u00ba 18.156\/2025, sancionada em junho pelo governador Tarc\u00edsio de Freitas (Republicanos), foi considerada inconstitucional pela maioria dos ministros da Corte. O relator, ministro Alexandre de Moraes, apontou que o Estado de S\u00e3o Paulo invadiu a compet\u00eancia exclusiva da Uni\u00e3o para legislar sobre diretrizes de transporte e tr\u00e2nsito, violando ainda os princ\u00edpios da livre iniciativa e da livre concorr\u00eancia.<\/p>\n<p>Moraes destacou que a proibi\u00e7\u00e3o do servi\u00e7o por estados ou munic\u00edpios fere a Constitui\u00e7\u00e3o, pois restringe o direito de escolha do consumidor e limita a atua\u00e7\u00e3o de empresas de tecnologia. \u201cAs restri\u00e7\u00f5es for\u00e7am os cidad\u00e3os a submeterem-se a alternativas potencialmente mais caras, mais lentas e menos eficientes, enfraquecendo o ambiente competitivo, em claro preju\u00edzo ao consumidor\u201d, afirmou. A decis\u00e3o confirma liminar concedida em setembro e encerra, na pr\u00e1tica, a disputa judicial entre a Prefeitura de S\u00e3o Paulo e as plataformas de mobilidade, como Uber e 99.<\/p>\n<p>Apesar de liberar o funcionamento do servi\u00e7o, o STF manteve a possibilidade de os munic\u00edpios regulamentarem e fiscalizarem a atividade. O ministro Cristiano Zanin ressaltou que as prefeituras podem definir regras locais que considerem fatores como seguran\u00e7a e tr\u00e2nsito, desde que n\u00e3o impe\u00e7am a opera\u00e7\u00e3o. J\u00e1 o ministro Fl\u00e1vio Dino defendeu que a regulamenta\u00e7\u00e3o futura tamb\u00e9m deve garantir direitos b\u00e1sicos aos motociclistas parceiros das plataformas.<\/p>\n<p>Com o julgamento, a Prefeitura de S\u00e3o Paulo ser\u00e1 obrigada a regulamentar o servi\u00e7o. Em setembro, o Tribunal de Justi\u00e7a do Estado (TJ-SP) j\u00e1 havia invalidado o decreto municipal n\u00ba 62.144\/2023, que proibia o motot\u00e1xi por aplicativo, mas manteve a suspens\u00e3o at\u00e9 a cria\u00e7\u00e3o de normas espec\u00edficas.<\/p>\n<\/p>\n<h2>Leia mais not\u00edcias na TVT News<\/h2>\n<ul>\n<li><a href=\"https:\/\/tvtnews.com.br\/inflacao-cai-menor-patamar-em-outubro-desde-1998\/\">Infla\u00e7\u00e3o cai e atinge menor patamar em outubro desde 1998<\/a><\/li>\n<li><a href=\"https:\/\/tvtnews.com.br\/stf-julga-kids-pretos-planejavam-matar-lula-alckmin\/\">STF come\u00e7a a julgar \u201ckids pretos\u201d que planejavam matar Lula, Alckmin e Alexandre de Moraes<\/a><\/li>\n<li><a href=\"https:\/\/tvtnews.com.br\/cop30-agenda-destravada-e-negociacoes-comecam\/\">COP30: agenda destravada e negocia\u00e7\u00f5es come\u00e7am<\/a><\/li>\n<\/ul>\n<p>The post <a rel=\"nofollow\" href=\"https:\/\/tvtnews.com.br\/decisao-stf-abre-caminho-regularizar-mototaxi-sp\/\">Decis\u00e3o do STF abre caminho para regularizar motot\u00e1xi em S\u00e3o Paulo<\/a> appeared first on <a rel=\"nofollow\" href=\"https:\/\/tvtnews.com.br\/\">TVT News<\/a>.<\/p>\n<!-- Begin Yuzo --><div class='yuzo_related_post style-1'  data-version='5.12.89'><!-- without result --><div class='yuzo_clearfixed yuzo__title yuzo__title'><h3>Related Post<\/h3><\/div>\n\t\t\t\t\t\t  <div class=\"relatedthumb \" style=\"width:125px;float:left;overflow:hidden;\">  \n\t\t\t\t\t\t\t  \n\t\t\t\t\t\t\t  <a  href=\"https:\/\/redept.com.br\/blogosfera\/lula-e-von-der-leyen-fecham-acordo-mercosul-ue-em-dezembro-e-bilhoes-sao-negociados-para-tfff-na-cop30\/\"  >\n\t\t\t\t\t\t\t\t\t  <div class=\"yuzo-img-wrap \" style=\"width: 125px;height:90px;\">\n\t\t\t\t\t\t\t\t\t\t\n\t\t\t\t\t\t\t\t\t\t<div class=\"yuzo-img\" style=\"background:url('https:\/\/redept.org\/blogosfera\/wp-content\/plugins\/yuzo-related-post\/assets\/images\/default.png') 50% 50% no-repeat;width: 125px;height:90px;margin-bottom: 5px;background-size: cover; \"><\/div>\n\t\t\t\t\t\t\t\t\t  <\/div>\n\t\t\t\t\t\t\t\t\t  \n\t\t\t\t\t\t\t\t   <span class=\"yuzo__text--title\" style=\"font-size:13px;\">Lula e von der Leyen fecham acordo Mercosul-UE em ...<\/span>\n\t\t\t\t\t\t\t  \n\t\t\t\t\t\t\t  \n\t\t\t\t\t\t\t  <\/a>\n\n\t\t\t\t\t\t  <\/div>\n\t\t\t\t\t\t  <div class=\"relatedthumb \" style=\"width:125px;float:left;overflow:hidden;\">  \n\t\t\t\t\t\t\t  \n\t\t\t\t\t\t\t  <a  href=\"https:\/\/redept.com.br\/blogosfera\/copinha-2025-palmeiras-goleia-santa-cruz-ac-por-5-a-0\/\"  >\n\t\t\t\t\t\t\t\t\t  <div class=\"yuzo-img-wrap \" style=\"width: 125px;height:90px;\">\n\t\t\t\t\t\t\t\t\t\t\n\t\t\t\t\t\t\t\t\t\t<div class=\"yuzo-img\" style=\"background:url('https:\/\/redept.org\/blogosfera\/wp-content\/plugins\/yuzo-related-post\/assets\/images\/default.png') 50% 50% no-repeat;width: 125px;height:90px;margin-bottom: 5px;background-size: cover; \"><\/div>\n\t\t\t\t\t\t\t\t\t  <\/div>\n\t\t\t\t\t\t\t\t\t  \n\t\t\t\t\t\t\t\t   <span class=\"yuzo__text--title\" style=\"font-size:13px;\">Copinha 2025: Palmeiras goleia Santa Cruz-AC por 5...<\/span>\n\t\t\t\t\t\t\t  \n\t\t\t\t\t\t\t  \n\t\t\t\t\t\t\t  <\/a>\n\n\t\t\t\t\t\t  <\/div>\n\t\t\t\t\t\t  <div class=\"relatedthumb \" style=\"width:125px;float:left;overflow:hidden;\">  \n\t\t\t\t\t\t\t  \n\t\t\t\t\t\t\t  <a  href=\"https:\/\/redept.com.br\/blogosfera\/ministerio-publico-federal-pede-suspensao-de-licenciamento-de-pesquisas-para-exploracao-de-petroleo-na-foz-do-amazonas\/\"  >\n\t\t\t\t\t\t\t\t\t  <div class=\"yuzo-img-wrap \" style=\"width: 125px;height:90px;\">\n\t\t\t\t\t\t\t\t\t\t\n\t\t\t\t\t\t\t\t\t\t<div class=\"yuzo-img\" style=\"background:url('https:\/\/redept.org\/blogosfera\/wp-content\/plugins\/yuzo-related-post\/assets\/images\/default.png') 50% 50% no-repeat;width: 125px;height:90px;margin-bottom: 5px;background-size: cover; \"><\/div>\n\t\t\t\t\t\t\t\t\t  <\/div>\n\t\t\t\t\t\t\t\t\t  \n\t\t\t\t\t\t\t\t   <span class=\"yuzo__text--title\" style=\"font-size:13px;\">Minist\u00e9rio P\u00fablico Federal pede suspens\u00e3o de licen...<\/span>\n\t\t\t\t\t\t\t  \n\t\t\t\t\t\t\t  \n\t\t\t\t\t\t\t  <\/a>\n\n\t\t\t\t\t\t  <\/div>\n\t\t\t\t\t\t  <div class=\"relatedthumb \" style=\"width:125px;float:left;overflow:hidden;\">  \n\t\t\t\t\t\t\t  \n\t\t\t\t\t\t\t  <a  href=\"https:\/\/redept.com.br\/blogosfera\/datafolha-lula-comeca-a-reverter-queda-da-popularidade\/\"  >\n\t\t\t\t\t\t\t\t\t  <div class=\"yuzo-img-wrap \" style=\"width: 125px;height:90px;\">\n\t\t\t\t\t\t\t\t\t\t\n\t\t\t\t\t\t\t\t\t\t<div class=\"yuzo-img\" style=\"background:url('https:\/\/redept.com.br\/blogosfera\/wp-content\/uploads\/2025\/04\/pesquisa_5-abril-150x150.jpg') 50% 50% no-repeat;width: 125px;height:90px;margin-bottom: 5px;background-size: cover; \"><\/div>\n\t\t\t\t\t\t\t\t\t  <\/div>\n\t\t\t\t\t\t\t\t\t  \n\t\t\t\t\t\t\t\t   <span class=\"yuzo__text--title\" style=\"font-size:13px;\">Datafolha: Lula come\u00e7a a reverter queda da popular...<\/span>\n\t\t\t\t\t\t\t  \n\t\t\t\t\t\t\t  \n\t\t\t\t\t\t\t  <\/a>\n\n\t\t\t\t\t\t  <\/div>\n<\/div> <script>\n\t\t\t\t\t\t  jQuery(document).ready(function( $ ){\n\t\t\t\t\t\t\t\/\/jQuery('.yuzo_related_post').equalizer({ overflow : 'relatedthumb' });\n\t\t\t\t\t\t\tjQuery('.yuzo_related_post .yuzo_wraps').equalizer({ columns : '> div' });\n\t\t\t\t\t\t   })\n\t\t\t\t\t\t  <\/script> <!-- End Yuzo :) -->","protected":false},"excerpt":{"rendered":"<p>O Supremo Tribunal Federal (STF) derrubou, nesta segunda-feira (10), a lei estadual que restringia o servi\u00e7o de motot\u00e1xi em S\u00e3o Paulo e condicionava sua opera\u00e7\u00e3o \u00e0 autoriza\u00e7\u00e3o dos munic\u00edpios. A decis\u00e3o abre caminho para a regulamenta\u00e7\u00e3o definitiva da atividade na capital, que estava suspensa por determina\u00e7\u00e3o da Prefeitura. Saiba mais na TVT News. A lei [&hellip;]<\/p>\n","protected":false},"author":2,"featured_media":0,"comment_status":"open","ping_status":"closed","sticky":false,"template":"","format":"standard","meta":{"fifu_image_url":"","fifu_image_alt":"","footnotes":""},"categories":[489,132,29,260,2921],"tags":[],"class_list":["post-63613","post","type-post","status-publish","format-standard","hentry","category-destaque-pequeno","category-politica","category-sao-paulo","category-stf","category-transportes"],"_links":{"self":[{"href":"https:\/\/redept.com.br\/blogosfera\/wp-json\/wp\/v2\/posts\/63613","targetHints":{"allow":["GET"]}}],"collection":[{"href":"https:\/\/redept.com.br\/blogosfera\/wp-json\/wp\/v2\/posts"}],"about":[{"href":"https:\/\/redept.com.br\/blogosfera\/wp-json\/wp\/v2\/types\/post"}],"author":[{"embeddable":true,"href":"https:\/\/redept.com.br\/blogosfera\/wp-json\/wp\/v2\/users\/2"}],"replies":[{"embeddable":true,"href":"https:\/\/redept.com.br\/blogosfera\/wp-json\/wp\/v2\/comments?post=63613"}],"version-history":[{"count":0,"href":"https:\/\/redept.com.br\/blogosfera\/wp-json\/wp\/v2\/posts\/63613\/revisions"}],"wp:attachment":[{"href":"https:\/\/redept.com.br\/blogosfera\/wp-json\/wp\/v2\/media?parent=63613"}],"wp:term":[{"taxonomy":"category","embeddable":true,"href":"https:\/\/redept.com.br\/blogosfera\/wp-json\/wp\/v2\/categories?post=63613"},{"taxonomy":"post_tag","embeddable":true,"href":"https:\/\/redept.com.br\/blogosfera\/wp-json\/wp\/v2\/tags?post=63613"}],"curies":[{"name":"wp","href":"https:\/\/api.w.org\/{rel}","templated":true}]}}