{"id":63688,"date":"2025-11-11T18:18:12","date_gmt":"2025-11-11T21:18:12","guid":{"rendered":"https:\/\/redept.com.br\/blogosfera\/governo-brasileiro-coloca-irmaos-batista-da-jbs-em-lista-vip-da-cop30\/"},"modified":"2025-11-11T18:18:12","modified_gmt":"2025-11-11T21:18:12","slug":"governo-brasileiro-coloca-irmaos-batista-da-jbs-em-lista-vip-da-cop30","status":"publish","type":"post","link":"https:\/\/redept.com.br\/blogosfera\/governo-brasileiro-coloca-irmaos-batista-da-jbs-em-lista-vip-da-cop30\/","title":{"rendered":"Governo brasileiro coloca irm\u00e3os Batista da JBS em \u201clista VIP\u201d da COP30"},"content":{"rendered":"<p><em>Mr. Joesley Mendon\u00e7a Batista <\/em>e<em> Mr. Wesley Mendon\u00e7a Batista<\/em>. Assim est\u00e3o os nomes dos irm\u00e3os bilion\u00e1rios donos da J&amp;F holding, que entre outras empresas \u00e9 dona da marca JBS, na \u201clista VIP\u201d da COP30, que garante acesso \u00e0 zona azul da Confer\u00eancia das Na\u00e7\u00f5es Unidas sobre as Mudan\u00e7as Clim\u00e1ticas de 2025. E quem colocou os dois nessa sele\u00e7\u00e3o foi o Brasil. <span>Isso mesmo, os irm\u00e3os Batista s\u00e3o convidados do anfitri\u00e3o, no caso, o Estado brasileiro.<\/span><\/p>\n<p>A Conven\u00e7\u00e3o-Quadro das Na\u00e7\u00f5es Unidas sobre a Mudan\u00e7a do Clima (UNFCCC) publicou a lista preliminar dos participantes da confer\u00eancia nesta segunda-feira, 10 de novembro. Nela, constam os nomes de Wesley e Joesley Batista como \u201cconvidados do pa\u00eds anfitri\u00e3o\u201d, representando a JBS.<\/p>\n<p>Existem v\u00e1rias formas de ser credenciado para a Zona Azul, a \u00e1rea restrita da COP30, onde s\u00e3o realizadas as negocia\u00e7\u00f5es diplom\u00e1ticas entre os quase 200 pa\u00edses que assinaram a Conven\u00e7\u00e3o da ONU sobre mudan\u00e7as clim\u00e1ticas. <span>O pa\u00eds anfitri\u00e3o tem direito a um n\u00famero limitado de convidados \u2013 lista na qual est\u00e3o os irm\u00e3os Batista, al\u00e9m de representantes da ind\u00fastria petrol\u00edfera, como Petrobras e ExxonMobil, da minera\u00e7\u00e3o, como Vale, Samarco, Sigma e o Instituto Brasileiro da Minera\u00e7\u00e3o.<\/span><\/p>\n<p>A lista de convidados do Brasil tamb\u00e9m inclui representantes de organiza\u00e7\u00f5es da sociedade civil, como Instituto Alana, voltado para educa\u00e7\u00e3o, e de povos ind\u00edgenas e comunidades tradicionais, como a associa\u00e7\u00e3o Yanomami Hutukara e o Conselho Ind\u00edgena de Roraima. Contudo, quilombolas v\u00eam se queixando h\u00e1 semanas pelo baixo n\u00famero de credenciais para seus representantes no evento \u2013 e a lista liberada agora mostra que eles conseguiram apenas cinco credenciais indicadas pelo Brasil.<\/p>\n<p>O Brasil tamb\u00e9m pode indicar uma s\u00e9rie de pessoas para serem <em>party overflow<\/em>, que, assim, passam a integrar a delega\u00e7\u00e3o brasileira, ainda que n\u00e3o atuem como \u201cnegociadoras\u201d (que s\u00e3o chamadas de \u201cpartes\u201d). Nesse grupo est\u00e3o desde representantes de ONGs e associa\u00e7\u00f5es de comunidades tradicionais a empresas.<\/p>\n<p>A <strong>P\u00fablica <\/strong>apurou que Wesley e Joesley n\u00e3o estavam na lista da COP anterior, realizada no Azerbaij\u00e3o, apesar da JBS estar com tr\u00eas nomes de representantes credenciados. Por telefone, a reportagem foi informada que os empres\u00e1rios n\u00e3o est\u00e3o participando da COP nesta ter\u00e7a-feira, mas n\u00e3o foi desmentido que eles foram credenciados.<\/p>\n<h2><strong>JBS: multas ambientais e a crise clim\u00e1tica<\/strong><\/h2>\n<p>A JBS, dos irm\u00e3os Batista, a maior produtora de carne bovina do mundo e principal empresa do setor agropecu\u00e1rio, tem impacto direto no clima \u2014 e vem sendo cobrada e multada por isso.<\/p>\n<p>Segundo a <strong>P\u00fablica <\/strong>apurou, apenas neste ano, a JBS SA foi alvo de quatro multas do Instituto Brasileiro do Meio Ambiente e dos Recursos Naturais Renov\u00e1veis (Ibama). <span>Juntas, as quatro multas passam dos R$ 660 milh\u00f5es, por infra\u00e7\u00f5es no estado do Par\u00e1, no Mato Grosso do Sul e em S\u00e3o Paulo.<\/span> A multa mais cara, justamente no Par\u00e1, est\u00e1 ligada a mais uma etapa da Opera\u00e7\u00e3o Carne Fria, que vem apurando desmatamento e cria\u00e7\u00e3o de gado ilegais na Amaz\u00f4nia.<\/p>\n<p>Neste ano, a <strong>P\u00fablica<\/strong> mostrou que a JBS pode ter exportado para a Uni\u00e3o Europeia carne bovina e couro produzidos com gado proveniente de fazendas ilegais no Par\u00e1. Relat\u00f3rio da Human Rights Watch (HRW) apontou que o gado irregular afeta a Terra Ind\u00edgena Cachoeira Seca, lar do povo Arara, e o Projeto de Desenvolvimento Sustent\u00e1vel Terra Nossa.<\/p>\n<p>Em 2024, a <strong>P\u00fablica <\/strong>mostrou que um levantamento da ONG norte-americana EIA (Ag\u00eancia de Investiga\u00e7\u00e3o Ambiental, na sigla em ingl\u00eas) encontrou registros que <span>a JBS teria comprado gado criado em fazendas ilegais na Terra Ind\u00edgena Apyterewa, no pr\u00f3prio estado do Par\u00e1.<\/span><\/p>\n<p>Al\u00e9m das irregularidades, as produtoras de carne representam um impacto direto no aquecimento global: se fossem um pa\u00eds, as 45 maiores empresas que produzem carne e latic\u00ednios \u2013 com a JBS nessa conta \u2013 seriam o nono maior emissor de gases do efeito estufa do mundo, mostrou levantamento divulgado \u00e0s v\u00e9speras da COP30.<\/p>\n<p>O imp\u00e9rio dos irm\u00e3os Batista vai al\u00e9m da JBS. O grupo J&amp;F tamb\u00e9m possui a produtora de celulose Eldorado, a mineradora Lhg Mining, a prestadora de servi\u00e7os financeiros PicPay e a Ambar, produtora de energia, que inclusive comprou termel\u00e9tricas no Acre neste ano.<\/p>\n<blockquote>\n<p><em><strong>*Atualiza\u00e7\u00e3o \u00e0s 18h53 de 11\/01\/2025:<\/strong> inclu\u00edda a resposta da assessoria da JBS.<\/em><\/p>\n<\/blockquote>\n<!-- Begin Yuzo --><div class='yuzo_related_post style-1'  data-version='5.12.89'><!-- without result --><div class='yuzo_clearfixed yuzo__title yuzo__title'><h3>Related Post<\/h3><\/div>\n\t\t\t\t\t\t  <div class=\"relatedthumb \" style=\"width:125px;float:left;overflow:hidden;\">  \n\t\t\t\t\t\t\t  \n\t\t\t\t\t\t\t  <a  href=\"https:\/\/redept.com.br\/blogosfera\/bancada-crista-apoia-indicacao-de-messias-para-fazer-andar-pautas-antiaborto-no-stf\/\"  >\n\t\t\t\t\t\t\t\t\t  <div class=\"yuzo-img-wrap \" style=\"width: 125px;height:90px;\">\n\t\t\t\t\t\t\t\t\t\t\n\t\t\t\t\t\t\t\t\t\t<div class=\"yuzo-img\" style=\"background:url('https:\/\/redept.com.br\/blogosfera\/wp-content\/uploads\/2025\/11\/Foto1_Bancada-crista-apoia-indicacao-de-Messias-para-fazer-andar-pautas-antiaborto-no-STF-150x150.avif') 50% 50% no-repeat;width: 125px;height:90px;margin-bottom: 5px;background-size: cover; \"><\/div>\n\t\t\t\t\t\t\t\t\t  <\/div>\n\t\t\t\t\t\t\t\t\t  \n\t\t\t\t\t\t\t\t   <span class=\"yuzo__text--title\" style=\"font-size:13px;\">Bancada crist\u00e3 apoia indica\u00e7\u00e3o de Messias para faz...<\/span>\n\t\t\t\t\t\t\t  \n\t\t\t\t\t\t\t  \n\t\t\t\t\t\t\t  <\/a>\n\n\t\t\t\t\t\t  <\/div>\n\t\t\t\t\t\t  <div class=\"relatedthumb \" style=\"width:125px;float:left;overflow:hidden;\">  \n\t\t\t\t\t\t\t  \n\t\t\t\t\t\t\t  <a  href=\"https:\/\/redept.com.br\/blogosfera\/chuvas-extremas-no-para-expoem-efeitos-da-crise-climatica-diante-de-falhas-em-infraestrutura-urbana\/\"  >\n\t\t\t\t\t\t\t\t\t  <div class=\"yuzo-img-wrap \" style=\"width: 125px;height:90px;\">\n\t\t\t\t\t\t\t\t\t\t\n\t\t\t\t\t\t\t\t\t\t<div class=\"yuzo-img\" style=\"background:url('https:\/\/redept.org\/blogosfera\/wp-content\/plugins\/yuzo-related-post\/assets\/images\/default.png') 50% 50% no-repeat;width: 125px;height:90px;margin-bottom: 5px;background-size: cover; \"><\/div>\n\t\t\t\t\t\t\t\t\t  <\/div>\n\t\t\t\t\t\t\t\t\t  \n\t\t\t\t\t\t\t\t   <span class=\"yuzo__text--title\" style=\"font-size:13px;\">Chuvas extremas no Par\u00e1 exp\u00f5em efeitos da crise cl...<\/span>\n\t\t\t\t\t\t\t  \n\t\t\t\t\t\t\t  \n\t\t\t\t\t\t\t  <\/a>\n\n\t\t\t\t\t\t  <\/div>\n\t\t\t\t\t\t  <div class=\"relatedthumb \" style=\"width:125px;float:left;overflow:hidden;\">  \n\t\t\t\t\t\t\t  \n\t\t\t\t\t\t\t  <a  href=\"https:\/\/redept.com.br\/blogosfera\/lula-anuncia-r-9-bi-para-petrobras-em-mg-e-geracao-de-36-mil-empregos\/\"  >\n\t\t\t\t\t\t\t\t\t  <div class=\"yuzo-img-wrap \" style=\"width: 125px;height:90px;\">\n\t\t\t\t\t\t\t\t\t\t\n\t\t\t\t\t\t\t\t\t\t<div class=\"yuzo-img\" style=\"background:url('https:\/\/redept.org\/blogosfera\/wp-content\/plugins\/yuzo-related-post\/assets\/images\/default.png') 50% 50% no-repeat;width: 125px;height:90px;margin-bottom: 5px;background-size: cover; \"><\/div>\n\t\t\t\t\t\t\t\t\t  <\/div>\n\t\t\t\t\t\t\t\t\t  \n\t\t\t\t\t\t\t\t   <span class=\"yuzo__text--title\" style=\"font-size:13px;\">Lula anuncia R$ 9 bi para Petrobras em MG e gera\u00e7\u00e3...<\/span>\n\t\t\t\t\t\t\t  \n\t\t\t\t\t\t\t  \n\t\t\t\t\t\t\t  <\/a>\n\n\t\t\t\t\t\t  <\/div>\n\t\t\t\t\t\t  <div class=\"relatedthumb \" style=\"width:125px;float:left;overflow:hidden;\">  \n\t\t\t\t\t\t\t  \n\t\t\t\t\t\t\t  <a  href=\"https:\/\/redept.com.br\/blogosfera\/racismo-ambiental-e-desigualdade-de-genero-ganham-destaque-no-plano-clima-principal-instrumento-para-enfrentar-a-crise-climatica-no-brasil\/\"  >\n\t\t\t\t\t\t\t\t\t  <div class=\"yuzo-img-wrap \" style=\"width: 125px;height:90px;\">\n\t\t\t\t\t\t\t\t\t\t\n\t\t\t\t\t\t\t\t\t\t<div class=\"yuzo-img\" style=\"background:url('https:\/\/redept.org\/blogosfera\/wp-content\/plugins\/yuzo-related-post\/assets\/images\/default.png') 50% 50% no-repeat;width: 125px;height:90px;margin-bottom: 5px;background-size: cover; \"><\/div>\n\t\t\t\t\t\t\t\t\t  <\/div>\n\t\t\t\t\t\t\t\t\t  \n\t\t\t\t\t\t\t\t   <span class=\"yuzo__text--title\" style=\"font-size:13px;\">Racismo ambiental e desigualdade de g\u00eanero ganham ...<\/span>\n\t\t\t\t\t\t\t  \n\t\t\t\t\t\t\t  \n\t\t\t\t\t\t\t  <\/a>\n\n\t\t\t\t\t\t  <\/div>\n<\/div> <script>\n\t\t\t\t\t\t  jQuery(document).ready(function( $ ){\n\t\t\t\t\t\t\t\/\/jQuery('.yuzo_related_post').equalizer({ overflow : 'relatedthumb' });\n\t\t\t\t\t\t\tjQuery('.yuzo_related_post .yuzo_wraps').equalizer({ columns : '> div' });\n\t\t\t\t\t\t   })\n\t\t\t\t\t\t  <\/script> <!-- End Yuzo :) -->","protected":false},"excerpt":{"rendered":"<p>Dupla est\u00e1 credenciada pelo pa\u00eds anfitri\u00e3o com acesso \u00e0 \u00e1rea restrita da Confer\u00eancia, a chamada Zona Azul<\/p>\n","protected":false},"author":2,"featured_media":0,"comment_status":"open","ping_status":"closed","sticky":false,"template":"","format":"standard","meta":{"fifu_image_url":"","fifu_image_alt":"","footnotes":""},"categories":[2519,161,5891,132,5557],"tags":[],"class_list":["post-63688","post","type-post","status-publish","format-standard","hentry","category-cop30","category-governo-federal","category-jbs","category-politica","category-portugues"],"_links":{"self":[{"href":"https:\/\/redept.com.br\/blogosfera\/wp-json\/wp\/v2\/posts\/63688","targetHints":{"allow":["GET"]}}],"collection":[{"href":"https:\/\/redept.com.br\/blogosfera\/wp-json\/wp\/v2\/posts"}],"about":[{"href":"https:\/\/redept.com.br\/blogosfera\/wp-json\/wp\/v2\/types\/post"}],"author":[{"embeddable":true,"href":"https:\/\/redept.com.br\/blogosfera\/wp-json\/wp\/v2\/users\/2"}],"replies":[{"embeddable":true,"href":"https:\/\/redept.com.br\/blogosfera\/wp-json\/wp\/v2\/comments?post=63688"}],"version-history":[{"count":0,"href":"https:\/\/redept.com.br\/blogosfera\/wp-json\/wp\/v2\/posts\/63688\/revisions"}],"wp:attachment":[{"href":"https:\/\/redept.com.br\/blogosfera\/wp-json\/wp\/v2\/media?parent=63688"}],"wp:term":[{"taxonomy":"category","embeddable":true,"href":"https:\/\/redept.com.br\/blogosfera\/wp-json\/wp\/v2\/categories?post=63688"},{"taxonomy":"post_tag","embeddable":true,"href":"https:\/\/redept.com.br\/blogosfera\/wp-json\/wp\/v2\/tags?post=63688"}],"curies":[{"name":"wp","href":"https:\/\/api.w.org\/{rel}","templated":true}]}}