{"id":63704,"date":"2025-11-11T18:01:24","date_gmt":"2025-11-11T21:01:24","guid":{"rendered":"https:\/\/redept.com.br\/blogosfera\/apesar-da-onda-pro-flexibilidade-56-dos-autonomos-preferem-clt-diz-pesquisa\/"},"modified":"2025-11-11T18:01:24","modified_gmt":"2025-11-11T21:01:24","slug":"apesar-da-onda-pro-flexibilidade-56-dos-autonomos-preferem-clt-diz-pesquisa","status":"publish","type":"post","link":"https:\/\/redept.com.br\/blogosfera\/apesar-da-onda-pro-flexibilidade-56-dos-autonomos-preferem-clt-diz-pesquisa\/","title":{"rendered":"Apesar da onda pr\u00f3-flexibilidade, 56% dos aut\u00f4nomos preferem CLT, diz pesquisa"},"content":{"rendered":"<p><img loading=\"lazy\" width=\"823\" height=\"462\"src=\"https:\/\/redept.com.br\/blogosfera\/wp-content\/uploads\/2025\/11\/clt-foto-anamatra.jpg\" alt=\"\" decoding=\"async\" loading=\"lazy\" srcset=\"https:\/\/redept.com.br\/blogosfera\/wp-content\/uploads\/2025\/11\/clt-foto-anamatra.jpg 823w, https:\/\/vermelho.org.br\/wp-content\/uploads\/2025\/11\/clt-foto-anamatra-300x168.jpg 300w, https:\/\/vermelho.org.br\/wp-content\/uploads\/2025\/11\/clt-foto-anamatra-768x431.jpg 768w\" sizes=\"auto, (max-width: 823px) 100vw, 823px\"><\/p>\n<p>O mercado de trabalho brasileiro enfrenta situa\u00e7\u00f5es que, num primeiro momento, podem parecer paradoxais, mas que, na verdade, refletem a forma como milh\u00f5es de brasileiros procuram lidar com dois dos maiores problemas enfrentados pela classe trabalhadora: a precariza\u00e7\u00e3o e os baixos sal\u00e1rios.<\/p>\n<p>Pesquisa feita pela empresa Randstad e divulgada pelo jornal <em>Valor Econ\u00f4mico<\/em> nesta segunda-feira (10) indica que 44% dos jovens com menos de 30 anos priorizam ter mais flexibilidade; 37%, o crescimento pessoal; e 35%, um sal\u00e1rio adequado.<\/p>\n<p>Outra medi\u00e7\u00e3o, realizada recentemente pelo Datafolha apontou que 59% dos brasileiros preferiam trabalhar por conta pr\u00f3pria, n\u00famero que vai a 68% entre os mais jovens (16 a 24 anos).<\/p>\n<p>No entanto, parte de um levantamento feito pela Vox Populi e encomendado pela CUT, CTB e demais centrais sindicais, tamb\u00e9m divulgada nesta semana, aponta que 56% dos que se declaram aut\u00f4nomos e j\u00e1 foram celetistas afirmam que, com certeza, gostariam de voltar a ter sua carteira assinada.<\/p>\n<p>A pesquisa foi desdobrada em v\u00e1rios eixos, para sistematiza\u00e7\u00e3o e an\u00e1lise em parceria com o Dieese (Departamento Intersindical de Estat\u00edstica e Estudos Socioecon\u00f4micos), com o objetivo de captar e entender o cen\u00e1rio real da classe trabalhadora e do mundo do trabalho atual.<\/p>\n<p><strong>Cen\u00e1rio prec\u00e1rio<\/strong><\/p>\n<p>Considerando os indicadores trazidos por esses levantamentos \u2014 e mesmo considerando o fato de que as diferen\u00e7as et\u00e1rias podem pesar sobre as escolhas \u2014, o fato \u00e9 que os brasileiros em idade produtiva se v\u00eaem, em geral, obrigados a se encaixar no que for menos danoso dentro de um quadro geral adverso, resultante do processo de precariza\u00e7\u00e3o do trabalho nas \u00faltimas d\u00e9cadas.<\/p>\n<p>Tal processo abrange desde quest\u00f5es como o avan\u00e7o tecnol\u00f3gico \u2014 inclusive a explos\u00e3o dos aplicativos de servi\u00e7os como os de entrega e os de transporte \u2014 at\u00e9 os efeitos da reforma trabalhista de 2017 e das terceiriza\u00e7\u00f5es, que ajudaram o patronato e prejudicaram a classe trabalhadora.<\/p>\n<p>Assim, mesmo em meio a um cen\u00e1rio de economia aquecida e baixo desocupa\u00e7\u00e3o, o fato \u00e9 que a qualidade do emprego oferecido pela maioria dos empres\u00e1rios ainda est\u00e1 muito aqu\u00e9m das necessidades e expectativas da popula\u00e7\u00e3o.<\/p>\n<p><strong>Saiba mais: <\/strong><a href=\"https:\/\/vermelho.org.br\/2025\/09\/16\/queda-historica-no-desemprego-e-recorde-de-formalidade-mostram-brasil-forte-diz-lula\/\">Queda no desemprego e recorde de formalidade mostram \u201cBrasil mais forte\u201d, diz Lula<\/a><\/p>\n<p>Entre os entrevistados para a pesquisa encomendada pelas centrais, a maioria aponta como principais problemas para se obter um bom emprego os sal\u00e1rios baixos (44,5%), as exig\u00eancias excessivas (38,7%) e a baixa valoriza\u00e7\u00e3o (25,5%).<\/p>\n<p>Conforme a an\u00e1lise dos dados colhidos, \u201cao contr\u00e1rio do que apontam levantamentos recentes que reduzem a import\u00e2ncia do trabalho formalizado e da CLT, mais da metade dos trabalhadores querem ter v\u00ednculo formal de trabalho com direitos garantidos pela Consolida\u00e7\u00e3o das Leis do Trabalho, por\u00e9m, acabam caindo no chamado \u2018empreendedorismo de necessidade\u2019\u201d.<\/p>\n<p><strong>Sal\u00e1rios baixos, exig\u00eancias altas<\/strong><\/p>\n<p>\u201cA primeira pesquisa mostra um relativo equil\u00edbrio de tr\u00eas fatores que influem na defini\u00e7\u00e3o do jovem para ingressar no mercado de trabalho: o hor\u00e1rio flex\u00edvel todos querem, mas esta flexibilidade fica condicionada a quest\u00f5es mais estruturantes, como sal\u00e1rio e perspectiva de valoriza\u00e7\u00e3o profissional. O grande problema do mercado formal (CLT ou estatut\u00e1rio) \u00e9 que os sal\u00e1rios hoje est\u00e3o muito baixos\u201d, explica Nivaldo Santana, diretor sindical do PCdoB e secret\u00e1rio-adjunto de Rela\u00e7\u00f5es Internacionais da CTB.<\/p>\n<p>Para exemplificar, ele cita dois casos. \u201cA Associa\u00e7\u00e3o Brasileira de Supermercado (Abras) constata que h\u00e1 dificuldades para o setor preencher 350 mil vagas abertas. Da mesma forma, nos \u00faltimos dez anos o Brasil perdeu 1,2 milh\u00e3o de caminhoneiros (em 2015 tinha 5,6 milh\u00f5es; em 2025, 4,4 milh\u00f5es). Na minha opini\u00e3o, a causa principal \u00e9 que nestes dois casos concretos os problemas s\u00e3o os sal\u00e1rios baixos e as jornadas mais longas\u201d.<\/p>\n<p><strong>Leia tamb\u00e9m:<\/strong> <a href=\"https:\/\/vermelho.org.br\/2024\/12\/10\/precarizacao-faz-com-que-14-das-pessoas-ocupadas-estejam-na-pobreza\/\">Precariza\u00e7\u00e3o faz com que 14% das pessoas ocupadas estejam na pobreza<\/a><\/p>\n<p>Ele prossegue lembrando que \u201cum caixa de supermercado ganha pouco mais de um sal\u00e1rio m\u00ednimo; um caminhoneiro, em torno de dois sal\u00e1rios m\u00ednimos. Com esses sal\u00e1rios baixos, migrar para outras \u00e1reas mais flex\u00edveis \u00e9 uma op\u00e7\u00e3o. A causa maior \u00e9 o rendimento, n\u00e3o a rejei\u00e7\u00e3o \u00e0 CLT e ao trabalho formal\u201d.<\/p>\n<p>Ou seja, embora tenha \u201cvirado moda\u201d em boa parte dos ve\u00edculos de comunica\u00e7\u00e3o o discurso de que empregos de carteira assinada est\u00e3o perdendo espa\u00e7o na prefer\u00eancia nacional e que as pessoas, especialmente os jovens, querem ser empreendedores e buscam maior liberdade de hor\u00e1rios, ao que parece essas \u201cescolhas\u201d nada mais s\u00e3o do que o velho instinto de sobreviv\u00eancia falando mais alto.<\/p>\n<p>\u201cOs autodeclarados empreendedores e aut\u00f4nomos s\u00e3o empurrados para a modalidade pela precariza\u00e7\u00e3o. Entrevistados apontaram que os empregadores pagam baixos sal\u00e1rios, fazem muitas e, por vezes, inadequadas exig\u00eancias de qualifica\u00e7\u00e3o, al\u00e9m de jornadas extensas, da\u00ed o nome empreendedorismo de necessidade\u201d, avalia S\u00e9rgio Nobre, presidente da CUT.<\/p>\n<p>Nesse cen\u00e1rio, diz Santana, \u201ca grande luta para o movimento sindical \u00e9 recuperar os direitos eliminados pelos estragos promovidos pela reforma trabalhista e a terceiriza\u00e7\u00e3o irrestrita; avan\u00e7ar na grande bandeira da atualidade, a regulamenta\u00e7\u00e3o do trabalho nas suas mais variadas modalidades \u2014 como o feito por meio de aplicativos, o trabalho intermitente, a terceiriza\u00e7\u00e3o desregrada, o MEI (Micro Empreendedor Individual) sem CNPJ, o trabalho sem carteira assinada, a pejotiza\u00e7\u00e3o etc.\u2014 e a cria\u00e7\u00e3o de mais empregos de qualidade e com melhores sal\u00e1rios\u201d.<\/p>\n<p>O post <a href=\"https:\/\/vermelho.org.br\/2025\/11\/11\/apesar-da-onda-pro-flexibilidade-56-dos-autonomos-preferem-clt-diz-pesquisa\/\">Apesar da onda pr\u00f3-flexibilidade, 56% dos aut\u00f4nomos preferem CLT, diz pesquisa<\/a> apareceu primeiro em <a href=\"https:\/\/vermelho.org.br\/\">Vermelho<\/a>.<\/p>\n<!-- Begin Yuzo --><div class='yuzo_related_post style-1'  data-version='5.12.89'><!-- without result --><div class='yuzo_clearfixed yuzo__title yuzo__title'><h3>Related Post<\/h3><\/div>\n\t\t\t\t\t\t  <div class=\"relatedthumb \" style=\"width:125px;float:left;overflow:hidden;\">  \n\t\t\t\t\t\t\t  \n\t\t\t\t\t\t\t  <a  href=\"https:\/\/redept.com.br\/blogosfera\/israel-usa-nuvem-da-microsoft-para-espionar-e-atacar-palestinos-revela-the-guardian\/\"  >\n\t\t\t\t\t\t\t\t\t  <div class=\"yuzo-img-wrap \" style=\"width: 125px;height:90px;\">\n\t\t\t\t\t\t\t\t\t\t\n\t\t\t\t\t\t\t\t\t\t<div class=\"yuzo-img\" style=\"background:url('https:\/\/redept.com.br\/blogosfera\/wp-content\/uploads\/2025\/08\/building92microsoft-150x150.jpg') 50% 50% no-repeat;width: 125px;height:90px;margin-bottom: 5px;background-size: cover; \"><\/div>\n\t\t\t\t\t\t\t\t\t  <\/div>\n\t\t\t\t\t\t\t\t\t  \n\t\t\t\t\t\t\t\t   <span class=\"yuzo__text--title\" style=\"font-size:13px;\">Israel usa nuvem da Microsoft para espionar e atac...<\/span>\n\t\t\t\t\t\t\t  \n\t\t\t\t\t\t\t  \n\t\t\t\t\t\t\t  <\/a>\n\n\t\t\t\t\t\t  <\/div>\n\t\t\t\t\t\t  <div class=\"relatedthumb \" style=\"width:125px;float:left;overflow:hidden;\">  \n\t\t\t\t\t\t\t  \n\t\t\t\t\t\t\t  <a  href=\"https:\/\/redept.com.br\/blogosfera\/stf-inicia-julgamento-sobre-prisao-de-ex-presidente-do-brb-nesta-semana\/\"  >\n\t\t\t\t\t\t\t\t\t  <div class=\"yuzo-img-wrap \" style=\"width: 125px;height:90px;\">\n\t\t\t\t\t\t\t\t\t\t\n\t\t\t\t\t\t\t\t\t\t<div class=\"yuzo-img\" style=\"background:url('https:\/\/redept.org\/blogosfera\/wp-content\/plugins\/yuzo-related-post\/assets\/images\/default.png') 50% 50% no-repeat;width: 125px;height:90px;margin-bottom: 5px;background-size: cover; \"><\/div>\n\t\t\t\t\t\t\t\t\t  <\/div>\n\t\t\t\t\t\t\t\t\t  \n\t\t\t\t\t\t\t\t   <span class=\"yuzo__text--title\" style=\"font-size:13px;\">STF inicia julgamento sobre pris\u00e3o de ex-president...<\/span>\n\t\t\t\t\t\t\t  \n\t\t\t\t\t\t\t  \n\t\t\t\t\t\t\t  <\/a>\n\n\t\t\t\t\t\t  <\/div>\n\t\t\t\t\t\t  <div class=\"relatedthumb \" style=\"width:125px;float:left;overflow:hidden;\">  \n\t\t\t\t\t\t\t  \n\t\t\t\t\t\t\t  <a  href=\"https:\/\/redept.com.br\/blogosfera\/e-no-estresse-do-sistema-que-o-bolsonarismo-se-alimenta-diz-cientista-politica\/\"  >\n\t\t\t\t\t\t\t\t\t  <div class=\"yuzo-img-wrap \" style=\"width: 125px;height:90px;\">\n\t\t\t\t\t\t\t\t\t\t\n\t\t\t\t\t\t\t\t\t\t<div class=\"yuzo-img\" style=\"background:url('https:\/\/redept.org\/blogosfera\/wp-content\/plugins\/yuzo-related-post\/assets\/images\/default.png') 50% 50% no-repeat;width: 125px;height:90px;margin-bottom: 5px;background-size: cover; \"><\/div>\n\t\t\t\t\t\t\t\t\t  <\/div>\n\t\t\t\t\t\t\t\t\t  \n\t\t\t\t\t\t\t\t   <span class=\"yuzo__text--title\" style=\"font-size:13px;\">\u2018\u00c9 no estresse do sistema que o bolsonarismo se al...<\/span>\n\t\t\t\t\t\t\t  \n\t\t\t\t\t\t\t  \n\t\t\t\t\t\t\t  <\/a>\n\n\t\t\t\t\t\t  <\/div>\n\t\t\t\t\t\t  <div class=\"relatedthumb \" style=\"width:125px;float:left;overflow:hidden;\">  \n\t\t\t\t\t\t\t  \n\t\t\t\t\t\t\t  <a  href=\"https:\/\/redept.com.br\/blogosfera\/petistas-comemoram-lancamento-do-programa-gas-do-povo\/\"  >\n\t\t\t\t\t\t\t\t\t  <div class=\"yuzo-img-wrap \" style=\"width: 125px;height:90px;\">\n\t\t\t\t\t\t\t\t\t\t\n\t\t\t\t\t\t\t\t\t\t<div class=\"yuzo-img\" style=\"background:url('https:\/\/redept.org\/blogosfera\/wp-content\/plugins\/yuzo-related-post\/assets\/images\/default.png') 50% 50% no-repeat;width: 125px;height:90px;margin-bottom: 5px;background-size: cover; \"><\/div>\n\t\t\t\t\t\t\t\t\t  <\/div>\n\t\t\t\t\t\t\t\t\t  \n\t\t\t\t\t\t\t\t   <span class=\"yuzo__text--title\" style=\"font-size:13px;\">Petistas comemoram lan\u00e7amento do programa G\u00e1s do P...<\/span>\n\t\t\t\t\t\t\t  \n\t\t\t\t\t\t\t  \n\t\t\t\t\t\t\t  <\/a>\n\n\t\t\t\t\t\t  <\/div>\n<\/div> <script>\n\t\t\t\t\t\t  jQuery(document).ready(function( $ ){\n\t\t\t\t\t\t\t\/\/jQuery('.yuzo_related_post').equalizer({ overflow : 'relatedthumb' });\n\t\t\t\t\t\t\tjQuery('.yuzo_related_post .yuzo_wraps').equalizer({ columns : '> div' });\n\t\t\t\t\t\t   })\n\t\t\t\t\t\t  <\/script> <!-- End Yuzo :) -->","protected":false},"excerpt":{"rendered":"<p>O mercado de trabalho brasileiro enfrenta situa\u00e7\u00f5es que, num primeiro momento, podem parecer paradoxais, mas que, na verdade, refletem a forma como milh\u00f5es de brasileiros procuram lidar com dois dos maiores problemas enfrentados pela classe trabalhadora: a precariza\u00e7\u00e3o e os baixos sal\u00e1rios. Pesquisa feita pela empresa Randstad e divulgada pelo jornal Valor Econ\u00f4mico nesta segunda-feira [&hellip;]<\/p>\n","protected":false},"author":2,"featured_media":0,"comment_status":"open","ping_status":"closed","sticky":false,"template":"","format":"standard","meta":{"fifu_image_url":"","fifu_image_alt":"","footnotes":""},"categories":[280,1014,221,1258,1017,1478,377],"tags":[],"class_list":["post-63704","post","type-post","status-publish","format-standard","hentry","category-centrais-sindicais","category-classe-trabalhadora","category-economia","category-empreendedorismo","category-mundo-do-trabalho","category-precarizacao-do-trabalho","category-trabalho"],"_links":{"self":[{"href":"https:\/\/redept.com.br\/blogosfera\/wp-json\/wp\/v2\/posts\/63704","targetHints":{"allow":["GET"]}}],"collection":[{"href":"https:\/\/redept.com.br\/blogosfera\/wp-json\/wp\/v2\/posts"}],"about":[{"href":"https:\/\/redept.com.br\/blogosfera\/wp-json\/wp\/v2\/types\/post"}],"author":[{"embeddable":true,"href":"https:\/\/redept.com.br\/blogosfera\/wp-json\/wp\/v2\/users\/2"}],"replies":[{"embeddable":true,"href":"https:\/\/redept.com.br\/blogosfera\/wp-json\/wp\/v2\/comments?post=63704"}],"version-history":[{"count":0,"href":"https:\/\/redept.com.br\/blogosfera\/wp-json\/wp\/v2\/posts\/63704\/revisions"}],"wp:attachment":[{"href":"https:\/\/redept.com.br\/blogosfera\/wp-json\/wp\/v2\/media?parent=63704"}],"wp:term":[{"taxonomy":"category","embeddable":true,"href":"https:\/\/redept.com.br\/blogosfera\/wp-json\/wp\/v2\/categories?post=63704"},{"taxonomy":"post_tag","embeddable":true,"href":"https:\/\/redept.com.br\/blogosfera\/wp-json\/wp\/v2\/tags?post=63704"}],"curies":[{"name":"wp","href":"https:\/\/api.w.org\/{rel}","templated":true}]}}