{"id":63777,"date":"2025-11-11T19:38:18","date_gmt":"2025-11-11T22:38:18","guid":{"rendered":"https:\/\/redept.com.br\/blogosfera\/empreendedorismo-feminino-tem-20-menos-inadimplencia-aponta-estudo-da-serasa\/"},"modified":"2025-11-11T19:38:18","modified_gmt":"2025-11-11T22:38:18","slug":"empreendedorismo-feminino-tem-20-menos-inadimplencia-aponta-estudo-da-serasa","status":"publish","type":"post","link":"https:\/\/redept.com.br\/blogosfera\/empreendedorismo-feminino-tem-20-menos-inadimplencia-aponta-estudo-da-serasa\/","title":{"rendered":"Empreendedorismo feminino tem 20% menos inadimpl\u00eancia, aponta estudo da Serasa"},"content":{"rendered":"<div><img loading=\"lazy\" width=\"1170\" height=\"700\" src=\"data:image\/svg+xml,%3Csvg%20xmlns='http:\/\/www.w3.org\/2000\/svg'%20viewBox='0%200%201170%20700'%3E%3C\/svg%3E\" alt=\"feminino\" decoding=\"async\" loading=\"lazy\" data-src=\"https:\/\/redept.com.br\/blogosfera\/wp-content\/uploads\/2025\/11\/09_07_2020_teletrabalho-4-2.webp\" data-type=\"string\"><\/div>\n<p>Empresas comandadas por mulheres apresentam resultados mais s\u00f3lidos na gest\u00e3o financeira e menores \u00edndices de inadimpl\u00eancia no pa\u00eds. De acordo com um levantamento da Serasa Experian, divulgado em alus\u00e3o ao Dia do Empreendedorismo Feminino, os neg\u00f3cios sob lideran\u00e7a feminina registram 20% menos inadimpl\u00eancia do que aqueles geridos por homens. O estudo faz parte da quinta [\u2026]<\/p>\n<!-- Begin Yuzo --><div class='yuzo_related_post style-1'  data-version='5.12.89'><!-- without result --><div class='yuzo_clearfixed yuzo__title yuzo__title'><h3>Related Post<\/h3><\/div>\n\t\t\t\t\t\t  <div class=\"relatedthumb \" style=\"width:125px;float:left;overflow:hidden;\">  \n\t\t\t\t\t\t\t  \n\t\t\t\t\t\t\t  <a  href=\"https:\/\/redept.com.br\/blogosfera\/na-malasia-lula-critica-guerra-em-gaza-e-inercia-na-criacao-do-estado-palestino\/\"  >\n\t\t\t\t\t\t\t\t\t  <div class=\"yuzo-img-wrap \" style=\"width: 125px;height:90px;\">\n\t\t\t\t\t\t\t\t\t\t\n\t\t\t\t\t\t\t\t\t\t<div class=\"yuzo-img\" style=\"background:url('https:\/\/redept.com.br\/blogosfera\/wp-content\/uploads\/2025\/10\/54878061216_ab0b122c74_c-150x150.jpg') 50% 50% no-repeat;width: 125px;height:90px;margin-bottom: 5px;background-size: cover; \"><\/div>\n\t\t\t\t\t\t\t\t\t  <\/div>\n\t\t\t\t\t\t\t\t\t  \n\t\t\t\t\t\t\t\t   <span class=\"yuzo__text--title\" style=\"font-size:13px;\">Na Mal\u00e1sia, Lula critica guerra em Gaza e in\u00e9rcia ...<\/span>\n\t\t\t\t\t\t\t  \n\t\t\t\t\t\t\t  \n\t\t\t\t\t\t\t  <\/a>\n\n\t\t\t\t\t\t  <\/div>\n\t\t\t\t\t\t  <div class=\"relatedthumb \" style=\"width:125px;float:left;overflow:hidden;\">  \n\t\t\t\t\t\t\t  \n\t\t\t\t\t\t\t  <a  href=\"https:\/\/redept.com.br\/blogosfera\/a-justica-e-como-as-serpentes-so-morde-os-pes-descalcos\/\"  >\n\t\t\t\t\t\t\t\t\t  <div class=\"yuzo-img-wrap \" style=\"width: 125px;height:90px;\">\n\t\t\t\t\t\t\t\t\t\t\n\t\t\t\t\t\t\t\t\t\t<div class=\"yuzo-img\" style=\"background:url('https:\/\/redept.org\/blogosfera\/wp-content\/plugins\/yuzo-related-post\/assets\/images\/default.png') 50% 50% no-repeat;width: 125px;height:90px;margin-bottom: 5px;background-size: cover; \"><\/div>\n\t\t\t\t\t\t\t\t\t  <\/div>\n\t\t\t\t\t\t\t\t\t  \n\t\t\t\t\t\t\t\t   <span class=\"yuzo__text--title\" style=\"font-size:13px;\">A justi\u00e7a \u00e9 como as serpentes, s\u00f3 morde os p\u00e9s des...<\/span>\n\t\t\t\t\t\t\t  \n\t\t\t\t\t\t\t  \n\t\t\t\t\t\t\t  <\/a>\n\n\t\t\t\t\t\t  <\/div>\n\t\t\t\t\t\t  <div class=\"relatedthumb \" style=\"width:125px;float:left;overflow:hidden;\">  \n\t\t\t\t\t\t\t  \n\t\t\t\t\t\t\t  <a  href=\"https:\/\/redept.com.br\/blogosfera\/colombianos-se-organizam-em-solidariedade-a-maduro-e-em-defesa-da-propria-soberania\/\"  >\n\t\t\t\t\t\t\t\t\t  <div class=\"yuzo-img-wrap \" style=\"width: 125px;height:90px;\">\n\t\t\t\t\t\t\t\t\t\t\n\t\t\t\t\t\t\t\t\t\t<div class=\"yuzo-img\" style=\"background:url('https:\/\/redept.org\/blogosfera\/wp-content\/plugins\/yuzo-related-post\/assets\/images\/default.png') 50% 50% no-repeat;width: 125px;height:90px;margin-bottom: 5px;background-size: cover; \"><\/div>\n\t\t\t\t\t\t\t\t\t  <\/div>\n\t\t\t\t\t\t\t\t\t  \n\t\t\t\t\t\t\t\t   <span class=\"yuzo__text--title\" style=\"font-size:13px;\">Colombianos se organizam em solidariedade a Maduro...<\/span>\n\t\t\t\t\t\t\t  \n\t\t\t\t\t\t\t  \n\t\t\t\t\t\t\t  <\/a>\n\n\t\t\t\t\t\t  <\/div>\n\t\t\t\t\t\t  <div class=\"relatedthumb \" style=\"width:125px;float:left;overflow:hidden;\">  \n\t\t\t\t\t\t\t  \n\t\t\t\t\t\t\t  <a  href=\"https:\/\/redept.com.br\/blogosfera\/caso-miguel-completa-5-anos-mae-critica-lentidao-da-justica\/\"  >\n\t\t\t\t\t\t\t\t\t  <div class=\"yuzo-img-wrap \" style=\"width: 125px;height:90px;\">\n\t\t\t\t\t\t\t\t\t\t\n\t\t\t\t\t\t\t\t\t\t<div class=\"yuzo-img\" style=\"background:url('https:\/\/redept.org\/blogosfera\/wp-content\/plugins\/yuzo-related-post\/assets\/images\/default.png') 50% 50% no-repeat;width: 125px;height:90px;margin-bottom: 5px;background-size: cover; \"><\/div>\n\t\t\t\t\t\t\t\t\t  <\/div>\n\t\t\t\t\t\t\t\t\t  \n\t\t\t\t\t\t\t\t   <span class=\"yuzo__text--title\" style=\"font-size:13px;\">Caso Miguel completa 5 anos: m\u00e3e critica lentid\u00e3o ...<\/span>\n\t\t\t\t\t\t\t  \n\t\t\t\t\t\t\t  \n\t\t\t\t\t\t\t  <\/a>\n\n\t\t\t\t\t\t  <\/div>\n<\/div> <script>\n\t\t\t\t\t\t  jQuery(document).ready(function( $ ){\n\t\t\t\t\t\t\t\/\/jQuery('.yuzo_related_post').equalizer({ overflow : 'relatedthumb' });\n\t\t\t\t\t\t\tjQuery('.yuzo_related_post .yuzo_wraps').equalizer({ columns : '> div' });\n\t\t\t\t\t\t   })\n\t\t\t\t\t\t  <\/script> <!-- End Yuzo :) -->","protected":false},"excerpt":{"rendered":"<div><img loading=\"lazy\" decoding=\"async\" width=\"1170\" height=\"700\" src=\"\/\/www.w3.org\/2000\/svg'%20viewBox='0%200%201170%20700'%3E%3C\/svg%3E\" alt=\"feminino\" loading=\"lazy\" data-src=\"https:\/\/iclnoticias.com.br\/app\/uploads\/2025\/11\/09_07_2020_teletrabalho-4-2.webp\" data-type=\"string\"><\/div>\n<p>Empresas comandadas por mulheres apresentam resultados mais s\u00f3lidos na gest\u00e3o financeira e menores \u00edndices de inadimpl\u00eancia no pa\u00eds. De acordo com um levantamento da Serasa Experian, divulgado em alus\u00e3o ao Dia do Empreendedorismo Feminino, os neg\u00f3cios sob lideran\u00e7a feminina registram 20% menos inadimpl\u00eancia do que aqueles geridos por homens. O estudo faz parte da quinta [\u2026]<\/p>\n","protected":false},"author":2,"featured_media":63778,"comment_status":"open","ping_status":"closed","sticky":false,"template":"","format":"standard","meta":{"fifu_image_url":"","fifu_image_alt":"","footnotes":""},"categories":[1258,8346,7575],"tags":[],"class_list":["post-63777","post","type-post","status-publish","format-standard","has-post-thumbnail","hentry","category-empreendedorismo","category-feminino","category-pais"],"_links":{"self":[{"href":"https:\/\/redept.com.br\/blogosfera\/wp-json\/wp\/v2\/posts\/63777","targetHints":{"allow":["GET"]}}],"collection":[{"href":"https:\/\/redept.com.br\/blogosfera\/wp-json\/wp\/v2\/posts"}],"about":[{"href":"https:\/\/redept.com.br\/blogosfera\/wp-json\/wp\/v2\/types\/post"}],"author":[{"embeddable":true,"href":"https:\/\/redept.com.br\/blogosfera\/wp-json\/wp\/v2\/users\/2"}],"replies":[{"embeddable":true,"href":"https:\/\/redept.com.br\/blogosfera\/wp-json\/wp\/v2\/comments?post=63777"}],"version-history":[{"count":0,"href":"https:\/\/redept.com.br\/blogosfera\/wp-json\/wp\/v2\/posts\/63777\/revisions"}],"wp:featuredmedia":[{"embeddable":true,"href":"https:\/\/redept.com.br\/blogosfera\/wp-json\/wp\/v2\/media\/63778"}],"wp:attachment":[{"href":"https:\/\/redept.com.br\/blogosfera\/wp-json\/wp\/v2\/media?parent=63777"}],"wp:term":[{"taxonomy":"category","embeddable":true,"href":"https:\/\/redept.com.br\/blogosfera\/wp-json\/wp\/v2\/categories?post=63777"},{"taxonomy":"post_tag","embeddable":true,"href":"https:\/\/redept.com.br\/blogosfera\/wp-json\/wp\/v2\/tags?post=63777"}],"curies":[{"name":"wp","href":"https:\/\/api.w.org\/{rel}","templated":true}]}}