{"id":63873,"date":"2025-11-12T16:00:11","date_gmt":"2025-11-12T19:00:11","guid":{"rendered":"https:\/\/redept.com.br\/blogosfera\/audiencia-discute-a-tarifa-zero-no-transporte-publico-de-sp\/"},"modified":"2025-11-12T16:00:11","modified_gmt":"2025-11-12T19:00:11","slug":"audiencia-discute-a-tarifa-zero-no-transporte-publico-de-sp","status":"publish","type":"post","link":"https:\/\/redept.com.br\/blogosfera\/audiencia-discute-a-tarifa-zero-no-transporte-publico-de-sp\/","title":{"rendered":"Audi\u00eancia discute a Tarifa Zero no transporte p\u00fablico de SP"},"content":{"rendered":"<p>O futuro do transporte p\u00fablico no estado de S\u00e3o Paulo com Tarifa Zero ser\u00e1 discutido no pr\u00f3ximo<strong>\u00a0dia 13 de novembro de 2025,\u00a0<\/strong>com a realiza\u00e7\u00e3o do Semin\u00e1rio<strong>\u00a0Tarifa Zero J\u00e1: Caminhos para a Mobilidade Sustent\u00e1vel nos Munic\u00edpios Paulistas proposto pelo deputado estadual Luiz Claudio Marcolino. <\/strong>Entenda na <a href=\"https:\/\/tvtnews.com.br\/\"><strong><em>TVT News<\/em><\/strong><\/a>.<\/p>\n<p><strong>O evento ser\u00e1 na Assembleia Legislativa do Estado de S\u00e3o Paulo (<a href=\"https:\/\/www.al.sp.gov.br\/noticia\/?10\/11\/2025\/seminario-abordara-implantacao-da-tarifa-zero-no-estado-de-sao-paulo\" target=\"_blank\" rel=\"noopener noreferrer nofollow\">Alesp<\/a>), \u00e0s<\/strong>\u00a014h, \u00e9 aberto ao p\u00fablico e discutir\u00e1 a viabilidade e a import\u00e2ncia da<strong>\u00a0tarifa zero no transporte p\u00fablico, que j\u00e1 \u00e9 direito para moradores de 45 cidades paulistas.<\/strong><\/p>\n<p>Desses munic\u00edpios que j\u00e1 n\u00e3o cobram a tarifa pelo uso do transporte p\u00fablico, 42 t\u00eam aplicado o modelo universal, ou seja, em nenhum dia da semana os usu\u00e1rios pagam para usar o \u00f4nibus. J\u00e1 em tr\u00eas deles, o benef\u00edcio \u00e9 concedido apenas alguns dias ou em um dia e no fim de semana, como acontece na Capital que aos domingos o uso dos \u00f4nibus \u00e9 gratuito.<\/p>\n<p>No semin\u00e1rio, representantes de cidades como S\u00e3o Caetano do Sul, Itapetininga, S\u00e3o Caetano do Sul, Pen\u00e1polis, Pirapora do Bom Jesus e o munic\u00edpio de Maric\u00e1, no Rio de Janeiro v\u00e3o apresentar como foi a implanta\u00e7\u00e3o da Tarifa Zero e a manuten\u00e7\u00e3o, custo e melhorias na presta\u00e7\u00e3o desse servi\u00e7o \u00e0 popula\u00e7\u00e3o.<\/p>\n<h2>Tarifa Zero<\/h2>\n<p>Para o deputado Marcolino, coordenador da Frente Parlamentar pelo Desenvolvimento das Regi\u00f5es Metropolitanas e Cons\u00f3rcios Intermunicipais, a proposta de tarifa zero busca garantir o<strong>\u00a0direito de ir e vir a todos os paulistas,\u00a0<\/strong>especialmente \u00e0 popula\u00e7\u00e3o de baixa renda, que enfrenta diariamente o peso do custo das passagens no or\u00e7amento familiar. O investimento que cada cidad\u00e3o faz mensalmente, usando dois \u00f4nibus por dia (ida e volta), chega a 25% do sal\u00e1rio-m\u00ednimo (R$ 1.518,00).<\/p>\n<p>\u201cO transporte p\u00fablico \u00e9<strong>\u00a0um servi\u00e7o essencial,\u00a0<\/strong>a exemplo da sa\u00fade e da educa\u00e7\u00e3o, e<strong>\u00a0financiado de forma solid\u00e1ria pelo conjunto da sociedade.\u00a0<\/strong>N\u00e3o \u00e9 poss\u00edvel falar em inclus\u00e3o social se as pessoas n\u00e3o t\u00eam condi\u00e7\u00f5es de se deslocar para o trabalho, para estudar, para o lazer. O transporte \u00e9 um direito b\u00e1sico e precisa ser tratado como pol\u00edtica p\u00fablica de Estado\u201d, afirmou.<\/p>\n<p>De acordo com Giancarlo Gama, da Jevy Cidades, a tarifa zero promove vantagens para as cidades, como o desenvolvimento do com\u00e9rcio e n\u00e3o h\u00e1 necessidade do modelo ser municipalizado, pode continuar terceirizado.<\/p>\n<p>Autoridades como o deputado estadual Maurici, o deputado federal Jilmar Tatto, al\u00e9m de representantes do Instituto de Pesquisa Econ\u00f4mica Aplicada (Ipea), da Associa\u00e7\u00e3o Nacional de Transportes P\u00fablicos (ANTP) e da Associa\u00e7\u00e3o Nacional das Empresas de Transportes Urbanos (NTU) confirmaram presen\u00e7a para discutir a tarifa zero como direito da popula\u00e7\u00e3o.<\/p>\n<p>Al\u00e9m da inclus\u00e3o no transporte p\u00fablico coletivo que a gratuidade oferece, o deputado Marcolino ressalta que ela tamb\u00e9m contribui para ampliar a sustentabilidade nas cidades, \u00e0 medida que provoca a redu\u00e7\u00e3o dos congestionamentos no tr\u00e2nsito, reduz emiss\u00e3o de poluentes dos ve\u00edculos e melhora a seguran\u00e7a do tr\u00e2nsito\u201d, afirmou o deputado Marcolino.<\/p>\n<h2>Servi\u00e7o:<\/h2>\n<p><strong>Evento:\u00a0<\/strong>Semin\u00e1rio\u00a0<strong>Tarifa Zero J\u00e1: Caminhos para a Mobilidade Sustent\u00e1vel nos Munic\u00edpios Paulistas<\/strong><br \/><strong>Data e hora: 13 de novembro de 2025, \u00e0s 14h<\/strong><\/p>\n<p><strong>Local: Assembleia Legislativa do Estado de S\u00e3o Paulo (Alesp) \u2013 audit\u00f3rio Teot\u00f4nio Vilela<\/strong><\/p>\n<p><strong>Endere\u00e7o:<\/strong>\u00a0Avenida Pedro \u00c1lvares Cabral, 201 \u2013 Moema\/SP<\/p>\n<p>The post <a rel=\"nofollow\" href=\"https:\/\/tvtnews.com.br\/audiencia-tarifa-zero-transporte-publico-sp\/\">Audi\u00eancia discute a Tarifa Zero no transporte p\u00fablico de SP<\/a> appeared first on <a rel=\"nofollow\" href=\"https:\/\/tvtnews.com.br\/\">TVT News<\/a>.<\/p>\n<!-- Begin Yuzo --><div class='yuzo_related_post style-1'  data-version='5.12.89'><!-- without result --><div class='yuzo_clearfixed yuzo__title yuzo__title'><h3>Related Post<\/h3><\/div>\n\t\t\t\t\t\t  <div class=\"relatedthumb \" style=\"width:125px;float:left;overflow:hidden;\">  \n\t\t\t\t\t\t\t  \n\t\t\t\t\t\t\t  <a  href=\"https:\/\/redept.com.br\/blogosfera\/video-lula-recebe-titulo-de-doutor-honoris-causa-em-universidade-herdeira-de-maio-de-68-na-franca\/\"  >\n\t\t\t\t\t\t\t\t\t  <div class=\"yuzo-img-wrap \" style=\"width: 125px;height:90px;\">\n\t\t\t\t\t\t\t\t\t\t\n\t\t\t\t\t\t\t\t\t\t<div class=\"yuzo-img\" style=\"background:url('https:\/\/redept.org\/blogosfera\/wp-content\/plugins\/yuzo-related-post\/assets\/images\/default.png') 50% 50% no-repeat;width: 125px;height:90px;margin-bottom: 5px;background-size: cover; \"><\/div>\n\t\t\t\t\t\t\t\t\t  <\/div>\n\t\t\t\t\t\t\t\t\t  \n\t\t\t\t\t\t\t\t   <span class=\"yuzo__text--title\" style=\"font-size:13px;\">V\u00eddeo: Lula recebe t\u00edtulo de doutor \u2018honoris causa...<\/span>\n\t\t\t\t\t\t\t  \n\t\t\t\t\t\t\t  \n\t\t\t\t\t\t\t  <\/a>\n\n\t\t\t\t\t\t  <\/div>\n\t\t\t\t\t\t  <div class=\"relatedthumb \" style=\"width:125px;float:left;overflow:hidden;\">  \n\t\t\t\t\t\t\t  \n\t\t\t\t\t\t\t  <a  href=\"https:\/\/sul21.com.br\/noticias\/economia\/2025\/11\/acordo-mercosul-ue-sera-assinado-em-20-de-dezembro-diz-lula\/\"  >\n\t\t\t\t\t\t\t\t\t  <div class=\"yuzo-img-wrap \" style=\"width: 125px;height:90px;\">\n\t\t\t\t\t\t\t\t\t\t\n\t\t\t\t\t\t\t\t\t\t<div class=\"yuzo-img\" style=\"background:url('https:\/\/agenciabrasil.ebc.com.br\/ebc.png?id=1669177&amp;o=node') 50% 50% no-repeat;width: 125px;height:90px;margin-bottom: 5px;background-size: cover; \"><\/div>\n\t\t\t\t\t\t\t\t\t  <\/div>\n\t\t\t\t\t\t\t\t\t  \n\t\t\t\t\t\t\t\t   <span class=\"yuzo__text--title\" style=\"font-size:13px;\">Acordo Mercosul-UE ser\u00e1 assinado em 20 de dezembro...<\/span>\n\t\t\t\t\t\t\t  \n\t\t\t\t\t\t\t  \n\t\t\t\t\t\t\t  <\/a>\n\n\t\t\t\t\t\t  <\/div>\n\t\t\t\t\t\t  <div class=\"relatedthumb \" style=\"width:125px;float:left;overflow:hidden;\">  \n\t\t\t\t\t\t\t  \n\t\t\t\t\t\t\t  <a  href=\"https:\/\/redept.com.br\/blogosfera\/o-que-e-noticia-no-jornal-tvt-news-primeira-edicao-27-10-2025\/\"  >\n\t\t\t\t\t\t\t\t\t  <div class=\"yuzo-img-wrap \" style=\"width: 125px;height:90px;\">\n\t\t\t\t\t\t\t\t\t\t\n\t\t\t\t\t\t\t\t\t\t<div class=\"yuzo-img\" style=\"background:url('https:\/\/redept.com.br\/blogosfera\/wp-content\/uploads\/2025\/10\/jornal_tvt_news-32-150x150.jpeg') 50% 50% no-repeat;width: 125px;height:90px;margin-bottom: 5px;background-size: cover; \"><\/div>\n\t\t\t\t\t\t\t\t\t  <\/div>\n\t\t\t\t\t\t\t\t\t  \n\t\t\t\t\t\t\t\t   <span class=\"yuzo__text--title\" style=\"font-size:13px;\">O que \u00e9 not\u00edcia no Jornal TVT News Primeira Edi\u00e7\u00e3o...<\/span>\n\t\t\t\t\t\t\t  \n\t\t\t\t\t\t\t  \n\t\t\t\t\t\t\t  <\/a>\n\n\t\t\t\t\t\t  <\/div>\n\t\t\t\t\t\t  <div class=\"relatedthumb \" style=\"width:125px;float:left;overflow:hidden;\">  \n\t\t\t\t\t\t\t  \n\t\t\t\t\t\t\t  <a  href=\"https:\/\/redept.com.br\/blogosfera\/solidariedade-aos-trabalhadores-e-ao-povo-da-turquia\/\"  >\n\t\t\t\t\t\t\t\t\t  <div class=\"yuzo-img-wrap \" style=\"width: 125px;height:90px;\">\n\t\t\t\t\t\t\t\t\t\t\n\t\t\t\t\t\t\t\t\t\t<div class=\"yuzo-img\" style=\"background:url('https:\/\/redept.com.br\/blogosfera\/wp-content\/uploads\/2025\/04\/P9-_-Turquia-150x150.jpg') 50% 50% no-repeat;width: 125px;height:90px;margin-bottom: 5px;background-size: cover; \"><\/div>\n\t\t\t\t\t\t\t\t\t  <\/div>\n\t\t\t\t\t\t\t\t\t  \n\t\t\t\t\t\t\t\t   <span class=\"yuzo__text--title\" style=\"font-size:13px;\">Solidariedade aos trabalhadores e ao povo da Turqu...<\/span>\n\t\t\t\t\t\t\t  \n\t\t\t\t\t\t\t  \n\t\t\t\t\t\t\t  <\/a>\n\n\t\t\t\t\t\t  <\/div>\n<\/div> <script>\n\t\t\t\t\t\t  jQuery(document).ready(function( $ ){\n\t\t\t\t\t\t\t\/\/jQuery('.yuzo_related_post').equalizer({ overflow : 'relatedthumb' });\n\t\t\t\t\t\t\tjQuery('.yuzo_related_post .yuzo_wraps').equalizer({ columns : '> div' });\n\t\t\t\t\t\t   })\n\t\t\t\t\t\t  <\/script> <!-- End Yuzo :) -->","protected":false},"excerpt":{"rendered":"<p>O futuro do transporte p\u00fablico no estado de S\u00e3o Paulo com Tarifa Zero ser\u00e1 discutido no pr\u00f3ximo\u00a0dia 13 de novembro de 2025,\u00a0com a realiza\u00e7\u00e3o do Semin\u00e1rio\u00a0Tarifa Zero J\u00e1: Caminhos para a Mobilidade Sustent\u00e1vel nos Munic\u00edpios Paulistas proposto pelo deputado estadual Luiz Claudio Marcolino. Entenda na TVT News. O evento ser\u00e1 na Assembleia Legislativa do Estado [&hellip;]<\/p>\n","protected":false},"author":2,"featured_media":0,"comment_status":"open","ping_status":"closed","sticky":false,"template":"","format":"standard","meta":{"fifu_image_url":"","fifu_image_alt":"","footnotes":""},"categories":[489,132,2921],"tags":[],"class_list":["post-63873","post","type-post","status-publish","format-standard","hentry","category-destaque-pequeno","category-politica","category-transportes"],"_links":{"self":[{"href":"https:\/\/redept.com.br\/blogosfera\/wp-json\/wp\/v2\/posts\/63873","targetHints":{"allow":["GET"]}}],"collection":[{"href":"https:\/\/redept.com.br\/blogosfera\/wp-json\/wp\/v2\/posts"}],"about":[{"href":"https:\/\/redept.com.br\/blogosfera\/wp-json\/wp\/v2\/types\/post"}],"author":[{"embeddable":true,"href":"https:\/\/redept.com.br\/blogosfera\/wp-json\/wp\/v2\/users\/2"}],"replies":[{"embeddable":true,"href":"https:\/\/redept.com.br\/blogosfera\/wp-json\/wp\/v2\/comments?post=63873"}],"version-history":[{"count":0,"href":"https:\/\/redept.com.br\/blogosfera\/wp-json\/wp\/v2\/posts\/63873\/revisions"}],"wp:attachment":[{"href":"https:\/\/redept.com.br\/blogosfera\/wp-json\/wp\/v2\/media?parent=63873"}],"wp:term":[{"taxonomy":"category","embeddable":true,"href":"https:\/\/redept.com.br\/blogosfera\/wp-json\/wp\/v2\/categories?post=63873"},{"taxonomy":"post_tag","embeddable":true,"href":"https:\/\/redept.com.br\/blogosfera\/wp-json\/wp\/v2\/tags?post=63873"}],"curies":[{"name":"wp","href":"https:\/\/api.w.org\/{rel}","templated":true}]}}