{"id":63991,"date":"2025-11-13T07:00:24","date_gmt":"2025-11-13T10:00:24","guid":{"rendered":"https:\/\/redept.com.br\/blogosfera\/minha-homenagem-ao-mlb\/"},"modified":"2025-11-13T07:00:24","modified_gmt":"2025-11-13T10:00:24","slug":"minha-homenagem-ao-mlb","status":"publish","type":"post","link":"https:\/\/redept.com.br\/blogosfera\/minha-homenagem-ao-mlb\/","title":{"rendered":"Minha Homenagem ao MLB"},"content":{"rendered":"<p><img fetchpriority=\"high\" width=\"1920\" height=\"1280\"src=\"https:\/\/redept.com.br\/blogosfera\/wp-content\/uploads\/2025\/11\/54176107781_b4f561eef5_o.jpg\" alt=\"\" link_thumbnail=\"\" decoding=\"async\" srcset=\"https:\/\/redept.com.br\/blogosfera\/wp-content\/uploads\/2025\/11\/54176107781_b4f561eef5_o.jpg 1920w, https:\/\/averdade.org.br\/wp-content\/uploads\/2025\/11\/54176107781_b4f561eef5_o-350x233.jpg 350w, https:\/\/averdade.org.br\/wp-content\/uploads\/2025\/11\/54176107781_b4f561eef5_o-1024x683.jpg 1024w, https:\/\/averdade.org.br\/wp-content\/uploads\/2025\/11\/54176107781_b4f561eef5_o-250x167.jpg 250w, https:\/\/averdade.org.br\/wp-content\/uploads\/2025\/11\/54176107781_b4f561eef5_o-768x512.jpg 768w, https:\/\/averdade.org.br\/wp-content\/uploads\/2025\/11\/54176107781_b4f561eef5_o-1536x1024.jpg 1536w, https:\/\/averdade.org.br\/wp-content\/uploads\/2025\/11\/54176107781_b4f561eef5_o-150x100.jpg 150w, https:\/\/averdade.org.br\/wp-content\/uploads\/2025\/11\/54176107781_b4f561eef5_o-300x200.jpg 300w, https:\/\/averdade.org.br\/wp-content\/uploads\/2025\/11\/54176107781_b4f561eef5_o-696x464.jpg 696w, https:\/\/averdade.org.br\/wp-content\/uploads\/2025\/11\/54176107781_b4f561eef5_o-1068x712.jpg 1068w\" sizes=\"(max-width: 1920px) 100vw, 1920px\"><\/p>\n<p><strong>Gra\u00e7as ao exemplo do Movimento de Luta nos Bairros, Vilas e Favelas, o MLB, n\u00f3s podemos ver que \u00e9 poss\u00edvel construir realmente um novo mundo. Essa \u00e9 a minha homenagem ao MLB e a todas as fam\u00edlias que comp\u00f5em essa verdadeira trincheira de luta.<\/strong><\/p>\n<p><strong>Alberes Sim\u00e3o| Petrolina<\/strong><\/p>\n<hr>\n<p>\u00a0<\/p>\n<p><strong>CARTA-<\/strong> Em meio \u00e0 crescente crise econ\u00f4mica e social que castiga o povo trabalhador, o Movimento de Luta nos Bairros, Vilas e Favelas (MLB) tem se consolidado como uma das principais express\u00f5es da organiza\u00e7\u00e3o popular nas periferias urbanas do Brasil. Nascido das entranhas do povo pobre e explorado, o MLB mostra, na pr\u00e1tica, que s\u00f3 a luta organizada pode arrancar conquistas e enfrentar o poder dos ricos e dos governos que os servem.<\/p>\n<p>Desde sua funda\u00e7\u00e3o, o movimento tem demonstrado uma combatividade incans\u00e1vel na defesa do direito \u00e0 moradia digna, \u00e0 terra urbana e \u00e0 cidade para quem nela vive e trabalha. Em cada ocupa\u00e7\u00e3o, em cada assembleia e em cada ato de rua, o MLB reafirma sua posi\u00e7\u00e3o de independ\u00eancia de classe, recusando-se a se curvar diante dos interesses da burguesia ou das falsas promessas eleitorais.<\/p>\n<p>Nas ocupa\u00e7\u00f5es urbanas que florescem em dezenas de cidades, o MLB transforma o abandono e a mis\u00e9ria impostos pelo capitalismo em espa\u00e7os de resist\u00eancia e solidariedade. Onde antes havia terrenos ociosos e pr\u00e9dios abandonados, hoje brotam comunidades cheias de vida, esperan\u00e7a e consci\u00eancia pol\u00edtica. Ali, o povo aprende, na pr\u00e1tica, o verdadeiro sentido da organiza\u00e7\u00e3o popular e do poder coletivo.<\/p>\n<p>Mais do que lutar por moradia, o MLB constr\u00f3i poder popular. Em suas fileiras, homens e mulheres do povo tomam nas m\u00e3os o destino de suas vidas, discutem pol\u00edtica, decidem coletivamente, enfrentam despejos e repress\u00f5es, e seguem firmes na luta por uma nova sociedade, livre da explora\u00e7\u00e3o do homem pelo homem.<\/p>\n<p>Num pa\u00eds em que o desemprego, a fome e o despejo s\u00e3o armas de controle social, o MLB se ergue como s\u00edmbolo de resist\u00eancia e de esperan\u00e7a. Sua for\u00e7a est\u00e1 na unidade e na combatividade do povo pobre, que n\u00e3o aceita mais viver de migalhas.<\/p>\n<p>Enquanto os ricos concentram terras e lucros, o povo organizado mostra que a cidade pertence a quem nela trabalha e luta. O MLB \u00e9 a express\u00e3o viva dessa verdade e segue marchando ao lado de outros movimentos populares e for\u00e7as revolucion\u00e1rias, construindo no presente os alicerces de um futuro socialista.<\/p>\n<p><strong>Um momento inesquec\u00edvel para nossa luta<\/strong><\/p>\n<p>O 7 de setembro desse ano vai ficar para sempre em minha mem\u00f3ria, e deveria estar na mente de todos lutadores, especialmente aqueles que tiveram a honra de constru\u00ed-lo. Foi uma poderosa e verdadeira jornada de lutas, o Movimento de Luta nos Bairros, Vilas e Favelas (MLB) realizou, neste m\u00eas, a ocupa\u00e7\u00e3o de mais de 15 pr\u00e9dios e terrenos abandonados em diversas cidades do pa\u00eds. Os im\u00f3veis, sem fun\u00e7\u00e3o social h\u00e1 anos, foram transformados em espa\u00e7os de moradia, dignidade e resist\u00eancia popular, reafirmando a m\u00e1xima de que \u201conde n\u00e3o h\u00e1 justi\u00e7a, o povo organiza e constr\u00f3i o poder popular.\u201d<\/p>\n<p>As a\u00e7\u00f5es, realizadas de forma coordenada, mobilizaram milhares de fam\u00edlias trabalhadoras, que sofrem com o aumento do aluguel, o desemprego e a falta de pol\u00edticas habitacionais. De norte a sul, as ocupa\u00e7\u00f5es se tornaram s\u00edmbolo da luta pelo direito constitucional \u00e0 moradia e den\u00fancia viva do abandono do Estado e da especula\u00e7\u00e3o imobili\u00e1ria que domina as grandes cidades brasileiras.<\/p>\n<p><em>\u201cEnquanto milhares dormem nas ruas, h\u00e1 pr\u00e9dios inteiros vazios nas m\u00e3os de especuladores. O povo n\u00e3o aceita mais ser invis\u00edvel. O que o capitalismo nega, o povo conquista com organiza\u00e7\u00e3o e coragem\u201d, afirmou um coordenador nacional do MLB.<\/em><\/p>\n<p>Os empreendimentos ocupados, muitos pertencentes a bancos, grandes construtoras e ao pr\u00f3prio poder p\u00fablico, estavam anos sem cumprir sua fun\u00e7\u00e3o social, servindo apenas ao lucro e \u00e0 especula\u00e7\u00e3o. Com as ocupa\u00e7\u00f5es, o MLB devolve sentido social ao espa\u00e7o urbano, transformando o abandono em vida coletiva, e o concreto frio em esperan\u00e7a.<\/p>\n<p><em>\u201cO 7 de setembro do povo n\u00e3o \u00e9 o dos generais nem dos empres\u00e1rios. \u00c9 o 7 de setembro das m\u00e3es que lutam por creche, dos jovens sem oportunidade, dos trabalhadores sem teto e sem terra\u201d, declarou uma das lideran\u00e7as do movimento.\u201d<\/em><\/p>\n<p>O MLB transformou o dia, historicamente usado pela elite para reafirmar seus privil\u00e9gios, em um ato de resist\u00eancia popular. Em v\u00e1rias cidades, o movimento articulou a\u00e7\u00f5es conjuntas com sindicatos, movimentos de juventude, coletivos culturais e frentes de esquerda.<\/p>\n<p>As falas dos manifestantes lembraram que n\u00e3o h\u00e1 independ\u00eancia com fome, nem liberdade com desigualdade. A pauta central foi a defesa de pol\u00edticas p\u00fablicas para as favelas, moradia digna, transporte acess\u00edvel, educa\u00e7\u00e3o p\u00fablica e direito \u00e0 cidade.<\/p>\n<p>Em Recife, Belo Horizonte, Salvador e Fortaleza, os atos ganharam car\u00e1ter de festa e luta: artistas locais se apresentaram, crian\u00e7as leram poesias, e militantes lembraram o legado dos que tombaram na luta por um Brasil verdadeiramente popular.<\/p>\n<p><em>\u201cO Brasil que queremos n\u00e3o \u00e9 o das armas, mas o do p\u00e3o, do livro e da dignidade\u201d,<\/em> afirmou um dos participantes, em meio aos aplausos.<\/p>\n<p>O Movimento de Bairros, Vilas e Favelas, fundado em meio \u00e0s lutas contra a carestia e o desemprego, reafirma sua posi\u00e7\u00e3o como express\u00e3o viva da classe trabalhadora urbana, organizada nos territ\u00f3rios mais esquecidos pelo Estado.<\/p>\n<p>Neste 7 de setembro, o povo mostrou que a verdadeira independ\u00eancia ainda est\u00e1 por vir, e que ser\u00e1 conquistada nas ruas, nas comunidades e nas lutas coletivas.<\/p>\n<p><em>\u201cO povo unido e organizado \u00e9 invenc\u00edvel!\u201d<\/em><\/p>\n<p><em>\u00a0<\/em><em>Essa \u00e9 a bandeira que tremula em cada ocupa\u00e7\u00e3o, em cada protesto, em cada gesto solid\u00e1rio do Movimento de Luta nos Bairros, Vilas e Favelas.<\/em><\/p>\n<p><em>\u00a0<\/em><em>E enquanto houver injusti\u00e7a, o MLB seguir\u00e1 em p\u00e9, combativo e consciente, lutando por um Brasil verdadeiramente do povo.<\/em><\/p>\n<p><strong><em>\u00a0<\/em><\/strong><\/p>\n<p>\u00a0<\/p>\n<!-- Begin Yuzo --><div class='yuzo_related_post style-1'  data-version='5.12.89'><!-- without result --><div class='yuzo_clearfixed yuzo__title yuzo__title'><h3>Related Post<\/h3><\/div>\n\t\t\t\t\t\t  <div class=\"relatedthumb \" style=\"width:125px;float:left;overflow:hidden;\">  \n\t\t\t\t\t\t\t  \n\t\t\t\t\t\t\t  <a  href=\"https:\/\/redept.com.br\/blogosfera\/trump-tem-obsessao-pelo-brasil-diz-financial-times-ao-explicar-que-ele-jamais-deixara-o-mundo-em-paz\/\"  >\n\t\t\t\t\t\t\t\t\t  <div class=\"yuzo-img-wrap \" style=\"width: 125px;height:90px;\">\n\t\t\t\t\t\t\t\t\t\t\n\t\t\t\t\t\t\t\t\t\t<div class=\"yuzo-img\" style=\"background:url('https:\/\/redept.org\/blogosfera\/wp-content\/plugins\/yuzo-related-post\/assets\/images\/default.png') 50% 50% no-repeat;width: 125px;height:90px;margin-bottom: 5px;background-size: cover; \"><\/div>\n\t\t\t\t\t\t\t\t\t  <\/div>\n\t\t\t\t\t\t\t\t\t  \n\t\t\t\t\t\t\t\t   <span class=\"yuzo__text--title\" style=\"font-size:13px;\">Trump tem obsess\u00e3o pelo Brasil, diz Financial Time...<\/span>\n\t\t\t\t\t\t\t  \n\t\t\t\t\t\t\t  \n\t\t\t\t\t\t\t  <\/a>\n\n\t\t\t\t\t\t  <\/div>\n\t\t\t\t\t\t  <div class=\"relatedthumb \" style=\"width:125px;float:left;overflow:hidden;\">  \n\t\t\t\t\t\t\t  \n\t\t\t\t\t\t\t  <a  href=\"https:\/\/redept.com.br\/blogosfera\/com-parecer-de-jaques-wagner-avanca-revisao-da-tabela-do-imposto-de-renda\/\"  >\n\t\t\t\t\t\t\t\t\t  <div class=\"yuzo-img-wrap \" style=\"width: 125px;height:90px;\">\n\t\t\t\t\t\t\t\t\t\t\n\t\t\t\t\t\t\t\t\t\t<div class=\"yuzo-img\" style=\"background:url('https:\/\/redept.org\/blogosfera\/wp-content\/plugins\/yuzo-related-post\/assets\/images\/default.png') 50% 50% no-repeat;width: 125px;height:90px;margin-bottom: 5px;background-size: cover; \"><\/div>\n\t\t\t\t\t\t\t\t\t  <\/div>\n\t\t\t\t\t\t\t\t\t  \n\t\t\t\t\t\t\t\t   <span class=\"yuzo__text--title\" style=\"font-size:13px;\">Com parecer de Jaques Wagner avan\u00e7a revis\u00e3o da tab...<\/span>\n\t\t\t\t\t\t\t  \n\t\t\t\t\t\t\t  \n\t\t\t\t\t\t\t  <\/a>\n\n\t\t\t\t\t\t  <\/div>\n\t\t\t\t\t\t  <div class=\"relatedthumb \" style=\"width:125px;float:left;overflow:hidden;\">  \n\t\t\t\t\t\t\t  \n\t\t\t\t\t\t\t  <a  href=\"https:\/\/sul21.com.br\/noticias\/geral\/2025\/08\/moraes-determina-busca-e-apreensao-contra-silas-malafaia\/\"  >\n\t\t\t\t\t\t\t\t\t  <div class=\"yuzo-img-wrap \" style=\"width: 125px;height:90px;\">\n\t\t\t\t\t\t\t\t\t\t\n\t\t\t\t\t\t\t\t\t\t<div class=\"yuzo-img\" style=\"background:url('https:\/\/agenciabrasil.ebc.com.br\/ebc.png?id=1655210&amp;o=node') 50% 50% no-repeat;width: 125px;height:90px;margin-bottom: 5px;background-size: cover; \"><\/div>\n\t\t\t\t\t\t\t\t\t  <\/div>\n\t\t\t\t\t\t\t\t\t  \n\t\t\t\t\t\t\t\t   <span class=\"yuzo__text--title\" style=\"font-size:13px;\">Moraes determina busca e apreens\u00e3o contra Silas Ma...<\/span>\n\t\t\t\t\t\t\t  \n\t\t\t\t\t\t\t  \n\t\t\t\t\t\t\t  <\/a>\n\n\t\t\t\t\t\t  <\/div>\n\t\t\t\t\t\t  <div class=\"relatedthumb \" style=\"width:125px;float:left;overflow:hidden;\">  \n\t\t\t\t\t\t\t  \n\t\t\t\t\t\t\t  <a  href=\"https:\/\/redept.com.br\/blogosfera\/bolsonaro-chama-alexandre-de-moraes-para-ser-seu-vice-e-se-contradiz-sobre-minuta-do-golpe\/\"  >\n\t\t\t\t\t\t\t\t\t  <div class=\"yuzo-img-wrap \" style=\"width: 125px;height:90px;\">\n\t\t\t\t\t\t\t\t\t\t\n\t\t\t\t\t\t\t\t\t\t<div class=\"yuzo-img\" style=\"background:url('https:\/\/redept.org\/blogosfera\/wp-content\/plugins\/yuzo-related-post\/assets\/images\/default.png') 50% 50% no-repeat;width: 125px;height:90px;margin-bottom: 5px;background-size: cover; \"><\/div>\n\t\t\t\t\t\t\t\t\t  <\/div>\n\t\t\t\t\t\t\t\t\t  \n\t\t\t\t\t\t\t\t   <span class=\"yuzo__text--title\" style=\"font-size:13px;\">Bolsonaro chama Alexandre de Moraes para ser seu v...<\/span>\n\t\t\t\t\t\t\t  \n\t\t\t\t\t\t\t  \n\t\t\t\t\t\t\t  <\/a>\n\n\t\t\t\t\t\t  <\/div>\n<\/div> <script>\n\t\t\t\t\t\t  jQuery(document).ready(function( $ ){\n\t\t\t\t\t\t\t\/\/jQuery('.yuzo_related_post').equalizer({ overflow : 'relatedthumb' });\n\t\t\t\t\t\t\tjQuery('.yuzo_related_post .yuzo_wraps').equalizer({ columns : '> div' });\n\t\t\t\t\t\t   })\n\t\t\t\t\t\t  <\/script> <!-- End Yuzo :) -->","protected":false},"excerpt":{"rendered":"<p><img decoding=\"async\" width=\"1920\" height=\"1280\" src=\"https:\/\/averdade.org.br\/wp-content\/uploads\/2025\/11\/54176107781_b4f561eef5_o.jpg\" alt=\"\">Gra\u00e7as ao exemplo do Movimento de Luta nos Bairros, Vilas e Favelas, o MLB, n\u00f3s podemos ver que \u00e9 poss\u00edvel construir realmente um novo mundo. Essa \u00e9 a minha homenagem ao MLB e a todas as fam\u00edlias que comp\u00f5em essa verdadeira trincheira de luta. Alberes Sim\u00e3o| Petrolina \u00a0 CARTA- Em meio \u00e0 crescente crise econ\u00f4mica [\u2026]<\/p>\n","protected":false},"author":2,"featured_media":63992,"comment_status":"open","ping_status":"closed","sticky":false,"template":"","format":"standard","meta":{"fifu_image_url":"","fifu_image_alt":"","footnotes":""},"categories":[496,7980,60,4914,405],"tags":[],"class_list":["post-63991","post","type-post","status-publish","format-standard","has-post-thumbnail","hentry","category-cartas","category-luta-pelo-socialismo","category-luta-popular","category-luta-por-moradia","category-mlb"],"_links":{"self":[{"href":"https:\/\/redept.com.br\/blogosfera\/wp-json\/wp\/v2\/posts\/63991","targetHints":{"allow":["GET"]}}],"collection":[{"href":"https:\/\/redept.com.br\/blogosfera\/wp-json\/wp\/v2\/posts"}],"about":[{"href":"https:\/\/redept.com.br\/blogosfera\/wp-json\/wp\/v2\/types\/post"}],"author":[{"embeddable":true,"href":"https:\/\/redept.com.br\/blogosfera\/wp-json\/wp\/v2\/users\/2"}],"replies":[{"embeddable":true,"href":"https:\/\/redept.com.br\/blogosfera\/wp-json\/wp\/v2\/comments?post=63991"}],"version-history":[{"count":0,"href":"https:\/\/redept.com.br\/blogosfera\/wp-json\/wp\/v2\/posts\/63991\/revisions"}],"wp:featuredmedia":[{"embeddable":true,"href":"https:\/\/redept.com.br\/blogosfera\/wp-json\/wp\/v2\/media\/63992"}],"wp:attachment":[{"href":"https:\/\/redept.com.br\/blogosfera\/wp-json\/wp\/v2\/media?parent=63991"}],"wp:term":[{"taxonomy":"category","embeddable":true,"href":"https:\/\/redept.com.br\/blogosfera\/wp-json\/wp\/v2\/categories?post=63991"},{"taxonomy":"post_tag","embeddable":true,"href":"https:\/\/redept.com.br\/blogosfera\/wp-json\/wp\/v2\/tags?post=63991"}],"curies":[{"name":"wp","href":"https:\/\/api.w.org\/{rel}","templated":true}]}}