{"id":6424,"date":"2024-11-26T11:25:39","date_gmt":"2024-11-26T14:25:39","guid":{"rendered":"https:\/\/redept.org\/blogosfera\/as-tarefas-dos-revolucionarios-apos-as-eleicoes-2024\/"},"modified":"2024-11-26T11:25:39","modified_gmt":"2024-11-26T14:25:39","slug":"as-tarefas-dos-revolucionarios-apos-as-eleicoes-2024","status":"publish","type":"post","link":"https:\/\/redept.com.br\/blogosfera\/as-tarefas-dos-revolucionarios-apos-as-eleicoes-2024\/","title":{"rendered":"As tarefas dos revolucion\u00e1rios ap\u00f3s as Elei\u00e7\u00f5es 2024"},"content":{"rendered":"<div>\n<div>\n<div>\n<div>\n<p><strong>Milh\u00f5es de brasileiros participaram do segundo turno das elei\u00e7\u00f5es municipais, realizado em 27 de outubro, para escolher novos prefeitos em 51 cidades do pa\u00eds. O pleito foi marcado por alta absten\u00e7\u00e3o e desigualdade no financiamento de campanhas.<\/strong><\/p>\n<p><b>Leonardo P\u00e9ricles | Presidente da UP<\/b><\/p>\n<\/div>\n<\/div>\n<\/div>\n<\/div>\n<hr>\n<p><span><strong>BRASIL \u2013 <\/strong><\/span>No \u00faltimo dia 27 de outubro, ocorreu o segundo turno das elei\u00e7\u00f5es municipais. Milh\u00f5es de brasileiros foram \u00e0s urnas para escolher quem seriam os novos prefeitos em 51 cidades do pa\u00eds. O PL, partido do ex-capit\u00e3o fascista, perdeu em sete das nove capitais que disputou. A esquerda institucional, ao priorizar alian\u00e7as com o Centr\u00e3o e a extrema-direita, elegeu apenas Evandro Leit\u00e3o (PT), em Fortaleza, enquanto sofreu derrotas em S\u00e3o Paulo, Porto Alegre, Natal e Cuiab\u00e1.<\/p>\n<p><span>Um dos dados mais importantes deste segundo turno foi a quantidade de eleitores que optou por votar em branco, anular o voto ou n\u00e3o comparecer \u00e0s urnas. Dos cerca 34 milh\u00f5es de eleitores, mais 10 milh\u00f5es n\u00e3o votaram \u2013 29,26% do total. Esse percentual \u00e9 pr\u00f3ximo ao registrado no segundo turno de 2020 (29,53%), realizado em plena pandemia de Covid-19.<\/span><\/p>\n<p><span>Em quatro capitais (S\u00e3o Paulo, Belo Horizonte, Porto Alegre e Goi\u00e2nia), o n\u00famero de eleitores que se abstiveram ou votaram em branco\/nulo superou a vota\u00e7\u00e3o dos candidatos eleitos. Na capital paulista, o \u201cn\u00e3o voto\u201d chegou a 3,6 milh\u00f5es de eleitores, superando os votos obtidos por Ricardo Nunes (MDB).<\/span><\/p>\n<p><span>Mas o que levou um ter\u00e7o dos eleitores a n\u00e3o escolher nenhum dos candidatos para governar algumas das principais cidades do pa\u00eds?<\/span><\/p>\n<h4><b>Interven\u00e7\u00e3o do capital<\/b><\/h4>\n<p><span>No segundo turno, os partidos financiados por grandes fortunas mobilizaram bilh\u00f5es atrav\u00e9s do fundo partid\u00e1rio, do fundo eleitoral, de emendas parlamentares e doa\u00e7\u00f5es para custear suas campanhas car\u00edssimas. Essa elei\u00e7\u00e3o foi a que mais escancarou a interven\u00e7\u00e3o do capital sobre o processo eleitoral desde a Ditadura Militar.<\/span><\/p>\n<p><span>O caso de Sebasti\u00e3o Melo (MDB), reeleito prefeito de Porto Alegre, ilustra bem essa situa\u00e7\u00e3o: ele recebeu o maior n\u00famero de doa\u00e7\u00f5es individuais no pa\u00eds, com 508 doadores registrados no 1\u00ba turno, enquanto sua advers\u00e1ria no segundo turno, Maria do Ros\u00e1rio (PT), obteve oito doa\u00e7\u00f5es.<\/span><\/p>\n<p><span>Dentre os principais financiadores da campanha de Melo, que negligenciou investimentos em preven\u00e7\u00e3o de enchentes deixando mais de meio milh\u00e3o de pessoas desalojadas, est\u00e3o bilion\u00e1rios da constru\u00e7\u00e3o civil, setor diretamente beneficiado pela especula\u00e7\u00e3o imobili\u00e1ria. Elie Horn, fundador da Cyrela, uma das maiores construtoras do Brasil, doou R$ 64 mil, e Claudio Nudelman Goldsztein, outro s\u00f3cio da Cyrela, contribuiu com R$ 30 mil.<\/span><\/p>\n<p><span>J\u00e1 em Belo Horizonte, o candidato reeleito, Fuad Noman (PSD), recebeu R$ 500 mil de Rubens Menin, bilion\u00e1rio dono de neg\u00f3cios como MRV, Banco Inter e CNN Brasil. Somando os recursos arrecadados para os dois turnos, Fuad e seu advers\u00e1rio, Bruno Engler (PL), atingiram uma impressionante cifra de mais de R$ 44 milh\u00f5es: Fuad com R$ 21,7 milh\u00f5es e Engler com R$ 22,5 milh\u00f5es.<\/span><\/p>\n<p><span>Para ilustrar a disparidade estrutural dessas elei\u00e7\u00f5es, basta observar a distribui\u00e7\u00e3o do Fundo Especial de Financiamento de Campanha: enquanto o PL, com candidatos em 14 capitais, recebeu R$ 886 milh\u00f5es, a Unidade Popular (UP) \u2013 partido jovem, em sua terceira elei\u00e7\u00e3o \u2013 lan\u00e7ou candidaturas em 11 capitais e recebeu 260 vezes menos recursos.<\/span><\/p>\n<p><span>Al\u00e9m disso, os maiores partidos contam, atrav\u00e9s dos seus parlamentares, com milh\u00f5es em emendas no Congresso Nacional e com os recursos advindos das articula\u00e7\u00f5es dos seus mandatos. Deste modo, contam com um poder financeiro imenso, que fortalece quem j\u00e1 tem maior poder.\u00a0<\/span><\/p>\n<p><span>A desigualdade no processo eleitoral se reflete na distribui\u00e7\u00e3o da propaganda de TV e r\u00e1dio e na cobertura da m\u00eddia. Em S\u00e3o Paulo, o candidato eleito, Ricardo Nunes, teve o dobro do tempo de TV e r\u00e1dio de todos os outros candidatos somados. A grande imprensa tamb\u00e9m convidou Pablo Mar\u00e7al (PRTB) para os debates, mesmo sem seu partido ter representa\u00e7\u00e3o no Congresso Nacional, evidenciando como emissoras ligadas a bilion\u00e1rios garantem espa\u00e7o para ideias de extrema-direita. Por outro lado, as candidaturas da Unidade Popular foram exclu\u00eddas dos debates, apesar de a legisla\u00e7\u00e3o permitir sua participa\u00e7\u00e3o, e n\u00e3o tiveram nenhum segundo de tempo de TV e r\u00e1dio.<\/span><\/p>\n<p><span>A burguesia mant\u00e9m seu dom\u00ednio sobre o processo eleitoral, investindo milh\u00f5es para eleger representantes que defendam seus interesses. Ao mesmo tempo, a desigualdade no acesso \u00e0 m\u00eddia impede que os eleitores conhe\u00e7am propostas alternativas, perpetuando a sensa\u00e7\u00e3o de que \u201cn\u00e3o h\u00e1 alternativa\u201d e aumentando a absten\u00e7\u00e3o nas elei\u00e7\u00f5es.<\/span><\/p>\n<h4><b>Falta de resposta dos governos<\/b><\/h4>\n<p><span>O que se viu no \u00faltimo per\u00edodo, com reflexos nas elei\u00e7\u00f5es, foi uma completa incapacidade de v\u00e1rios governos de propor solu\u00e7\u00f5es para os problemas concretos do povo. Nem mesmo para os problemas mais latentes, como a fome, o desemprego e a falta de moradia, existe alguma perspectiva.<\/span><\/p>\n<p><span>Segundo o IBGE, a taxa de desemprego no Brasil caiu para 6,4% no trimestre encerrado em setembro. No entanto, a Reforma Trabalhista, de Michel Temer (MDB) levou ao aumento da informalidade e das terceiriza\u00e7\u00f5es, reduzindo direitos trabalhistas. Considerando os 39 milh\u00f5es de trabalhadores informais e os 8,6 milh\u00f5es de desempregados formais, a taxa real de desemprego alcan\u00e7a 43,7%. Isso indica que quase metade da popula\u00e7\u00e3o economicamente ativa, estimada em 108,8 milh\u00f5es, est\u00e1 em empregos prec\u00e1rios ou desempregada.<\/span><\/p>\n<p><span>A fome atinge atualmente 8,4 milh\u00f5es de brasileiros, enquanto a desigualdade social persiste como um dos maiores desafios no pa\u00eds. O acesso \u00e0 moradia \u00e9 um dos aspectos em que essa disparidade se torna mais evidente. Ainda de acordo com o IBGE, aproximadamente 6,5 milh\u00f5es de domic\u00edlios encontram-se em condi\u00e7\u00f5es prec\u00e1rias. O d\u00e9ficit habitacional \u2013 considerando tanto a falta quanto a inadequa\u00e7\u00e3o de moradias \u2013 ultrapassa 30 milh\u00f5es de resid\u00eancias, afetando mais de 83 milh\u00f5es de pessoas em todo o Brasil.<\/span><\/p>\n<p><span>Ou seja, elei\u00e7\u00e3o ap\u00f3s elei\u00e7\u00e3o, os problemas estruturais da popula\u00e7\u00e3o seguem sem solu\u00e7\u00f5es concretas.<\/span><\/p>\n<h4><b>A esquerda est\u00e1 derrotada?<\/b><\/h4>\n<p><span>A esquerda social-democrata sofreu uma derrota significativa nas elei\u00e7\u00f5es. Com a direita dominando quase 90% das prefeituras, o cen\u00e1rio pode parecer desalentador. No entanto, \u00e9 essencial ampliar a perspectiva e entender que as elei\u00e7\u00f5es s\u00e3o apenas uma parte da luta pol\u00edtica na sociedade. A luta de classes tamb\u00e9m se manifesta nas ruas, greves e mobiliza\u00e7\u00f5es sociais.<\/span><\/p>\n<p><span>Experi\u00eancias internacionais mostram que o povo muitas vezes vence fora das urnas e, quando vence nelas, faz porque organiza a luta. Na Fran\u00e7a, por exemplo, greves e manifesta\u00e7\u00f5es reverteram a vantagem do grupo da fascista Marine Le Pen e elegeram um programa popular.<\/span><\/p>\n<p><span>Na Am\u00e9rica Latina, uma greve geral paralisou a Argentina em protesto contra pol\u00edticas neoliberais. Na Col\u00f4mbia, a popula\u00e7\u00e3o se mobilizou para impedir um golpe. No M\u00e9xico, uma vit\u00f3ria eleitoral fortaleceu o avan\u00e7o das for\u00e7as populares na regi\u00e3o.<\/span><\/p>\n<p><span>No Brasil, a greve de 100 dias no setor federal da educa\u00e7\u00e3o resultou em conquistas importantes, e a mobiliza\u00e7\u00e3o de mulheres conseguiu impedir a vota\u00e7\u00e3o do Projeto de Lei 1904\/24, demonstrando a for\u00e7a da press\u00e3o popular. Esses eventos evidenciam que a organiza\u00e7\u00e3o e a mobiliza\u00e7\u00e3o nas ruas s\u00e3o as alternativas necess\u00e1rias para a esquerda enfrentar o atual cen\u00e1rio.<\/span><\/p>\n<p><span>N\u00f3s, da esquerda revolucion\u00e1ria, n\u00e3o podemos competir em recursos financeiros com as classes ricas, que sempre ter\u00e3o mais dinheiro. Precisamos de recursos, mas eles devem vir do seio do povo, das classes trabalhadoras.<\/span><\/p>\n<p><span>A mobiliza\u00e7\u00e3o da classe trabalhadora, das mulheres, da juventude \u00e9 uma poderosa for\u00e7a material se estiver orientada por uma pol\u00edtica revolucion\u00e1ria. O crescimento da UP, nos \u00faltimos anos, tem demonstrado isso e \u00e9 preciso trabalhar ainda mais para fazer frente ao crescimento da direita e da extrema-direita no Brasil.<\/span><\/p>\n<p><span>\u00c9 fundamental construirmos uma alternativa radical ao fascismo e \u00e0s for\u00e7as conservadoras tradicionais. Apresentar um programa popular com solu\u00e7\u00f5es concretas para a crise que o povo enfrenta e que aponte para o socialismo como \u00fanico futuro para a classe trabalhadora.<\/span><\/p>\n<p><span>Entre nossas propostas, est\u00e3o a cria\u00e7\u00e3o de frentes emergenciais de trabalho para combater o desemprego e a falta de moradia; a revoga\u00e7\u00e3o das Reformas Trabalhista e Previdenci\u00e1ria; a redu\u00e7\u00e3o da jornada de trabalho; a estatiza\u00e7\u00e3o do transporte coletivo; a suspens\u00e3o do pagamento da d\u00edvida p\u00fablica, com auditoria; a revers\u00e3o das privatiza\u00e7\u00f5es de todos os setores estrat\u00e9gicos da economia, como energia, \u00e1gua, bancos, transportes, minera\u00e7\u00e3o e siderurgia.<\/span><\/p>\n<p><span>A implementa\u00e7\u00e3o desse programa requer uma ampla mobiliza\u00e7\u00e3o social rumo \u00e0 revolu\u00e7\u00e3o socialista. Precisamos fortalecer as manifesta\u00e7\u00f5es, greves e ocupa\u00e7\u00f5es, aprofundar nossos estudos sobre a realidade brasileira \u00e0 luz do marxismo-leninismo e incorporar amplas parcelas do povo nas organiza\u00e7\u00f5es de luta e na Unidade Popular.<\/span><\/p>\n<p><strong><em>Essas s\u00e3o nossas tarefas no momento, camaradas!<\/em><\/strong><\/p>\n<!-- Begin Yuzo --><div class='yuzo_related_post style-1'  data-version='5.12.89'><!-- without result --><div class='yuzo_clearfixed yuzo__title yuzo__title'><h3>Related Post<\/h3><\/div>\n\t\t\t\t\t\t  <div class=\"relatedthumb \" style=\"width:125px;float:left;overflow:hidden;\">  \n\t\t\t\t\t\t\t  \n\t\t\t\t\t\t\t  <a  href=\"https:\/\/redept.com.br\/blogosfera\/deputados-repudiam-chantagem-para-aprovar-anistia-em-troca-da-isencao-do-ir\/\"  >\n\t\t\t\t\t\t\t\t\t  <div class=\"yuzo-img-wrap \" style=\"width: 125px;height:90px;\">\n\t\t\t\t\t\t\t\t\t\t\n\t\t\t\t\t\t\t\t\t\t<div class=\"yuzo-img\" style=\"background:url('https:\/\/redept.com.br\/blogosfera\/wp-content\/uploads\/2025\/09\/Ato-domingo-150x150.jpg') 50% 50% no-repeat;width: 125px;height:90px;margin-bottom: 5px;background-size: cover; \"><\/div>\n\t\t\t\t\t\t\t\t\t  <\/div>\n\t\t\t\t\t\t\t\t\t  \n\t\t\t\t\t\t\t\t   <span class=\"yuzo__text--title\" style=\"font-size:13px;\">Deputados repudiam chantagem para aprovar anistia ...<\/span>\n\t\t\t\t\t\t\t  \n\t\t\t\t\t\t\t  \n\t\t\t\t\t\t\t  <\/a>\n\n\t\t\t\t\t\t  <\/div>\n\t\t\t\t\t\t  <div class=\"relatedthumb \" style=\"width:125px;float:left;overflow:hidden;\">  \n\t\t\t\t\t\t\t  \n\t\t\t\t\t\t\t  <a  href=\"https:\/\/redept.com.br\/blogosfera\/relator-da-onu-visita-brasil-para-conhecer-medidas-de-memoria-verdade-e-reparacao\/\"  >\n\t\t\t\t\t\t\t\t\t  <div class=\"yuzo-img-wrap \" style=\"width: 125px;height:90px;\">\n\t\t\t\t\t\t\t\t\t\t\n\t\t\t\t\t\t\t\t\t\t<div class=\"yuzo-img\" style=\"background:url('https:\/\/redept.com.br\/blogosfera\/wp-content\/uploads\/2025\/04\/reuniao-onu_Clarice-CastroMDHC-150x150.jpg') 50% 50% no-repeat;width: 125px;height:90px;margin-bottom: 5px;background-size: cover; \"><\/div>\n\t\t\t\t\t\t\t\t\t  <\/div>\n\t\t\t\t\t\t\t\t\t  \n\t\t\t\t\t\t\t\t   <span class=\"yuzo__text--title\" style=\"font-size:13px;\">Relator da ONU visita Brasil para conhecer medidas...<\/span>\n\t\t\t\t\t\t\t  \n\t\t\t\t\t\t\t  \n\t\t\t\t\t\t\t  <\/a>\n\n\t\t\t\t\t\t  <\/div>\n\t\t\t\t\t\t  <div class=\"relatedthumb \" style=\"width:125px;float:left;overflow:hidden;\">  \n\t\t\t\t\t\t\t  \n\t\t\t\t\t\t\t  <a  href=\"https:\/\/redept.com.br\/blogosfera\/curso-pre-enem-gratuito-ciranda-popular-abre-inscricoes-para-turma-2026-em-brasilia-teimosa-no-recife\/\"  >\n\t\t\t\t\t\t\t\t\t  <div class=\"yuzo-img-wrap \" style=\"width: 125px;height:90px;\">\n\t\t\t\t\t\t\t\t\t\t\n\t\t\t\t\t\t\t\t\t\t<div class=\"yuzo-img\" style=\"background:url('https:\/\/redept.org\/blogosfera\/wp-content\/plugins\/yuzo-related-post\/assets\/images\/default.png') 50% 50% no-repeat;width: 125px;height:90px;margin-bottom: 5px;background-size: cover; \"><\/div>\n\t\t\t\t\t\t\t\t\t  <\/div>\n\t\t\t\t\t\t\t\t\t  \n\t\t\t\t\t\t\t\t   <span class=\"yuzo__text--title\" style=\"font-size:13px;\">Curso Pr\u00e9-ENEM gratuito Ciranda Popular abre inscr...<\/span>\n\t\t\t\t\t\t\t  \n\t\t\t\t\t\t\t  \n\t\t\t\t\t\t\t  <\/a>\n\n\t\t\t\t\t\t  <\/div>\n\t\t\t\t\t\t  <div class=\"relatedthumb \" style=\"width:125px;float:left;overflow:hidden;\">  \n\t\t\t\t\t\t\t  \n\t\t\t\t\t\t\t  <a  href=\"https:\/\/redept.com.br\/blogosfera\/stf-notifica-tse-sobre-decisao-das-sobras-eleitorais-pcdob-ampliara-bancada\/\"  >\n\t\t\t\t\t\t\t\t\t  <div class=\"yuzo-img-wrap \" style=\"width: 125px;height:90px;\">\n\t\t\t\t\t\t\t\t\t\t\n\t\t\t\t\t\t\t\t\t\t<div class=\"yuzo-img\" style=\"background:url('https:\/\/redept.com.br\/blogosfera\/wp-content\/uploads\/2025\/05\/Professora-Marcivania-150x150.jpg') 50% 50% no-repeat;width: 125px;height:90px;margin-bottom: 5px;background-size: cover; \"><\/div>\n\t\t\t\t\t\t\t\t\t  <\/div>\n\t\t\t\t\t\t\t\t\t  \n\t\t\t\t\t\t\t\t   <span class=\"yuzo__text--title\" style=\"font-size:13px;\">STF notifica TSE sobre decis\u00e3o das sobras eleitora...<\/span>\n\t\t\t\t\t\t\t  \n\t\t\t\t\t\t\t  \n\t\t\t\t\t\t\t  <\/a>\n\n\t\t\t\t\t\t  <\/div>\n<\/div> <script>\n\t\t\t\t\t\t  jQuery(document).ready(function( $ ){\n\t\t\t\t\t\t\t\/\/jQuery('.yuzo_related_post').equalizer({ overflow : 'relatedthumb' });\n\t\t\t\t\t\t\tjQuery('.yuzo_related_post .yuzo_wraps').equalizer({ columns : '> div' });\n\t\t\t\t\t\t   })\n\t\t\t\t\t\t  <\/script> <!-- End Yuzo :) -->","protected":false},"excerpt":{"rendered":"<p>Milh\u00f5es de brasileiros participaram do segundo turno das elei\u00e7\u00f5es municipais, realizado em 27 de outubro, para escolher novos prefeitos em 51 cidades do pa\u00eds. O pleito foi marcado por alta absten\u00e7\u00e3o e desigualdade no financiamento de campanhas. Leonardo P\u00e9ricles | Presidente da UP BRASIL \u2013 No \u00faltimo dia 27 de outubro, ocorreu o segundo turno [&hellip;]<\/p>\n","protected":false},"author":2,"featured_media":0,"comment_status":"open","ping_status":"closed","sticky":false,"template":"","format":"standard","meta":{"fifu_image_url":"","fifu_image_alt":"","footnotes":""},"categories":[45,2080,86,29,51,754],"tags":[],"class_list":["post-6424","post","type-post","status-publish","format-standard","hentry","category-brasil","category-jav-302","category-jornal-impresso","category-sao-paulo","category-ultimas-noticias","category-unidade-popular"],"_links":{"self":[{"href":"https:\/\/redept.com.br\/blogosfera\/wp-json\/wp\/v2\/posts\/6424","targetHints":{"allow":["GET"]}}],"collection":[{"href":"https:\/\/redept.com.br\/blogosfera\/wp-json\/wp\/v2\/posts"}],"about":[{"href":"https:\/\/redept.com.br\/blogosfera\/wp-json\/wp\/v2\/types\/post"}],"author":[{"embeddable":true,"href":"https:\/\/redept.com.br\/blogosfera\/wp-json\/wp\/v2\/users\/2"}],"replies":[{"embeddable":true,"href":"https:\/\/redept.com.br\/blogosfera\/wp-json\/wp\/v2\/comments?post=6424"}],"version-history":[{"count":0,"href":"https:\/\/redept.com.br\/blogosfera\/wp-json\/wp\/v2\/posts\/6424\/revisions"}],"wp:attachment":[{"href":"https:\/\/redept.com.br\/blogosfera\/wp-json\/wp\/v2\/media?parent=6424"}],"wp:term":[{"taxonomy":"category","embeddable":true,"href":"https:\/\/redept.com.br\/blogosfera\/wp-json\/wp\/v2\/categories?post=6424"},{"taxonomy":"post_tag","embeddable":true,"href":"https:\/\/redept.com.br\/blogosfera\/wp-json\/wp\/v2\/tags?post=6424"}],"curies":[{"name":"wp","href":"https:\/\/api.w.org\/{rel}","templated":true}]}}