{"id":6430,"date":"2024-11-26T11:56:49","date_gmt":"2024-11-26T14:56:49","guid":{"rendered":"https:\/\/redept.org\/blogosfera\/combate-ao-cancer-de-mama-deve-ser-campanha-por-mais-investimentos-em-saude\/"},"modified":"2024-11-26T11:56:49","modified_gmt":"2024-11-26T14:56:49","slug":"combate-ao-cancer-de-mama-deve-ser-campanha-por-mais-investimentos-em-saude","status":"publish","type":"post","link":"https:\/\/redept.com.br\/blogosfera\/combate-ao-cancer-de-mama-deve-ser-campanha-por-mais-investimentos-em-saude\/","title":{"rendered":"Combate ao c\u00e2ncer de mama deve ser campanha por mais investimentos em sa\u00fade"},"content":{"rendered":"<p><strong>Apesar da import\u00e2ncia da conscientiza\u00e7\u00e3o em torno do combate ao c\u00e2ncer de mama, a falta de investimento na sa\u00fade p\u00fablica compromete o diagn\u00f3stico e o tratamento, deixando milhares de mulheres desassistidas, como mostram relatos de dificuldades no SUS e na gest\u00e3o de sa\u00fade como no Distrito Federal.<\/strong><\/p>\n<p><b>Movimento de Mulheres Olga Benario<\/b><\/p>\n<hr>\n<p><span><strong>MULHERES \u2013 <\/strong>O m\u00eas de outubro \u00e9 conhecido tamb\u00e9m pela campanha de combate ao c\u00e2ncer de mama, chamada de Outubro Rosa. A campanha visa a promover o debate sobre esta doen\u00e7a, realiza\u00e7\u00e3o de exames de preven\u00e7\u00e3o, ado\u00e7\u00e3o de h\u00e1bitos saud\u00e1veis e tamb\u00e9m divulga\u00e7\u00e3o de informa\u00e7\u00f5es sobre o c\u00e2ncer de colo do \u00fatero.<\/span><\/p>\n<p><span>Um a cada tr\u00eas casos de c\u00e2ncer pode ser curado se for descoberto logo no in\u00edcio, e a melhor forma de rastreamento do c\u00e2ncer de mama \u00e9 a mamografia, que \u00e9 recomendada nos exames de rotina para mulheres de 50 a 69 anos a cada dois anos.<\/span><\/p>\n<p><span>Luiza Wollf, de Florian\u00f3polis (SC) relata a descoberta do c\u00e2ncer de mama em sua fam\u00edlia: \u201cMinha m\u00e3e j\u00e1 tinha mais de 50 anos e foi fazer o exame de rotina. Acharam um n\u00f3dulo, e ela fez uma bi\u00f3psia pra ver se era cancer\u00edgeno. A gente fica com muito medo\u201d.<\/span><\/p>\n<p><span>De acordo com dados do Instituto Nacional de C\u00e2ncer (Inca), o c\u00e2ncer de mama \u00e9 o tipo mais comum, depois do c\u00e2ncer de pele. Em 2023, estima-se que foram descobertos mais de 73 mil novos casos e, em 2021, foi respons\u00e1vel pela morte de 18 mil pessoas no Brasil.\u00a0<\/span><\/p>\n<p><span>Mas somente instituir o m\u00eas de campanha contra o c\u00e2ncer de mama n\u00e3o resolve! S\u00e3o necess\u00e1rios mais investimentos em sa\u00fade. Por\u00e9m, com o novo <a href=\"https:\/\/averdade.org.br\/2023\/05\/arcabouco-fiscal-mantem-privilegios-para-os-banqueiros\/\">Arcabou\u00e7o Fiscal<\/a>, que imp\u00f5e um teto de gastos para o or\u00e7amento do pa\u00eds, o Minist\u00e9rio da Sa\u00fade teve o congelamento de R$ 4,4 bilh\u00f5es s\u00f3 neste ano. Enquanto isso, quase metade do or\u00e7amento vai para pagar juros e dividendos da d\u00edvida p\u00fablica, que, apesar de pagarmos cerca de R$ 2 trilh\u00f5es anualmente, nunca diminui.<\/span><\/p>\n<p><span>A falta de investimento em sa\u00fade \u00e9 sentida na pele das mulheres, conforme continua Luiza a respeito do tratamento de sua m\u00e3e: \u201cDemorou uns dois meses pra ela conseguir fazer os exames. O resto do tratamento teve que pagar porque foi durante a pandemia. N\u00e3o deu para fazer o tratamento pelo SUS\u201d.<\/span><\/p>\n<p><span>Outro relato \u00e9 de Raissa Studart, moradora do Distrito Federal, onde foram realizados grandes atos denunciando o caos na sa\u00fade p\u00fablica, fruto do desmonte praticado por essa pol\u00edtica de corte de verbas na sa\u00fade. \u201cNo Distrito Federal vivemos um verdadeiro caos na sa\u00fade, fruto de uma pol\u00edtica implementada no governo do milion\u00e1rio Ibaneis Rocha, que privatiza o sistema de sa\u00fade e corta investimentos. Para se ter uma ideia, hoje temos uma fila de espera 932.821 pessoas para se fazer um simples exame. A espera \u00e9 de, em m\u00e9dia, dois anos, independente do diagn\u00f3stico. Os postos de sa\u00fade est\u00e3o sempre cheios, as ambul\u00e2ncias n\u00e3o d\u00e3o conta das emerg\u00eancias e faltam 25 mil profissionais de sa\u00fade na rede. A gente passa horas na fila e n\u00e3o temos garantia alguma de atendimento emergencial, mesmo a sa\u00fade sendo um dever do estado. O IGES-DF \u00e9 um instituto privado contratado para gerir a sa\u00fade e a qualidade do servi\u00e7o s\u00f3 piorou desde ent\u00e3o, simplesmente n\u00e3o funciona\u201d.<\/span><\/p>\n<p><span>Portanto, a luta pelo fim do c\u00e2ncer de mama \u00e9 a luta por mais investimentos em sa\u00fade e pela suspens\u00e3o imediata do pagamento da d\u00edvida p\u00fablica! Pelo fim da contrata\u00e7\u00e3o de Organiza\u00e7\u00f5es de Sa\u00fade para gerir postinhos, por mais contrata\u00e7\u00e3o de profissionais de sa\u00fade, pela garantia do piso salarial de profissionais da enfermagem e outras medidas que assegurem que as Unidades de Sa\u00fade e os Hospitais Cl\u00ednicos possam atuar, de verdade, no combate ao c\u00e2ncer de mama e outras doen\u00e7as.<\/span><\/p>\n<!-- Begin Yuzo --><div class='yuzo_related_post style-1'  data-version='5.12.89'><!-- without result --><div class='yuzo_clearfixed yuzo__title yuzo__title'><h3>Related Post<\/h3><\/div>\n\t\t\t\t\t\t  <div class=\"relatedthumb \" style=\"width:125px;float:left;overflow:hidden;\">  \n\t\t\t\t\t\t\t  \n\t\t\t\t\t\t\t  <a  href=\"https:\/\/redept.com.br\/blogosfera\/mobilizacao-historica-em-belem-por-justica-climatica-global-tem-intensa-programacao-paralela-a-cop30\/\"  >\n\t\t\t\t\t\t\t\t\t  <div class=\"yuzo-img-wrap \" style=\"width: 125px;height:90px;\">\n\t\t\t\t\t\t\t\t\t\t\n\t\t\t\t\t\t\t\t\t\t<div class=\"yuzo-img\" style=\"background:url('https:\/\/redept.com.br\/blogosfera\/wp-content\/uploads\/2025\/11\/WhatsApp-Image-2025-11-07-at-162533-150x150.jpeg') 50% 50% no-repeat;width: 125px;height:90px;margin-bottom: 5px;background-size: cover; \"><\/div>\n\t\t\t\t\t\t\t\t\t  <\/div>\n\t\t\t\t\t\t\t\t\t  \n\t\t\t\t\t\t\t\t   <span class=\"yuzo__text--title\" style=\"font-size:13px;\">Mobiliza\u00e7\u00e3o hist\u00f3rica em Bel\u00e9m por justi\u00e7a clim\u00e1ti...<\/span>\n\t\t\t\t\t\t\t  \n\t\t\t\t\t\t\t  \n\t\t\t\t\t\t\t  <\/a>\n\n\t\t\t\t\t\t  <\/div>\n\t\t\t\t\t\t  <div class=\"relatedthumb \" style=\"width:125px;float:left;overflow:hidden;\">  \n\t\t\t\t\t\t\t  \n\t\t\t\t\t\t\t  <a  href=\"https:\/\/redept.com.br\/blogosfera\/camara-do-recife-realiza-audiencia-publica-nesta-quarta-7-para-avancar-na-regulamentacao-da-cannabis-medicinal\/\"  >\n\t\t\t\t\t\t\t\t\t  <div class=\"yuzo-img-wrap \" style=\"width: 125px;height:90px;\">\n\t\t\t\t\t\t\t\t\t\t\n\t\t\t\t\t\t\t\t\t\t<div class=\"yuzo-img\" style=\"background:url('https:\/\/redept.org\/blogosfera\/wp-content\/plugins\/yuzo-related-post\/assets\/images\/default.png') 50% 50% no-repeat;width: 125px;height:90px;margin-bottom: 5px;background-size: cover; \"><\/div>\n\t\t\t\t\t\t\t\t\t  <\/div>\n\t\t\t\t\t\t\t\t\t  \n\t\t\t\t\t\t\t\t   <span class=\"yuzo__text--title\" style=\"font-size:13px;\">C\u00e2mara do Recife realiza audi\u00eancia p\u00fablica nesta q...<\/span>\n\t\t\t\t\t\t\t  \n\t\t\t\t\t\t\t  \n\t\t\t\t\t\t\t  <\/a>\n\n\t\t\t\t\t\t  <\/div>\n\t\t\t\t\t\t  <div class=\"relatedthumb \" style=\"width:125px;float:left;overflow:hidden;\">  \n\t\t\t\t\t\t\t  \n\t\t\t\t\t\t\t  <a  href=\"https:\/\/redept.com.br\/blogosfera\/entenda-a-situacao-de-carla-zambelli-apos-prisao-na-italia\/\"  >\n\t\t\t\t\t\t\t\t\t  <div class=\"yuzo-img-wrap \" style=\"width: 125px;height:90px;\">\n\t\t\t\t\t\t\t\t\t\t\n\t\t\t\t\t\t\t\t\t\t<div class=\"yuzo-img\" style=\"background:url('https:\/\/redept.org\/blogosfera\/wp-content\/plugins\/yuzo-related-post\/assets\/images\/default.png') 50% 50% no-repeat;width: 125px;height:90px;margin-bottom: 5px;background-size: cover; \"><\/div>\n\t\t\t\t\t\t\t\t\t  <\/div>\n\t\t\t\t\t\t\t\t\t  \n\t\t\t\t\t\t\t\t   <span class=\"yuzo__text--title\" style=\"font-size:13px;\">Entenda a situa\u00e7\u00e3o de Carla Zambelli ap\u00f3s pris\u00e3o n...<\/span>\n\t\t\t\t\t\t\t  \n\t\t\t\t\t\t\t  \n\t\t\t\t\t\t\t  <\/a>\n\n\t\t\t\t\t\t  <\/div>\n\t\t\t\t\t\t  <div class=\"relatedthumb \" style=\"width:125px;float:left;overflow:hidden;\">  \n\t\t\t\t\t\t\t  \n\t\t\t\t\t\t\t  <a  href=\"https:\/\/redept.com.br\/blogosfera\/sancionada-a-lei-que-protege-criancas-na-internet\/\"  >\n\t\t\t\t\t\t\t\t\t  <div class=\"yuzo-img-wrap \" style=\"width: 125px;height:90px;\">\n\t\t\t\t\t\t\t\t\t\t\n\t\t\t\t\t\t\t\t\t\t<div class=\"yuzo-img\" style=\"background:url('https:\/\/redept.com.br\/blogosfera\/wp-content\/uploads\/2025\/09\/mg-8511-2048x1365-1-150x150.jpg') 50% 50% no-repeat;width: 125px;height:90px;margin-bottom: 5px;background-size: cover; \"><\/div>\n\t\t\t\t\t\t\t\t\t  <\/div>\n\t\t\t\t\t\t\t\t\t  \n\t\t\t\t\t\t\t\t   <span class=\"yuzo__text--title\" style=\"font-size:13px;\">Sancionada a lei que protege crian\u00e7as na Internet<\/span>\n\t\t\t\t\t\t\t  \n\t\t\t\t\t\t\t  \n\t\t\t\t\t\t\t  <\/a>\n\n\t\t\t\t\t\t  <\/div>\n<\/div> <script>\n\t\t\t\t\t\t  jQuery(document).ready(function( $ ){\n\t\t\t\t\t\t\t\/\/jQuery('.yuzo_related_post').equalizer({ overflow : 'relatedthumb' });\n\t\t\t\t\t\t\tjQuery('.yuzo_related_post .yuzo_wraps').equalizer({ columns : '> div' });\n\t\t\t\t\t\t   })\n\t\t\t\t\t\t  <\/script> <!-- End Yuzo :) -->","protected":false},"excerpt":{"rendered":"<p>Apesar da import\u00e2ncia da conscientiza\u00e7\u00e3o em torno do combate ao c\u00e2ncer de mama, a falta de investimento na sa\u00fade p\u00fablica compromete o diagn\u00f3stico e o tratamento, deixando milhares de mulheres desassistidas, como mostram relatos de dificuldades no SUS e na gest\u00e3o de sa\u00fade como no Distrito Federal. Movimento de Mulheres Olga Benario MULHERES \u2013 O [&hellip;]<\/p>\n","protected":false},"author":2,"featured_media":0,"comment_status":"open","ping_status":"closed","sticky":false,"template":"","format":"standard","meta":{"fifu_image_url":"","fifu_image_alt":"","footnotes":""},"categories":[45,2080,86,369,82,126],"tags":[],"class_list":["post-6430","post","type-post","status-publish","format-standard","hentry","category-brasil","category-jav-302","category-jornal-impresso","category-movimento-de-mulheres-olga-benario","category-mulheres","category-saude"],"_links":{"self":[{"href":"https:\/\/redept.com.br\/blogosfera\/wp-json\/wp\/v2\/posts\/6430","targetHints":{"allow":["GET"]}}],"collection":[{"href":"https:\/\/redept.com.br\/blogosfera\/wp-json\/wp\/v2\/posts"}],"about":[{"href":"https:\/\/redept.com.br\/blogosfera\/wp-json\/wp\/v2\/types\/post"}],"author":[{"embeddable":true,"href":"https:\/\/redept.com.br\/blogosfera\/wp-json\/wp\/v2\/users\/2"}],"replies":[{"embeddable":true,"href":"https:\/\/redept.com.br\/blogosfera\/wp-json\/wp\/v2\/comments?post=6430"}],"version-history":[{"count":0,"href":"https:\/\/redept.com.br\/blogosfera\/wp-json\/wp\/v2\/posts\/6430\/revisions"}],"wp:attachment":[{"href":"https:\/\/redept.com.br\/blogosfera\/wp-json\/wp\/v2\/media?parent=6430"}],"wp:term":[{"taxonomy":"category","embeddable":true,"href":"https:\/\/redept.com.br\/blogosfera\/wp-json\/wp\/v2\/categories?post=6430"},{"taxonomy":"post_tag","embeddable":true,"href":"https:\/\/redept.com.br\/blogosfera\/wp-json\/wp\/v2\/tags?post=6430"}],"curies":[{"name":"wp","href":"https:\/\/api.w.org\/{rel}","templated":true}]}}