{"id":64428,"date":"2025-11-14T18:27:56","date_gmt":"2025-11-14T21:27:56","guid":{"rendered":"https:\/\/redept.com.br\/blogosfera\/chile-e-equador-vao-as-urnas-com-medo\/"},"modified":"2025-11-14T18:27:56","modified_gmt":"2025-11-14T21:27:56","slug":"chile-e-equador-vao-as-urnas-com-medo","status":"publish","type":"post","link":"https:\/\/redept.com.br\/blogosfera\/chile-e-equador-vao-as-urnas-com-medo\/","title":{"rendered":"Chile e Equador v\u00e3o \u00e0s urnas com medo"},"content":{"rendered":"<figure><img loading=\"lazy\" loading=\"lazy\" decoding=\"async\" width=\"849\" height=\"566\"src=\"https:\/\/redept.com.br\/blogosfera\/wp-content\/uploads\/2025\/11\/photo_4951854193304079187_y-1.jpg\" alt=\"\" srcset=\"https:\/\/redept.com.br\/blogosfera\/wp-content\/uploads\/2025\/11\/photo_4951854193304079187_y-1.jpg 849w, https:\/\/outraspalavras.net\/wp-content\/uploads\/2025\/11\/photo_4951854193304079187_y-1-300x200.jpg 300w, https:\/\/outraspalavras.net\/wp-content\/uploads\/2025\/11\/photo_4951854193304079187_y-1-768x512.jpg 768w, https:\/\/outraspalavras.net\/wp-content\/uploads\/2025\/11\/photo_4951854193304079187_y-1-272x182.jpg 272w\" sizes=\"auto, (max-width: 849px) 100vw, 849px\"><\/figure>\n<div>\n<div>\n<div>\n<div>\n<div>\n<div>\n<div>\n<h4>Boletim Outras Palavras<\/h4>\n<p>Receba por email, diariamente, todas as publica\u00e7\u00f5es do site<\/p>\n<\/p><\/div>\n<div>\n<div>\n<div>\n<div>\n<div><\/div>\n<\/p><\/div>\n<\/p><\/div>\n<div>\n                <button type=\"submit\">Assinar<\/button><br \/>\n                <button disabled type=\"button\"> <\/p>\n<div><\/div>\n<p> <span>Loading&#8230;<\/span> <\/button>\n              <\/div>\n<\/p><\/div>\n<\/p><\/div>\n<div>\n            <button type=\"submit\">Assinar<\/button><br \/>\n            <button disabled type=\"button\"> <\/p>\n<div><\/div>\n<p> <span>Loading&#8230;<\/span> <\/button>\n          <\/div>\n<\/p><\/div>\n<div>\n<div>\n<h4>Agradecemos!<\/h4>\n<p>Voc\u00ea j\u00e1 est\u00e1 inscrito e come\u00e7ar\u00e1 a receber os boletins em breve. Boa leitura!<\/p>\n<\/p><\/div>\n<\/p><\/div>\n<\/p><\/div>\n<\/p><\/div>\n<\/div>\n<\/div>\n<\/div>\n<p>O pr\u00f3ximo domingo (16) reserva duas elei\u00e7\u00f5es importantes para dois pa\u00edses sul-americanos e que podem ter reflexos no resto do continente. No Chile, as elei\u00e7\u00f5es presidenciais contam com um duelo com candidatos da extrema direita e direita, de perfis distintos, testando o gosto do eleitorado em rela\u00e7\u00e3o a quem deve enfrentar Jeannette Jara, a postulante de esquerda, em um muito prov\u00e1vel segundo turno.<\/p>\n<p>J\u00e1 no Equador, um referendo e uma consulta popular, propostos pelo presidente do pa\u00eds, Daniel Noboa, trazem quatro quest\u00f5es aos eleitores. A primeira, que, na pr\u00e1tica, diz respeito tamb\u00e9m \u00e0s na\u00e7\u00f5es vizinhas e ao equil\u00edbrio geopol\u00edtico da regi\u00e3o, \u00e9 sobre seguir ou n\u00e3o com a proibi\u00e7\u00e3o de se estabelecerem bases militares estrangeiras ou instala\u00e7\u00f5es estrangeiras para fins militares, e de ceder bases militares nacionais a for\u00e7as armadas ou de seguran\u00e7a estrangeiras. As outras se referem ao uso de fundos p\u00fablicos para partidos pol\u00edticos, redu\u00e7\u00e3o no n\u00famero de integrantes da Assembleia Nacional equatoriana e, na consulta, se a popula\u00e7\u00e3o concorda com a institui\u00e7\u00e3o de uma Assembleia Constituinte.<\/p>\n<p>Embora cada uma das elei\u00e7\u00f5es tenha suas particularidades, ambas t\u00eam algo em comum: o uso da pol\u00edtica do medo e da manipula\u00e7\u00e3o dos sentimentos populares em rela\u00e7\u00e3o \u00e0 quest\u00e3o da viol\u00eancia e da seguran\u00e7a p\u00fablica por parte da direita. E mostram de que forma o tema, que j\u00e1 est\u00e1 em voga no Brasil, pode ser utilizado como ativo eleitoral em 2026.<\/p>\n<div>\n<div><img loading=\"lazy\" loading=\"lazy\" decoding=\"async\"src=\"https:\/\/redept.com.br\/blogosfera\/wp-content\/uploads\/2025\/11\/15-1-8.png\" alt=\"\" srcset=\"https:\/\/redept.com.br\/blogosfera\/wp-content\/uploads\/2025\/11\/15-1-8.png 680w, https:\/\/outraspalavras.net\/wp-content\/uploads\/2022\/12\/15-1-300x110.png 300w\" sizes=\"auto, (max-width: 680px) 100vw, 680px\" width=\"680\" height=\"250\"><\/div>\n<\/div>\n<p><strong>O caso chileno<\/strong><\/p>\n<p>Segundo uma pesquisa do instituto Activa divulgada em abril deste ano, a criminalidade ocupa o topo das principais preocupa\u00e7\u00f5es dos chilenos, sendo um problema central para 50,8% dos entrevistados. Na sequ\u00eancia, aparecem a imigra\u00e7\u00e3o, com 32,1%, e o tr\u00e1fico de drogas, mencionado por 20,7% dos eleitores. A intersec\u00e7\u00e3o entre as tr\u00eas quest\u00f5es tem sido bem explorada pelo presidenci\u00e1vel do Partido Republicano, Jose Antonio Kast, o extremista de direita que tenta pela terceira vez chegar ao Pal\u00e1cio La Moneda.<\/p>\n<p>Neste processo eleitoral, as tem\u00e1ticas habituais de suas campanhas anteriores, como sua rejei\u00e7\u00e3o ao aborto e ao casamento homoafetivo, deram lugar \u00e0 imigra\u00e7\u00e3o e sua suposta liga\u00e7\u00e3o com a criminalidade. No \u00faltimo debate antes das elei\u00e7\u00f5es de domingo, ele se referiu aos 330 mil imigrantes ilegais vivendo hoje no pa\u00eds dizendo: \u201cVamos convid\u00e1-lo a deixar o Chile\u201d. \u201c\u00c9 muito mais barato pedir-lhes para colaborar para voltar \u00e0 sua terra natal do que mant\u00ea-los aqui\u201d, afirmou, descartando a possibilidade de regulariza\u00e7\u00f5es em massa em uma gest\u00e3o sua.<\/p>\n<p>Ele prop\u00f5e ainda \u201cfechar as fronteiras adequadamente\u201d e, neste sentido, j\u00e1 falou em erguer um muro nas fronteiras, abrir uma vala e mobilizar 3 mil militares para conter a entrada de imigrantes, al\u00e9m de eliminar qualquer \u201cbenef\u00edcio social\u201d aos estrangeiros em situa\u00e7\u00e3o irregular, com voos charter conduzindo as pessoas expulsas, financiados (sabe-se l\u00e1 de que forma) pelos pr\u00f3prios imigrantes. Ele tamb\u00e9m defende a proposta geralmente ineficaz, mas que segue como um mantra de pol\u00edticos de direita, de penas mais severas e f\u00f3rmulas baseadas no populismo penal.<\/p>\n<p>A duas semanas da realiza\u00e7\u00e3o do pleito, pouco antes do per\u00edodo em que \u00e9 proibida a divulga\u00e7\u00e3o de pesquisas eleitorais no Chile, Kast ocupava a segunda posi\u00e7\u00e3o nas sondagens, com \u00edndices pr\u00f3ximos a 20%, mas j\u00e1 era amea\u00e7ado pela ascens\u00e3o de Johannes Kaiser, do Partido Libert\u00e1rio Nacional, tamb\u00e9m de extrema-direita, que adota um figurino de pretenso \u201cMilei chileno\u201d. Kaiser ganhou proje\u00e7\u00e3o como youtuber, ap\u00f3s criar o canal El Nacional Libertario, e prometeu \u201cexpelir todos os estrangeiros ilegais\u201d e \u201crecuperar a estrutura valiosa do pa\u00eds\u201d no encontro televisivo que encerrou a participa\u00e7\u00e3o dos presidenci\u00e1veis no primeiro turno.<\/p>\n<p>Assim como Donald Trump, Jair Bolsonaro e similares, construiu um discurso contra o multilateralismo e prometeu retirar o Chile de m\u00faltiplas organiza\u00e7\u00f5es internacionais como a Corte Interamericana de Direitos Humanos, dizendo ainda que apoiaria um novo golpe de Estado se as mesmas circunst\u00e2ncias de 1973 ocorressem. Tamb\u00e9m se mostrou favor\u00e1vel \u00e0 constru\u00e7\u00e3o de um campo de refugiados para pessoas que permanecessem retidas antes do retorno a seus pa\u00edses de origem, sugerindo um acordo semelhante ao mantido pelos Estados Unidos com El Salvador para deportar estrangeiros alegadamente ligados ao crime organizado a pris\u00f5es estrangeiras.<\/p>\n<p><strong>Manipula\u00e7\u00e3o do medo<\/strong><\/p>\n<div>\n<div><img loading=\"lazy\" loading=\"lazy\" decoding=\"async\"src=\"https:\/\/redept.com.br\/blogosfera\/wp-content\/uploads\/2025\/11\/14--10.png\" alt=\"\" srcset=\"https:\/\/redept.com.br\/blogosfera\/wp-content\/uploads\/2025\/11\/14--10.png 680w, https:\/\/outraspalavras.net\/wp-content\/uploads\/2022\/12\/14-1-300x110.png 300w\" sizes=\"auto, (max-width: 680px) 100vw, 680px\" width=\"680\" height=\"250\"><\/div>\n<\/div>\n<p>Diferentemente de outros pa\u00edses pr\u00f3ximos, o Chile est\u00e1 longe de ter n\u00fameros de criminalidade que pudessem justificar algum tipo de p\u00e2nico social. Os registros oficiais do governo mostram uma queda na taxa de homic\u00eddios pelo terceiro ano consecutivo, com uma redu\u00e7\u00e3o de 13,8% no primeiro semestre de 2025 em compara\u00e7\u00e3o com o mesmo per\u00edodo de 2024. A taxa de homic\u00eddios triplicou na \u00faltima d\u00e9cada no Chile, passando de 2,5 para 6,7 por 100.000 habitantes, mas o pa\u00eds continua sendo um dos mais seguros da Am\u00e9rica Latina, com um \u00edndice quase tr\u00eas vezes menor que o Brasil.<\/p>\n<p>Uma reportagem da <em>BBC<\/em> ressalta que um levantamento da Ipsos de outubro aponta que 63% dos chilenos citam o crime e a viol\u00eancia como as quest\u00f5es com as quais est\u00e3o mais preocupados, um n\u00edvel maior de preocupa\u00e7\u00e3o do que no M\u00e9xico (59%) ou na Col\u00f4mbia (45%), conforme o mesmo estudo, ainda que as taxas de homic\u00eddios nesses pa\u00edses sejam mais de quatro vezes maiores que as do pa\u00eds andino.<\/p>\n<p>\u201cAlguns candidatos abusam daquela percep\u00e7\u00e3o distorcida de inseguran\u00e7a e a ampliam, pois \u00e9 uma quest\u00e3o que gera fortes emo\u00e7\u00f5es de amea\u00e7a, medo, ang\u00fastia e raiva, que mobilizam votos a favor do candidato que se oferece para elimin\u00e1-los. Se um candidato est\u00e1 nessa quest\u00e3o, os outros se sentem compelidos a segui-lo. E continuamos a aumentar o problema\u201d, avalia o advogado e consultor Alejandro Reyes Vergara, em artigo.<\/p>\n<p>Embora n\u00e3o negue o aumento e a mudan\u00e7a no perfil da criminalidade nas \u00faltimas d\u00e9cadas, Vergara aponta outro fator que pode piorar a percep\u00e7\u00e3o das pessoas em rela\u00e7\u00e3o ao problema, a m\u00eddia. \u201cO Conselho Nacional de Televis\u00e3o apresentou em maio os resultados do \u2018Monitor de la TV: Temas y Voces en Noticieros y Matinales (2024)\u2019, que mede a distribui\u00e7\u00e3o de tempo na TV aberta. Nas manh\u00e3s, 40% do tempo \u00e9 gasto em not\u00edcias da pol\u00edcia, e mais de 20% \u00e9 gasto em crimes sexuais. Por outro lado, no notici\u00e1rio, o maior tempo de tela ainda \u00e9 policial\/judicial, com 30% com prefer\u00eancia em crimes sexuais. Como n\u00e3o ficarmos aterrorizados, presos e acuados? Quem \u00e9 respons\u00e1vel por isso que nos causa inseguran\u00e7a, desconforto, tens\u00e3o e m\u00e1 qualidade de vida a todos os chilenos?\u201d, questiona.<\/p>\n<p><strong>Equador ao lado dos EUA<\/strong><\/p>\n<p>No Equador, diferentemente do Chile, o quadro de agravamento da viol\u00eancia \u00e9 real e de uma dimens\u00e3o muito maior. Em artigo publicado no <em>Outras Palavras,<\/em> em 2024, j\u00e1 retrat\u00e1vamos como, \u00e0quela altura, o presidente Daniel Noboa era saudado por extremistas de direita brasileiros nas redes sociais por ter decretado estado de exce\u00e7\u00e3o e de conflito armado interno, autorizando militares do pa\u00eds a agirem como se estivessem em situa\u00e7\u00e3o de guerra. <\/p>\n<p>Aquilo consistia em uma licen\u00e7a expl\u00edcita para que fossem desrespeitados os padr\u00f5es da pol\u00edcia diante de um contexto de viol\u00eancia resultante de m\u00faltiplos fatores: aus\u00eancia do Estado em setores essenciais, ado\u00e7\u00e3o de modelos punitivistas\/proibicionistas ultrapassados e fac\u00e7\u00f5es criminosas aumentando seu poder e estabelecendo fortes conex\u00f5es pol\u00edticas dentro do aparelho estatal do pa\u00eds.<\/p>\n<p>De l\u00e1 pra c\u00e1, Noboa avan\u00e7ou em seu \u00edmpeto autorit\u00e1rio, foi barrado pelo Judici\u00e1rio em diversas de suas iniciativas, em especial na \u00e1rea de seguran\u00e7a p\u00fablica, por afrontar a Constitui\u00e7\u00e3o do pa\u00eds. Como outras figuras pol\u00edticas de extrema direita, investiu retoricamente contra a Justi\u00e7a, mas n\u00e3o ficou apenas no discurso, avan\u00e7ando para a proposi\u00e7\u00e3o de mudan\u00e7a de um ponto central da Carta Magna e indo al\u00e9m, colocando em pauta que um novo texto seja feito.<\/p>\n<p>O jornalista Lee Brown, que viveu anos no pa\u00eds, lembra, no <em>Morning Star<\/em>, que o Equador j\u00e1 havia sediado uma base militar estadunidense at\u00e9 2009, quando o acordo foi descartado sob o governo de Rafael Correa. \u00c0 \u00e9poca, o mandat\u00e1rio equatoriano ironizou a situa\u00e7\u00e3o, afirmando que os EUA poderiam manter sua base se \u201cnos deixassem colocar uma base em Miami\u201d. \u201cMas os tempos mudaram no Equador. Na semana passada, antes do referendo, a secret\u00e1ria de Seguran\u00e7a Interna dos EUA, Kristi Noem, fez uma viagem de alto n\u00edvel para visitar suas instala\u00e7\u00f5es militares \u2013 uma visita que levou mais do que um cheiro de autoridades coloniais inspecionando seus territ\u00f3rios\u201d, diz Brown.<\/p>\n<p>Em um cen\u00e1rio no qual Trump estimula a ideia de combate a \u201cnarcoterroristas\u201d na Venezuela, Col\u00f4mbia e M\u00e9xico, o Equador poder\u00e1 servir em breve como um centro fundamental para opera\u00e7\u00f5es militares em toda a regi\u00e3o. \u201cO objetivo mais amplo dessa estrat\u00e9gia dos EUA \u00e9 claro: reverter a crescente independ\u00eancia da Am\u00e9rica Latina e seu movimento em dire\u00e7\u00e3o \u00e0 coopera\u00e7\u00e3o multipolar. Na \u00faltima d\u00e9cada, a regi\u00e3o fortaleceu os la\u00e7os dentro do continente e com o Sul global \u2013 particularmente a China e as na\u00e7\u00f5es dos Brics \u2013 desafiando o dom\u00ednio tradicional de Washington\u201d, pontua o jornalista.<\/p>\n<p>O que acontece no Chile e no Equador mostra como a direita pode se aproveitar politicamente de situa\u00e7\u00f5es de inseguran\u00e7a, de formas distintas e com objetivos muitas vezes alinhados a elite locais, mas n\u00e3o somente a eles. E figuras pol\u00edticas brasileiras j\u00e1 deram mostras do que podem fazer em atitudes parecidas, invocando a interven\u00e7\u00e3o dos Estados Unidos em assuntos nacionais, e tamb\u00e9m agindo ainda de forma mais sutil, como nas altera\u00e7\u00f5es legislativas que podem favorecer setores como a ind\u00fastria de armas, por exemplo. Possuem expertise nesse tipo de manipula\u00e7\u00e3o.<\/p>\n<p>Carregando uma forte carga emocional, a discuss\u00e3o sobre seguran\u00e7a p\u00fablica, aliada \u00e0 descren\u00e7a nas institui\u00e7\u00f5es e em um sentimento antipol\u00edtica que permanece forte para boa parte da sociedade brasileira, forma um caldo prop\u00edcio para o surgimento de propostas que atentam contra a dignidade humana e candidaturas que reforcem uma realidade estrutural de viol\u00eancia por parte do Estado contra segmentos j\u00e1 exclu\u00eddos. O campo progressista n\u00e3o pode dar as costas para o tema da viol\u00eancia, tampouco ser engalfinhado no debate adotando um tom apenas moderado defendendo ou uma receita atenuada do que a direita faz ou prop\u00f5e. A disputa em torno do PL Antifac\u00e7\u00e3o prova que, mesmo com in\u00fameras dificuldades, \u00e9 poss\u00edvel estabelecer essa conversa em outro n\u00edvel.<\/p>\n<div>\n<div>\n<p><span><em>Outras Palavras \u00e9 feito por muitas m\u00e3os. Se voc\u00ea valoriza nossa produ\u00e7\u00e3o, contribua com um PIX para <strong>outrosquinhentos@outraspalavras.net<\/strong> e fortale\u00e7a o jornalismo cr\u00edtico.<\/em><\/span><\/p>\n<\/div>\n<\/div>\n<p>The post Chile e Equador v\u00e3o \u00e0s urnas com medo appeared first on Outras Palavras.<\/p>\n<!-- Begin Yuzo --><div class='yuzo_related_post style-1'  data-version='5.12.89'><!-- without result --><div class='yuzo_clearfixed yuzo__title yuzo__title'><h3>Related Post<\/h3><\/div>\n\t\t\t\t\t\t  <div class=\"relatedthumb \" style=\"width:125px;float:left;overflow:hidden;\">  \n\t\t\t\t\t\t\t  \n\t\t\t\t\t\t\t  <a  href=\"https:\/\/redept.com.br\/blogosfera\/camara-aprova-projeto-contra-adultizacao-de-criancas-nas-redes-sociais\/\"  >\n\t\t\t\t\t\t\t\t\t  <div class=\"yuzo-img-wrap \" style=\"width: 125px;height:90px;\">\n\t\t\t\t\t\t\t\t\t\t\n\t\t\t\t\t\t\t\t\t\t<div class=\"yuzo-img\" style=\"background:url('https:\/\/redept.org\/blogosfera\/wp-content\/plugins\/yuzo-related-post\/assets\/images\/default.png') 50% 50% no-repeat;width: 125px;height:90px;margin-bottom: 5px;background-size: cover; \"><\/div>\n\t\t\t\t\t\t\t\t\t  <\/div>\n\t\t\t\t\t\t\t\t\t  \n\t\t\t\t\t\t\t\t   <span class=\"yuzo__text--title\" style=\"font-size:13px;\">C\u00e2mara aprova projeto contra adultiza\u00e7\u00e3o de crian\u00e7...<\/span>\n\t\t\t\t\t\t\t  \n\t\t\t\t\t\t\t  \n\t\t\t\t\t\t\t  <\/a>\n\n\t\t\t\t\t\t  <\/div>\n\t\t\t\t\t\t  <div class=\"relatedthumb \" style=\"width:125px;float:left;overflow:hidden;\">  \n\t\t\t\t\t\t\t  \n\t\t\t\t\t\t\t  <a  href=\"https:\/\/redept.com.br\/blogosfera\/ambientalistas-irregularidades-no-licenciamento-do-matria-parque-podem-ter-agravado-acidente\/\"  >\n\t\t\t\t\t\t\t\t\t  <div class=\"yuzo-img-wrap \" style=\"width: 125px;height:90px;\">\n\t\t\t\t\t\t\t\t\t\t\n\t\t\t\t\t\t\t\t\t\t<div class=\"yuzo-img\" style=\"background:url('https:\/\/redept.com.br\/blogosfera\/wp-content\/uploads\/2025\/07\/WhatsApp-Image-2025-07-09-at-161535-150x150.jpeg') 50% 50% no-repeat;width: 125px;height:90px;margin-bottom: 5px;background-size: cover; \"><\/div>\n\t\t\t\t\t\t\t\t\t  <\/div>\n\t\t\t\t\t\t\t\t\t  \n\t\t\t\t\t\t\t\t   <span class=\"yuzo__text--title\" style=\"font-size:13px;\">Ambientalistas: irregularidades no licenciamento d...<\/span>\n\t\t\t\t\t\t\t  \n\t\t\t\t\t\t\t  \n\t\t\t\t\t\t\t  <\/a>\n\n\t\t\t\t\t\t  <\/div>\n\t\t\t\t\t\t  <div class=\"relatedthumb \" style=\"width:125px;float:left;overflow:hidden;\">  \n\t\t\t\t\t\t\t  \n\t\t\t\t\t\t\t  <a  href=\"https:\/\/redept.com.br\/blogosfera\/mesmo-com-tregua-india-e-paquistao-mantem-tensao-e-risco-global-diz-professora\/\"  >\n\t\t\t\t\t\t\t\t\t  <div class=\"yuzo-img-wrap \" style=\"width: 125px;height:90px;\">\n\t\t\t\t\t\t\t\t\t\t\n\t\t\t\t\t\t\t\t\t\t<div class=\"yuzo-img\" style=\"background:url('https:\/\/redept.org\/blogosfera\/wp-content\/plugins\/yuzo-related-post\/assets\/images\/default.png') 50% 50% no-repeat;width: 125px;height:90px;margin-bottom: 5px;background-size: cover; \"><\/div>\n\t\t\t\t\t\t\t\t\t  <\/div>\n\t\t\t\t\t\t\t\t\t  \n\t\t\t\t\t\t\t\t   <span class=\"yuzo__text--title\" style=\"font-size:13px;\">Mesmo com tr\u00e9gua, \u00cdndia e Paquist\u00e3o mant\u00eam tens\u00e3o ...<\/span>\n\t\t\t\t\t\t\t  \n\t\t\t\t\t\t\t  \n\t\t\t\t\t\t\t  <\/a>\n\n\t\t\t\t\t\t  <\/div>\n\t\t\t\t\t\t  <div class=\"relatedthumb \" style=\"width:125px;float:left;overflow:hidden;\">  \n\t\t\t\t\t\t\t  \n\t\t\t\t\t\t\t  <a  href=\"https:\/\/redept.com.br\/blogosfera\/humberto-costa-encerra-mandato-na-presidencia-do-pt-celebrando-conquistas-e-conclamando-a-luta-por-um-brasil-justo\/\"  >\n\t\t\t\t\t\t\t\t\t  <div class=\"yuzo-img-wrap \" style=\"width: 125px;height:90px;\">\n\t\t\t\t\t\t\t\t\t\t\n\t\t\t\t\t\t\t\t\t\t<div class=\"yuzo-img\" style=\"background:url('https:\/\/redept.org\/blogosfera\/wp-content\/plugins\/yuzo-related-post\/assets\/images\/default.png') 50% 50% no-repeat;width: 125px;height:90px;margin-bottom: 5px;background-size: cover; \"><\/div>\n\t\t\t\t\t\t\t\t\t  <\/div>\n\t\t\t\t\t\t\t\t\t  \n\t\t\t\t\t\t\t\t   <span class=\"yuzo__text--title\" style=\"font-size:13px;\">Humberto Costa encerra mandato na Presid\u00eancia do P...<\/span>\n\t\t\t\t\t\t\t  \n\t\t\t\t\t\t\t  \n\t\t\t\t\t\t\t  <\/a>\n\n\t\t\t\t\t\t  <\/div>\n<\/div> <script>\n\t\t\t\t\t\t  jQuery(document).ready(function( $ ){\n\t\t\t\t\t\t\t\/\/jQuery('.yuzo_related_post').equalizer({ overflow : 'relatedthumb' });\n\t\t\t\t\t\t\tjQuery('.yuzo_related_post .yuzo_wraps').equalizer({ columns : '> div' });\n\t\t\t\t\t\t   })\n\t\t\t\t\t\t  <\/script> <!-- End Yuzo :) -->","protected":false},"excerpt":{"rendered":"<p>Dois pa\u00edses sul-americanos votam no domingo acossados por estrat\u00e9gias da ultradireita, que exploram percep\u00e7\u00f5es distorcidas de inseguran\u00e7a. A\u00e7\u00f5es reabrem portas para agendas autorit\u00e1rias. Os dois casos iluminam riscos que j\u00e1 se insinuam no Brasil de 2026<\/p>\n<p>The post <a href=\"https:\/\/outraspalavras.net\/estadoemdisputa\/chile-e-equador-vao-as-urnas-com-medo\/\">Chile e Equador v\u00e3o \u00e0s urnas com medo<\/a> appeared first on <a href=\"https:\/\/outraspalavras.net\/\">Outras Palavras<\/a>.<\/p>\n","protected":false},"author":2,"featured_media":64429,"comment_status":"open","ping_status":"closed","sticky":false,"template":"","format":"standard","meta":{"fifu_image_url":"","fifu_image_alt":"","footnotes":""},"categories":[347,571,3604,1023,9250,655,5509,394,9090,9422,9251,30042],"tags":[],"class_list":["post-64428","post","type-post","status-publish","format-standard","has-post-thumbnail","hentry","category-america-latina","category-chile","category-daniel-noboa","category-donald-trump","category-eleicoes-no-chile","category-equador","category-estado-em-disputa","category-estados-unidos","category-jeannette-jara","category-johannes-kaiser","category-jose-antonio-kast","category-referendo-no-equador"],"_links":{"self":[{"href":"https:\/\/redept.com.br\/blogosfera\/wp-json\/wp\/v2\/posts\/64428","targetHints":{"allow":["GET"]}}],"collection":[{"href":"https:\/\/redept.com.br\/blogosfera\/wp-json\/wp\/v2\/posts"}],"about":[{"href":"https:\/\/redept.com.br\/blogosfera\/wp-json\/wp\/v2\/types\/post"}],"author":[{"embeddable":true,"href":"https:\/\/redept.com.br\/blogosfera\/wp-json\/wp\/v2\/users\/2"}],"replies":[{"embeddable":true,"href":"https:\/\/redept.com.br\/blogosfera\/wp-json\/wp\/v2\/comments?post=64428"}],"version-history":[{"count":0,"href":"https:\/\/redept.com.br\/blogosfera\/wp-json\/wp\/v2\/posts\/64428\/revisions"}],"wp:featuredmedia":[{"embeddable":true,"href":"https:\/\/redept.com.br\/blogosfera\/wp-json\/wp\/v2\/media\/64429"}],"wp:attachment":[{"href":"https:\/\/redept.com.br\/blogosfera\/wp-json\/wp\/v2\/media?parent=64428"}],"wp:term":[{"taxonomy":"category","embeddable":true,"href":"https:\/\/redept.com.br\/blogosfera\/wp-json\/wp\/v2\/categories?post=64428"},{"taxonomy":"post_tag","embeddable":true,"href":"https:\/\/redept.com.br\/blogosfera\/wp-json\/wp\/v2\/tags?post=64428"}],"curies":[{"name":"wp","href":"https:\/\/api.w.org\/{rel}","templated":true}]}}