{"id":64796,"date":"2025-11-17T13:11:39","date_gmt":"2025-11-17T16:11:39","guid":{"rendered":"https:\/\/redept.com.br\/blogosfera\/o-que-os-coaches-nao-te-contaram-sobre-trabalho-do-futuro\/"},"modified":"2025-11-17T13:11:39","modified_gmt":"2025-11-17T16:11:39","slug":"o-que-os-coaches-nao-te-contaram-sobre-trabalho-do-futuro","status":"publish","type":"post","link":"https:\/\/redept.com.br\/blogosfera\/o-que-os-coaches-nao-te-contaram-sobre-trabalho-do-futuro\/","title":{"rendered":"O que os coaches n\u00e3o te contaram sobre trabalho do futuro?"},"content":{"rendered":"<p>\u201cO que os <em>Coaches<\/em> N\u00e3o te Contam Sobre o <a href=\"https:\/\/tvtnews.com.br\/tag\/trabalho\/\" data-type=\"post_tag\" data-id=\"4402\">Futuro do Trabalho<\/a>\u201d \u00e9 o t\u00edtulo do livro que os jornalistas Carlos Juliano Barros e <strong>Leonardo Sakamot<\/strong>o lan\u00e7am em <a href=\"https:\/\/tvtnews.com.br\/tag\/sao-paulo\/\" data-type=\"post_tag\" data-id=\"4578\">S\u00e3o Paulo<\/a> e em <a href=\"https:\/\/tvtnews.com.br\/tag\/brasilia\/\" data-type=\"post_tag\" data-id=\"4523\">Bras\u00edlia<\/a> nessa semana. Leia em <a href=\"http:\/\/tvtnews.com.br\/\" data-type=\"link\" data-id=\"tvtnews.com.br\" target=\"_blank\" rel=\"noopener noreferrer nofollow\">TVT News<\/a>.<\/p>\n<h2><strong>\u201cO que os <em>Coaches<\/em> N\u00e3o te Contam Sobre o Futuro do Trabalho\u201d: Barros e Sakamoto lan\u00e7am livro em SP e Bras\u00edlia<\/strong><\/h2>\n<p>Entre a ret\u00f3rica sedutora da liberdade e do <a href=\"https:\/\/tvtnews.com.br\/tag\/empreendedorismo\/\" data-type=\"post_tag\" data-id=\"4611\">empreendedorismo<\/a>, e a realidade de um pa\u00eds que ainda reproduz velhas formas de explora\u00e7\u00e3o, os jornalistas Carlos Juliano Barros e Leonardo Sakamoto lan\u00e7am um olhar cr\u00edtico, sens\u00edvel e urgente sobre as transforma\u00e7\u00f5es do trabalho no Brasil contempor\u00e2neo.<\/p>\n<p>Em <strong><em>O que os Coaches N\u00e3o te Contam Sobre o Futuro do Trabalho<\/em><\/strong>, os autores desconstroem o mito de que todo o trabalhador aut\u00f4nomo \u00e9 feliz, revelando como, sob o disfarce do \u201cpatr\u00e3o de si mesmo\u201d, milh\u00f5es de pessoas t\u00eam sido empurradas \u00e0 informalidade, \u00e0 hiperexplora\u00e7\u00e3o e \u00e0 perda de direitos b\u00e1sicos. Com o rigor jornal\u00edstico que marca suas trajet\u00f3rias e a empatia de quem h\u00e1 d\u00e9cadas escuta as vozes dos trabalhadores, Barros e Sakamoto mostram como o Brasil segue sendo terreno f\u00e9rtil para pr\u00e1ticas que remontam \u00e0 escravid\u00e3o e a outras formas de trabalho supostamente modernizadas sob o discurso da meritocracia.<\/p>\n<p>Em uma an\u00e1lise contundente sobre as transforma\u00e7\u00f5es econ\u00f4micas e tecnol\u00f3gicas recentes, os autores mostram como parte dos pol\u00edticos e do empresariado tem sido protagonista de um processo que esvazia direitos, amplia desigualdades e reconfigura as formas de explora\u00e7\u00e3o.<\/p>\n<\/p>\n<figure><img fetchpriority=\"high\" fetchpriority=\"high\" decoding=\"async\" width=\"547\" height=\"812\"src=\"https:\/\/redept.com.br\/blogosfera\/wp-content\/uploads\/2025\/11\/WhatsApp-Image-2025-11-17-at-123021.jpeg\" alt=\"o-que-os-coaches-nao-te-contaram-sobre-trabalho-do-futuro-tvt-news\" title=\"O que os coaches n\u00e3o te contaram sobre trabalho do futuro? 1\" srcset=\"https:\/\/redept.com.br\/blogosfera\/wp-content\/uploads\/2025\/11\/WhatsApp-Image-2025-11-17-at-123021.jpeg 547w, https:\/\/tvtnews.com.br\/wp-content\/uploads\/2025\/11\/WhatsApp-Image-2025-11-17-at-12.30.21-202x300.jpeg 202w\" sizes=\"(max-width: 547px) 100vw, 547px\"><figcaption>O livro, produzido a partir de textos publicados pela dupla no UOL e na Rep\u00f3rter Brasil, aborda desde velhas viola\u00e7\u00f5es, como o trabalho infantil, o trabalho escravo e a discrimina\u00e7\u00e3o de g\u00eanero, at\u00e9 novas express\u00f5es de precariedade. Imagem: Editora Alameda<\/figcaption><\/figure>\n<\/p>\n<p>O livro, produzido a partir de textos publicados pela dupla no UOL e na Rep\u00f3rter Brasil, aborda desde velhas viola\u00e7\u00f5es, como o trabalho infantil, o trabalho escravo e a discrimina\u00e7\u00e3o de g\u00eanero, at\u00e9 novas express\u00f5es de precariedade, como o falso empreendedorismo e a submiss\u00e3o de milh\u00f5es de pessoas a algoritmos e jornadas intermin\u00e1veis. Diante da emerg\u00eancia clim\u00e1tica e da revolu\u00e7\u00e3o da intelig\u00eancia artificial, o futuro do trabalho se torna ainda mais incerto e mais injusto.<\/p>\n<p>Ao unir narrativa envolvente, dados contundentes e uma profunda sensibilidade social, Barros e Sakamoto produzem uma obra essencial para compreender o presente e repensar o amanh\u00e3.<\/p>\n<p><em>O que os Coaches N\u00e3o te Contam Sobre o Futuro do Trabalho<\/em> \u00e9 um chamado \u00e0 reflex\u00e3o e \u00e0 a\u00e7\u00e3o em defesa da dignidade humana e do valor do trabalho.<\/p>\n<h3>Confira quando ser\u00e3o os l<strong>an\u00e7amentos de <strong>\u201cO que os <em>Coaches<\/em> N\u00e3o te Contam Sobre o Futuro do Trabalho\u201d<\/strong><\/strong><\/h3>\n<\/p>\n<div>\n<div>\n<h4>Lan\u00e7amento em <strong>S\u00e3o Paulo \u2013 Dia 17 de novembro, 19h<\/strong><\/h4>\n<p>Bate-papo com convidados no Teatro Cultura Art\u00edstica e aut\u00f3grafos na Livraria Megafauna. Mesa com<strong> <\/strong>o antrop\u00f3logo Michel Alcoforado, a psicanalista Vera Iaconelli, a influenciadora do canal Faxina Boa, Veronica Oliveira, e o jornalista Carlos Julianos Barros. Media\u00e7\u00e3o: Leonardo Sakamoto.<\/p>\n<\/p>\n<h4>Lan\u00e7amento em <strong>Bras\u00edlia \u2013 Dia 18 de novembro, 19h30<\/strong><\/h4>\n<p>Bate-papo com convidados na livraria Plat\u00f4. Mesa com<strong> <\/strong>Luiz Philippe Vieira de Mello Filho, presidente do TST; Augusto C\u00e9sar, diretor da Enamat; Guilherme Boulos, ministro-chefe da Secretaria-Geral da Presid\u00eancia; Margareth Menezes, ministra da Cultura; Tal\u00edria Petrone, deputada federal; Aur\u00e9lio Rios, subprocurador-geral da Rep\u00fablica; e o jornalista Carlos Julianos Barros. Media\u00e7\u00e3o: Leonardo Sakamoto.<\/p>\n<\/div>\n<div>\n<figure><img decoding=\"async\" width=\"819\" height=\"1024\"src=\"https:\/\/redept.com.br\/blogosfera\/wp-content\/uploads\/2025\/11\/WhatsApp-Image-2025-11-17-at-123023.jpeg\" alt=\"o-que-os-coaches-nao-te-contaram-sobre-trabalho-do-futuro-tvt-news\" title=\"O que os coaches n\u00e3o te contaram sobre trabalho do futuro? 2\" srcset=\"https:\/\/tvtnews.com.br\/wp-content\/uploads\/2025\/11\/WhatsApp-Image-2025-11-17-at-12.30.23-819x1024.jpeg 819w, https:\/\/tvtnews.com.br\/wp-content\/uploads\/2025\/11\/WhatsApp-Image-2025-11-17-at-12.30.23-240x300.jpeg 240w, https:\/\/tvtnews.com.br\/wp-content\/uploads\/2025\/11\/WhatsApp-Image-2025-11-17-at-12.30.23-768x960.jpeg 768w, https:\/\/tvtnews.com.br\/wp-content\/uploads\/2025\/11\/WhatsApp-Image-2025-11-17-at-12.30.23-1229x1536.jpeg 1229w, https:\/\/redept.com.br\/blogosfera\/wp-content\/uploads\/2025\/11\/WhatsApp-Image-2025-11-17-at-123023.jpeg 1280w\" sizes=\"(max-width: 819px) 100vw, 819px\"><\/figure>\n<\/div>\n<\/div>\n<h3><strong>Sobre os autores de <strong>\u201cO que os <em>Coaches<\/em> N\u00e3o te Contam Sobre o Futuro do Trabalho\u201d<\/strong><\/strong><\/h3>\n<p><strong>Carlos Juliano Barros <\/strong>\u00e9 jornalista e mestre em Geografia pela Universidade de S\u00e3o Paulo. H\u00e1 anos vem se dedicando \u00e0 cobertura de temas relacionados ao mundo do trabalho. Nessa \u00e1rea, j\u00e1 dirigiu quatro document\u00e1rios de longa e m\u00e9dia-metragem, selecionados para importantes festivais dentro e fora do pa\u00eds. O mais recente deles, \u201cGIG \u2013 A Uberiza\u00e7\u00e3o do Trabalho\u201d (2019), produzido pela Rep\u00f3rter Brasil e exibido pela Globo News e pelo Canal Brasil, foi finalista na categoria imagem do Pr\u00eamio Gabriel Garc\u00eda M\u00e1rquez. Tamb\u00e9m \u00e9 criador, roteirista e apresentador do podcast \u201cTrabalheira\/R\u00e1dio Batente\u201d, eleito pelo Spotify um dos destaques de 2020. J\u00e1 colaborou para diversas publica\u00e7\u00f5es, como BBC Brasil, Folha de S. Paulo, Rolling Stone e The Guardian. Um dos fundadores da Rep\u00f3rter Brasil e seu gerente de jornalismo, recebeu o Pr\u00eamio Vladimir Herzog de Anistias e Direitos Humanos em duas oportunidades. \u00c9 colunista do portal UOL.<\/p>\n<p><a><\/a><strong>Leonardo Sakamoto <\/strong>\u00e9 jornalista e doutor em Ci\u00eancia Pol\u00edtica pela Universidade de S\u00e3o Paulo. Cobriu conflitos armados em pa\u00edses como Timor Leste e Angola e viola\u00e7\u00f5es aos direitos humanos em todos os estados brasileiros. Professor de Jornalismo na PUC-SP, foi pesquisador visitante do Departamento de Pol\u00edtica da New School, em Nova York (2015-2016), e professor de Jornalismo na ECA-USP (2000-2002). Fundador e diretor da ONG Rep\u00f3rter Brasil, foi conselheiro do Fundo das Na\u00e7\u00f5es Unidas para Formas Contempor\u00e2neas de Escravid\u00e3o (2014-2020) e comiss\u00e1rio da Liechtenstein Initiative \u2013 Comiss\u00e3o Global do Setor Financeiro contra a Escravid\u00e3o Moderna e o Tr\u00e1fico de Seres Humanos (2018-2019). \u00c9 autor de Pequenos Contos Para Come\u00e7ar o Dia (2012), O que Aprendi Sendo Xingado na Internet (2016), Escravid\u00e3o Contempor\u00e2nea (2020), entre outros livros. \u00c9 colunista da revista New Internationalist, na Inglaterra, comentarista do Jornal da Cultura e colunista do portal UOL.<\/p>\n<p>Livro: <em>O que Coaches n\u00e3o te Contam Sobre o Futuro do Trabalho<\/em><br \/>Autores: Carlos Juliano Barros e Leonardo Sakamoto.<br \/>P\u00e1ginas: 242<\/p>\n<p>Pre\u00e7o: R$ 78,00<br \/>Editora: <a href=\"https:\/\/www.alamedaeditorial.com.br\/\" data-type=\"link\" data-id=\"https:\/\/www.alamedaeditorial.com.br\/\" target=\"_blank\" rel=\"noopener noreferrer nofollow\">Alameda<\/a><br \/>Ano de publica\u00e7\u00e3o: 2025<\/p>\n<p>ISBN: 978-655-966-372-9<\/p>\n<p>The post <a rel=\"nofollow\" href=\"https:\/\/tvtnews.com.br\/o-que-os-coaches-nao-te-contaram-sobre-trabalho\/\">O que os coaches n\u00e3o te contaram sobre trabalho do futuro?<\/a> appeared first on <a rel=\"nofollow\" href=\"https:\/\/tvtnews.com.br\/\">TVT News<\/a>.<\/p>\n<!-- Begin Yuzo --><div class='yuzo_related_post style-1'  data-version='5.12.89'><!-- without result --><div class='yuzo_clearfixed yuzo__title yuzo__title'><h3>Related Post<\/h3><\/div>\n\t\t\t\t\t\t  <div class=\"relatedthumb \" style=\"width:125px;float:left;overflow:hidden;\">  \n\t\t\t\t\t\t\t  \n\t\t\t\t\t\t\t  <a  href=\"https:\/\/redept.com.br\/blogosfera\/conselho-nacional-de-direitos-humanos-denuncia-governo-trump-na-onu\/\"  >\n\t\t\t\t\t\t\t\t\t  <div class=\"yuzo-img-wrap \" style=\"width: 125px;height:90px;\">\n\t\t\t\t\t\t\t\t\t\t\n\t\t\t\t\t\t\t\t\t\t<div class=\"yuzo-img\" style=\"background:url('https:\/\/redept.org\/blogosfera\/wp-content\/plugins\/yuzo-related-post\/assets\/images\/default.png') 50% 50% no-repeat;width: 125px;height:90px;margin-bottom: 5px;background-size: cover; \"><\/div>\n\t\t\t\t\t\t\t\t\t  <\/div>\n\t\t\t\t\t\t\t\t\t  \n\t\t\t\t\t\t\t\t   <span class=\"yuzo__text--title\" style=\"font-size:13px;\">Conselho Nacional de Direitos Humanos denuncia gov...<\/span>\n\t\t\t\t\t\t\t  \n\t\t\t\t\t\t\t  \n\t\t\t\t\t\t\t  <\/a>\n\n\t\t\t\t\t\t  <\/div>\n\t\t\t\t\t\t  <div class=\"relatedthumb \" style=\"width:125px;float:left;overflow:hidden;\">  \n\t\t\t\t\t\t\t  \n\t\t\t\t\t\t\t  <a  href=\"https:\/\/redept.com.br\/blogosfera\/reconhecimento-a-hipolita-jacinta-destaca-papel-historico-das-mulheres\/\"  >\n\t\t\t\t\t\t\t\t\t  <div class=\"yuzo-img-wrap \" style=\"width: 125px;height:90px;\">\n\t\t\t\t\t\t\t\t\t\t\n\t\t\t\t\t\t\t\t\t\t<div class=\"yuzo-img\" style=\"background:url('https:\/\/redept.org\/blogosfera\/wp-content\/plugins\/yuzo-related-post\/assets\/images\/default.png') 50% 50% no-repeat;width: 125px;height:90px;margin-bottom: 5px;background-size: cover; \"><\/div>\n\t\t\t\t\t\t\t\t\t  <\/div>\n\t\t\t\t\t\t\t\t\t  \n\t\t\t\t\t\t\t\t   <span class=\"yuzo__text--title\" style=\"font-size:13px;\">Reconhecimento a Hip\u00f3lita Jacinta destaca papel hi...<\/span>\n\t\t\t\t\t\t\t  \n\t\t\t\t\t\t\t  \n\t\t\t\t\t\t\t  <\/a>\n\n\t\t\t\t\t\t  <\/div>\n\t\t\t\t\t\t  <div class=\"relatedthumb \" style=\"width:125px;float:left;overflow:hidden;\">  \n\t\t\t\t\t\t\t  \n\t\t\t\t\t\t\t  <a  href=\"https:\/\/redept.com.br\/blogosfera\/reducao-da-jornada-de-trabalho-65-dos-brasileiros-apoiam-a-mudanca\/\"  >\n\t\t\t\t\t\t\t\t\t  <div class=\"yuzo-img-wrap \" style=\"width: 125px;height:90px;\">\n\t\t\t\t\t\t\t\t\t\t\n\t\t\t\t\t\t\t\t\t\t<div class=\"yuzo-img\" style=\"background:url('https:\/\/redept.org\/blogosfera\/wp-content\/plugins\/yuzo-related-post\/assets\/images\/default.png') 50% 50% no-repeat;width: 125px;height:90px;margin-bottom: 5px;background-size: cover; \"><\/div>\n\t\t\t\t\t\t\t\t\t  <\/div>\n\t\t\t\t\t\t\t\t\t  \n\t\t\t\t\t\t\t\t   <span class=\"yuzo__text--title\" style=\"font-size:13px;\">Redu\u00e7\u00e3o da jornada de trabalho: 65% dos brasileiro...<\/span>\n\t\t\t\t\t\t\t  \n\t\t\t\t\t\t\t  \n\t\t\t\t\t\t\t  <\/a>\n\n\t\t\t\t\t\t  <\/div>\n\t\t\t\t\t\t  <div class=\"relatedthumb \" style=\"width:125px;float:left;overflow:hidden;\">  \n\t\t\t\t\t\t\t  \n\t\t\t\t\t\t\t  <a  href=\"https:\/\/redept.com.br\/blogosfera\/brasil-e-condenado-pela-chacina-de-acari-que-deixou-11-jovens-desaparecidos-em-1999-no-rio-de-janeiro\/\"  >\n\t\t\t\t\t\t\t\t\t  <div class=\"yuzo-img-wrap \" style=\"width: 125px;height:90px;\">\n\t\t\t\t\t\t\t\t\t\t\n\t\t\t\t\t\t\t\t\t\t<div class=\"yuzo-img\" style=\"background:url('https:\/\/redept.org\/blogosfera\/wp-content\/plugins\/yuzo-related-post\/assets\/images\/default.png') 50% 50% no-repeat;width: 125px;height:90px;margin-bottom: 5px;background-size: cover; \"><\/div>\n\t\t\t\t\t\t\t\t\t  <\/div>\n\t\t\t\t\t\t\t\t\t  \n\t\t\t\t\t\t\t\t   <span class=\"yuzo__text--title\" style=\"font-size:13px;\">Brasil \u00e9 condenado pela chacina de Acari, que deix...<\/span>\n\t\t\t\t\t\t\t  \n\t\t\t\t\t\t\t  \n\t\t\t\t\t\t\t  <\/a>\n\n\t\t\t\t\t\t  <\/div>\n<\/div> <script>\n\t\t\t\t\t\t  jQuery(document).ready(function( $ ){\n\t\t\t\t\t\t\t\/\/jQuery('.yuzo_related_post').equalizer({ overflow : 'relatedthumb' });\n\t\t\t\t\t\t\tjQuery('.yuzo_related_post .yuzo_wraps').equalizer({ columns : '> div' });\n\t\t\t\t\t\t   })\n\t\t\t\t\t\t  <\/script> <!-- End Yuzo :) -->","protected":false},"excerpt":{"rendered":"<p>\u201cO que os Coaches N\u00e3o te Contam Sobre o Futuro do Trabalho\u201d \u00e9 o t\u00edtulo do livro que os jornalistas Carlos Juliano Barros e Leonardo Sakamoto lan\u00e7am em S\u00e3o Paulo e em Bras\u00edlia nessa semana. Leia em TVT News. \u201cO que os Coaches N\u00e3o te Contam Sobre o Futuro do Trabalho\u201d: Barros e Sakamoto lan\u00e7am [&hellip;]<\/p>\n","protected":false},"author":2,"featured_media":0,"comment_status":"open","ping_status":"closed","sticky":false,"template":"","format":"standard","meta":{"fifu_image_url":"","fifu_image_alt":"","footnotes":""},"categories":[473,221,1258,377],"tags":[],"class_list":["post-64796","post","type-post","status-publish","format-standard","hentry","category-destaque-medio","category-economia","category-empreendedorismo","category-trabalho"],"_links":{"self":[{"href":"https:\/\/redept.com.br\/blogosfera\/wp-json\/wp\/v2\/posts\/64796","targetHints":{"allow":["GET"]}}],"collection":[{"href":"https:\/\/redept.com.br\/blogosfera\/wp-json\/wp\/v2\/posts"}],"about":[{"href":"https:\/\/redept.com.br\/blogosfera\/wp-json\/wp\/v2\/types\/post"}],"author":[{"embeddable":true,"href":"https:\/\/redept.com.br\/blogosfera\/wp-json\/wp\/v2\/users\/2"}],"replies":[{"embeddable":true,"href":"https:\/\/redept.com.br\/blogosfera\/wp-json\/wp\/v2\/comments?post=64796"}],"version-history":[{"count":0,"href":"https:\/\/redept.com.br\/blogosfera\/wp-json\/wp\/v2\/posts\/64796\/revisions"}],"wp:attachment":[{"href":"https:\/\/redept.com.br\/blogosfera\/wp-json\/wp\/v2\/media?parent=64796"}],"wp:term":[{"taxonomy":"category","embeddable":true,"href":"https:\/\/redept.com.br\/blogosfera\/wp-json\/wp\/v2\/categories?post=64796"},{"taxonomy":"post_tag","embeddable":true,"href":"https:\/\/redept.com.br\/blogosfera\/wp-json\/wp\/v2\/tags?post=64796"}],"curies":[{"name":"wp","href":"https:\/\/api.w.org\/{rel}","templated":true}]}}