{"id":65111,"date":"2025-11-18T16:21:16","date_gmt":"2025-11-18T19:21:16","guid":{"rendered":"https:\/\/redept.com.br\/blogosfera\/jbs-comprou-gado-de-fazenda-em-area-de-conflito-no-ms-onde-indigena-foi-morto\/"},"modified":"2025-11-18T16:21:16","modified_gmt":"2025-11-18T19:21:16","slug":"jbs-comprou-gado-de-fazenda-em-area-de-conflito-no-ms-onde-indigena-foi-morto","status":"publish","type":"post","link":"https:\/\/redept.com.br\/blogosfera\/jbs-comprou-gado-de-fazenda-em-area-de-conflito-no-ms-onde-indigena-foi-morto\/","title":{"rendered":"JBS comprou gado de fazenda em \u00e1rea de conflito no MS onde ind\u00edgena foi morto"},"content":{"rendered":"<p><strong>A JBS<\/strong>, multinacional brasileira e maior exportadora de prote\u00edna animal do mundo, comprou gado da Fazenda Cachoeira, onde um ind\u00edgena Guarani Kaiow\u00e1 foi morto com um tiro na testa no \u00faltimo domingo (16), no munic\u00edpio de Iguatemi (MS). O ataque que matou Vicente Fernandes Vilhalva aconteceu por volta das 4h e, de acordo com os ind\u00edgenas, foi feito por cerca de 20 pistoleiros.<\/p>\n<p>Em maio de 2024, a JBS comprou animais da Agropecu\u00e1ria Santa Cruz, empresa propriet\u00e1ria da Fazenda Cachoeira. O gado comprado foi enviado ao frigor\u00edfico da empresa da cidade de Navira\u00ed (MS), segundo documento de tr\u00e2nsito do rebanho acessado pela <strong>Rep\u00f3rter Brasil<\/strong>.\u00a0<\/p>\n<p>Questionada sobre a aquisi\u00e7\u00e3o de gado de fazenda em \u00e1rea sobreposta \u00e0 Terra Ind\u00edgena, a JBS informou que \u201cas compras foram todas regulares segundo o protocolo setorial\u201d. A empresa declarou ainda que a transa\u00e7\u00e3o segue a pol\u00edtica da empresa j\u00e1 que a TI \u201cest\u00e1 em fase \u2018delimitada\u2019 e com processo demarcat\u00f3rio sem conclus\u00e3o\u2019\u201d.<\/p>\n<div data-elementor-type=\"section\" data-elementor-id=\"77670\" data-elementor-post-type=\"elementor_library\">\n<div data-id=\"17a659f\" data-element_type=\"container\" data-settings='{\"background_background\":\"classic\"}'>\n<div>\n<div data-id=\"386385d\" data-element_type=\"widget\" data-widget_type=\"heading.default\">\n<div>\n<h2>ASSINE NOSSA NEWSLETTER<\/h2>\n<\/p><\/div>\n<\/p><\/div>\n<div data-id=\"6546917\" data-element_type=\"widget\" data-widget_type=\"html.default\">\n<div>\n\t\t\t\t\t\t\t\t\t<\/div>\n<\/p><\/div>\n<div data-id=\"8c2e333\" data-element_type=\"widget\" data-settings='{\"button_width\":\"20\",\"step_next_label\":\"Next\",\"step_previous_label\":\"Previous\",\"button_width_mobile\":\"20\",\"step_type\":\"number_text\",\"step_icon_shape\":\"circle\"}' data-widget_type=\"form.default\">\n<div>\n<div>\n<div>\n\t\t\t\t\t\t\t\t\t\t\t\t<label for=\"form-field-email\"><br \/>\n\t\t\t\t\t\t\t\tEmail\t\t\t\t\t\t\t<\/label><\/p><\/div>\n<div>\n\t\t\t\t\t<button type=\"submit\"><br \/>\n\t\t\t\t\t\t<span><br \/>\n\t\t\t\t\t\t\t\t\t\t\t\t\t\t\t<span><br \/>\n\t\t\t\t\t\t\t\t\t<i aria-hidden=\"true\"><\/i>\t\t\t\t\t\t\t\t\t\t\t\t\t\t\t\t\t\t\t<span>Submit<\/span><br \/>\n\t\t\t\t\t\t\t\t\t\t\t\t\t\t\t\t\t<\/span><br \/>\n\t\t\t\t\t\t\t\t\t\t\t\t\t\t\t\t\t\t\t\t<\/span><br \/>\n\t\t\t\t\t<\/button>\n\t\t\t\t<\/div>\n<\/p><\/div>\n<\/p><\/div>\n<\/p><\/div>\n<\/p><\/div>\n<\/p><\/div>\n<\/p><\/div>\n<p>Segundo os ind\u00edgenas, o ataque ocorreu em resposta \u00e0 retomada (ocupa\u00e7\u00e3o) Pyelito Kue. Desde 3 de novembro os Guarani Kaiow\u00e1 acampam em uma \u00e1rea da TI (Terra Ind\u00edgena) Iguatemipegu\u00e1 I onde est\u00e1 a Fazenda Cachoeira.\u00a0<\/p>\n<p>A propriedade \u00e9 uma das 44 que, de acordo com a Funai (Funda\u00e7\u00e3o Nacional dos Povos Ind\u00edgenas), est\u00e3o sobrepostas \u00e0 TI Iguatemipegu\u00e1 I. O territ\u00f3rio abarca os <em>tekohas<\/em> (\u201clugar onde se \u00e9\u201d, em guarani) Pyelito Kue e Mbaraka\u2019y e j\u00e1 teve os seus 41.714 hectares identificados e delimitados pelo \u00f3rg\u00e3o em 2013. O processo demarcat\u00f3rio, no entanto, n\u00e3o avan\u00e7ou desde ent\u00e3o.\u00a0<\/p>\n<p>Os ind\u00edgenas se dizem cansados de esperar e alegam passar fome por viver em uma aldeia de 97 hectares rodeada de monocultura de eucalipto e pastagem de gado. Diante deste cen\u00e1rio,\u00a0 os Guarani Kaiow\u00e1 decidiram retomar parte do territ\u00f3rio que consideram tradicional e, assim, avan\u00e7ar no que chamam de autodemarca\u00e7\u00e3o.\u00a0<\/p>\n<p>Ao longo das duas semanas em que ocupam a \u00e1rea da Fazenda Cachoeira, os ind\u00edgenas relataram que foram alvos de quatro ataques armados. A reportagem esteve no local na semana passada e viu barracos e pertences incendiados. Tamb\u00e9m ouviu os relatos de que ao menos sete ind\u00edgenas foram alvejados por balas de borracha e um por bala letal. Eles contaram ainda que duas crian\u00e7as se machucaram quando as m\u00e3es que as carregavam ca\u00edram no ch\u00e3o.<\/p>\n<p>A <strong>Rep\u00f3rter Brasil <\/strong>tamb\u00e9m tentou contato com a Agropecu\u00e1ria Santa Cruz, mas n\u00e3o obteve resposta at\u00e9 o fechamento da mat\u00e9ria. Caso haja retorno, o texto ser\u00e1 atualizado.\u00a0\u00a0<\/p>\n<figure><img fetchpriority=\"high\" fetchpriority=\"high\" decoding=\"async\" width=\"1024\" height=\"768\"src=\"https:\/\/redept.com.br\/blogosfera\/wp-content\/uploads\/2025\/11\/acampamento-queimado.jpeg\" alt=\"\" srcset=\"https:\/\/reporterbrasil.org.br\/wp-content\/uploads\/2025\/11\/acampamento-queimado-1024x768.jpeg 1024w, https:\/\/reporterbrasil.org.br\/wp-content\/uploads\/2025\/11\/acampamento-queimado-300x225.jpeg 300w, https:\/\/reporterbrasil.org.br\/wp-content\/uploads\/2025\/11\/acampamento-queimado-768x576.jpeg 768w, https:\/\/reporterbrasil.org.br\/wp-content\/uploads\/2025\/11\/acampamento-queimado-1536x1152.jpeg 1536w, https:\/\/redept.com.br\/blogosfera\/wp-content\/uploads\/2025\/11\/acampamento-queimado.jpeg 1600w\" sizes=\"(max-width: 1024px) 100vw, 1024px\"><figcaption>Acampamento incendiado Fazenda Cachoeira, em Iguatemi (MS). Ind\u00edgenas Guarani Kaiowa relatam ataques (Reprodu\u00e7\u00e3o\/Comunidade Pyelito Kue)<\/figcaption><\/figure>\n<h2>Vicente \u00e9 enterrado em \u00e1rea retomada da fazenda<\/h2>\n<p>Ao longo da \u00faltima segunda-feira (17), sob chuva, a comunidade de Pyelito Kue velou o corpo de Vicente Vilhava, de 36 anos. O ind\u00edgena Guarani Kaiow\u00e1 foi enterrado no fim do dia, no lugar onde foi morto: em meio \u00e0 pastagem de gado da Fazenda Cachoeira, informaram os Guarani Kaiow\u00e1. Dos quatro ind\u00edgenas feridos, um segue internado no hospital em Dourados (MS), tamb\u00e9m de acordo com os ind\u00edgenas.\u00a0<\/p>\n<p>A For\u00e7a Nacional de Seguran\u00e7a P\u00fablica, que desde o dia 5 de novembro, depois de a comunidade relatar tr\u00eas ataques, fez patrulhas pontuais na regi\u00e3o, esteve hoje\u00a0 no local onde Vilhava foi morto. Perguntado se a presen\u00e7a dos agentes ser\u00e1, a partir de agora, fixa no local, o Minist\u00e9rio da Justi\u00e7a e Seguran\u00e7a P\u00fablica n\u00e3o confirmou.\u00a0<\/p>\n<p>Em nota, a pasta chefiada por Ricardo Lewandowski informou que a atua\u00e7\u00e3o da For\u00e7a Nacional\u00a0 \u00e9 \u201cininterrupta\u201d na regi\u00e3o da fronteira do Mato Grosso do Sul e que \u201cocorre em car\u00e1ter de apoio\u201d \u00e0 Pol\u00edcia Federal, Funai e \u00f3rg\u00e3os de seguran\u00e7a estaduais. O MJSP informou, ainda, que \u201crefor\u00e7ou o patrulhamento\u201d na regi\u00e3o da comunidade de Pyelito Kue.\u00a0\u00a0\u00a0<\/p>\n<p>Horas antes do enterro de Vicente Vilhalva, a Justi\u00e7a Federal da 3\u00aa Regi\u00e3o proibiu for\u00e7as policiais do Estado do Mato Grosso do Sul de praticar qualquer ato de despejo ou retirada dos ind\u00edgenas de Pyelito Kue, bem como de seus pertences, da \u00e1rea ocupada na Fazenda Cachoeira. Segundo a decis\u00e3o, a remo\u00e7\u00e3o s\u00f3 poder\u00e1 ocorrer se houver ordem judicial. O descumprimento da decis\u00e3o acarretar\u00e1 em multa de R$1 milh\u00e3o, a ser revertido para a comunidade.\u00a0<\/p>\n<p>\u201cA Funai est\u00e1 aqui, mas estamos aguardando que venham outras autoridades\u201d, afirma Ku\u00f1ai Guarani Kaiow\u00e1, moradora de Pyelito Kue. \u201cEm vez de abaixar a cabe\u00e7a, agora que perdemos nosso guerreiro, vamos para cima\u201d, diz. \u201cEstamos aqui na luta. Desistir jamais. N\u00e3o vamos recuar\u201d, complementa Xe Ryvy Rendy\u2019i, outra lideran\u00e7a da comunidade.<\/p>\n<p>\u201cN\u00e3o estamos desanimados\u201d, descreve Lide Solano, cacique de Pyelito Kue. \u201cA resposta ao que estamos passando tem que ser a demarca\u00e7\u00e3o. Agora \u00e9 que veio ainda mais coragem\u201d, ressalta.\u00a0<\/p>\n<div data-elementor-type=\"container\" data-elementor-id=\"75228\" data-elementor-post-type=\"elementor_library\">\n<div data-id=\"5e8db1e6\" data-element_type=\"container\">\n<div>\n<div data-id=\"36eb6c91\" data-element_type=\"container\">\n<div>\n<div data-id=\"6f52f515\" data-element_type=\"container\">\n<div data-id=\"65d9f401\" data-element_type=\"widget\" data-widget_type=\"divider.default\">\n<div>\n<div>\n\t\t\t<span><br \/>\n\t\t\t\t\t\t<\/span>\n\t\t<\/div>\n<\/p><\/div>\n<\/p><\/div>\n<\/p><\/div>\n<div data-id=\"134a1245\" data-element_type=\"container\">\n<div>\n<div data-id=\"10fe55fe\" data-element_type=\"widget\" data-widget_type=\"text-editor.default\">\n<div>\n<p>Leia tamb\u00e9m<\/p>\n<\/p><\/div>\n<\/p><\/div>\n<\/p><\/div>\n<\/p><\/div>\n<\/p><\/div>\n<\/p><\/div>\n<div data-id=\"3c9495ae\" data-element_type=\"widget\" data-settings='{\"template_id\":\"75221\",\"columns\":1,\"row_gap\":{\"unit\":\"px\",\"size\":10,\"sizes\":[]},\"_skin\":\"post\",\"columns_tablet\":\"2\",\"columns_mobile\":\"1\",\"edit_handle_selector\":\"[data-elementor-type=\"loop-item\"]\",\"row_gap_tablet\":{\"unit\":\"px\",\"size\":\"\",\"sizes\":[]},\"row_gap_mobile\":{\"unit\":\"px\",\"size\":\"\",\"sizes\":[]}}' data-widget_type=\"loop-grid.post\">\n<div>\n<div>\n\t\t<\/div>\n<\/p><\/div>\n<\/p><\/div>\n<\/p><\/div>\n<\/p><\/div>\n<\/p><\/div>\n<\/p>\n<p>The post JBS comprou gado de fazenda em \u00e1rea de conflito no MS onde ind\u00edgena foi morto appeared first on Rep\u00f3rter Brasil.<\/p>\n<!-- Begin Yuzo --><div class='yuzo_related_post style-1'  data-version='5.12.89'><!-- without result --><div class='yuzo_clearfixed yuzo__title yuzo__title'><h3>Related Post<\/h3><\/div>\n\t\t\t\t\t\t  <div class=\"relatedthumb \" style=\"width:125px;float:left;overflow:hidden;\">  \n\t\t\t\t\t\t\t  \n\t\t\t\t\t\t\t  <a  href=\"https:\/\/redept.com.br\/blogosfera\/dirceu-convence-sadi-que-governo-lula-tem-base-de-centro-direita-e-a-realidade-eleitoral-video\/\"  >\n\t\t\t\t\t\t\t\t\t  <div class=\"yuzo-img-wrap \" style=\"width: 125px;height:90px;\">\n\t\t\t\t\t\t\t\t\t\t\n\t\t\t\t\t\t\t\t\t\t<div class=\"yuzo-img\" style=\"background:url('https:\/\/redept.org\/blogosfera\/wp-content\/plugins\/yuzo-related-post\/assets\/images\/default.png') 50% 50% no-repeat;width: 125px;height:90px;margin-bottom: 5px;background-size: cover; \"><\/div>\n\t\t\t\t\t\t\t\t\t  <\/div>\n\t\t\t\t\t\t\t\t\t  \n\t\t\t\t\t\t\t\t   <span class=\"yuzo__text--title\" style=\"font-size:13px;\">Dirceu convence Sadi que governo Lula tem base de ...<\/span>\n\t\t\t\t\t\t\t  \n\t\t\t\t\t\t\t  \n\t\t\t\t\t\t\t  <\/a>\n\n\t\t\t\t\t\t  <\/div>\n\t\t\t\t\t\t  <div class=\"relatedthumb \" style=\"width:125px;float:left;overflow:hidden;\">  \n\t\t\t\t\t\t\t  \n\t\t\t\t\t\t\t  <a  href=\"https:\/\/sul21.com.br\/opiniao\/2025\/08\/chantagem-politica-retaliacao-internacional-e-o-silencio-cumplice-o-custo-da-crise-para-sao-leopoldo-por-alessandro-fernandes\/\"  >\n\t\t\t\t\t\t\t\t\t  <div class=\"yuzo-img-wrap \" style=\"width: 125px;height:90px;\">\n\t\t\t\t\t\t\t\t\t\t\n\t\t\t\t\t\t\t\t\t\t<div class=\"yuzo-img\" style=\"background:url('https:\/\/redept.org\/blogosfera\/wp-content\/plugins\/yuzo-related-post\/assets\/images\/default.png') 50% 50% no-repeat;width: 125px;height:90px;margin-bottom: 5px;background-size: cover; \"><\/div>\n\t\t\t\t\t\t\t\t\t  <\/div>\n\t\t\t\t\t\t\t\t\t  \n\t\t\t\t\t\t\t\t   <span class=\"yuzo__text--title\" style=\"font-size:13px;\">Chantagem pol\u00edtica, retalia\u00e7\u00e3o internacional e o s...<\/span>\n\t\t\t\t\t\t\t  \n\t\t\t\t\t\t\t  \n\t\t\t\t\t\t\t  <\/a>\n\n\t\t\t\t\t\t  <\/div>\n\t\t\t\t\t\t  <div class=\"relatedthumb \" style=\"width:125px;float:left;overflow:hidden;\">  \n\t\t\t\t\t\t\t  \n\t\t\t\t\t\t\t  <a  href=\"https:\/\/redept.com.br\/blogosfera\/centro-mariantonia-celebra-50-anos-do-jornal-movimento-com-evento-gratuito\/\"  >\n\t\t\t\t\t\t\t\t\t  <div class=\"yuzo-img-wrap \" style=\"width: 125px;height:90px;\">\n\t\t\t\t\t\t\t\t\t\t\n\t\t\t\t\t\t\t\t\t\t<div class=\"yuzo-img\" style=\"background:url('https:\/\/redept.com.br\/blogosfera\/wp-content\/uploads\/2025\/09\/capa-vermelho-jornal-movimento-150x150.png') 50% 50% no-repeat;width: 125px;height:90px;margin-bottom: 5px;background-size: cover; \"><\/div>\n\t\t\t\t\t\t\t\t\t  <\/div>\n\t\t\t\t\t\t\t\t\t  \n\t\t\t\t\t\t\t\t   <span class=\"yuzo__text--title\" style=\"font-size:13px;\">Centro MariAntonia celebra 50 anos do jornal Movim...<\/span>\n\t\t\t\t\t\t\t  \n\t\t\t\t\t\t\t  \n\t\t\t\t\t\t\t  <\/a>\n\n\t\t\t\t\t\t  <\/div>\n\t\t\t\t\t\t  <div class=\"relatedthumb \" style=\"width:125px;float:left;overflow:hidden;\">  \n\t\t\t\t\t\t\t  \n\t\t\t\t\t\t\t  <a  href=\"https:\/\/redept.com.br\/blogosfera\/projeto-que-criminaliza-misoginia-e-aprovado-no-senado-e-segue-para-a-camara\/\"  >\n\t\t\t\t\t\t\t\t\t  <div class=\"yuzo-img-wrap \" style=\"width: 125px;height:90px;\">\n\t\t\t\t\t\t\t\t\t\t\n\t\t\t\t\t\t\t\t\t\t<div class=\"yuzo-img\" style=\"background:url('https:\/\/redept.org\/blogosfera\/wp-content\/plugins\/yuzo-related-post\/assets\/images\/default.png') 50% 50% no-repeat;width: 125px;height:90px;margin-bottom: 5px;background-size: cover; \"><\/div>\n\t\t\t\t\t\t\t\t\t  <\/div>\n\t\t\t\t\t\t\t\t\t  \n\t\t\t\t\t\t\t\t   <span class=\"yuzo__text--title\" style=\"font-size:13px;\">Projeto que criminaliza misoginia \u00e9 aprovado no Se...<\/span>\n\t\t\t\t\t\t\t  \n\t\t\t\t\t\t\t  \n\t\t\t\t\t\t\t  <\/a>\n\n\t\t\t\t\t\t  <\/div>\n<\/div> <script>\n\t\t\t\t\t\t  jQuery(document).ready(function( $ ){\n\t\t\t\t\t\t\t\/\/jQuery('.yuzo_related_post').equalizer({ overflow : 'relatedthumb' });\n\t\t\t\t\t\t\tjQuery('.yuzo_related_post .yuzo_wraps').equalizer({ columns : '> div' });\n\t\t\t\t\t\t   })\n\t\t\t\t\t\t  <\/script> <!-- End Yuzo :) -->","protected":false},"excerpt":{"rendered":"<p>Maior exportadora de prote\u00edna animal do mundo, JBS comprou gado da Fazenda Cachoeira, em Iguatemi (MS), onde um ind\u00edgena Guarani Kaiow\u00e1 foi morto com um tiro na testa no domingo (16)<\/p>\n<p>The post <a href=\"https:\/\/reporterbrasil.org.br\/2025\/11\/jbs-comprou-gado-fazenda-area-conflito-indigena-morto\/\">JBS comprou gado de fazenda em \u00e1rea de conflito no MS onde ind\u00edgena foi morto<\/a> appeared first on <a href=\"https:\/\/reporterbrasil.org.br\/\">Rep\u00f3rter Brasil<\/a>.<\/p>\n","protected":false},"author":2,"featured_media":65112,"comment_status":"open","ping_status":"closed","sticky":false,"template":"","format":"standard","meta":{"fifu_image_url":"","fifu_image_alt":"","footnotes":""},"categories":[29252,5879,761,5891,5799],"tags":[],"class_list":["post-65111","post","type-post","status-publish","format-standard","has-post-thumbnail","hentry","category-_destaques-da-home-2-sem-foto","category-conteudo-original-em-portugues","category-indigenas","category-jbs","category-reportagens"],"_links":{"self":[{"href":"https:\/\/redept.com.br\/blogosfera\/wp-json\/wp\/v2\/posts\/65111","targetHints":{"allow":["GET"]}}],"collection":[{"href":"https:\/\/redept.com.br\/blogosfera\/wp-json\/wp\/v2\/posts"}],"about":[{"href":"https:\/\/redept.com.br\/blogosfera\/wp-json\/wp\/v2\/types\/post"}],"author":[{"embeddable":true,"href":"https:\/\/redept.com.br\/blogosfera\/wp-json\/wp\/v2\/users\/2"}],"replies":[{"embeddable":true,"href":"https:\/\/redept.com.br\/blogosfera\/wp-json\/wp\/v2\/comments?post=65111"}],"version-history":[{"count":0,"href":"https:\/\/redept.com.br\/blogosfera\/wp-json\/wp\/v2\/posts\/65111\/revisions"}],"wp:featuredmedia":[{"embeddable":true,"href":"https:\/\/redept.com.br\/blogosfera\/wp-json\/wp\/v2\/media\/65112"}],"wp:attachment":[{"href":"https:\/\/redept.com.br\/blogosfera\/wp-json\/wp\/v2\/media?parent=65111"}],"wp:term":[{"taxonomy":"category","embeddable":true,"href":"https:\/\/redept.com.br\/blogosfera\/wp-json\/wp\/v2\/categories?post=65111"},{"taxonomy":"post_tag","embeddable":true,"href":"https:\/\/redept.com.br\/blogosfera\/wp-json\/wp\/v2\/tags?post=65111"}],"curies":[{"name":"wp","href":"https:\/\/api.w.org\/{rel}","templated":true}]}}