{"id":65265,"date":"2025-11-19T09:17:39","date_gmt":"2025-11-19T12:17:39","guid":{"rendered":"https:\/\/redept.com.br\/blogosfera\/operacoes-deslocam-garimpo-ilegal-para-ti-sarare-no-mato-grosso-aponta-ministerio\/"},"modified":"2025-11-19T09:17:39","modified_gmt":"2025-11-19T12:17:39","slug":"operacoes-deslocam-garimpo-ilegal-para-ti-sarare-no-mato-grosso-aponta-ministerio","status":"publish","type":"post","link":"https:\/\/redept.com.br\/blogosfera\/operacoes-deslocam-garimpo-ilegal-para-ti-sarare-no-mato-grosso-aponta-ministerio\/","title":{"rendered":"Opera\u00e7\u00f5es deslocam garimpo ilegal para TI Sarar\u00e9, no Mato Grosso, aponta minist\u00e9rio"},"content":{"rendered":"<div data-elementor-type=\"container\" data-elementor-id=\"113082\" data-elementor-post-type=\"elementor_library\">\n<div data-id=\"3c73a68\" data-element_type=\"container\">\n<div>\n<div data-id=\"820f841\" data-element_type=\"widget\" data-widget_type=\"image.default\">\n<div><\/div>\n<\/p><\/div>\n<div data-id=\"aedaca2\" data-element_type=\"widget\" data-widget_type=\"spacer.default\">\n<div>\n<div>\n<div><\/div>\n<\/p><\/div>\n<\/p><\/div>\n<\/p><\/div>\n<\/p><\/div>\n<\/p><\/div>\n<\/p><\/div>\n<p><strong>DE BEL\u00c9M (PA) \u2014<\/strong> A coordenadora de acompanhamento de desintrus\u00e3o do MPI (Minist\u00e9rio dos Povos Ind\u00edgenas), Julia Ospina Kimbaya, afirmou que o governo federal identificou um deslocamento de redes empresariais do garimpo ilegal para a Terra Ind\u00edgena Sarar\u00e9, no Mato Grosso. Segundo ela, o movimento ocorre ap\u00f3s opera\u00e7\u00f5es de retirada de invasores em territ\u00f3rios protegidos, como a Terra Ind\u00edgena Yanomami.<\/p>\n<p>Essas opera\u00e7\u00f5es, chamadas de \u201cdesintrus\u00e3o\u201d, s\u00e3o consequ\u00eancia da ADPF 709 (Argui\u00e7\u00e3o de Descumprimento de Preceito Fundamental), uma a\u00e7\u00e3o no STF (Supremo Tribunal Federal) apresentada em 2020 que obrigou o governo, durante a pandemia, a adotar medidas permanentes para proteger povos ind\u00edgenas e retirar ocupantes ilegais de oito territ\u00f3rios, entre eles Yanomami, Munduruku, Kayap\u00f3 e Apyterewa.\u00a0<\/p>\n<p>Julia participou de um painel na ter\u00e7a-feira (18) na Aldeia COP, espa\u00e7o ind\u00edgena da COP30, em Bel\u00e9m (PA), e afirmou que, embora tenha havido redu\u00e7\u00e3o do garimpo ilegal em alguns desses territ\u00f3rios, as estruturas n\u00e3o desapareceram, apenas se deslocaram. \u201cH\u00e1 uma rela\u00e7\u00e3o intr\u00ednseca entre as redes que atuam em Yanomami, Kayap\u00f3, Munduruku e Sarar\u00e9\u201d, disse.\u00a0<\/p>\n<blockquote>\n<p>\u201cQuando o Estado pressiona um territ\u00f3rio, eles (garimpeiros) se deslocam para outro\u201d. Julia Ospina Kimbaya, do MPI<\/p>\n<\/blockquote>\n<p>O deslocamento envolve tanto fac\u00e7\u00f5es criminosas quanto grupos empresariais que fornecem m\u00e1quinas, combust\u00edveis e log\u00edstica para o garimpo. Julia afirmou que ind\u00edgenas continuam sendo aliciados para trabalhar nas frentes ilegais sem receber retorno financeiro. \u201cA forma de garimpo \u00e9 perversa nas terras ind\u00edgenas\u201d, disse.<\/p>\n<p>Na TI Sarar\u00e9, o efeito j\u00e1 \u00e9 vis\u00edvel. O territ\u00f3rio lidera, em 2025, os alertas de garimpo ilegal no pa\u00eds, com 1.814 registros do Ibama. Uma opera\u00e7\u00e3o federal, coordenada pelo MPI e iniciada em agosto, destruiu 490 acampamentos, 113 escavadeiras, 361 motores de garimpo e quase 51 mil litros de combust\u00edvel, al\u00e9m de motos, caminh\u00f5es e muni\u00e7\u00f5es. O preju\u00edzo estimado ao garimpo ilegal supera R$ 177 milh\u00f5es, segundo o Censipam, que acompanha o avan\u00e7o das atividades clandestinas na regi\u00e3o.<\/p>\n<p>O territ\u00f3rio tem 67.719 hectares e abriga 201 pessoas do povo Nambikwara. Homologado em 1985, a \u00e1rea combina trechos de floresta e cerrado e convive com press\u00f5es cont\u00ednuas de garimpeiros, madeireiros, fazendeiros e grileiros, de acordo com informa\u00e7\u00f5es do ISA (Instituto Socioambiental).\u00a0<\/p>\n<div data-elementor-type=\"section\" data-elementor-id=\"77670\" data-elementor-post-type=\"elementor_library\">\n<div data-id=\"17a659f\" data-element_type=\"container\" data-settings='{\"background_background\":\"classic\"}'>\n<div>\n<div data-id=\"386385d\" data-element_type=\"widget\" data-widget_type=\"heading.default\">\n<div>\n<h2>ASSINE NOSSA NEWSLETTER<\/h2>\n<\/p><\/div>\n<\/p><\/div>\n<div data-id=\"6546917\" data-element_type=\"widget\" data-widget_type=\"html.default\">\n<div>\n\t\t\t\t\t\t\t\t\t<\/div>\n<\/p><\/div>\n<div data-id=\"8c2e333\" data-element_type=\"widget\" data-settings='{\"button_width\":\"20\",\"step_next_label\":\"Next\",\"step_previous_label\":\"Previous\",\"button_width_mobile\":\"20\",\"step_type\":\"number_text\",\"step_icon_shape\":\"circle\"}' data-widget_type=\"form.default\">\n<div>\n<div>\n<div>\n\t\t\t\t\t\t\t\t\t\t\t\t<label for=\"form-field-email\"><br \/>\n\t\t\t\t\t\t\t\tEmail\t\t\t\t\t\t\t<\/label><\/p><\/div>\n<div>\n\t\t\t\t\t<button type=\"submit\"><br \/>\n\t\t\t\t\t\t<span><br \/>\n\t\t\t\t\t\t\t\t\t\t\t\t\t\t\t<span><br \/>\n\t\t\t\t\t\t\t\t\t<i aria-hidden=\"true\"><\/i>\t\t\t\t\t\t\t\t\t\t\t\t\t\t\t\t\t\t\t<span>Submit<\/span><br \/>\n\t\t\t\t\t\t\t\t\t\t\t\t\t\t\t\t\t<\/span><br \/>\n\t\t\t\t\t\t\t\t\t\t\t\t\t\t\t\t\t\t\t\t<\/span><br \/>\n\t\t\t\t\t<\/button>\n\t\t\t\t<\/div>\n<\/p><\/div>\n<\/p><\/div>\n<\/p><\/div>\n<\/p><\/div>\n<\/p><\/div>\n<\/p><\/div>\n<h2>P\u00f3s-desintrus\u00e3o \u00e9 preocupa\u00e7\u00e3o do governo<\/h2>\n<p>Julia defende transformar as medidas a serem tomadas ap\u00f3s a desintrus\u00e3o em pol\u00edtica permanente de Estado, com or\u00e7amento pr\u00f3prio e continuidade semelhante ao PPCDAN, plano de combate ao desmatamento, do Ibama. \u201cDesintrus\u00e3o \u00e9 atividade cont\u00ednua\u201d, disse.<\/p>\n<p>Ela afirma que o MPI tem buscado integrar Funai, Ibama, ICMBio, Pol\u00edcia Federal e For\u00e7a Nacional em a\u00e7\u00f5es e tamb\u00e9m fortalecer associa\u00e7\u00f5es ind\u00edgenas, para que as comunidades possam acessar editais de financiamento e criar alternativas econ\u00f4micas no p\u00f3s-desintrus\u00e3o.<\/p>\n<p>\u201cIsso ajuda a tirar os parentes das atividades ilegais\u201d, afirma Julia, que pertence ao povo Kimbaya, na Col\u00f4mbia, e atuou no Rio Grande do Sul em pesquisas e articula\u00e7\u00f5es ligadas ao direito ind\u00edgena e \u00e0 ecologia pol\u00edtica.<\/p>\n<p>A situa\u00e7\u00e3o da Terra Ind\u00edgena Apyterewa, no Par\u00e1, mostra as dificuldades do p\u00f3s-desintrus\u00e3o. Mesmo sendo uma das terras priorit\u00e1rias da ADPF 709, a viol\u00eancia permaneceu alta desde o in\u00edcio de 2024, quando a opera\u00e7\u00e3o foi encerrada.<\/p>\n<figure><img fetchpriority=\"high\" fetchpriority=\"high\" decoding=\"async\" width=\"960\" height=\"640\"src=\"https:\/\/redept.com.br\/blogosfera\/wp-content\/uploads\/2025\/11\/ti-apyterewa-para-2023-fernando-martinho3.jpg\" alt=\"A TI Apyterewa tinha cerca de 2.000 invasores, concentrados principalmente na Vila Renascer; todas as casas, erguidas pr\u00f3ximas a uma base da Funai, foram destru\u00eddas (Foto: Fernando Martinho\/Rep\u00f3rter Brasil)\" srcset=\"https:\/\/redept.com.br\/blogosfera\/wp-content\/uploads\/2025\/11\/ti-apyterewa-para-2023-fernando-martinho3.jpg 960w, https:\/\/reporterbrasil.org.br\/wp-content\/uploads\/2023\/10\/ti-apyterewa-para-2023-fernando-martinho3-300x200.jpg 300w, https:\/\/reporterbrasil.org.br\/wp-content\/uploads\/2023\/10\/ti-apyterewa-para-2023-fernando-martinho3-768x512.jpg 768w\" sizes=\"(max-width: 960px) 100vw, 960px\"><figcaption>A TI Apyterewa tinha cerca de 2 mil invasores, concentrados principalmente na Vila Renascer, antes da opera\u00e7\u00e3o de desintrus\u00e3o ser iniciada em outubro de 2024; todas as casas, erguidas pr\u00f3ximas a uma base da Funai, foram destru\u00eddas (Foto: Fernando Martinho\/Rep\u00f3rter Brasil)<\/figcaption><\/figure>\n<p>V\u00e1rios ataques armados foram registrados nos \u00faltimos meses, incluindo tiroteios contra casas rec\u00e9m-constru\u00eddas e emboscadas contra ind\u00edgenas que se deslocavam para ca\u00e7ar. Em janeiro, tr\u00eas Parakan\u00e3 foram atacados por pistoleiros. Em dezembro passado, dezenas de tiros atingiram estruturas de madeira. A Pol\u00edcia Federal abriu investiga\u00e7\u00f5es, e o MPI renovou as portarias de presen\u00e7a da For\u00e7a Nacional. A APIB enviou ao STF, em maio, um relat\u00f3rio denunciando falhas no plano de p\u00f3s-desintrus\u00e3o e cobrando refor\u00e7o da seguran\u00e7a.<\/p>\n<p>Os Parakan\u00e3 enfrentam o retorno de invasores atra\u00eddos pelo pre\u00e7o do cacau e pela perman\u00eancia de gado ilegal deixado por ocupantes que fugiram da opera\u00e7\u00e3o. Plantios abandonados continuam gerando conflitos internos e disputas por colheita.<\/p>\n<p><strong>:: Leia tamb\u00e9m ::<\/p>\n<p><\/strong><strong>Opera\u00e7\u00e3o de guerra cerca invasores de Terra Ind\u00edgena mais desmatada na Amaz\u00f4nia<\/strong><\/p>\n<p><strong>F\u00e9, churrasco e lobby: a resist\u00eancia contra a retomada da terra ind\u00edgena mais desmatada do pa\u00eds<\/strong><\/p>\n<p><strong>Parakan\u00e3 denunciam ataque de pistoleiros em terra ind\u00edgena mais desmatada do pa\u00eds<\/strong><\/p>\n<p>A circula\u00e7\u00e3o de empres\u00e1rios ligados ao garimpo ilegal tamb\u00e9m se reorganizou diante das opera\u00e7\u00f5es federais. Em abril, a <strong>Rep\u00f3rter Brasil<\/strong> revelou que operadores investigados no Brasil estavam levando escavadeiras e investimentos para a Guiana, onde a legisla\u00e7\u00e3o permite minera\u00e7\u00e3o em terras ind\u00edgenas mediante acordos com comunidades locais. A reportagem mostrou que empres\u00e1rios atuantes em \u00e1reas como Yanomami, Kayap\u00f3 e Munduruku expandiram neg\u00f3cios ao pa\u00eds vizinho ao perceberem maior repress\u00e3o no Brasil.<\/p>\n<p>Quando pressionadas pela fiscaliza\u00e7\u00e3o, essas redes n\u00e3o se desfazem, mas apenas se deslocam, como explica Julia. Por isso, ela diz que o desafio \u00e9 manter a presen\u00e7a do Estado de forma constante, para impedir que o garimpo ocupe regi\u00f5es onde a fiscaliza\u00e7\u00e3o ainda \u00e9 fr\u00e1gil.<\/p>\n<div data-elementor-type=\"container\" data-elementor-id=\"75228\" data-elementor-post-type=\"elementor_library\">\n<div data-id=\"5e8db1e6\" data-element_type=\"container\">\n<div>\n<div data-id=\"36eb6c91\" data-element_type=\"container\">\n<div>\n<div data-id=\"6f52f515\" data-element_type=\"container\">\n<div data-id=\"65d9f401\" data-element_type=\"widget\" data-widget_type=\"divider.default\">\n<div>\n<div>\n\t\t\t<span><br \/>\n\t\t\t\t\t\t<\/span>\n\t\t<\/div>\n<\/p><\/div>\n<\/p><\/div>\n<\/p><\/div>\n<div data-id=\"134a1245\" data-element_type=\"container\">\n<div>\n<div data-id=\"10fe55fe\" data-element_type=\"widget\" data-widget_type=\"text-editor.default\">\n<div>\n<p>Leia tamb\u00e9m<\/p>\n<\/p><\/div>\n<\/p><\/div>\n<\/p><\/div>\n<\/p><\/div>\n<\/p><\/div>\n<\/p><\/div>\n<div data-id=\"3c9495ae\" data-element_type=\"widget\" data-settings='{\"template_id\":\"75221\",\"columns\":1,\"row_gap\":{\"unit\":\"px\",\"size\":10,\"sizes\":[]},\"_skin\":\"post\",\"columns_tablet\":\"2\",\"columns_mobile\":\"1\",\"edit_handle_selector\":\"[data-elementor-type=\"loop-item\"]\",\"row_gap_tablet\":{\"unit\":\"px\",\"size\":\"\",\"sizes\":[]},\"row_gap_mobile\":{\"unit\":\"px\",\"size\":\"\",\"sizes\":[]}}' data-widget_type=\"loop-grid.post\">\n<div>\n<div>\n\t\t<\/div>\n<\/p><\/div>\n<\/p><\/div>\n<\/p><\/div>\n<\/p><\/div>\n<\/p><\/div>\n<p>The post Opera\u00e7\u00f5es deslocam garimpo ilegal para TI Sarar\u00e9, no Mato Grosso, aponta minist\u00e9rio appeared first on Rep\u00f3rter Brasil.<\/p>\n<!-- Begin Yuzo --><div class='yuzo_related_post style-1'  data-version='5.12.89'><!-- without result --><div class='yuzo_clearfixed yuzo__title yuzo__title'><h3>Related Post<\/h3><\/div>\n\t\t\t\t\t\t  <div class=\"relatedthumb \" style=\"width:125px;float:left;overflow:hidden;\">  \n\t\t\t\t\t\t\t  \n\t\t\t\t\t\t\t  <a  href=\"https:\/\/redept.com.br\/blogosfera\/depois-da-festa-a-cidade-que-fica-pos-carnaval\/\"  >\n\t\t\t\t\t\t\t\t\t  <div class=\"yuzo-img-wrap \" style=\"width: 125px;height:90px;\">\n\t\t\t\t\t\t\t\t\t\t\n\t\t\t\t\t\t\t\t\t\t<div class=\"yuzo-img\" style=\"background:url('https:\/\/redept.org\/blogosfera\/wp-content\/plugins\/yuzo-related-post\/assets\/images\/default.png') 50% 50% no-repeat;width: 125px;height:90px;margin-bottom: 5px;background-size: cover; \"><\/div>\n\t\t\t\t\t\t\t\t\t  <\/div>\n\t\t\t\t\t\t\t\t\t  \n\t\t\t\t\t\t\t\t   <span class=\"yuzo__text--title\" style=\"font-size:13px;\">Depois da festa: a cidade que fica p\u00f3s-carnaval<\/span>\n\t\t\t\t\t\t\t  \n\t\t\t\t\t\t\t  \n\t\t\t\t\t\t\t  <\/a>\n\n\t\t\t\t\t\t  <\/div>\n\t\t\t\t\t\t  <div class=\"relatedthumb \" style=\"width:125px;float:left;overflow:hidden;\">  \n\t\t\t\t\t\t\t  \n\t\t\t\t\t\t\t  <a  href=\"https:\/\/redept.com.br\/blogosfera\/camara-relanca-frente-parlamentar-em-defesa-das-oscs-com-foco-em-direitos-e-politicas-sociais\/\"  >\n\t\t\t\t\t\t\t\t\t  <div class=\"yuzo-img-wrap \" style=\"width: 125px;height:90px;\">\n\t\t\t\t\t\t\t\t\t\t\n\t\t\t\t\t\t\t\t\t\t<div class=\"yuzo-img\" style=\"background:url('https:\/\/redept.org\/blogosfera\/wp-content\/plugins\/yuzo-related-post\/assets\/images\/default.png') 50% 50% no-repeat;width: 125px;height:90px;margin-bottom: 5px;background-size: cover; \"><\/div>\n\t\t\t\t\t\t\t\t\t  <\/div>\n\t\t\t\t\t\t\t\t\t  \n\t\t\t\t\t\t\t\t   <span class=\"yuzo__text--title\" style=\"font-size:13px;\">C\u00e2mara relan\u00e7a Frente Parlamentar em Defesa das OS...<\/span>\n\t\t\t\t\t\t\t  \n\t\t\t\t\t\t\t  \n\t\t\t\t\t\t\t  <\/a>\n\n\t\t\t\t\t\t  <\/div>\n\t\t\t\t\t\t  <div class=\"relatedthumb \" style=\"width:125px;float:left;overflow:hidden;\">  \n\t\t\t\t\t\t\t  \n\t\t\t\t\t\t\t  <a  href=\"https:\/\/redept.com.br\/blogosfera\/jaques-wagner-apresenta-projeto-com-foco-no-reaproveitamento-de-baterias-de-veiculos-eletricos\/\"  >\n\t\t\t\t\t\t\t\t\t  <div class=\"yuzo-img-wrap \" style=\"width: 125px;height:90px;\">\n\t\t\t\t\t\t\t\t\t\t\n\t\t\t\t\t\t\t\t\t\t<div class=\"yuzo-img\" style=\"background:url('https:\/\/redept.org\/blogosfera\/wp-content\/plugins\/yuzo-related-post\/assets\/images\/default.png') 50% 50% no-repeat;width: 125px;height:90px;margin-bottom: 5px;background-size: cover; \"><\/div>\n\t\t\t\t\t\t\t\t\t  <\/div>\n\t\t\t\t\t\t\t\t\t  \n\t\t\t\t\t\t\t\t   <span class=\"yuzo__text--title\" style=\"font-size:13px;\">Jaques Wagner apresenta projeto com foco no reapro...<\/span>\n\t\t\t\t\t\t\t  \n\t\t\t\t\t\t\t  \n\t\t\t\t\t\t\t  <\/a>\n\n\t\t\t\t\t\t  <\/div>\n\t\t\t\t\t\t  <div class=\"relatedthumb \" style=\"width:125px;float:left;overflow:hidden;\">  \n\t\t\t\t\t\t\t  \n\t\t\t\t\t\t\t  <a  href=\"https:\/\/redept.com.br\/blogosfera\/o-eternauta-serie-com-ricardo-darin-transforma-horror-cosmico-em-alegoria-do-fascismo-latino-americano\/\"  >\n\t\t\t\t\t\t\t\t\t  <div class=\"yuzo-img-wrap \" style=\"width: 125px;height:90px;\">\n\t\t\t\t\t\t\t\t\t\t\n\t\t\t\t\t\t\t\t\t\t<div class=\"yuzo-img\" style=\"background:url('https:\/\/redept.org\/blogosfera\/wp-content\/plugins\/yuzo-related-post\/assets\/images\/default.png') 50% 50% no-repeat;width: 125px;height:90px;margin-bottom: 5px;background-size: cover; \"><\/div>\n\t\t\t\t\t\t\t\t\t  <\/div>\n\t\t\t\t\t\t\t\t\t  \n\t\t\t\t\t\t\t\t   <span class=\"yuzo__text--title\" style=\"font-size:13px;\">\u2018O Eternauta\u2019: s\u00e9rie com Ricardo Dar\u00edn transforma ...<\/span>\n\t\t\t\t\t\t\t  \n\t\t\t\t\t\t\t  \n\t\t\t\t\t\t\t  <\/a>\n\n\t\t\t\t\t\t  <\/div>\n<\/div> <script>\n\t\t\t\t\t\t  jQuery(document).ready(function( $ ){\n\t\t\t\t\t\t\t\/\/jQuery('.yuzo_related_post').equalizer({ overflow : 'relatedthumb' });\n\t\t\t\t\t\t\tjQuery('.yuzo_related_post .yuzo_wraps').equalizer({ columns : '> div' });\n\t\t\t\t\t\t   })\n\t\t\t\t\t\t  <\/script> <!-- End Yuzo :) -->","protected":false},"excerpt":{"rendered":"<p>Ap\u00f3s a retirada de invasores das Terras Ind\u00edgenas Yanomami, Kayap\u00f3, Munduruku e outras \u00e1reas protegidas, grupos empresariais migram opera\u00e7\u00f5es ilegais da regi\u00e3o Norte para a TI Sarar\u00e9, em Mato Grosso<\/p>\n<p>The post <a href=\"https:\/\/reporterbrasil.org.br\/2025\/11\/operacoes-deslocam-garimpo-ilegal-para-ti-sarare-mato-grosso\/\">Opera\u00e7\u00f5es deslocam garimpo ilegal para TI Sarar\u00e9, no Mato Grosso, aponta minist\u00e9rio<\/a> appeared first on <a href=\"https:\/\/reporterbrasil.org.br\/\">Rep\u00f3rter Brasil<\/a>.<\/p>\n","protected":false},"author":2,"featured_media":65266,"comment_status":"open","ping_status":"closed","sticky":false,"template":"","format":"standard","meta":{"fifu_image_url":"","fifu_image_alt":"","footnotes":""},"categories":[29252,5879,2519,761,5799,5995,1729],"tags":[],"class_list":["post-65265","post","type-post","status-publish","format-standard","has-post-thumbnail","hentry","category-_destaques-da-home-2-sem-foto","category-conteudo-original-em-portugues","category-cop30","category-indigenas","category-reportagens","category-terra-indigena-apyterewa","category-yanomami"],"_links":{"self":[{"href":"https:\/\/redept.com.br\/blogosfera\/wp-json\/wp\/v2\/posts\/65265","targetHints":{"allow":["GET"]}}],"collection":[{"href":"https:\/\/redept.com.br\/blogosfera\/wp-json\/wp\/v2\/posts"}],"about":[{"href":"https:\/\/redept.com.br\/blogosfera\/wp-json\/wp\/v2\/types\/post"}],"author":[{"embeddable":true,"href":"https:\/\/redept.com.br\/blogosfera\/wp-json\/wp\/v2\/users\/2"}],"replies":[{"embeddable":true,"href":"https:\/\/redept.com.br\/blogosfera\/wp-json\/wp\/v2\/comments?post=65265"}],"version-history":[{"count":0,"href":"https:\/\/redept.com.br\/blogosfera\/wp-json\/wp\/v2\/posts\/65265\/revisions"}],"wp:featuredmedia":[{"embeddable":true,"href":"https:\/\/redept.com.br\/blogosfera\/wp-json\/wp\/v2\/media\/65266"}],"wp:attachment":[{"href":"https:\/\/redept.com.br\/blogosfera\/wp-json\/wp\/v2\/media?parent=65265"}],"wp:term":[{"taxonomy":"category","embeddable":true,"href":"https:\/\/redept.com.br\/blogosfera\/wp-json\/wp\/v2\/categories?post=65265"},{"taxonomy":"post_tag","embeddable":true,"href":"https:\/\/redept.com.br\/blogosfera\/wp-json\/wp\/v2\/tags?post=65265"}],"curies":[{"name":"wp","href":"https:\/\/api.w.org\/{rel}","templated":true}]}}