{"id":66235,"date":"2025-11-24T16:50:40","date_gmt":"2025-11-24T19:50:40","guid":{"rendered":"https:\/\/redept.com.br\/blogosfera\/ha-90-anos-o-levante-comunista-de-1935-desafiava-vargas-e-inspirava-o-futuro\/"},"modified":"2025-11-24T16:50:40","modified_gmt":"2025-11-24T19:50:40","slug":"ha-90-anos-o-levante-comunista-de-1935-desafiava-vargas-e-inspirava-o-futuro","status":"publish","type":"post","link":"https:\/\/redept.com.br\/blogosfera\/ha-90-anos-o-levante-comunista-de-1935-desafiava-vargas-e-inspirava-o-futuro\/","title":{"rendered":"H\u00e1 90 anos, o Levante Comunista de 1935 desafiava Vargas e inspirava o futuro"},"content":{"rendered":"<p><img fetchpriority=\"high\" width=\"1024\" height=\"722\"src=\"https:\/\/redept.com.br\/blogosfera\/wp-content\/uploads\/2025\/11\/Captura-de-Tela-2025-11-24-as-162958-2048x1444-1.png\" alt=\"\" decoding=\"async\" srcset=\"https:\/\/vermelho.org.br\/wp-content\/uploads\/2025\/11\/Captura-de-Tela-2025-11-24-as-16.29.58-1024x722.png 1024w, https:\/\/vermelho.org.br\/wp-content\/uploads\/2025\/11\/Captura-de-Tela-2025-11-24-as-16.29.58-300x212.png 300w, https:\/\/vermelho.org.br\/wp-content\/uploads\/2025\/11\/Captura-de-Tela-2025-11-24-as-16.29.58-768x541.png 768w, https:\/\/vermelho.org.br\/wp-content\/uploads\/2025\/11\/Captura-de-Tela-2025-11-24-as-16.29.58-1536x1083.png 1536w, https:\/\/redept.com.br\/blogosfera\/wp-content\/uploads\/2025\/11\/Captura-de-Tela-2025-11-24-as-162958-2048x1444-1.png 2048w\" sizes=\"(max-width: 1024px) 100vw, 1024px\"><\/p>\n<p>H\u00e1 exatos 90 anos, em novembro de 1935, o Brasil assistiu ao cap\u00edtulo mais ousado \u2014 e mais brutalmente reprimido \u2014 da hist\u00f3ria do movimento comunista no pa\u00eds. Conhecido como\u00a0Levante Comunista, o movimento articulado pelo Partido Comunista do Brasil (ent\u00e3o PCB) e pela\u00a0Alian\u00e7a Nacional Libertadora (ANL) representou a primeira tentativa de enfrentamento direto ao governo de Get\u00falio Vargas, que avan\u00e7ava em dire\u00e7\u00e3o a um regime autorit\u00e1rio.<\/p>\n<p>Para a tradi\u00e7\u00e3o hist\u00f3rica preservada pelo PCdoB, o Levante n\u00e3o foi um \u201cgolpe\u201d, como a narrativa oficial tentou impor por d\u00e9cadas, mas uma\u00a0insurrei\u00e7\u00e3o antifascista, parte de um contexto internacional em que a ascens\u00e3o do nazi-fascismo colocava a necessidade de frentes amplas de resist\u00eancia.<\/p>\n<p>No entanto, o pre\u00e7o pago pelos comunistas foi alt\u00edssimo: pris\u00e3o, tortura, mortes e a quase completa desmontagem da organiza\u00e7\u00e3o partid\u00e1ria.<\/p>\n<p><strong>O contexto da ANL e a escalada autorit\u00e1ria de Vargas<\/strong><\/p>\n<p>Em 1935, o Brasil vivia uma grave crise pol\u00edtica e social: Get\u00falio Vargas consolidava seu poder ditatorial, enquanto cresciam as press\u00f5es da Terceira Internacional para organizar frentes antifascistas. Foi nesse cen\u00e1rio que o Partido Comunista do Brasil impulsionou a\u00a0Alian\u00e7a Nacional Libertadora, movimento amplo que pretendia unir oper\u00e1rios, tenentes, camponeses e intelectuais contra o governo autorit\u00e1rio e o avan\u00e7o do integralismo.\u00a0<\/p>\n<p>A ANL \u2014 movimento de massas legal, popular e progressista \u2014 foi proscrita por Vargas poucos meses ap\u00f3s seu vigoroso crescimento. O governo reagiu com viol\u00eancia \u00e0s mobiliza\u00e7\u00f5es que defendiam reformas sociais, combate ao fascismo e oposi\u00e7\u00e3o ao autoritarismo.<\/p>\n<p>\u00c9 nesse ambiente de fechamento pol\u00edtico que ocorre o Levante, deflagrado em tr\u00eas cidades:\u00a0Natal, Recife e Rio de Janeiro. A articula\u00e7\u00e3o contava com segmentos militares e civis, inspirados pela perspectiva internacional de luta contra regimes reacion\u00e1rios.<\/p>\n<p>Mas, sem apoio suficiente e j\u00e1 sob estreita vigil\u00e2ncia, o movimento foi rapidamente esmagado pela repress\u00e3o estatal.<\/p>\n<p><strong>Repress\u00e3o devastadora: Prestes preso, Partido mutilado<\/strong><\/p>\n<p>A resposta do Estado foi fulminante. Get\u00falio Vargas utilizou o Levante como justificativa para instalar um regime de exce\u00e7\u00e3o, pavimentando o caminho para o\u00a0Estado Novo\u00a0(1937). A persegui\u00e7\u00e3o se concentrou nos comunistas, com milhares de detidos em todo o pa\u00eds.<\/p>\n<p>O s\u00edmbolo m\u00e1ximo dessa repress\u00e3o foi a pris\u00e3o de\u00a0Luiz Carlos Prestes, entregue pelo governo e mantido em condi\u00e7\u00f5es desumanas ao longo de quase nove anos. Ao mesmo tempo, quadros importantes foram mortos, sumiram nas pris\u00f5es ou tiveram de se exilar.<\/p>\n<p>Para o PCdoB, a repress\u00e3o de 1935 representou uma tentativa deliberada de liquida\u00e7\u00e3o da organiza\u00e7\u00e3o comunista no Brasil. E, de fato, o Partido viveu durante anos uma dispers\u00e3o profunda, funcionando de forma fragmentada, com sua dire\u00e7\u00e3o destru\u00edda.<\/p>\n<p><strong>Um novo come\u00e7o: a Confer\u00eancia da Mantiqueira (1943)<\/strong><\/p>\n<p>Mesmo fragmentado e ilegalizado, o PCB resistiu. Foi apenas em\u00a01943, no auge da Segunda Guerra Mundial e da luta mundial contra o fascismo, que os comunistas conseguiram refazer suas fileiras e articular um processo nacional de reorganiza\u00e7\u00e3o.<\/p>\n<p>A\u00a0Confer\u00eancia da Mantiqueira, realizada de forma clandestina, \u00e9 considerada pelo PCdoB um divisor de \u00e1guas hist\u00f3rico. Nela:<\/p>\n<ul>\n<li>recomp\u00f4s-se a dire\u00e7\u00e3o partid\u00e1ria;<\/li>\n<li>foi definida uma linha pol\u00edtica de frente ampla antifascista;<\/li>\n<li>reorganizou-se a estrutura nacional do Partido;<\/li>\n<li>surgiram dirigentes que marcariam d\u00e9cadas seguintes, como\u00a0Maur\u00edcio Grabois,\u00a0Pedro Pomar, Di\u00f3genes C\u00e2mara\u00a0e\u00a0Jo\u00e3o Amazonas.<\/li>\n<\/ul>\n<p>Foi, como afirmam an\u00e1lises comunistas, o renascimento pol\u00edtico do Partido ap\u00f3s anos de devasta\u00e7\u00e3o provocada pelo aparato repressivo varguista.<\/p>\n<p>Essa confer\u00eancia marcou a virada pol\u00edtica necess\u00e1ria: do sectarismo para uma frente mais ampla, com foco antifascista e de reorganiza\u00e7\u00e3o para o p\u00f3s-guerra.<\/p>\n<p><strong>Significado dos 90 anos: mem\u00f3ria, combate e renova\u00e7\u00e3o estrat\u00e9gica<\/strong><\/p>\n<p>Ao comemorar 90 anos do levante de 1935, \u00e9 preciso refor\u00e7ar que esse evento foi um\u00a0marco pol\u00edtico e simb\u00f3lico: ele encarna a luta contra a repress\u00e3o, pela democracia e pelo socialismo no Brasil.<\/p>\n<p>Do ponto de vista do PCdoB, o Levante de 1935 representa:<\/p>\n<ul>\n<li>uma\u00a0insurrei\u00e7\u00e3o heroica, conectada \u00e0 luta internacional contra o fascismo;<\/li>\n<li>um marco fundador na tradi\u00e7\u00e3o brasileira de resist\u00eancia popular e revolucion\u00e1ria;<\/li>\n<li>o testemunho de que a repress\u00e3o estatal pode atrasar, mas n\u00e3o destruir a organiza\u00e7\u00e3o popular;<\/li>\n<li>a origem da trajet\u00f3ria de reconstru\u00e7\u00e3o que culminou no protagonismo comunista nas lutas democr\u00e1ticas do s\u00e9culo XX.<\/li>\n<\/ul>\n<p>Noventa anos depois, o epis\u00f3dio continua a iluminar debates contempor\u00e2neos sobre democracia, soberania, viol\u00eancia pol\u00edtica e a necessidade de organiza\u00e7\u00e3o permanente.<\/p>\n<p>Mesmo diante da derrota, os comunistas aprenderam li\u00e7\u00f5es fundamentais: a import\u00e2ncia da organiza\u00e7\u00e3o clandestina, da frente antifascista e da estrat\u00e9gia de longo prazo \u2014 pilares que moldaram o PCdoB moderno.<\/p>\n<p>Se o Levante foi derrotado militarmente, sua mem\u00f3ria alimentou gera\u00e7\u00f5es de lutadores e lutadoras. A repress\u00e3o brutal n\u00e3o impediu a reconstru\u00e7\u00e3o do Partido \u2014 e a Mantiqueira marcou o retorno estrat\u00e9gico da luta comunista ao cen\u00e1rio nacional.<\/p>\n<p><strong>Desafios atuais com olhar hist\u00f3rico<\/strong><\/p>\n<p>A mem\u00f3ria do Levante de 1935 serve hoje como est\u00edmulo para reflex\u00f5es estrat\u00e9gicas: em um contexto de crescente autoritarismo global,\u00a0a necessidade de frentes populares amplas, mobiliza\u00e7\u00e3o social e compromisso democr\u00e1tico permanece vital.<\/p>\n<p>A trajet\u00f3ria daqueles dirigentes e de seus camaradas refor\u00e7a que\u00a0resist\u00eancia e reorganiza\u00e7\u00e3o s\u00e3o elementos centrais\u00a0para transforma\u00e7\u00f5es profundas \u2014 li\u00e7\u00f5es para os comunistas e para toda a esquerda brasileira contempor\u00e2nea.<\/p>\n<p>Para o PCdoB, celebrar nove d\u00e9cadas desse epis\u00f3dio \u00e9 reafirmar que, mesmo diante da viol\u00eancia do Estado e das for\u00e7as reacion\u00e1rias, permanece viva uma tradi\u00e7\u00e3o de\u00a0coragem, resist\u00eancia e projeto hist\u00f3rico\u00a0voltado ao povo brasileiro.<\/p>\n<p>O post <a href=\"https:\/\/vermelho.org.br\/2025\/11\/24\/ha-90-anos-o-levante-comunista-de-1935-desafiava-vargas-e-inspirava-o-futuro\/\">H\u00e1 90 anos, o Levante Comunista de 1935 desafiava Vargas e inspirava o futuro<\/a> apareceu primeiro em <a href=\"https:\/\/vermelho.org.br\/\">Vermelho<\/a>.<\/p>\n<!-- Begin Yuzo --><div class='yuzo_related_post style-1'  data-version='5.12.89'><!-- without result --><div class='yuzo_clearfixed yuzo__title yuzo__title'><h3>Related Post<\/h3><\/div>\n\t\t\t\t\t\t  <div class=\"relatedthumb \" style=\"width:125px;float:left;overflow:hidden;\">  \n\t\t\t\t\t\t\t  \n\t\t\t\t\t\t\t  <a  href=\"https:\/\/redept.com.br\/blogosfera\/vietna-aceita-convite-e-integra-conselho-da-paz-de-trump-para-gaza\/\"  >\n\t\t\t\t\t\t\t\t\t  <div class=\"yuzo-img-wrap \" style=\"width: 125px;height:90px;\">\n\t\t\t\t\t\t\t\t\t\t\n\t\t\t\t\t\t\t\t\t\t<div class=\"yuzo-img\" style=\"background:url('https:\/\/redept.org\/blogosfera\/wp-content\/plugins\/yuzo-related-post\/assets\/images\/default.png') 50% 50% no-repeat;width: 125px;height:90px;margin-bottom: 5px;background-size: cover; \"><\/div>\n\t\t\t\t\t\t\t\t\t  <\/div>\n\t\t\t\t\t\t\t\t\t  \n\t\t\t\t\t\t\t\t   <span class=\"yuzo__text--title\" style=\"font-size:13px;\">Viet\u00f1a aceita convite e integra \u2018Conselho da Paz\u2019 ...<\/span>\n\t\t\t\t\t\t\t  \n\t\t\t\t\t\t\t  \n\t\t\t\t\t\t\t  <\/a>\n\n\t\t\t\t\t\t  <\/div>\n\t\t\t\t\t\t  <div class=\"relatedthumb \" style=\"width:125px;float:left;overflow:hidden;\">  \n\t\t\t\t\t\t\t  \n\t\t\t\t\t\t\t  <a  href=\"https:\/\/redept.com.br\/blogosfera\/espetaculo-do-projeto-tagua-em-cena-estreia-nesta-quinta-feira-28\/\"  >\n\t\t\t\t\t\t\t\t\t  <div class=\"yuzo-img-wrap \" style=\"width: 125px;height:90px;\">\n\t\t\t\t\t\t\t\t\t\t\n\t\t\t\t\t\t\t\t\t\t<div class=\"yuzo-img\" style=\"background:url('https:\/\/redept.org\/blogosfera\/wp-content\/plugins\/yuzo-related-post\/assets\/images\/default.png') 50% 50% no-repeat;width: 125px;height:90px;margin-bottom: 5px;background-size: cover; \"><\/div>\n\t\t\t\t\t\t\t\t\t  <\/div>\n\t\t\t\t\t\t\t\t\t  \n\t\t\t\t\t\t\t\t   <span class=\"yuzo__text--title\" style=\"font-size:13px;\">Espet\u00e1culo do projeto Tagu\u00e1 em Cena estreia nesta ...<\/span>\n\t\t\t\t\t\t\t  \n\t\t\t\t\t\t\t  \n\t\t\t\t\t\t\t  <\/a>\n\n\t\t\t\t\t\t  <\/div>\n\t\t\t\t\t\t  <div class=\"relatedthumb \" style=\"width:125px;float:left;overflow:hidden;\">  \n\t\t\t\t\t\t\t  \n\t\t\t\t\t\t\t  <a  href=\"https:\/\/redept.com.br\/blogosfera\/defensoria-publica-orienta-populacao-durante-o-periodo-chuvoso\/\"  >\n\t\t\t\t\t\t\t\t\t  <div class=\"yuzo-img-wrap \" style=\"width: 125px;height:90px;\">\n\t\t\t\t\t\t\t\t\t\t\n\t\t\t\t\t\t\t\t\t\t<div class=\"yuzo-img\" style=\"background:url('https:\/\/redept.org\/blogosfera\/wp-content\/plugins\/yuzo-related-post\/assets\/images\/default.png') 50% 50% no-repeat;width: 125px;height:90px;margin-bottom: 5px;background-size: cover; \"><\/div>\n\t\t\t\t\t\t\t\t\t  <\/div>\n\t\t\t\t\t\t\t\t\t  \n\t\t\t\t\t\t\t\t   <span class=\"yuzo__text--title\" style=\"font-size:13px;\">Defensoria P\u00fablica orienta popula\u00e7\u00e3o durante o per...<\/span>\n\t\t\t\t\t\t\t  \n\t\t\t\t\t\t\t  \n\t\t\t\t\t\t\t  <\/a>\n\n\t\t\t\t\t\t  <\/div>\n\t\t\t\t\t\t  <div class=\"relatedthumb \" style=\"width:125px;float:left;overflow:hidden;\">  \n\t\t\t\t\t\t\t  \n\t\t\t\t\t\t\t  <a  href=\"https:\/\/redept.com.br\/blogosfera\/beneficios-do-inss-terao-aumento-de-39-a-partir-de-fevereiro\/\"  >\n\t\t\t\t\t\t\t\t\t  <div class=\"yuzo-img-wrap \" style=\"width: 125px;height:90px;\">\n\t\t\t\t\t\t\t\t\t\t\n\t\t\t\t\t\t\t\t\t\t<div class=\"yuzo-img\" style=\"background:url('https:\/\/redept.com.br\/blogosfera\/wp-content\/uploads\/2026\/01\/Meu-INSS-plataforma-reune-servicos-da-previdencia-na-palma-da-sua-mao-aprenda-a-usar-150x150.jpg') 50% 50% no-repeat;width: 125px;height:90px;margin-bottom: 5px;background-size: cover; \"><\/div>\n\t\t\t\t\t\t\t\t\t  <\/div>\n\t\t\t\t\t\t\t\t\t  \n\t\t\t\t\t\t\t\t   <span class=\"yuzo__text--title\" style=\"font-size:13px;\">Benef\u00edcios do INSS ter\u00e3o aumento de 3,9% a partir ...<\/span>\n\t\t\t\t\t\t\t  \n\t\t\t\t\t\t\t  \n\t\t\t\t\t\t\t  <\/a>\n\n\t\t\t\t\t\t  <\/div>\n<\/div> <script>\n\t\t\t\t\t\t  jQuery(document).ready(function( $ ){\n\t\t\t\t\t\t\t\/\/jQuery('.yuzo_related_post').equalizer({ overflow : 'relatedthumb' });\n\t\t\t\t\t\t\tjQuery('.yuzo_related_post .yuzo_wraps').equalizer({ columns : '> div' });\n\t\t\t\t\t\t   })\n\t\t\t\t\t\t  <\/script> <!-- End Yuzo :) -->","protected":false},"excerpt":{"rendered":"<p>H\u00e1 exatos 90 anos, em novembro de 1935, o Brasil assistiu ao cap\u00edtulo mais ousado \u2014 e mais brutalmente reprimido \u2014 da hist\u00f3ria do movimento comunista no pa\u00eds. Conhecido como\u00a0Levante Comunista, o movimento articulado pelo Partido Comunista do Brasil (ent\u00e3o PCB) e pela\u00a0Alian\u00e7a Nacional Libertadora (ANL) representou a primeira tentativa de enfrentamento direto ao governo [&hellip;]<\/p>\n","protected":false},"author":2,"featured_media":0,"comment_status":"open","ping_status":"closed","sticky":false,"template":"","format":"standard","meta":{"fifu_image_url":"","fifu_image_alt":"","footnotes":""},"categories":[31401,45,31402,10144,31403,1627,31404,1631,1664],"tags":[],"class_list":["post-66235","post","type-post","status-publish","format-standard","hentry","category-alianca-nacional-libertadora","category-brasil","category-conferencia-da-mantiqueira","category-estado-novo","category-frente-antifacista","category-getulio-vargas","category-levante-comunista-de-1935","category-luis-carlos-prestes","category-pcb"],"_links":{"self":[{"href":"https:\/\/redept.com.br\/blogosfera\/wp-json\/wp\/v2\/posts\/66235","targetHints":{"allow":["GET"]}}],"collection":[{"href":"https:\/\/redept.com.br\/blogosfera\/wp-json\/wp\/v2\/posts"}],"about":[{"href":"https:\/\/redept.com.br\/blogosfera\/wp-json\/wp\/v2\/types\/post"}],"author":[{"embeddable":true,"href":"https:\/\/redept.com.br\/blogosfera\/wp-json\/wp\/v2\/users\/2"}],"replies":[{"embeddable":true,"href":"https:\/\/redept.com.br\/blogosfera\/wp-json\/wp\/v2\/comments?post=66235"}],"version-history":[{"count":0,"href":"https:\/\/redept.com.br\/blogosfera\/wp-json\/wp\/v2\/posts\/66235\/revisions"}],"wp:attachment":[{"href":"https:\/\/redept.com.br\/blogosfera\/wp-json\/wp\/v2\/media?parent=66235"}],"wp:term":[{"taxonomy":"category","embeddable":true,"href":"https:\/\/redept.com.br\/blogosfera\/wp-json\/wp\/v2\/categories?post=66235"},{"taxonomy":"post_tag","embeddable":true,"href":"https:\/\/redept.com.br\/blogosfera\/wp-json\/wp\/v2\/tags?post=66235"}],"curies":[{"name":"wp","href":"https:\/\/api.w.org\/{rel}","templated":true}]}}