{"id":66584,"date":"2025-11-26T13:51:54","date_gmt":"2025-11-26T16:51:54","guid":{"rendered":"https:\/\/redept.com.br\/blogosfera\/cupula-popular-do-brics-debate-a-cooperacao-entre-os-povos-do-sul-global-no-rj\/"},"modified":"2025-11-26T13:51:54","modified_gmt":"2025-11-26T16:51:54","slug":"cupula-popular-do-brics-debate-a-cooperacao-entre-os-povos-do-sul-global-no-rj","status":"publish","type":"post","link":"https:\/\/redept.com.br\/blogosfera\/cupula-popular-do-brics-debate-a-cooperacao-entre-os-povos-do-sul-global-no-rj\/","title":{"rendered":"C\u00fapula Popular do Brics debate a coopera\u00e7\u00e3o entre os Povos do Sul Global no RJ"},"content":{"rendered":"<figure>\n<figure><img fetchpriority=\"high\" fetchpriority=\"high\" decoding=\"async\" width=\"1024\" height=\"683\" data-id=\"283048\"src=\"https:\/\/redept.com.br\/blogosfera\/wp-content\/uploads\/2025\/11\/B4953201-D011-4045-8831-BE28A34C2AAF.jpeg\" alt=\"\" srcset=\"https:\/\/mst.org.br\/wp-content\/uploads\/2025\/07\/B4953201-D011-4045-8831-BE28A34C2AAF-1024x683.jpeg 1024w, https:\/\/mst.org.br\/wp-content\/uploads\/2025\/07\/B4953201-D011-4045-8831-BE28A34C2AAF-300x200.jpeg 300w, https:\/\/mst.org.br\/wp-content\/uploads\/2025\/07\/B4953201-D011-4045-8831-BE28A34C2AAF-768x512.jpeg 768w, https:\/\/mst.org.br\/wp-content\/uploads\/2025\/07\/B4953201-D011-4045-8831-BE28A34C2AAF-1536x1024.jpeg 1536w, https:\/\/redept.com.br\/blogosfera\/wp-content\/uploads\/2025\/11\/B4953201-D011-4045-8831-BE28A34C2AAF.jpeg 1920w\" sizes=\"(max-width: 1024px) 100vw, 1024px\"><figcaption>2\u00ba dia do Conselho popular do BRICs <\/figcaption><\/figure>\n<\/figure>\n<p><em>Foto: Priscila Ramos<\/em><\/p>\n<p><em>Da P\u00e1gina do MST<\/em><\/p>\n<p>Entre os dias 1 e 4 de dezembro, a cidade do Rio de Janeiro (RJ) sediar\u00e1 a C\u00fapula Popular do Brics, um espa\u00e7o de debate e articula\u00e7\u00e3o que re\u00fane movimentos populares e a sociedade civil, com o objetivo de garantir um canal de comunica\u00e7\u00e3o permanente com o bloco oficial.<\/p>\n<p>A atividade, que acontecer\u00e1 no Armaz\u00e9m da Utopia, reunir\u00e1 cerca de 150 pessoas de 21 pa\u00edses, respons\u00e1veis por debaterem a coopera\u00e7\u00e3o econ\u00f4mica e a constru\u00e7\u00e3o da multipolaridade, a reconfigura\u00e7\u00e3o da geopol\u00edtica mundial, o pr\u00f3prio papel do Brics e a quest\u00e3o da desdolariza\u00e7\u00e3o.<\/p>\n<p>No primeiro dia de atividade, segunda-feira, 1 de dezembro, ser\u00e1 realizada uma coletiva de imprensa, \u00e0s 11h, para apresentar os objetivos da atividade e trazer a perspectiva popular sobre o Brics e a geopol\u00edtica mundial. A coletiva acontecer\u00e1 no pr\u00f3prio local do evento, no Armaz\u00e9m da Utopia, com acesso mediante credenciamento.<\/p>\n<p>Trata-se de um evento hist\u00f3rico, tanto por ser a primeira atividade do Conselho Civil Popular do Brics quanto por ser o \u00faltimo grande evento sob a presid\u00eancia brasileira no bloco, antes de repassar \u00e0 \u00cdndia no ano que vem.<\/p>\n<p>O evento contar\u00e1 com a presen\u00e7a do sherpa brasileiro no Brics, o embaixador Maur\u00edcio Carvalho Lyrio, e de Ant\u00f4nio Freitas, subsecret\u00e1rio de Finan\u00e7as Internacionais e Coopera\u00e7\u00e3o Econ\u00f4mica do Minist\u00e9rio da Fazenda e um dos principais representantes do pa\u00eds nas negocia\u00e7\u00f5es financeiras e econ\u00f4micas no Brics e no G20. Dilma Rousseff, presidenta do Novo Banco de Desenvolvimento (NDB), e ex-presidenta do Brasil, participar\u00e1 da atividade de forma virtual.<\/p>\n<p>O Conselho Civil Popular do Brics foi criado e reconhecido pela C\u00fapula de L\u00edderes de Kazan, na R\u00fassia, em 2024, e re\u00fane diversas organiza\u00e7\u00f5es populares e representantes da sociedade civil, entre movimentos, partidos, intelectuais e acad\u00eamicos dos pa\u00edses do Brics. O espa\u00e7o busca promover o di\u00e1logo entre atores da sociedade civil e governos dos pa\u00edses do Brics, por meio da participa\u00e7\u00e3o na elabora\u00e7\u00e3o de propostas voltadas \u00e0 coopera\u00e7\u00e3o entre os Povos do Sul Global.<\/p>\n<h2>Programa\u00e7\u00e3o<\/h2>\n<div data-wp-interactive=\"core\/file\"><a href=\"https:\/\/mst.org.br\/wp-content\/uploads\/2025\/11\/PT-Programacao-Resumida_Cupula-Popular-dos-BRICS.pdf\">[PT] Programacao Resumida_Cupula Popular dos BRICS<\/a><a href=\"https:\/\/mst.org.br\/wp-content\/uploads\/2025\/11\/PT-Programacao-Resumida_Cupula-Popular-dos-BRICS.pdf\" download aria-describedby=\"wp-block-file--media-0a886857-49f0-46fc-9240-8eb71ec7d3c4\">Baixar<\/a><\/div>\n<p><em>*Editado por Lays Furtado<\/em><\/p>\n<\/p>\n<p>O post <a href=\"https:\/\/mst.org.br\/2025\/11\/26\/cupula-popular-do-brics-debate-a-cooperacao-entre-os-povos-do-sul-global-no-rj\/\">C\u00fapula Popular do Brics debate a coopera\u00e7\u00e3o entre os Povos do Sul Global no RJ<\/a> apareceu primeiro em <a href=\"https:\/\/mst.org.br\/\">MST<\/a>.<\/p>\n<!-- Begin Yuzo --><div class='yuzo_related_post style-1'  data-version='5.12.89'><!-- without result --><div class='yuzo_clearfixed yuzo__title yuzo__title'><h3>Related Post<\/h3><\/div>\n\t\t\t\t\t\t  <div class=\"relatedthumb \" style=\"width:125px;float:left;overflow:hidden;\">  \n\t\t\t\t\t\t\t  \n\t\t\t\t\t\t\t  <a  href=\"https:\/\/redept.com.br\/blogosfera\/em-encontro-com-lula-cacique-raoni-alerta-sobre-exploracao-de-petroleo-na-foz-do-rio-amazonas\/\"  >\n\t\t\t\t\t\t\t\t\t  <div class=\"yuzo-img-wrap \" style=\"width: 125px;height:90px;\">\n\t\t\t\t\t\t\t\t\t\t\n\t\t\t\t\t\t\t\t\t\t<div class=\"yuzo-img\" style=\"background:url('https:\/\/redept.org\/blogosfera\/wp-content\/plugins\/yuzo-related-post\/assets\/images\/default.png') 50% 50% no-repeat;width: 125px;height:90px;margin-bottom: 5px;background-size: cover; \"><\/div>\n\t\t\t\t\t\t\t\t\t  <\/div>\n\t\t\t\t\t\t\t\t\t  \n\t\t\t\t\t\t\t\t   <span class=\"yuzo__text--title\" style=\"font-size:13px;\">Em encontro com Lula, cacique Raoni alerta sobre e...<\/span>\n\t\t\t\t\t\t\t  \n\t\t\t\t\t\t\t  \n\t\t\t\t\t\t\t  <\/a>\n\n\t\t\t\t\t\t  <\/div>\n\t\t\t\t\t\t  <div class=\"relatedthumb \" style=\"width:125px;float:left;overflow:hidden;\">  \n\t\t\t\t\t\t\t  \n\t\t\t\t\t\t\t  <a  href=\"https:\/\/redept.com.br\/blogosfera\/marcha-nacional-em-defesa-dos-direitos-e-da-democracia-sera-em-29-de-abril\/\"  >\n\t\t\t\t\t\t\t\t\t  <div class=\"yuzo-img-wrap \" style=\"width: 125px;height:90px;\">\n\t\t\t\t\t\t\t\t\t\t\n\t\t\t\t\t\t\t\t\t\t<div class=\"yuzo-img\" style=\"background:url('https:\/\/redept.com.br\/blogosfera\/wp-content\/uploads\/2025\/04\/marcha-150x150.jpg') 50% 50% no-repeat;width: 125px;height:90px;margin-bottom: 5px;background-size: cover; \"><\/div>\n\t\t\t\t\t\t\t\t\t  <\/div>\n\t\t\t\t\t\t\t\t\t  \n\t\t\t\t\t\t\t\t   <span class=\"yuzo__text--title\" style=\"font-size:13px;\">Marcha Nacional em defesa dos direitos e da democr...<\/span>\n\t\t\t\t\t\t\t  \n\t\t\t\t\t\t\t  \n\t\t\t\t\t\t\t  <\/a>\n\n\t\t\t\t\t\t  <\/div>\n\t\t\t\t\t\t  <div class=\"relatedthumb \" style=\"width:125px;float:left;overflow:hidden;\">  \n\t\t\t\t\t\t\t  \n\t\t\t\t\t\t\t  <a  href=\"https:\/\/redept.com.br\/blogosfera\/governo-inclui-fies-em-pacote-para-reduzir-endividamento-das-familias\/\"  >\n\t\t\t\t\t\t\t\t\t  <div class=\"yuzo-img-wrap \" style=\"width: 125px;height:90px;\">\n\t\t\t\t\t\t\t\t\t\t\n\t\t\t\t\t\t\t\t\t\t<div class=\"yuzo-img\" style=\"background:url('https:\/\/redept.com.br\/blogosfera\/wp-content\/uploads\/2026\/04\/b4b44889-f383-4fa2-bf20-34b2007cacd2-150x150.webp') 50% 50% no-repeat;width: 125px;height:90px;margin-bottom: 5px;background-size: cover; \"><\/div>\n\t\t\t\t\t\t\t\t\t  <\/div>\n\t\t\t\t\t\t\t\t\t  \n\t\t\t\t\t\t\t\t   <span class=\"yuzo__text--title\" style=\"font-size:13px;\">Governo inclui Fies em pacote para reduzir endivid...<\/span>\n\t\t\t\t\t\t\t  \n\t\t\t\t\t\t\t  \n\t\t\t\t\t\t\t  <\/a>\n\n\t\t\t\t\t\t  <\/div>\n\t\t\t\t\t\t  <div class=\"relatedthumb \" style=\"width:125px;float:left;overflow:hidden;\">  \n\t\t\t\t\t\t\t  \n\t\t\t\t\t\t\t  <a  href=\"https:\/\/redept.com.br\/blogosfera\/faleceu-aos-76-anos-a-pesquisadora-feminista-eleni-varikas\/\"  >\n\t\t\t\t\t\t\t\t\t  <div class=\"yuzo-img-wrap \" style=\"width: 125px;height:90px;\">\n\t\t\t\t\t\t\t\t\t\t\n\t\t\t\t\t\t\t\t\t\t<div class=\"yuzo-img\" style=\"background:url('https:\/\/redept.org\/blogosfera\/wp-content\/plugins\/yuzo-related-post\/assets\/images\/default.png') 50% 50% no-repeat;width: 125px;height:90px;margin-bottom: 5px;background-size: cover; \"><\/div>\n\t\t\t\t\t\t\t\t\t  <\/div>\n\t\t\t\t\t\t\t\t\t  \n\t\t\t\t\t\t\t\t   <span class=\"yuzo__text--title\" style=\"font-size:13px;\">Faleceu, aos 76 anos, a pesquisadora feminista Ele...<\/span>\n\t\t\t\t\t\t\t  \n\t\t\t\t\t\t\t  \n\t\t\t\t\t\t\t  <\/a>\n\n\t\t\t\t\t\t  <\/div>\n<\/div> <script>\n\t\t\t\t\t\t  jQuery(document).ready(function( $ ){\n\t\t\t\t\t\t\t\/\/jQuery('.yuzo_related_post').equalizer({ overflow : 'relatedthumb' });\n\t\t\t\t\t\t\tjQuery('.yuzo_related_post .yuzo_wraps').equalizer({ columns : '> div' });\n\t\t\t\t\t\t   })\n\t\t\t\t\t\t  <\/script> <!-- End Yuzo :) -->","protected":false},"excerpt":{"rendered":"<p>2\u00ba dia do Conselho popular do BRICs Foto: Priscila Ramos Da P\u00e1gina do MST Entre os dias 1 e 4 de dezembro, a cidade do Rio de Janeiro (RJ) sediar\u00e1 a C\u00fapula Popular do Brics, um espa\u00e7o de debate e articula\u00e7\u00e3o que re\u00fane movimentos populares e a sociedade civil, com o objetivo de garantir um [&hellip;]<\/p>\n","protected":false},"author":2,"featured_media":0,"comment_status":"open","ping_status":"closed","sticky":false,"template":"","format":"standard","meta":{"fifu_image_url":"","fifu_image_alt":"","footnotes":""},"categories":[307,572,305,191,31641],"tags":[],"class_list":["post-66584","post","type-post","status-publish","format-standard","hentry","category-direitos-humanos","category-internacionalismo","category-lutas-e-mobilizacoes","category-noticias","category-projeto-popular"],"_links":{"self":[{"href":"https:\/\/redept.com.br\/blogosfera\/wp-json\/wp\/v2\/posts\/66584","targetHints":{"allow":["GET"]}}],"collection":[{"href":"https:\/\/redept.com.br\/blogosfera\/wp-json\/wp\/v2\/posts"}],"about":[{"href":"https:\/\/redept.com.br\/blogosfera\/wp-json\/wp\/v2\/types\/post"}],"author":[{"embeddable":true,"href":"https:\/\/redept.com.br\/blogosfera\/wp-json\/wp\/v2\/users\/2"}],"replies":[{"embeddable":true,"href":"https:\/\/redept.com.br\/blogosfera\/wp-json\/wp\/v2\/comments?post=66584"}],"version-history":[{"count":0,"href":"https:\/\/redept.com.br\/blogosfera\/wp-json\/wp\/v2\/posts\/66584\/revisions"}],"wp:attachment":[{"href":"https:\/\/redept.com.br\/blogosfera\/wp-json\/wp\/v2\/media?parent=66584"}],"wp:term":[{"taxonomy":"category","embeddable":true,"href":"https:\/\/redept.com.br\/blogosfera\/wp-json\/wp\/v2\/categories?post=66584"},{"taxonomy":"post_tag","embeddable":true,"href":"https:\/\/redept.com.br\/blogosfera\/wp-json\/wp\/v2\/tags?post=66584"}],"curies":[{"name":"wp","href":"https:\/\/api.w.org\/{rel}","templated":true}]}}