{"id":67035,"date":"2025-11-28T12:41:45","date_gmt":"2025-11-28T15:41:45","guid":{"rendered":"https:\/\/redept.com.br\/blogosfera\/com-avanco-de-45-brasil-se-torna-destino-turistico-que-mais-cresce-no-mundo\/"},"modified":"2025-11-28T12:41:45","modified_gmt":"2025-11-28T15:41:45","slug":"com-avanco-de-45-brasil-se-torna-destino-turistico-que-mais-cresce-no-mundo","status":"publish","type":"post","link":"https:\/\/redept.com.br\/blogosfera\/com-avanco-de-45-brasil-se-torna-destino-turistico-que-mais-cresce-no-mundo\/","title":{"rendered":"Com avan\u00e7o de 45%, Brasil se torna destino tur\u00edstico que mais cresce no mundo"},"content":{"rendered":"<p><img fetchpriority=\"high\" width=\"1024\" height=\"611\"src=\"https:\/\/redept.com.br\/blogosfera\/wp-content\/uploads\/2025\/11\/reproducao-panrotas.jpg\" alt=\"\" decoding=\"async\" srcset=\"https:\/\/vermelho.org.br\/wp-content\/uploads\/2025\/11\/reproducao-panrotas-1024x611.jpg 1024w, https:\/\/vermelho.org.br\/wp-content\/uploads\/2025\/11\/reproducao-panrotas-300x179.jpg 300w, https:\/\/vermelho.org.br\/wp-content\/uploads\/2025\/11\/reproducao-panrotas-768x459.jpg 768w, https:\/\/redept.com.br\/blogosfera\/wp-content\/uploads\/2025\/11\/reproducao-panrotas.jpg 1206w\" sizes=\"(max-width: 1024px) 100vw, 1024px\"><\/p>\n<p>O Brasil assumiu o posto de destino tur\u00edstico que mais cresceu no mundo em 2025, segundo o <em>World Tourism Barometer<\/em>, da ONU Turismo. O levantamento divulgado nesta quinta-feira (27) mostra que o pa\u00eds registrou avan\u00e7o de 45% nas chegadas internacionais entre janeiro e setembro, desempenho superior ao de Vietn\u00e3 e Egito (21%), Eti\u00f3pia e Jap\u00e3o (18%).<\/p>\n<p>A marca expressa uma virada hist\u00f3rica do setor no p\u00f3s-pandemia e confirma a efetividade da estrat\u00e9gia de reposicionamento global adotada pela Embratur. A ag\u00eancia ultrapassou a marca de 8 milh\u00f5es de viajantes estrangeiros em menos de 11 meses, com proje\u00e7\u00e3o de superar os 9 milh\u00f5es at\u00e9 dezembro \u2014 n\u00fameros in\u00e9ditos desde o in\u00edcio da s\u00e9rie hist\u00f3rica.<\/p>\n<p>O presidente da Embratur, Marcelo Freixo, celebrou o reconhecimento internacional. \u201cO relat\u00f3rio da ONU Turismo \u00e9 mais uma prova de que estamos vivendo o melhor momento do turismo internacional no Brasil e somos destaque mundial. O viajante internacional volta seus olhos para o Brasil e encontra autenticidade, experi\u00eancias e sensa\u00e7\u00f5es \u00fanicas. Por isso somos o maior crescimento global em turismo, gerando emprego, renda e novas oportunidades para o pa\u00eds\u201d, afirmou.<\/p>\n<p>Al\u00e9m do salto no n\u00famero de visitantes, o impacto econ\u00f4mico tamb\u00e9m foi expressivo. A ONU Turismo registrou crescimento de 12% nas receitas geradas por turistas internacionais entre janeiro e setembro. S\u00f3 nos dez primeiros meses do ano, os gastos chegaram a US$ 6,617 bilh\u00f5es, uma alta de 10,19% em rela\u00e7\u00e3o ao ano anterior \u2014 o melhor resultado desde 1995. O volume j\u00e1 representa mais de R$ 35 bilh\u00f5es injetados diretamente na economia brasileira.<\/p>\n<p>Com o reconhecimento global, o Brasil refor\u00e7a sua estrat\u00e9gia de promo\u00e7\u00e3o fundamentada na autenticidade, diversidade e sustentabilidade, consolidando-se como um dos destinos mais competitivos do turismo mundial.<\/p>\n<p>__<\/p>\n<p><em>com informa\u00e7\u00f5es da Embratur<\/em><\/p>\n<p>O post <a href=\"https:\/\/vermelho.org.br\/2025\/11\/28\/com-avanco-de-45-brasil-se-torna-destino-turistico-que-mais-cresce-no-mundo\/\">Com avan\u00e7o de 45%, Brasil se torna destino tur\u00edstico que mais cresce no mundo<\/a> apareceu primeiro em <a href=\"https:\/\/vermelho.org.br\/\">Vermelho<\/a>.<\/p>\n<!-- Begin Yuzo --><div class='yuzo_related_post style-1'  data-version='5.12.89'><!-- without result --><div class='yuzo_clearfixed yuzo__title yuzo__title'><h3>Related Post<\/h3><\/div>\n\t\t\t\t\t\t  <div class=\"relatedthumb \" style=\"width:125px;float:left;overflow:hidden;\">  \n\t\t\t\t\t\t\t  \n\t\t\t\t\t\t\t  <a  href=\"https:\/\/redept.com.br\/blogosfera\/servidores-da-educacao-criticam-implementacao-de-ponto-eletronico\/\"  >\n\t\t\t\t\t\t\t\t\t  <div class=\"yuzo-img-wrap \" style=\"width: 125px;height:90px;\">\n\t\t\t\t\t\t\t\t\t\t\n\t\t\t\t\t\t\t\t\t\t<div class=\"yuzo-img\" style=\"background:url('https:\/\/redept.com.br\/blogosfera\/wp-content\/uploads\/2025\/04\/Audiencia-Ponto-Eletronico-150x150.jpeg') 50% 50% no-repeat;width: 125px;height:90px;margin-bottom: 5px;background-size: cover; \"><\/div>\n\t\t\t\t\t\t\t\t\t  <\/div>\n\t\t\t\t\t\t\t\t\t  \n\t\t\t\t\t\t\t\t   <span class=\"yuzo__text--title\" style=\"font-size:13px;\">Servidores da Educa\u00e7\u00e3o criticam implementa\u00e7\u00e3o de p...<\/span>\n\t\t\t\t\t\t\t  \n\t\t\t\t\t\t\t  \n\t\t\t\t\t\t\t  <\/a>\n\n\t\t\t\t\t\t  <\/div>\n\t\t\t\t\t\t  <div class=\"relatedthumb \" style=\"width:125px;float:left;overflow:hidden;\">  \n\t\t\t\t\t\t\t  \n\t\t\t\t\t\t\t  <a  href=\"https:\/\/redept.com.br\/blogosfera\/no-dia-internacional-da-democracia-petistas-denunciam-golpistas-e-defendem-estado-de-direito\/\"  >\n\t\t\t\t\t\t\t\t\t  <div class=\"yuzo-img-wrap \" style=\"width: 125px;height:90px;\">\n\t\t\t\t\t\t\t\t\t\t\n\t\t\t\t\t\t\t\t\t\t<div class=\"yuzo-img\" style=\"background:url('https:\/\/redept.org\/blogosfera\/wp-content\/plugins\/yuzo-related-post\/assets\/images\/default.png') 50% 50% no-repeat;width: 125px;height:90px;margin-bottom: 5px;background-size: cover; \"><\/div>\n\t\t\t\t\t\t\t\t\t  <\/div>\n\t\t\t\t\t\t\t\t\t  \n\t\t\t\t\t\t\t\t   <span class=\"yuzo__text--title\" style=\"font-size:13px;\">No Dia Internacional da Democracia, petistas denun...<\/span>\n\t\t\t\t\t\t\t  \n\t\t\t\t\t\t\t  \n\t\t\t\t\t\t\t  <\/a>\n\n\t\t\t\t\t\t  <\/div>\n\t\t\t\t\t\t  <div class=\"relatedthumb \" style=\"width:125px;float:left;overflow:hidden;\">  \n\t\t\t\t\t\t\t  \n\t\t\t\t\t\t\t  <a  href=\"https:\/\/redept.com.br\/blogosfera\/governo-italiano-recebe-pedido-de-extradicao-de-zambelli\/\"  >\n\t\t\t\t\t\t\t\t\t  <div class=\"yuzo-img-wrap \" style=\"width: 125px;height:90px;\">\n\t\t\t\t\t\t\t\t\t\t\n\t\t\t\t\t\t\t\t\t\t<div class=\"yuzo-img\" style=\"background:url('https:\/\/redept.com.br\/blogosfera\/wp-content\/uploads\/2025\/06\/1080px-2022-05-24_assinatura_do_projeto_de_lei_no_1360-21_01-150x150.jpg') 50% 50% no-repeat;width: 125px;height:90px;margin-bottom: 5px;background-size: cover; \"><\/div>\n\t\t\t\t\t\t\t\t\t  <\/div>\n\t\t\t\t\t\t\t\t\t  \n\t\t\t\t\t\t\t\t   <span class=\"yuzo__text--title\" style=\"font-size:13px;\">Governo italiano recebe pedido de extradi\u00e7\u00e3o de Za...<\/span>\n\t\t\t\t\t\t\t  \n\t\t\t\t\t\t\t  \n\t\t\t\t\t\t\t  <\/a>\n\n\t\t\t\t\t\t  <\/div>\n\t\t\t\t\t\t  <div class=\"relatedthumb \" style=\"width:125px;float:left;overflow:hidden;\">  \n\t\t\t\t\t\t\t  \n\t\t\t\t\t\t\t  <a  href=\"https:\/\/redept.com.br\/blogosfera\/plataformas-digitais-precarizam-condicoes-de-trabalho-online-diz-relatorio\/\"  >\n\t\t\t\t\t\t\t\t\t  <div class=\"yuzo-img-wrap \" style=\"width: 125px;height:90px;\">\n\t\t\t\t\t\t\t\t\t\t\n\t\t\t\t\t\t\t\t\t\t<div class=\"yuzo-img\" style=\"background:url('https:\/\/redept.com.br\/blogosfera\/wp-content\/uploads\/2025\/06\/Captura-de-Tela-2025-06-02-as-161214-150x150.png') 50% 50% no-repeat;width: 125px;height:90px;margin-bottom: 5px;background-size: cover; \"><\/div>\n\t\t\t\t\t\t\t\t\t  <\/div>\n\t\t\t\t\t\t\t\t\t  \n\t\t\t\t\t\t\t\t   <span class=\"yuzo__text--title\" style=\"font-size:13px;\">Plataformas digitais precarizam condi\u00e7\u00f5es de traba...<\/span>\n\t\t\t\t\t\t\t  \n\t\t\t\t\t\t\t  \n\t\t\t\t\t\t\t  <\/a>\n\n\t\t\t\t\t\t  <\/div>\n<\/div> <script>\n\t\t\t\t\t\t  jQuery(document).ready(function( $ ){\n\t\t\t\t\t\t\t\/\/jQuery('.yuzo_related_post').equalizer({ overflow : 'relatedthumb' });\n\t\t\t\t\t\t\tjQuery('.yuzo_related_post .yuzo_wraps').equalizer({ columns : '> div' });\n\t\t\t\t\t\t   })\n\t\t\t\t\t\t  <\/script> <!-- End Yuzo :) -->","protected":false},"excerpt":{"rendered":"<p>O Brasil assumiu o posto de destino tur\u00edstico que mais cresceu no mundo em 2025, segundo o World Tourism Barometer, da ONU Turismo. O levantamento divulgado nesta quinta-feira (27) mostra que o pa\u00eds registrou avan\u00e7o de 45% nas chegadas internacionais entre janeiro e setembro, desempenho superior ao de Vietn\u00e3 e Egito (21%), Eti\u00f3pia e Jap\u00e3o [&hellip;]<\/p>\n","protected":false},"author":2,"featured_media":0,"comment_status":"open","ping_status":"closed","sticky":false,"template":"","format":"standard","meta":{"fifu_image_url":"","fifu_image_alt":"","footnotes":""},"categories":[31849,221,815,3083,31850,3948,31851],"tags":[],"class_list":["post-67035","post","type-post","status-publish","format-standard","hentry","category-crescimento-do-turismo","category-economia","category-economia-brasileira","category-embratur","category-onu-turismo","category-turismo-internacional","category-visitantes-estrangeiros"],"_links":{"self":[{"href":"https:\/\/redept.com.br\/blogosfera\/wp-json\/wp\/v2\/posts\/67035","targetHints":{"allow":["GET"]}}],"collection":[{"href":"https:\/\/redept.com.br\/blogosfera\/wp-json\/wp\/v2\/posts"}],"about":[{"href":"https:\/\/redept.com.br\/blogosfera\/wp-json\/wp\/v2\/types\/post"}],"author":[{"embeddable":true,"href":"https:\/\/redept.com.br\/blogosfera\/wp-json\/wp\/v2\/users\/2"}],"replies":[{"embeddable":true,"href":"https:\/\/redept.com.br\/blogosfera\/wp-json\/wp\/v2\/comments?post=67035"}],"version-history":[{"count":0,"href":"https:\/\/redept.com.br\/blogosfera\/wp-json\/wp\/v2\/posts\/67035\/revisions"}],"wp:attachment":[{"href":"https:\/\/redept.com.br\/blogosfera\/wp-json\/wp\/v2\/media?parent=67035"}],"wp:term":[{"taxonomy":"category","embeddable":true,"href":"https:\/\/redept.com.br\/blogosfera\/wp-json\/wp\/v2\/categories?post=67035"},{"taxonomy":"post_tag","embeddable":true,"href":"https:\/\/redept.com.br\/blogosfera\/wp-json\/wp\/v2\/tags?post=67035"}],"curies":[{"name":"wp","href":"https:\/\/api.w.org\/{rel}","templated":true}]}}