{"id":67098,"date":"2025-11-28T16:05:33","date_gmt":"2025-11-28T19:05:33","guid":{"rendered":"https:\/\/redept.com.br\/blogosfera\/onu-denuncia-execucao-sumaria-de-palestinos-rendidos-por-tropas-israelenses\/"},"modified":"2025-11-28T16:05:33","modified_gmt":"2025-11-28T19:05:33","slug":"onu-denuncia-execucao-sumaria-de-palestinos-rendidos-por-tropas-israelenses","status":"publish","type":"post","link":"https:\/\/redept.com.br\/blogosfera\/onu-denuncia-execucao-sumaria-de-palestinos-rendidos-por-tropas-israelenses\/","title":{"rendered":"ONU denuncia \u2018execu\u00e7\u00e3o sum\u00e1ria\u2019 de palestinos rendidos por tropas israelenses"},"content":{"rendered":"<p><img loading=\"lazy\" width=\"1000\" height=\"674\"src=\"https:\/\/redept.com.br\/blogosfera\/wp-content\/uploads\/2025\/11\/2025-11-27t171910z-607622886-rc215iai7m3f-rtrmadp-3-israel-palestinians-west-bank-violencejpg.avif\" alt=\"\" decoding=\"async\" loading=\"lazy\" srcset=\"https:\/\/redept.com.br\/blogosfera\/wp-content\/uploads\/2025\/11\/2025-11-27t171910z-607622886-rc215iai7m3f-rtrmadp-3-israel-palestinians-west-bank-violencejpg.avif 1000w, https:\/\/vermelho.org.br\/wp-content\/uploads\/2025\/11\/2025-11-27t171910z-607622886-rc215iai7m3f-rtrmadp-3-israel-palestinians-west-bank-violence.jpg-300x202.jpg 300w, https:\/\/vermelho.org.br\/wp-content\/uploads\/2025\/11\/2025-11-27t171910z-607622886-rc215iai7m3f-rtrmadp-3-israel-palestinians-west-bank-violence.jpg-768x518.jpg 768w, https:\/\/vermelho.org.br\/wp-content\/uploads\/2025\/11\/2025-11-27t171910z-607622886-rc215iai7m3f-rtrmadp-3-israel-palestinians-west-bank-violence.jpg-272x182.jpg 272w\" sizes=\"auto, (max-width: 1000px) 100vw, 1000px\"><\/p>\n<p>O Escrit\u00f3rio de Direitos Humanos da ONU afirmou nesta sexta-feira (28) estar \u201chorrorizado\u201d com o que descreveu como o \u201cassassinato descarado\u201d de dois homens palestinos aparentemente rendidos por for\u00e7as israelenses em Jenin, na Cisjord\u00e2nia ocupada.<\/p>\n<p>Imagens divulgadas pela\u00a0<em>Palestine TV<\/em>\u00a0mostram os homens saindo de um pr\u00e9dio cercado por tropas, levantando as camisas e se ajoelhando, num gesto interpretado como rendi\u00e7\u00e3o, antes de serem atingidos por tiros \u00e0 queima-roupa.<\/p>\n<p>O porta-voz da ONU, Jeremy Laurence, classificou o epis\u00f3dio como mais uma \u201caparente execu\u00e7\u00e3o sum\u00e1ria\u201d, pedindo apura\u00e7\u00e3o independente e responsabiliza\u00e7\u00e3o. O chefe de direitos humanos da organiza\u00e7\u00e3o, Volker T\u00fcrk, tamb\u00e9m solicitou investiga\u00e7\u00e3o r\u00e1pida e eficaz das mortes.<\/p>\n<p><strong>Israel admite disparos, mas diz investigar caso<\/strong><\/p>\n<p>Em comunicado conjunto, Ex\u00e9rcito e pol\u00edcia de fronteira de Israel afirmaram que os dois homens \u2014 identificados pelo Minist\u00e9rio da Sa\u00fade da Cisjord\u00e2nia como Montasir Abdullah, 26, e Yusuf Asasa, 37 \u2014 eram procurados por \u201catividades terroristas\u201d e que foram obrigados a deixar um pr\u00e9dio ap\u00f3s horas de cerco.<\/p>\n<p>Segundo a nota, ambos foram baleados ap\u00f3s sa\u00edrem e o epis\u00f3dio est\u00e1 sendo investigado pelas autoridades militares.<\/p>\n<p>J\u00e1 a Autoridade Palestina acusa Israel de cometer um \u201ccrime de guerra\u201d e afirma que os corpos foram levados pelos soldados. Movimentos de defesa dos direitos humanos dizem que n\u00e3o havia amea\u00e7a imediata que justificasse o uso de for\u00e7a letal.<\/p>\n<p><strong>Escalada de viol\u00eancia e avan\u00e7o de opera\u00e7\u00f5es militares<\/strong><\/p>\n<p>O incidente ocorreu no contexto de uma ampla opera\u00e7\u00e3o israelense na regi\u00e3o nordeste da Cisjord\u00e2nia. Segundo organiza\u00e7\u00f5es palestinas, mais de 100 pessoas foram detidas desde ter\u00e7a-feira na cidade de Tubas.<\/p>\n<p>Israel afirma responder a tentativas de grupos armados de estabelecer bases e construir infraestrutura no territ\u00f3rio. Em novembro, um ataque palestino matou um israelense e feriu tr\u00eas, intensificando as a\u00e7\u00f5es militares.<\/p>\n<p>A Cisjord\u00e2nia vive um pico de viol\u00eancia desde o ataque do Hamas a Israel em 7 de outubro de 2023. Tropas e colonos israelenses j\u00e1 mataram mais de mil palestinos no territ\u00f3rio desde ent\u00e3o, enquanto 44 israelenses morreram por ataques ou confrontos.<\/p>\n<p>Organiza\u00e7\u00f5es internacionais alertam para o aumento de agress\u00f5es de colonos, muitas vezes pr\u00f3ximas a for\u00e7as militares, e para a impunidade de seus autores.<\/p>\n<p><strong>Direitos humanos falam em desumaniza\u00e7\u00e3o<\/strong><\/p>\n<p>Entidades de direitos humanos veem o caso como reflexo de um processo acelerado de desumaniza\u00e7\u00e3o dos palestinos. O grupo israelense B\u2019Tselem afirmou que os dois homens \u201cn\u00e3o representavam qualquer amea\u00e7a\u201d e foram executados de forma deliberada.<\/p>\n<p>\u201cO epis\u00f3dio \u00e9 resultado de um processo acelerado de desumaniza\u00e7\u00e3o e do abandono completo das vidas palestinas pelo regime israelense\u201d, disse Yuli Novak, diretor-executivo da organiza\u00e7\u00e3o.<\/p>\n<p>Enquanto isso, autoridades israelenses da ala mais radical defenderam a a\u00e7\u00e3o. O ministro da Seguran\u00e7a Interna, Itamar Ben Gvir, disse que os militares e policiais \u201cagiram exatamente como se espera\u201d e que \u201cterroristas precisam morrer\u201d, sempre referindo-se a qualquer palestino, inclusive beb\u00eas.<\/p>\n<p>A ONU reiterou que mortes e viola\u00e7\u00f5es de direitos na Cisjord\u00e2nia devem ser investigadas e que respons\u00e1veis precisam ser punidos. O caso aumenta ainda mais a tens\u00e3o na regi\u00e3o, j\u00e1 sob forte press\u00e3o militar e crescente deteriora\u00e7\u00e3o humanit\u00e1ria.<\/p>\n<p>O post <a href=\"https:\/\/vermelho.org.br\/2025\/11\/28\/onu-denuncia-execucao-sumaria-de-palestinos-rendidos-por-tropas-israelenses\/\">ONU denuncia \u2018execu\u00e7\u00e3o sum\u00e1ria\u2019 de palestinos rendidos por tropas israelenses<\/a> apareceu primeiro em <a href=\"https:\/\/vermelho.org.br\/\">Vermelho<\/a>.<\/p>\n<!-- Begin Yuzo --><div class='yuzo_related_post style-1'  data-version='5.12.89'><!-- without result --><div class='yuzo_clearfixed yuzo__title yuzo__title'><h3>Related Post<\/h3><\/div>\n\t\t\t\t\t\t  <div class=\"relatedthumb \" style=\"width:125px;float:left;overflow:hidden;\">  \n\t\t\t\t\t\t\t  \n\t\t\t\t\t\t\t  <a  href=\"https:\/\/redept.com.br\/blogosfera\/mega-sena-da-virada-adiada-para-quinta-01-as-10h\/\"  >\n\t\t\t\t\t\t\t\t\t  <div class=\"yuzo-img-wrap \" style=\"width: 125px;height:90px;\">\n\t\t\t\t\t\t\t\t\t\t\n\t\t\t\t\t\t\t\t\t\t<div class=\"yuzo-img\" style=\"background:url('https:\/\/redept.com.br\/blogosfera\/wp-content\/uploads\/2026\/01\/Mega-Sena-da-Virada-150x150.jpg') 50% 50% no-repeat;width: 125px;height:90px;margin-bottom: 5px;background-size: cover; \"><\/div>\n\t\t\t\t\t\t\t\t\t  <\/div>\n\t\t\t\t\t\t\t\t\t  \n\t\t\t\t\t\t\t\t   <span class=\"yuzo__text--title\" style=\"font-size:13px;\">Mega Sena da Virada adiada para quinta, 01, \u00e0s 10h...<\/span>\n\t\t\t\t\t\t\t  \n\t\t\t\t\t\t\t  \n\t\t\t\t\t\t\t  <\/a>\n\n\t\t\t\t\t\t  <\/div>\n\t\t\t\t\t\t  <div class=\"relatedthumb \" style=\"width:125px;float:left;overflow:hidden;\">  \n\t\t\t\t\t\t\t  \n\t\t\t\t\t\t\t  <a  href=\"https:\/\/redept.com.br\/blogosfera\/ataque-israelense-mata-familia-brasileira-no-sul-do-libano\/\"  >\n\t\t\t\t\t\t\t\t\t  <div class=\"yuzo-img-wrap \" style=\"width: 125px;height:90px;\">\n\t\t\t\t\t\t\t\t\t\t\n\t\t\t\t\t\t\t\t\t\t<div class=\"yuzo-img\" style=\"background:url('https:\/\/redept.com.br\/blogosfera\/wp-content\/uploads\/2026\/04\/brasileiros-mortos-no-sul-do-libano-150x150.webp') 50% 50% no-repeat;width: 125px;height:90px;margin-bottom: 5px;background-size: cover; \"><\/div>\n\t\t\t\t\t\t\t\t\t  <\/div>\n\t\t\t\t\t\t\t\t\t  \n\t\t\t\t\t\t\t\t   <span class=\"yuzo__text--title\" style=\"font-size:13px;\">Ataque israelense mata fam\u00edlia brasileira no sul d...<\/span>\n\t\t\t\t\t\t\t  \n\t\t\t\t\t\t\t  \n\t\t\t\t\t\t\t  <\/a>\n\n\t\t\t\t\t\t  <\/div>\n\t\t\t\t\t\t  <div class=\"relatedthumb \" style=\"width:125px;float:left;overflow:hidden;\">  \n\t\t\t\t\t\t\t  \n\t\t\t\t\t\t\t  <a  href=\"https:\/\/redept.com.br\/blogosfera\/go-fica-2026-tem-programacao-marcada-pela-discussao-das-aguas-e-nascentes-do-brasil\/\"  >\n\t\t\t\t\t\t\t\t\t  <div class=\"yuzo-img-wrap \" style=\"width: 125px;height:90px;\">\n\t\t\t\t\t\t\t\t\t\t\n\t\t\t\t\t\t\t\t\t\t<div class=\"yuzo-img\" style=\"background:url('https:\/\/redept.org\/blogosfera\/wp-content\/plugins\/yuzo-related-post\/assets\/images\/default.png') 50% 50% no-repeat;width: 125px;height:90px;margin-bottom: 5px;background-size: cover; \"><\/div>\n\t\t\t\t\t\t\t\t\t  <\/div>\n\t\t\t\t\t\t\t\t\t  \n\t\t\t\t\t\t\t\t   <span class=\"yuzo__text--title\" style=\"font-size:13px;\">GO: Fica 2026 tem programa\u00e7\u00e3o marcada pela discuss...<\/span>\n\t\t\t\t\t\t\t  \n\t\t\t\t\t\t\t  \n\t\t\t\t\t\t\t  <\/a>\n\n\t\t\t\t\t\t  <\/div>\n\t\t\t\t\t\t  <div class=\"relatedthumb \" style=\"width:125px;float:left;overflow:hidden;\">  \n\t\t\t\t\t\t\t  \n\t\t\t\t\t\t\t  <a  href=\"https:\/\/redept.com.br\/blogosfera\/paises-europeus-reagem-a-ameaca-tarifaria-de-trump-para-anexar-a-groenlandia\/\"  >\n\t\t\t\t\t\t\t\t\t  <div class=\"yuzo-img-wrap \" style=\"width: 125px;height:90px;\">\n\t\t\t\t\t\t\t\t\t\t\n\t\t\t\t\t\t\t\t\t\t<div class=\"yuzo-img\" style=\"background:url('https:\/\/redept.com.br\/blogosfera\/wp-content\/uploads\/2026\/01\/6830-2048x1638-1-150x150.jpg') 50% 50% no-repeat;width: 125px;height:90px;margin-bottom: 5px;background-size: cover; \"><\/div>\n\t\t\t\t\t\t\t\t\t  <\/div>\n\t\t\t\t\t\t\t\t\t  \n\t\t\t\t\t\t\t\t   <span class=\"yuzo__text--title\" style=\"font-size:13px;\">Pa\u00edses europeus reagem \u00e0 amea\u00e7a tarif\u00e1ria de Trump...<\/span>\n\t\t\t\t\t\t\t  \n\t\t\t\t\t\t\t  \n\t\t\t\t\t\t\t  <\/a>\n\n\t\t\t\t\t\t  <\/div>\n<\/div> <script>\n\t\t\t\t\t\t  jQuery(document).ready(function( $ ){\n\t\t\t\t\t\t\t\/\/jQuery('.yuzo_related_post').equalizer({ overflow : 'relatedthumb' });\n\t\t\t\t\t\t\tjQuery('.yuzo_related_post .yuzo_wraps').equalizer({ columns : '> div' });\n\t\t\t\t\t\t   })\n\t\t\t\t\t\t  <\/script> <!-- End Yuzo :) -->","protected":false},"excerpt":{"rendered":"<p>O Escrit\u00f3rio de Direitos Humanos da ONU afirmou nesta sexta-feira (28) estar \u201chorrorizado\u201d com o que descreveu como o \u201cassassinato descarado\u201d de dois homens palestinos aparentemente rendidos por for\u00e7as israelenses em Jenin, na Cisjord\u00e2nia ocupada. Imagens divulgadas pela\u00a0Palestine TV\u00a0mostram os homens saindo de um pr\u00e9dio cercado por tropas, levantando as camisas e se ajoelhando, num [&hellip;]<\/p>\n","protected":false},"author":2,"featured_media":0,"comment_status":"open","ping_status":"closed","sticky":false,"template":"","format":"standard","meta":{"fifu_image_url":"","fifu_image_alt":"","footnotes":""},"categories":[3248,31873,31874,325,12197,50,25,267,54],"tags":[],"class_list":["post-67098","post","type-post","status-publish","format-standard","hentry","category-cisjordania","category-desumanizacao","category-execucao-sumaria","category-genocidio","category-holocausto","category-internacional","category-israel","category-onu","category-palestina"],"_links":{"self":[{"href":"https:\/\/redept.com.br\/blogosfera\/wp-json\/wp\/v2\/posts\/67098","targetHints":{"allow":["GET"]}}],"collection":[{"href":"https:\/\/redept.com.br\/blogosfera\/wp-json\/wp\/v2\/posts"}],"about":[{"href":"https:\/\/redept.com.br\/blogosfera\/wp-json\/wp\/v2\/types\/post"}],"author":[{"embeddable":true,"href":"https:\/\/redept.com.br\/blogosfera\/wp-json\/wp\/v2\/users\/2"}],"replies":[{"embeddable":true,"href":"https:\/\/redept.com.br\/blogosfera\/wp-json\/wp\/v2\/comments?post=67098"}],"version-history":[{"count":0,"href":"https:\/\/redept.com.br\/blogosfera\/wp-json\/wp\/v2\/posts\/67098\/revisions"}],"wp:attachment":[{"href":"https:\/\/redept.com.br\/blogosfera\/wp-json\/wp\/v2\/media?parent=67098"}],"wp:term":[{"taxonomy":"category","embeddable":true,"href":"https:\/\/redept.com.br\/blogosfera\/wp-json\/wp\/v2\/categories?post=67098"},{"taxonomy":"post_tag","embeddable":true,"href":"https:\/\/redept.com.br\/blogosfera\/wp-json\/wp\/v2\/tags?post=67098"}],"curies":[{"name":"wp","href":"https:\/\/api.w.org\/{rel}","templated":true}]}}