{"id":67102,"date":"2025-11-28T17:18:48","date_gmt":"2025-11-28T20:18:48","guid":{"rendered":"https:\/\/redept.com.br\/blogosfera\/ministro-do-trabalho-anula-flagrante-de-trabalho-escravo-mpt-vai-a-justica\/"},"modified":"2025-11-28T17:18:48","modified_gmt":"2025-11-28T20:18:48","slug":"ministro-do-trabalho-anula-flagrante-de-trabalho-escravo-mpt-vai-a-justica","status":"publish","type":"post","link":"https:\/\/redept.com.br\/blogosfera\/ministro-do-trabalho-anula-flagrante-de-trabalho-escravo-mpt-vai-a-justica\/","title":{"rendered":"Ministro do Trabalho anula flagrante de trabalho escravo; MPT vai \u00e0 Justi\u00e7a"},"content":{"rendered":"<p><strong>O MINISTRO DO TRABALHO<\/strong>\u00a0Luiz Marinho anulou os efeitos de uma fiscaliza\u00e7\u00e3o realizada por auditores fiscais do governo federal que resgatou cinco trabalhadores de condi\u00e7\u00f5es an\u00e1logas \u00e0s de escravo na extra\u00e7\u00e3o de sisal, fibra utilizada na fabrica\u00e7\u00e3o de cordas e tapetes. O caso aconteceu em 2023, em Jacobina, na Bahia. A decis\u00e3o do ministro foi tomada em 18 de novembro, mas s\u00f3 veio a p\u00fablico nos \u00faltimos dias.\u00a0<\/p>\n<p>\u00c9 a primeira vez que um ministro do Trabalho anulou os autos de infra\u00e7\u00e3o de uma fiscaliza\u00e7\u00e3o que resultou no resgate de trabalhadores escravizados ap\u00f3s ter chamado para si a decis\u00e3o final sobre eles. Desde setembro, a c\u00fapula do MTE (Minist\u00e9rio do Trabalho e Emprego) fez uso da \u201cavoca\u00e7\u00e3o\u201d (chamar para si a compet\u00eancia final sobre um ato administrativo) por tr\u00eas vezes, atendendo ao pedido de empregadores e intervindo em inspe\u00e7\u00e3o feita por auditores fiscais.\u00a0<\/p>\n<p>Al\u00e9m do caso envolvendo a Apaeb (Associa\u00e7\u00e3o Comunit\u00e1ria de Produ\u00e7\u00e3o e Comercializa\u00e7\u00e3o do Sisal), a JBS Aves e Santa Colomba Agropecu\u00e1ria j\u00e1 haviam tido seus casos avocados pelo ministro. N\u00e3o foram divulgadas informa\u00e7\u00f5es sobre a an\u00e1lise ministerial desses dois \u00faltimos casos.\u00a0<\/p>\n<div data-elementor-type=\"section\" data-elementor-id=\"77670\" data-elementor-post-type=\"elementor_library\">\n<div data-id=\"17a659f\" data-element_type=\"container\" data-settings='{\"background_background\":\"classic\"}'>\n<div>\n<div data-id=\"386385d\" data-element_type=\"widget\" data-widget_type=\"heading.default\">\n<div>\n<h2>ASSINE NOSSA NEWSLETTER<\/h2>\n<\/p><\/div>\n<\/p><\/div>\n<div data-id=\"6546917\" data-element_type=\"widget\" data-widget_type=\"html.default\">\n<div>\n\t\t\t\t\t\t\t\t\t<\/div>\n<\/p><\/div>\n<div data-id=\"8c2e333\" data-element_type=\"widget\" data-settings='{\"button_width\":\"20\",\"step_next_label\":\"Next\",\"step_previous_label\":\"Previous\",\"button_width_mobile\":\"20\",\"step_type\":\"number_text\",\"step_icon_shape\":\"circle\"}' data-widget_type=\"form.default\">\n<div>\n<div>\n<div>\n\t\t\t\t\t\t\t\t\t\t\t\t<label for=\"form-field-email\"><br \/>\n\t\t\t\t\t\t\t\tEmail\t\t\t\t\t\t\t<\/label><\/p><\/div>\n<div>\n\t\t\t\t\t<button type=\"submit\"><br \/>\n\t\t\t\t\t\t<span><br \/>\n\t\t\t\t\t\t\t\t\t\t\t\t\t\t\t<span><br \/>\n\t\t\t\t\t\t\t\t\t<i aria-hidden=\"true\"><\/i>\t\t\t\t\t\t\t\t\t\t\t\t\t\t\t\t\t\t\t<span>Submit<\/span><br \/>\n\t\t\t\t\t\t\t\t\t\t\t\t\t\t\t\t\t<\/span><br \/>\n\t\t\t\t\t\t\t\t\t\t\t\t\t\t\t\t\t\t\t\t<\/span><br \/>\n\t\t\t\t\t<\/button>\n\t\t\t\t<\/div>\n<\/p><\/div>\n<\/p><\/div>\n<\/p><\/div>\n<\/p><\/div>\n<\/p><\/div>\n<\/p><\/div>\n<p>O ministro tamb\u00e9m determinou a exclus\u00e3o da Apaeb, autuada na a\u00e7\u00e3o no munic\u00edpio baiano, da chamada\u00a0Lista Suja do trabalho escravo,\u00a0cadastro oficial com os dados de empregadores responsabilizados administrativamente pelo crime.\u00a0<\/p>\n<p>A associa\u00e7\u00e3o havia sido inclu\u00edda na rela\u00e7\u00e3o em outubro de 2024. A Lista Suja \u00e9 usada por empresas p\u00fablicas e privadas, como bancos e supermercados, em seus gerenciamentos de risco, entre outras finalidades.<\/p>\n<p>Em nota enviada \u00e0 reportagem, o MTE afirma que a an\u00e1lise dos tr\u00eas casos \u201cfoi totalmente t\u00e9cnica\u201d, realizada pela consultoria jur\u00eddica do minist\u00e9rio.\u00a0<\/p>\n<p>No entanto, entidades da sociedade civil e o MPT (Minist\u00e9rio P\u00fablico do Trabalho) \u2014 \u00f3rg\u00e3o aut\u00f4nomo, sem vincula\u00e7\u00e3o ao governo federal \u2014 contestam a decis\u00e3o de Marinho e veem risco de politiza\u00e7\u00e3o do sistema de combate ao trabalho escravo.<\/p>\n<p>Nesta sexta-feira (28), o MPT entrou na Justi\u00e7a pedindo a suspens\u00e3o das tr\u00eas avoca\u00e7\u00f5es, a manuten\u00e7\u00e3o da Apaeb na Lista Suja (veja detalhes abaixo) e a inclus\u00e3o da JBS Aves e da Santa Colomba Agropecu\u00e1ria na rela\u00e7\u00e3o.\u00a0Devido \u00e0 avoca\u00e7\u00e3o, a inser\u00e7\u00e3o das empresas no cadastro foi suspenso, beneficiando-as comercialmente.<\/p>\n<p>Segundo o procurador do trabalho Luciano Arag\u00e3o, do MPT, as avoca\u00e7\u00f5es ocorreram ap\u00f3s o encerramento dos processos administrativos relativos aos tr\u00eas casos. Ele explica que isso contraria uma portaria do pr\u00f3prio MTE, de 2021, \u201cque estabelece que as decis\u00f5es se tornam definitivas ap\u00f3s o julgamento do recurso da parte interessada\u201d.<\/p>\n<p>\u201cO que torna ainda mais grave a \u00faltima avoca\u00e7\u00e3o [do caso Apaeb] \u00e9 que o ministro determinou expressamente a dispensa de publica\u00e7\u00e3o do ato avocat\u00f3rio, o que possui o efeito pr\u00e1tico de ocultar da sociedade e do sistema de Justi\u00e7a a exclus\u00e3o da empresa da Lista Suja e os pr\u00f3prios motivos que levaram a isso\u201d, acrescenta Arag\u00e3o. \u201c\u00c9 uma conduta que vai contra o pr\u00f3prio objetivo da lista, que \u00e9 justamente o de dar transpar\u00eancia aos casos de trabalho escravo.\u201d<\/p>\n<figure><img fetchpriority=\"high\" fetchpriority=\"high\" decoding=\"async\" width=\"1024\" height=\"683\"src=\"https:\/\/redept.com.br\/blogosfera\/wp-content\/uploads\/2025\/11\/resgate_mrj_granja_jbs_mte.jpg\" alt=\"Trabalhador da MRJ em granja: caso em empresa terceirizada levou JBS Aves a ser autuada por trabalho escravo (Foto: MTE)\" srcset=\"https:\/\/reporterbrasil.org.br\/wp-content\/uploads\/2025\/05\/resgate_mrj_granja_jbs_mte-1024x683.jpg 1024w, https:\/\/reporterbrasil.org.br\/wp-content\/uploads\/2025\/05\/resgate_mrj_granja_jbs_mte-300x200.jpg 300w, https:\/\/reporterbrasil.org.br\/wp-content\/uploads\/2025\/05\/resgate_mrj_granja_jbs_mte-768x512.jpg 768w, https:\/\/redept.com.br\/blogosfera\/wp-content\/uploads\/2025\/11\/resgate_mrj_granja_jbs_mte.jpg 1200w\" sizes=\"(max-width: 1024px) 100vw, 1024px\"><figcaption>Trabalhador da MRJ em granja: caso em empresa terceirizada levou JBS Aves a ser autuada por trabalho escravo (Foto: MTE)<\/figcaption><\/figure>\n<p>\u201cN\u00f3s entendemos que a avoca\u00e7\u00e3o, independente da anula\u00e7\u00e3o dos autos de infra\u00e7\u00e3o, j\u00e1 \u00e9 um equ\u00edvoco tremendo do ministro\u201d, diz Bob Machado, presidente do Sinait (Sindicato Nacional dos Auditores-Fiscais do Trabalho). Para ele, Marinho \u201cusurpou a an\u00e1lise t\u00e9cnico-jur\u00eddica\u201d realizada pelos auditores fiscais durante a inspe\u00e7\u00e3o trabalhista.<\/p>\n<p>Na avalia\u00e7\u00e3o de Machado, a avoca\u00e7\u00e3o \u00e9 um instrumento do passado, utilizado durante a ditadura militar. \u201cE nunca foi usado em favor dos trabalhadores\u201d, questiona.<\/p>\n<p>J\u00e1 para M\u00e1rio Diniz, coordenador da Anafitra (Associa\u00e7\u00e3o Nacional dos Auditores-Fiscais do Trabalho), a decis\u00e3o de Marinho representa uma \u201cingratid\u00e3o\u201d com a miss\u00e3o institucional dos auditores-fiscais, uma vez \u201cque o combate ao trabalho escravo \u00e9 um dos carros chefes do pr\u00f3prio Minist\u00e9rio do Trabalho\u201d. \u201cEst\u00e1 havendo a\u00ed um completo desvio de finalidade, no que diz respeito aos princ\u00edpios da administra\u00e7\u00e3o p\u00fablica\u201d, acrescenta.<\/p>\n<p>Diniz afirma que a entidade vai organizar uma paralisa\u00e7\u00e3o nacional de todas as a\u00e7\u00f5es de combate ao trabalho escravo, \u201cat\u00e9 que ele [Marinho] reveja esse tipo de postura\u201d.<\/p>\n<h2>O que diz o Minist\u00e9rio do Trabalho<\/h2>\n<p>\u201cO ministro apenas respaldou essa avalia\u00e7\u00e3o para, inclusive, garantir seguran\u00e7a jur\u00eddica e refor\u00e7ar o trabalho dos auditores-fiscais do Trabalho, evitando problemas futuros na Justi\u00e7a e assegurando que as a\u00e7\u00f5es continuem firmes e eficazes\u201d, diz a nota enviada \u00e0 reportagem.<\/p>\n<p>O minist\u00e9rio afirma, ainda, n\u00e3o existir \u201cqualquer falta\u201d de apoio \u00e0s a\u00e7\u00f5es de combate ao trabalho escravo e reafirmar o compromisso com a prote\u00e7\u00e3o dos trabalhadores.<\/p>\n<p>Tamb\u00e9m procurada, a Apaeb n\u00e3o retornou at\u00e9 o fechamento desta reportagem. O espa\u00e7o segue aberto a manifesta\u00e7\u00f5es.<\/p>\n<h2>Minist\u00e9rio determinou que a corregedoria verifique auditores fiscais<\/h2>\n<p>Segundo o relat\u00f3rio de fiscaliza\u00e7\u00e3o obtido pela\u00a0<strong>Rep\u00f3rter Brasil<\/strong>, a Apaeb foi responsabilizada por ter submetido funcion\u00e1rios a condi\u00e7\u00f5es degradantes, um dos elementos que configuram o \u201ctrabalho an\u00e1logo ao de escravo\u201d, de acordo com o artigo 149 do C\u00f3digo Penal brasileiro.\u00a0\u00a0<\/p>\n<p>A decis\u00e3o do ministro Luiz Marinho de suspender a fiscaliza\u00e7\u00e3o aconteceu ap\u00f3s ele assumir para si o caso, a pedido da Apaeb. Foi a terceira vez em pouco mais de dois meses que a chefia do MTE utilizou essa prerrogativa.\u00a0<\/p>\n<p>Avoca\u00e7\u00f5es anteriores, que adiaram a inclus\u00e3o na Lista Suja da\u00a0JBS Aves\u00a0e da\u00a0Santa Colomba Agropecu\u00e1ria, j\u00e1 haviam gerado cr\u00edticas de auditores fiscais do Trabalho, do MPT (Minist\u00e9rio P\u00fablico do Trabalho) e de entidades da sociedade civil que atuam no combate a esse crime.<\/p>\n<p>No final de setembro, ao menos nove auditores fiscais do MTE\u00a0deixaram cargos\u00a0de coordena\u00e7\u00e3o regional de combate ao trabalho escravo em todo o pa\u00eds em protesto contra a avoca\u00e7\u00e3o, por Luiz Marinho, do caso da JBS Aves, empresa da maior processadora de prote\u00edna animal do mundo.<\/p>\n<figure><img decoding=\"async\" width=\"1024\" height=\"576\"src=\"https:\/\/redept.com.br\/blogosfera\/wp-content\/uploads\/2025\/11\/granja_frangoss_EBC.jpg\" alt=\"Em dezembro do ano passado, uma fiscaliza\u00e7\u00e3o do governo federal autuou uma granja fornecedora da JBS Aves por trabalho escravo em Arvorezinha, a 200 quil\u00f4metros de Porto Alegre\/RS (Foto: Arquivo\/Ag\u00eancia Brasil)\" srcset=\"https:\/\/reporterbrasil.org.br\/wp-content\/uploads\/2025\/11\/granja_frangoss_EBC-1024x576.jpg 1024w, https:\/\/reporterbrasil.org.br\/wp-content\/uploads\/2025\/11\/granja_frangoss_EBC-300x169.jpg 300w, https:\/\/reporterbrasil.org.br\/wp-content\/uploads\/2025\/11\/granja_frangoss_EBC-768x432.jpg 768w, https:\/\/reporterbrasil.org.br\/wp-content\/uploads\/2025\/11\/granja_frangoss_EBC-1536x864.jpg 1536w, https:\/\/redept.com.br\/blogosfera\/wp-content\/uploads\/2025\/11\/granja_frangoss_EBC.jpg 1600w\" sizes=\"(max-width: 1024px) 100vw, 1024px\"><figcaption>Em dezembro do ano passado, uma fiscaliza\u00e7\u00e3o do governo federal autuou uma granja fornecedora da JBS Aves por trabalho escravo em Arvorezinha, a 200 quil\u00f4metros de Porto Alegre\/RS (Foto: Arquivo\/Ag\u00eancia Brasil)<\/figcaption><\/figure>\n<p>Na decis\u00e3o de 18 de novembro, o ministro do Trabalho tamb\u00e9m determinou que a Corregedoria do minist\u00e9rio verifique a atua\u00e7\u00e3o dos auditores fiscais que realizaram a inspe\u00e7\u00e3o trabalhista do caso envolvendo a Apaeb.<\/p>\n<p>Segundo Bob Machado, do Sinait, a categoria dos auditores fiscais est\u00e1 se sentindo amea\u00e7ada. \u201cCria esse sentimento de at\u00e9 que ponto n\u00f3s podemos buscar o cumprimento da legisla\u00e7\u00e3o trabalhista? Isso realmente gerou uma como\u00e7\u00e3o dentro da inspe\u00e7\u00e3o trabalhista\u201d, diz. \u201cE n\u00f3s, obviamente, n\u00e3o vamos aceitar qualquer tipo de interfer\u00eancia, qualquer tipo de amea\u00e7a por parte de quem quer que seja. Esperamos que o ministro reveja o ato\u201d, completa.\u00a0<\/p>\n<h2>Entenda os casos<\/h2>\n<p>O resgate dos cinco trabalhadores da extra\u00e7\u00e3o de sisal aconteceu no final de 2023. Eles trabalhavam no corte e desfibramento da planta. Segundo o relat\u00f3rio de fiscaliza\u00e7\u00e3o obtido pela\u00a0<strong>Rep\u00f3rter Brasil<\/strong>, nenhuma medida de seguran\u00e7a e sa\u00fade do trabalho teria sido adotada.<\/p>\n<p>Ainda de acordo com o relat\u00f3rio, as v\u00edtimas estariam expostas a ferramentas perfurocortantes, a sobrecarga f\u00edsica, a intemp\u00e9ries como calor e radia\u00e7\u00e3o solar e a ataques de animais silvestres. Nenhum equipamento de prote\u00e7\u00e3o individual foi fornecido.\u00a0<\/p>\n<p>Segundo a fiscaliza\u00e7\u00e3o, os alimentos eram cozidos ao lado de um motor, em um fogareiro improvisado no ch\u00e3o. Os alojamentos dos trabalhadores, que serviam tamb\u00e9m de local de refei\u00e7\u00f5es e armazenamento de ferramentas e pertences pessoais, ficavam em ru\u00ednas de casas antigas destru\u00eddas, com paredes comprometidas, cobertura de telhas incompletas e piso parcial de cimento queimado. N\u00e3o havia \u00e1gua encanada, energia el\u00e9trica nem banheiro.<\/p>\n<h2>Fiscais apontaram trabalho escravo em granja fornecedora da JBS Aves no RS<\/h2>\n<p>Em dezembro do ano passado, uma fiscaliza\u00e7\u00e3o do governo federal autuou uma granja fornecedora da JBS Aves por trabalho escravo em Arvorezinha, a 200 quil\u00f4metros da capital ga\u00facha. Em abril deste ano, a empresa tamb\u00e9m foi responsabilizada.<\/p>\n<p>Segundo os respons\u00e1veis pelo flagrante, o grupo se dedicava \u00e0 apanha de aves e estaria submetido a jornadas exaustivas, de at\u00e9 16 horas di\u00e1rias. Os trabalhadores teriam se alimentado de frangos descartados por estarem supostamente fora do padr\u00e3o da JBS.<\/p>\n<p>Originalmente, os trabalhadores foram contratados por uma terceirizada, a MRJ Prestadora de Servi\u00e7os. No entanto, a Inspe\u00e7\u00e3o do Trabalho classificou a unidade da JBS Aves de Passo Fundo (RS) como a principal respons\u00e1vel pelas infra\u00e7\u00f5es que caracterizariam o emprego de m\u00e3o de obra escrava. Segundo os fiscais, o frigor\u00edfico seria o respons\u00e1vel por estabelecer os locais, cronogramas e hor\u00e1rios da apanha do frango nas granjas.<\/p>\n<p>Questionada especificamente sobre a avoca\u00e7\u00e3o por parte do ministro Luiz Marinho, a JBS n\u00e3o se manifestou. Em nota emitida em setembro pela assessoria de imprensa, a empresa afirmou apenas que a Seara (marca do grupo empresarial) \u201csuspendeu imediatamente o prestador de servi\u00e7os em Passo Fundo, encerrou o contrato e bloqueou esta empresa assim que tomou conhecimento das den\u00fancias\u201d. O posicionamento informou ainda que \u201ca companhia tem toler\u00e2ncia zero com viola\u00e7\u00f5es de pr\u00e1ticas trabalhistas e de direitos humanos\u201d.<\/p>\n<p>\u201cA Seara verificou in loco as condi\u00e7\u00f5es de trabalho, constatando o regular cumprimento da legisla\u00e7\u00e3o em vigor. Todos os fornecedores est\u00e3o submetidos aos nossos C\u00f3digo de Conduta de Parceiros e \u00e0 nossa Pol\u00edtica Global de Direitos Humanos, que veda explicitamente qualquer pr\u00e1tica de trabalho como as descritas na den\u00fancia\u201d, conclui.<\/p>\n<h2>Marinho tamb\u00e9m evitou inclus\u00e3o de Santa Colomba na Lista Suja<\/h2>\n<p>Produtora de gr\u00e3os, algod\u00e3o, caf\u00e9, cacau e tabaco no oeste baiano, a Santa Colomba Agropecu\u00e1ria foi fiscalizada por auditores fiscais do Trabalho, integrantes do MPT (Minist\u00e9rio P\u00fablico do Trabalho), da Defensoria P\u00fablica da Uni\u00e3o, acompanhados de agentes da Pol\u00edcia Rodovi\u00e1ria Federal em novembro de 2023.<\/p>\n<p>A fiscaliza\u00e7\u00e3o aconteceu ap\u00f3s um homem denunciar tortura \u00e0 pol\u00edcia. Ele diz ter sido\u00a0despido, algemado e agredido por seguran\u00e7as\u00a0da Fazenda Karitel, em Cocos (BA), p\u00f3lo de produ\u00e7\u00e3o da empresa.<\/p>\n<p>Ap\u00f3s a inspe\u00e7\u00e3o no local e an\u00e1lise de documentos, como inqu\u00e9rito policial e laudo do exame de les\u00f5es corporais, a equipe t\u00e9cnica do MTE autuou a empresa pela submiss\u00e3o do trabalhador a condi\u00e7\u00f5es degradantes.<\/p>\n<p>\u00c0 reportagem, a Santa Colomba afirmou acompanhar o processo administrativo no MTE e destacou que \u201cdecis\u00f5es sobre o mesmo epis\u00f3dio tomadas pelo Minist\u00e9rio P\u00fablico do Trabalho e pela Justi\u00e7a do Trabalho, bem como as conclus\u00f5es das investiga\u00e7\u00f5es da Pol\u00edcia Civil, comprovam que o caso n\u00e3o diz respeito a pr\u00e1ticas de trabalho an\u00e1logo \u00e0 escravid\u00e3o\u201d. A empresa reafirmou seu \u201ccompromisso absoluto com direitos humanos, sustentabilidade e responsabilidade social\u201d e disse que o caso foi uma \u201cocorr\u00eancia pontual envolvendo um funcion\u00e1rio terceirizado e um trabalhador\u201d. A resposta completa da Santa Colomba pode ser lida\u00a0aqui.<\/p>\n<div data-elementor-type=\"container\" data-elementor-id=\"75228\" data-elementor-post-type=\"elementor_library\">\n<div data-id=\"5e8db1e6\" data-element_type=\"container\">\n<div>\n<div data-id=\"36eb6c91\" data-element_type=\"container\">\n<div>\n<div data-id=\"6f52f515\" data-element_type=\"container\">\n<div data-id=\"65d9f401\" data-element_type=\"widget\" data-widget_type=\"divider.default\">\n<div>\n<div>\n\t\t\t<span><br \/>\n\t\t\t\t\t\t<\/span>\n\t\t<\/div>\n<\/p><\/div>\n<\/p><\/div>\n<\/p><\/div>\n<div data-id=\"134a1245\" data-element_type=\"container\">\n<div>\n<div data-id=\"10fe55fe\" data-element_type=\"widget\" data-widget_type=\"text-editor.default\">\n<div>\n<p>Leia tamb\u00e9m<\/p>\n<\/p><\/div>\n<\/p><\/div>\n<\/p><\/div>\n<\/p><\/div>\n<\/p><\/div>\n<\/p><\/div>\n<div data-id=\"3c9495ae\" data-element_type=\"widget\" data-settings='{\"template_id\":\"75221\",\"columns\":1,\"row_gap\":{\"unit\":\"px\",\"size\":10,\"sizes\":[]},\"_skin\":\"post\",\"columns_tablet\":\"2\",\"columns_mobile\":\"1\",\"edit_handle_selector\":\"[data-elementor-type=\"loop-item\"]\",\"row_gap_tablet\":{\"unit\":\"px\",\"size\":\"\",\"sizes\":[]},\"row_gap_mobile\":{\"unit\":\"px\",\"size\":\"\",\"sizes\":[]}}' data-widget_type=\"loop-grid.post\">\n<div>\n<div>\n\t\t<\/div>\n<\/p><\/div>\n<\/p><\/div>\n<\/p><\/div>\n<\/p><\/div>\n<\/p><\/div>\n<p>The post Ministro do Trabalho anula flagrante de trabalho escravo; MPT vai \u00e0 Justi\u00e7a appeared first on Rep\u00f3rter Brasil.<\/p>\n<!-- Begin Yuzo --><div class='yuzo_related_post style-1'  data-version='5.12.89'><!-- without result --><div class='yuzo_clearfixed yuzo__title yuzo__title'><h3>Related Post<\/h3><\/div>\n\t\t\t\t\t\t  <div class=\"relatedthumb \" style=\"width:125px;float:left;overflow:hidden;\">  \n\t\t\t\t\t\t\t  \n\t\t\t\t\t\t\t  <a  href=\"https:\/\/redept.com.br\/blogosfera\/centrais-argentinas-consideram-greve-geral-um-sucesso-retumbante\/\"  >\n\t\t\t\t\t\t\t\t\t  <div class=\"yuzo-img-wrap \" style=\"width: 125px;height:90px;\">\n\t\t\t\t\t\t\t\t\t\t\n\t\t\t\t\t\t\t\t\t\t<div class=\"yuzo-img\" style=\"background:url('https:\/\/redept.com.br\/blogosfera\/wp-content\/uploads\/2025\/04\/marcha-jubilados-cgt-700x394-1-150x150.jpg') 50% 50% no-repeat;width: 125px;height:90px;margin-bottom: 5px;background-size: cover; \"><\/div>\n\t\t\t\t\t\t\t\t\t  <\/div>\n\t\t\t\t\t\t\t\t\t  \n\t\t\t\t\t\t\t\t   <span class=\"yuzo__text--title\" style=\"font-size:13px;\">Centrais argentinas consideram greve geral um \u201csuc...<\/span>\n\t\t\t\t\t\t\t  \n\t\t\t\t\t\t\t  \n\t\t\t\t\t\t\t  <\/a>\n\n\t\t\t\t\t\t  <\/div>\n\t\t\t\t\t\t  <div class=\"relatedthumb \" style=\"width:125px;float:left;overflow:hidden;\">  \n\t\t\t\t\t\t\t  \n\t\t\t\t\t\t\t  <a  href=\"https:\/\/redept.com.br\/blogosfera\/trump-cancela-tarifas-aos-paises-europeus-apos-acordo-sobre-a-groenlandia\/\"  >\n\t\t\t\t\t\t\t\t\t  <div class=\"yuzo-img-wrap \" style=\"width: 125px;height:90px;\">\n\t\t\t\t\t\t\t\t\t\t\n\t\t\t\t\t\t\t\t\t\t<div class=\"yuzo-img\" style=\"background:url('https:\/\/redept.org\/blogosfera\/wp-content\/plugins\/yuzo-related-post\/assets\/images\/default.png') 50% 50% no-repeat;width: 125px;height:90px;margin-bottom: 5px;background-size: cover; \"><\/div>\n\t\t\t\t\t\t\t\t\t  <\/div>\n\t\t\t\t\t\t\t\t\t  \n\t\t\t\t\t\t\t\t   <span class=\"yuzo__text--title\" style=\"font-size:13px;\">Trump cancela tarifas aos pa\u00edses europeus ap\u00f3s aco...<\/span>\n\t\t\t\t\t\t\t  \n\t\t\t\t\t\t\t  \n\t\t\t\t\t\t\t  <\/a>\n\n\t\t\t\t\t\t  <\/div>\n\t\t\t\t\t\t  <div class=\"relatedthumb \" style=\"width:125px;float:left;overflow:hidden;\">  \n\t\t\t\t\t\t\t  \n\t\t\t\t\t\t\t  <a  href=\"https:\/\/redept.com.br\/blogosfera\/o-caso-saaraui-e-a-responsabilidade-do-estado-brasileiro\/\"  >\n\t\t\t\t\t\t\t\t\t  <div class=\"yuzo-img-wrap \" style=\"width: 125px;height:90px;\">\n\t\t\t\t\t\t\t\t\t\t\n\t\t\t\t\t\t\t\t\t\t<div class=\"yuzo-img\" style=\"background:url('https:\/\/redept.com.br\/blogosfera\/wp-content\/uploads\/2026\/02\/saaraui-150x150.webp') 50% 50% no-repeat;width: 125px;height:90px;margin-bottom: 5px;background-size: cover; \"><\/div>\n\t\t\t\t\t\t\t\t\t  <\/div>\n\t\t\t\t\t\t\t\t\t  \n\t\t\t\t\t\t\t\t   <span class=\"yuzo__text--title\" style=\"font-size:13px;\">O caso saaraui e a responsabilidade do Estado bras...<\/span>\n\t\t\t\t\t\t\t  \n\t\t\t\t\t\t\t  \n\t\t\t\t\t\t\t  <\/a>\n\n\t\t\t\t\t\t  <\/div>\n\t\t\t\t\t\t  <div class=\"relatedthumb \" style=\"width:125px;float:left;overflow:hidden;\">  \n\t\t\t\t\t\t\t  \n\t\t\t\t\t\t\t  <a  href=\"https:\/\/redept.com.br\/blogosfera\/tarifa-de-trump-afeta-elo-mais-fraco-da-cadeia-produtiva-quilombolas-ribeirinhos-e-pequenos-agricultores\/\"  >\n\t\t\t\t\t\t\t\t\t  <div class=\"yuzo-img-wrap \" style=\"width: 125px;height:90px;\">\n\t\t\t\t\t\t\t\t\t\t\n\t\t\t\t\t\t\t\t\t\t<div class=\"yuzo-img\" style=\"background:url('https:\/\/redept.org\/blogosfera\/wp-content\/plugins\/yuzo-related-post\/assets\/images\/default.png') 50% 50% no-repeat;width: 125px;height:90px;margin-bottom: 5px;background-size: cover; \"><\/div>\n\t\t\t\t\t\t\t\t\t  <\/div>\n\t\t\t\t\t\t\t\t\t  \n\t\t\t\t\t\t\t\t   <span class=\"yuzo__text--title\" style=\"font-size:13px;\">Tarifa de Trump afeta \u2018elo mais fraco da cadeia pr...<\/span>\n\t\t\t\t\t\t\t  \n\t\t\t\t\t\t\t  \n\t\t\t\t\t\t\t  <\/a>\n\n\t\t\t\t\t\t  <\/div>\n<\/div> <script>\n\t\t\t\t\t\t  jQuery(document).ready(function( $ ){\n\t\t\t\t\t\t\t\/\/jQuery('.yuzo_related_post').equalizer({ overflow : 'relatedthumb' });\n\t\t\t\t\t\t\tjQuery('.yuzo_related_post .yuzo_wraps').equalizer({ columns : '> div' });\n\t\t\t\t\t\t   })\n\t\t\t\t\t\t  <\/script> <!-- End Yuzo :) -->","protected":false},"excerpt":{"rendered":"<p>O MINISTRO DO TRABALHO\u00a0Luiz Marinho anulou os efeitos de uma fiscaliza\u00e7\u00e3o realizada por auditores fiscais do governo federal que resgatou cinco trabalhadores de condi\u00e7\u00f5es an\u00e1logas \u00e0s de escravo na extra\u00e7\u00e3o de sisal, fibra utilizada na fabrica\u00e7\u00e3o de cordas e tapetes. O caso aconteceu em 2023, em Jacobina, na Bahia. A decis\u00e3o do ministro foi tomada [\u2026]<\/p>\n<p>The post <a href=\"https:\/\/reporterbrasil.org.br\/2025\/11\/ministro-trabalho-anula-flagrante-trabalho-escravo\/\">Ministro do Trabalho anula flagrante de trabalho escravo; MPT vai \u00e0 Justi\u00e7a<\/a> appeared first on <a href=\"https:\/\/reporterbrasil.org.br\/\">Rep\u00f3rter Brasil<\/a>.<\/p>\n","protected":false},"author":2,"featured_media":67103,"comment_status":"open","ping_status":"closed","sticky":false,"template":"","format":"standard","meta":{"fifu_image_url":"","fifu_image_alt":"","footnotes":""},"categories":[13690,5879,5891,5853,973,5907,5799,974],"tags":[],"class_list":["post-67102","post","type-post","status-publish","format-standard","has-post-thumbnail","hentry","category-_destaque-da-home-1","category-conteudo-original-em-portugues","category-jbs","category-lista-suja","category-ministerio-do-trabalho","category-ministerio-publico-do-trabalho","category-reportagens","category-trabalho-escravo"],"_links":{"self":[{"href":"https:\/\/redept.com.br\/blogosfera\/wp-json\/wp\/v2\/posts\/67102","targetHints":{"allow":["GET"]}}],"collection":[{"href":"https:\/\/redept.com.br\/blogosfera\/wp-json\/wp\/v2\/posts"}],"about":[{"href":"https:\/\/redept.com.br\/blogosfera\/wp-json\/wp\/v2\/types\/post"}],"author":[{"embeddable":true,"href":"https:\/\/redept.com.br\/blogosfera\/wp-json\/wp\/v2\/users\/2"}],"replies":[{"embeddable":true,"href":"https:\/\/redept.com.br\/blogosfera\/wp-json\/wp\/v2\/comments?post=67102"}],"version-history":[{"count":0,"href":"https:\/\/redept.com.br\/blogosfera\/wp-json\/wp\/v2\/posts\/67102\/revisions"}],"wp:featuredmedia":[{"embeddable":true,"href":"https:\/\/redept.com.br\/blogosfera\/wp-json\/wp\/v2\/media\/67103"}],"wp:attachment":[{"href":"https:\/\/redept.com.br\/blogosfera\/wp-json\/wp\/v2\/media?parent=67102"}],"wp:term":[{"taxonomy":"category","embeddable":true,"href":"https:\/\/redept.com.br\/blogosfera\/wp-json\/wp\/v2\/categories?post=67102"},{"taxonomy":"post_tag","embeddable":true,"href":"https:\/\/redept.com.br\/blogosfera\/wp-json\/wp\/v2\/tags?post=67102"}],"curies":[{"name":"wp","href":"https:\/\/api.w.org\/{rel}","templated":true}]}}