{"id":67187,"date":"2025-11-28T13:30:06","date_gmt":"2025-11-28T16:30:06","guid":{"rendered":"https:\/\/redept.com.br\/blogosfera\/numero-de-mortos-em-incendio-em-hong-kong-chega-a-128\/"},"modified":"2025-11-28T13:30:06","modified_gmt":"2025-11-28T16:30:06","slug":"numero-de-mortos-em-incendio-em-hong-kong-chega-a-128","status":"publish","type":"post","link":"https:\/\/redept.com.br\/blogosfera\/numero-de-mortos-em-incendio-em-hong-kong-chega-a-128\/","title":{"rendered":"N\u00famero de mortos em inc\u00eandio em Hong Kong chega a 128"},"content":{"rendered":"<p>Autoridades Hong Kong anunciaram nesta sexta-feira (28\/11) que o n\u00famero de mortos devido ao enorme inc\u00eandio que atingiu um complexo de edif\u00edcios residenciais no distrito de Tai Po subiu para 128.<\/p>\n<p>Al\u00e9m disso, cerca de 200 pessoas est\u00e3o desaparecidas e h\u00e1 dezenas de feridos, muitos em estado cr\u00edtico, como consequ\u00eancia do inc\u00eandio.<\/p>\n<p>Tr\u00eas pessoas foram presas por suspeita de homic\u00eddio culposo, de acordo com informa\u00e7\u00f5es oficiais. N\u00e3o est\u00e1 clara a suposta conex\u00e3o dos suspeitos, que t\u00eam entre 52 e 68 anos, com o caso.<\/p>\n<p>O chefe do governo, John Lee, tamb\u00e9m informou que mais de 140 viaturas e mais de 800 bombeiros e param\u00e9dicos foram mobilizados para combater as chamas e socorrer v\u00edtimas. Nesta sexta, o inc\u00eandio j\u00e1 havia sido na maior parte controlado, segundo as autoridades.<\/p>\n<figure aria-describedby=\"caption-attachment-239008\"><img loading=\"lazy\" loading=\"lazy\" decoding=\"async\"src=\"https:\/\/redept.com.br\/blogosfera\/wp-content\/uploads\/2025\/11\/bombeiros.jpg\" alt=\"Cerca de duas centenas de pessoas seguem desaparecidas ap\u00f3s enorme inc\u00eandio atingir um complexo de edif\u00edcios residenciais no territ\u00f3rio.\" width=\"600\" height=\"400\" srcset=\"https:\/\/redept.com.br\/blogosfera\/wp-content\/uploads\/2025\/11\/bombeiros.jpg 600w, https:\/\/operamundi.uol.com.br\/wp-content\/uploads\/2025\/11\/bombeiros-300x200.jpg 300w, https:\/\/operamundi.uol.com.br\/wp-content\/uploads\/2025\/11\/bombeiros-150x100.jpg 150w\" sizes=\"auto, (max-width: 600px) 100vw, 600px\"><figcaption>Cerca de duas centenas de pessoas seguem desaparecidas ap\u00f3s enorme inc\u00eandio atingir um complexo de edif\u00edcios residenciais no territ\u00f3rio<br \/>jpereira \/ wikimedia commons<\/figcaption><\/figure>\n<p>Drones tamb\u00e9m tamb\u00e9m foram utilizados nas tarefas de extin\u00e7\u00e3o do fogo, que afetou sete edif\u00edcios do Wang Fuk Court, um complexo residencial que possui 1.984 apartamentos e onde vivem cerca de 4 mil pessoas.<\/p>\n<p>Lee, que visitou feridos hospitalizados e a fam\u00edlia de um bombeiro que faleceu, contou que oito abrigos tempor\u00e1rios est\u00e3o dando ref\u00fagio a cerca de 900 moradores afetados pelo inc\u00eandio. O complexo residencial estava imerso em um processo de renova\u00e7\u00e3o com custo de 330 milh\u00f5es de d\u00f3lares de Hong Kong (US$ 42 milh\u00f5es) que gerou descontentamento entre v\u00e1rios moradores no ano passado.<\/p>\n<p>O inc\u00eandio come\u00e7ou na quarta-feira nos andaimes de bambu montados do lado de fora de v\u00e1rios andares. A imprensa de Hong Kong tamb\u00e9m citou o diretor do servi\u00e7o de bombeiros da cidade semiaut\u00f4noma, Andy Yeung Yan-ki, que afirmou que foi encontrado poliestireno expandido dentro dos edif\u00edcios, um material usado para isolamento t\u00e9rmico.<\/p>\n<p>De acordo com ele, esse material fez com que o fogo se espalhasse mais rapidamente entre os pr\u00e9dios e incendiasse apartamentos atrav\u00e9s dos corredores. Incidentes como esse ressaltam preocupa\u00e7\u00f5es recorrentes sobre a seguran\u00e7a envolvendo os andaimes de bambu, comuns em Hong Kong devido ao baixo custo.<\/p>\n<p>O post N\u00famero de mortos em inc\u00eandio em Hong Kong chega a 128 apareceu primeiro em Opera Mundi.<\/p>\n<!-- Begin Yuzo --><div class='yuzo_related_post style-1'  data-version='5.12.89'><!-- without result --><div class='yuzo_clearfixed yuzo__title yuzo__title'><h3>Related Post<\/h3><\/div>\n\t\t\t\t\t\t  <div class=\"relatedthumb \" style=\"width:125px;float:left;overflow:hidden;\">  \n\t\t\t\t\t\t\t  \n\t\t\t\t\t\t\t  <a  href=\"https:\/\/redept.com.br\/blogosfera\/governo-tarcisio-ignora-riscos-e-corta-34-do-orcamento-para-seguranca-hidrica-em-2026\/\"  >\n\t\t\t\t\t\t\t\t\t  <div class=\"yuzo-img-wrap \" style=\"width: 125px;height:90px;\">\n\t\t\t\t\t\t\t\t\t\t\n\t\t\t\t\t\t\t\t\t\t<div class=\"yuzo-img\" style=\"background:url('https:\/\/redept.org\/blogosfera\/wp-content\/plugins\/yuzo-related-post\/assets\/images\/default.png') 50% 50% no-repeat;width: 125px;height:90px;margin-bottom: 5px;background-size: cover; \"><\/div>\n\t\t\t\t\t\t\t\t\t  <\/div>\n\t\t\t\t\t\t\t\t\t  \n\t\t\t\t\t\t\t\t   <span class=\"yuzo__text--title\" style=\"font-size:13px;\">Governo Tarc\u00edsio ignora riscos e corta 34% do Or\u00e7a...<\/span>\n\t\t\t\t\t\t\t  \n\t\t\t\t\t\t\t  \n\t\t\t\t\t\t\t  <\/a>\n\n\t\t\t\t\t\t  <\/div>\n\t\t\t\t\t\t  <div class=\"relatedthumb \" style=\"width:125px;float:left;overflow:hidden;\">  \n\t\t\t\t\t\t\t  \n\t\t\t\t\t\t\t  <a  href=\"https:\/\/redept.com.br\/blogosfera\/projeto-obriga-laboratorios-a-notificarem-casos-de-cancer-ao-sus\/\"  >\n\t\t\t\t\t\t\t\t\t  <div class=\"yuzo-img-wrap \" style=\"width: 125px;height:90px;\">\n\t\t\t\t\t\t\t\t\t\t\n\t\t\t\t\t\t\t\t\t\t<div class=\"yuzo-img\" style=\"background:url('https:\/\/redept.com.br\/blogosfera\/wp-content\/uploads\/2025\/10\/Super-Centro-para-Diagnostico-do-Cancer-no-AC-Camargo-hospital-referencia-no-tratamento-oncologico-Foto_Paulo-Pinto_Agencia-Brasil-150x150.webp') 50% 50% no-repeat;width: 125px;height:90px;margin-bottom: 5px;background-size: cover; \"><\/div>\n\t\t\t\t\t\t\t\t\t  <\/div>\n\t\t\t\t\t\t\t\t\t  \n\t\t\t\t\t\t\t\t   <span class=\"yuzo__text--title\" style=\"font-size:13px;\">Projeto obriga laborat\u00f3rios a notificarem casos de...<\/span>\n\t\t\t\t\t\t\t  \n\t\t\t\t\t\t\t  \n\t\t\t\t\t\t\t  <\/a>\n\n\t\t\t\t\t\t  <\/div>\n\t\t\t\t\t\t  <div class=\"relatedthumb \" style=\"width:125px;float:left;overflow:hidden;\">  \n\t\t\t\t\t\t\t  \n\t\t\t\t\t\t\t  <a  href=\"https:\/\/redept.com.br\/blogosfera\/julho-das-pretas-2025-realiza-seminario-sobre-saberes-e-estrategias-de-sustentabilidade-no-rs\/\"  >\n\t\t\t\t\t\t\t\t\t  <div class=\"yuzo-img-wrap \" style=\"width: 125px;height:90px;\">\n\t\t\t\t\t\t\t\t\t\t\n\t\t\t\t\t\t\t\t\t\t<div class=\"yuzo-img\" style=\"background:url('https:\/\/redept.com.br\/blogosfera\/wp-content\/uploads\/2025\/07\/238bbb7f5224bf3f2c5cee6f4a148fff-8-150x92.jpg') 50% 50% no-repeat;width: 125px;height:90px;margin-bottom: 5px;background-size: cover; \"><\/div>\n\t\t\t\t\t\t\t\t\t  <\/div>\n\t\t\t\t\t\t\t\t\t  \n\t\t\t\t\t\t\t\t   <span class=\"yuzo__text--title\" style=\"font-size:13px;\">Julho das Pretas 2025 realiza semin\u00e1rio sobre sabe...<\/span>\n\t\t\t\t\t\t\t  \n\t\t\t\t\t\t\t  \n\t\t\t\t\t\t\t  <\/a>\n\n\t\t\t\t\t\t  <\/div>\n\t\t\t\t\t\t  <div class=\"relatedthumb \" style=\"width:125px;float:left;overflow:hidden;\">  \n\t\t\t\t\t\t\t  \n\t\t\t\t\t\t\t  <a  href=\"https:\/\/redept.com.br\/blogosfera\/governo-aposta-em-pl-do-devedor-contumaz-para-combater-sonegacao-e-crime-organizado\/\"  >\n\t\t\t\t\t\t\t\t\t  <div class=\"yuzo-img-wrap \" style=\"width: 125px;height:90px;\">\n\t\t\t\t\t\t\t\t\t\t\n\t\t\t\t\t\t\t\t\t\t<div class=\"yuzo-img\" style=\"background:url('https:\/\/redept.com.br\/blogosfera\/wp-content\/uploads\/2025\/12\/Captura-de-Tela-2025-12-01-as-154016-150x150.png') 50% 50% no-repeat;width: 125px;height:90px;margin-bottom: 5px;background-size: cover; \"><\/div>\n\t\t\t\t\t\t\t\t\t  <\/div>\n\t\t\t\t\t\t\t\t\t  \n\t\t\t\t\t\t\t\t   <span class=\"yuzo__text--title\" style=\"font-size:13px;\">Governo aposta em PL do Devedor Contumaz para comb...<\/span>\n\t\t\t\t\t\t\t  \n\t\t\t\t\t\t\t  \n\t\t\t\t\t\t\t  <\/a>\n\n\t\t\t\t\t\t  <\/div>\n<\/div> <script>\n\t\t\t\t\t\t  jQuery(document).ready(function( $ ){\n\t\t\t\t\t\t\t\/\/jQuery('.yuzo_related_post').equalizer({ overflow : 'relatedthumb' });\n\t\t\t\t\t\t\tjQuery('.yuzo_related_post .yuzo_wraps').equalizer({ columns : '> div' });\n\t\t\t\t\t\t   })\n\t\t\t\t\t\t  <\/script> <!-- End Yuzo :) -->","protected":false},"excerpt":{"rendered":"<p>Autoridades Hong Kong anunciaram nesta sexta-feira (28\/11) que o n\u00famero de mortos devido ao enorme inc\u00eandio que atingiu um complexo de edif\u00edcios residenciais no distrito de Tai Po subiu para 128. Al\u00e9m disso, cerca de 200 pessoas est\u00e3o desaparecidas e h\u00e1 dezenas de feridos, muitos em estado cr\u00edtico, como consequ\u00eancia do inc\u00eandio. Tr\u00eas pessoas foram [\u2026]<\/p>\n<p>O post <a href=\"https:\/\/operamundi.uol.com.br\/sociedade\/numero-de-mortos-em-incendio-em-hong-kong-chega-a-128\/\">N\u00famero de mortos em inc\u00eandio em Hong Kong chega a 128<\/a> apareceu primeiro em <a href=\"https:\/\/operamundi.uol.com.br\/\">Opera Mundi<\/a>.<\/p>\n","protected":false},"author":2,"featured_media":67188,"comment_status":"closed","ping_status":"closed","sticky":false,"template":"","format":"standard","meta":{"fifu_image_url":"","fifu_image_alt":"","footnotes":""},"categories":[292,31917,842,7588,61],"tags":[],"class_list":["post-67187","post","type-post","status-publish","format-standard","has-post-thumbnail","hentry","category-china","category-hong-kong","category-incendio","category-mortos","category-sociedade"],"_links":{"self":[{"href":"https:\/\/redept.com.br\/blogosfera\/wp-json\/wp\/v2\/posts\/67187","targetHints":{"allow":["GET"]}}],"collection":[{"href":"https:\/\/redept.com.br\/blogosfera\/wp-json\/wp\/v2\/posts"}],"about":[{"href":"https:\/\/redept.com.br\/blogosfera\/wp-json\/wp\/v2\/types\/post"}],"author":[{"embeddable":true,"href":"https:\/\/redept.com.br\/blogosfera\/wp-json\/wp\/v2\/users\/2"}],"replies":[{"embeddable":true,"href":"https:\/\/redept.com.br\/blogosfera\/wp-json\/wp\/v2\/comments?post=67187"}],"version-history":[{"count":0,"href":"https:\/\/redept.com.br\/blogosfera\/wp-json\/wp\/v2\/posts\/67187\/revisions"}],"wp:featuredmedia":[{"embeddable":true,"href":"https:\/\/redept.com.br\/blogosfera\/wp-json\/wp\/v2\/media\/67188"}],"wp:attachment":[{"href":"https:\/\/redept.com.br\/blogosfera\/wp-json\/wp\/v2\/media?parent=67187"}],"wp:term":[{"taxonomy":"category","embeddable":true,"href":"https:\/\/redept.com.br\/blogosfera\/wp-json\/wp\/v2\/categories?post=67187"},{"taxonomy":"post_tag","embeddable":true,"href":"https:\/\/redept.com.br\/blogosfera\/wp-json\/wp\/v2\/tags?post=67187"}],"curies":[{"name":"wp","href":"https:\/\/api.w.org\/{rel}","templated":true}]}}