{"id":67450,"date":"2025-12-01T15:57:18","date_gmt":"2025-12-01T18:57:18","guid":{"rendered":"https:\/\/redept.com.br\/blogosfera\/ramagem-zambelli-e-eduardo-perdem-salarios-mas-gabinetes-custam-r-400-mil\/"},"modified":"2025-12-01T15:57:18","modified_gmt":"2025-12-01T18:57:18","slug":"ramagem-zambelli-e-eduardo-perdem-salarios-mas-gabinetes-custam-r-400-mil","status":"publish","type":"post","link":"https:\/\/redept.com.br\/blogosfera\/ramagem-zambelli-e-eduardo-perdem-salarios-mas-gabinetes-custam-r-400-mil\/","title":{"rendered":"Ramagem, Zambelli e Eduardo perdem sal\u00e1rios, mas gabinetes custam R$ 400 mil"},"content":{"rendered":"<p><img fetchpriority=\"high\" width=\"924\" height=\"509\"src=\"https:\/\/redept.com.br\/blogosfera\/wp-content\/uploads\/2025\/12\/Ramagem-Zambelli-Eduardo.jpg\" alt=\"\" decoding=\"async\" srcset=\"https:\/\/redept.com.br\/blogosfera\/wp-content\/uploads\/2025\/12\/Ramagem-Zambelli-Eduardo.jpg 924w, https:\/\/vermelho.org.br\/wp-content\/uploads\/2025\/12\/Ramagem-Zambelli-Eduardo-300x166.jpg 300w, https:\/\/vermelho.org.br\/wp-content\/uploads\/2025\/12\/Ramagem-Zambelli-Eduardo-768x423.jpg 768w, https:\/\/vermelho.org.br\/wp-content\/uploads\/2025\/12\/Ramagem-Zambelli-Eduardo-700x387.jpg 700w, https:\/\/vermelho.org.br\/wp-content\/uploads\/2025\/12\/Ramagem-Zambelli-Eduardo-219x121.jpg 219w\" sizes=\"(max-width: 924px) 100vw, 924px\"><\/p>\n<p>Os deputados Alexandre Ramagem (PL-RJ), Carla Zambelli (PL-SP) e Eduardo Bolsonaro (PL-SP) perderam sal\u00e1rios e cotas parlamentares, mas gabinetes deles juntos mant\u00e9m os sal\u00e1rios de 27 funcion\u00e1rios ao custo de R$ 400 mil por m\u00eas ao er\u00e1rio.<\/p>\n<p>Ramagem e Eduardo est\u00e3o autoexilados nos Estados Unidos, sendo o primeiro condenado pelo Supremo Tribunal Federal (STF) a 16 anos por tentativa de golpe de Estado e, o segundo, r\u00e9u no Supremo por coa\u00e7\u00e3o e tentativa de obstru\u00e7\u00e3o de Justi\u00e7a.<\/p>\n<p>Zambelli se encontra presa na It\u00e1lia ap\u00f3s fugir depois de condena\u00e7\u00e3o no STF por invas\u00e3o de sistemas do Conselho Nacional de Justi\u00e7a (CNJ).<\/p>\n<p>Leia mais:<a href=\"https:\/\/vermelho.org.br\/2025\/11\/26\/stf-determina-perda-de-mandato-de-ramagem-e-que-pf-providencie-extradicao\/\"> STF determina perda de mandato de Ramagem<\/a><\/p>\n<p>Segundo levantamento da CNN, Ramagem recebeu, em setembro, o \u00faltimo sal\u00e1rio dele no valor de R$ 46.366,19. Ele ainda recebeu a cota parlamentar em outubro (R$ 20.848,29) e novembro (R$ 230,00). Zambelli recebeu sal\u00e1rio at\u00e9 maio deste ano e Eduardo at\u00e9 mar\u00e7o.<\/p>\n<p>\u201cCondenados ou n\u00e3o, os tr\u00eas parlamentares s\u00f3 devem perder o mandato quando atingirem a toler\u00e2ncia de faltas. Os tr\u00eas precisam ter presen\u00e7a em 1\/3 das sess\u00f5es do plen\u00e1rio. Isso s\u00f3 deve ocorrer, no entanto, em 2026. Foi assim no caso de Chiquinho Braz\u00e3o, que teve perda autom\u00e1tica do mandato em abril\u201d, lembra a CNN.<\/p>\n<p><strong>STF<\/strong><\/p>\n<p>O fugitivo Ramagem desafiou nesta segunda-feira (1\u00ba) o ministro Alexandre de Moraes, que \u00e9 relator da a\u00e7\u00e3o sobre a trama golpista. \u201cSe o Alexandre de Moraes quiser trazer algum pedido para a minha extradi\u00e7\u00e3o, ele vai ter que remeter para an\u00e1lise de um juiz federal americano toda a a\u00e7\u00e3o do golpe que me envolve\u201d, disse por meio de um v\u00eddeo postado nas redes sociais.<\/p>\n<p>\u201cEnt\u00e3o eu pe\u00e7o: traga para an\u00e1lise dos americanos essa a\u00e7\u00e3o do golpe, que n\u00f3s vamos ver uma resposta enf\u00e1tica dos norte-americanos do que \u00e9 uma juristocracia, uma ditadura, uma arbitrariedade que assola o Brasil agora\u201d, prossegue.<\/p>\n<p>Na semana passada, Moraes determinou que a C\u00e2mara dos Deputados casasse o mandato de Ramagem. Pelo entendimento do ministro, o cumprimento da pena em regime fechado impede o exerc\u00edcio do mandato. Moraes tamb\u00e9m pediu provid\u00eancias para extradi\u00e7\u00e3o do deputado.<\/p>\n<p>O post <a href=\"https:\/\/vermelho.org.br\/2025\/12\/01\/ramagem-zambelli-e-eduardo-perdem-salarios-mas-gabinetes-custam-r-400-mil\/\">Ramagem, Zambelli e Eduardo perdem sal\u00e1rios, mas gabinetes custam R$ 400 mil<\/a> apareceu primeiro em <a href=\"https:\/\/vermelho.org.br\/\">Vermelho<\/a>.<\/p>\n<!-- Begin Yuzo --><div class='yuzo_related_post style-1'  data-version='5.12.89'><!-- without result --><div class='yuzo_clearfixed yuzo__title yuzo__title'><h3>Related Post<\/h3><\/div>\n\t\t\t\t\t\t  <div class=\"relatedthumb \" style=\"width:125px;float:left;overflow:hidden;\">  \n\t\t\t\t\t\t\t  \n\t\t\t\t\t\t\t  <a  href=\"https:\/\/redept.com.br\/blogosfera\/mesmo-em-meio-a-guerra-civil-haiti-garante-vaga-na-copa-do-mundo\/\"  >\n\t\t\t\t\t\t\t\t\t  <div class=\"yuzo-img-wrap \" style=\"width: 125px;height:90px;\">\n\t\t\t\t\t\t\t\t\t\t\n\t\t\t\t\t\t\t\t\t\t<div class=\"yuzo-img\" style=\"background:url('https:\/\/redept.com.br\/blogosfera\/wp-content\/uploads\/2025\/11\/haiti-1-150x150.jpg') 50% 50% no-repeat;width: 125px;height:90px;margin-bottom: 5px;background-size: cover; \"><\/div>\n\t\t\t\t\t\t\t\t\t  <\/div>\n\t\t\t\t\t\t\t\t\t  \n\t\t\t\t\t\t\t\t   <span class=\"yuzo__text--title\" style=\"font-size:13px;\">Mesmo em meio \u00e0 guerra civil, Haiti garante vaga n...<\/span>\n\t\t\t\t\t\t\t  \n\t\t\t\t\t\t\t  \n\t\t\t\t\t\t\t  <\/a>\n\n\t\t\t\t\t\t  <\/div>\n\t\t\t\t\t\t  <div class=\"relatedthumb \" style=\"width:125px;float:left;overflow:hidden;\">  \n\t\t\t\t\t\t\t  \n\t\t\t\t\t\t\t  <a  href=\"https:\/\/redept.com.br\/blogosfera\/feira-do-livro-periferico-reune-editoras-independentes-em-sp-e-debate-politicas-publicas-para-a-cultura\/\"  >\n\t\t\t\t\t\t\t\t\t  <div class=\"yuzo-img-wrap \" style=\"width: 125px;height:90px;\">\n\t\t\t\t\t\t\t\t\t\t\n\t\t\t\t\t\t\t\t\t\t<div class=\"yuzo-img\" style=\"background:url('https:\/\/redept.org\/blogosfera\/wp-content\/plugins\/yuzo-related-post\/assets\/images\/default.png') 50% 50% no-repeat;width: 125px;height:90px;margin-bottom: 5px;background-size: cover; \"><\/div>\n\t\t\t\t\t\t\t\t\t  <\/div>\n\t\t\t\t\t\t\t\t\t  \n\t\t\t\t\t\t\t\t   <span class=\"yuzo__text--title\" style=\"font-size:13px;\">Feira do Livro Perif\u00e9rico re\u00fane editoras independe...<\/span>\n\t\t\t\t\t\t\t  \n\t\t\t\t\t\t\t  \n\t\t\t\t\t\t\t  <\/a>\n\n\t\t\t\t\t\t  <\/div>\n\t\t\t\t\t\t  <div class=\"relatedthumb \" style=\"width:125px;float:left;overflow:hidden;\">  \n\t\t\t\t\t\t\t  \n\t\t\t\t\t\t\t  <a  href=\"https:\/\/redept.com.br\/blogosfera\/stf-retoma-julgamento-de-bolsonaro-por-tentativa-de-golpe\/\"  >\n\t\t\t\t\t\t\t\t\t  <div class=\"yuzo-img-wrap \" style=\"width: 125px;height:90px;\">\n\t\t\t\t\t\t\t\t\t\t\n\t\t\t\t\t\t\t\t\t\t<div class=\"yuzo-img\" style=\"background:url('https:\/\/redept.com.br\/blogosfera\/wp-content\/uploads\/2025\/08\/lula6222-150x150.jpg') 50% 50% no-repeat;width: 125px;height:90px;margin-bottom: 5px;background-size: cover; \"><\/div>\n\t\t\t\t\t\t\t\t\t  <\/div>\n\t\t\t\t\t\t\t\t\t  \n\t\t\t\t\t\t\t\t   <span class=\"yuzo__text--title\" style=\"font-size:13px;\">STF retoma julgamento de Bolsonaro por tentativa d...<\/span>\n\t\t\t\t\t\t\t  \n\t\t\t\t\t\t\t  \n\t\t\t\t\t\t\t  <\/a>\n\n\t\t\t\t\t\t  <\/div>\n\t\t\t\t\t\t  <div class=\"relatedthumb \" style=\"width:125px;float:left;overflow:hidden;\">  \n\t\t\t\t\t\t\t  \n\t\t\t\t\t\t\t  <a  href=\"https:\/\/redept.com.br\/blogosfera\/senado-aprova-criacao-da-frente-parlamentar-pela-paz-mundial\/\"  >\n\t\t\t\t\t\t\t\t\t  <div class=\"yuzo-img-wrap \" style=\"width: 125px;height:90px;\">\n\t\t\t\t\t\t\t\t\t\t\n\t\t\t\t\t\t\t\t\t\t<div class=\"yuzo-img\" style=\"background:url('https:\/\/redept.org\/blogosfera\/wp-content\/plugins\/yuzo-related-post\/assets\/images\/default.png') 50% 50% no-repeat;width: 125px;height:90px;margin-bottom: 5px;background-size: cover; \"><\/div>\n\t\t\t\t\t\t\t\t\t  <\/div>\n\t\t\t\t\t\t\t\t\t  \n\t\t\t\t\t\t\t\t   <span class=\"yuzo__text--title\" style=\"font-size:13px;\">Senado aprova cria\u00e7\u00e3o da Frente Parlamentar pela P...<\/span>\n\t\t\t\t\t\t\t  \n\t\t\t\t\t\t\t  \n\t\t\t\t\t\t\t  <\/a>\n\n\t\t\t\t\t\t  <\/div>\n<\/div> <script>\n\t\t\t\t\t\t  jQuery(document).ready(function( $ ){\n\t\t\t\t\t\t\t\/\/jQuery('.yuzo_related_post').equalizer({ overflow : 'relatedthumb' });\n\t\t\t\t\t\t\tjQuery('.yuzo_related_post .yuzo_wraps').equalizer({ columns : '> div' });\n\t\t\t\t\t\t   })\n\t\t\t\t\t\t  <\/script> <!-- End Yuzo :) -->","protected":false},"excerpt":{"rendered":"<p>Os deputados Alexandre Ramagem (PL-RJ), Carla Zambelli (PL-SP) e Eduardo Bolsonaro (PL-SP) perderam sal\u00e1rios e cotas parlamentares, mas gabinetes deles juntos mant\u00e9m os sal\u00e1rios de 27 funcion\u00e1rios ao custo de R$ 400 mil por m\u00eas ao er\u00e1rio. Ramagem e Eduardo est\u00e3o autoexilados nos Estados Unidos, sendo o primeiro condenado pelo Supremo Tribunal Federal (STF) a [&hellip;]<\/p>\n","protected":false},"author":2,"featured_media":0,"comment_status":"open","ping_status":"closed","sticky":false,"template":"","format":"standard","meta":{"fifu_image_url":"","fifu_image_alt":"","footnotes":""},"categories":[891,258,32018,3375,32019,132],"tags":[],"class_list":["post-67450","post","type-post","status-publish","format-standard","hentry","category-alexandre-ramagem","category-carla-zambelli","category-custos","category-eduardo-bolsonaro","category-gabinetes","category-politica"],"_links":{"self":[{"href":"https:\/\/redept.com.br\/blogosfera\/wp-json\/wp\/v2\/posts\/67450","targetHints":{"allow":["GET"]}}],"collection":[{"href":"https:\/\/redept.com.br\/blogosfera\/wp-json\/wp\/v2\/posts"}],"about":[{"href":"https:\/\/redept.com.br\/blogosfera\/wp-json\/wp\/v2\/types\/post"}],"author":[{"embeddable":true,"href":"https:\/\/redept.com.br\/blogosfera\/wp-json\/wp\/v2\/users\/2"}],"replies":[{"embeddable":true,"href":"https:\/\/redept.com.br\/blogosfera\/wp-json\/wp\/v2\/comments?post=67450"}],"version-history":[{"count":0,"href":"https:\/\/redept.com.br\/blogosfera\/wp-json\/wp\/v2\/posts\/67450\/revisions"}],"wp:attachment":[{"href":"https:\/\/redept.com.br\/blogosfera\/wp-json\/wp\/v2\/media?parent=67450"}],"wp:term":[{"taxonomy":"category","embeddable":true,"href":"https:\/\/redept.com.br\/blogosfera\/wp-json\/wp\/v2\/categories?post=67450"},{"taxonomy":"post_tag","embeddable":true,"href":"https:\/\/redept.com.br\/blogosfera\/wp-json\/wp\/v2\/tags?post=67450"}],"curies":[{"name":"wp","href":"https:\/\/api.w.org\/{rel}","templated":true}]}}