{"id":67550,"date":"2025-12-01T18:40:36","date_gmt":"2025-12-01T21:40:36","guid":{"rendered":"https:\/\/redept.com.br\/blogosfera\/hong-kong-prende-13-suspeitos-por-homicidio-culposo-em-incendio\/"},"modified":"2025-12-01T18:40:36","modified_gmt":"2025-12-01T21:40:36","slug":"hong-kong-prende-13-suspeitos-por-homicidio-culposo-em-incendio","status":"publish","type":"post","link":"https:\/\/redept.com.br\/blogosfera\/hong-kong-prende-13-suspeitos-por-homicidio-culposo-em-incendio\/","title":{"rendered":"Hong Kong prende 13 suspeitos por homic\u00eddio culposo em inc\u00eandio"},"content":{"rendered":"<p>A pol\u00edcia de Hong Kong anunciou nesta segunda-feira (01\/12) a pris\u00e3o de 13 suspeitos por envolvimento no inc\u00eandio ocorrido na \u00faltima semana, que devastou um complexo residencial no distrito de Tai Po, matando ao menos 151 pessoas.<\/p>\n<p>\u201cUma investiga\u00e7\u00e3o minuciosa por homic\u00eddio culposo\u201d resultou, at\u00e9 o momento, na deten\u00e7\u00e3o de \u201c12 homens e uma mulher\u201d, afirmou o chefe do Departamento de Crime e Seguran\u00e7a de Hong Kong, Chan Tung.<\/p>\n<p>De acordo com o governo municipal, a utiliza\u00e7\u00e3o de redes pl\u00e1sticas e poliestireno foi a causa da propaga\u00e7\u00e3o do fogo.<\/p>\n<figure aria-describedby=\"caption-attachment-239361\"><img fetchpriority=\"high\" decoding=\"async\"src=\"https:\/\/redept.com.br\/blogosfera\/wp-content\/uploads\/2025\/12\/44b881fd-255b-468f-bedf-8a1b12af5ce1-g6rcqq4wwaasayk.webp\" alt=\"\" width=\"800\" height=\"534\" srcset=\"https:\/\/redept.com.br\/blogosfera\/wp-content\/uploads\/2025\/12\/44b881fd-255b-468f-bedf-8a1b12af5ce1-g6rcqq4wwaasayk.webp 800w, https:\/\/operamundi.uol.com.br\/wp-content\/uploads\/2025\/12\/44b881fd-255b-468f-bedf-8a1b12af5ce1-g6rcqq4wwaasayk-300x200.webp 300w, https:\/\/operamundi.uol.com.br\/wp-content\/uploads\/2025\/12\/44b881fd-255b-468f-bedf-8a1b12af5ce1-g6rcqq4wwaasayk-768x513.webp 768w, https:\/\/operamundi.uol.com.br\/wp-content\/uploads\/2025\/12\/44b881fd-255b-468f-bedf-8a1b12af5ce1-g6rcqq4wwaasayk-150x100.webp 150w, https:\/\/operamundi.uol.com.br\/wp-content\/uploads\/2025\/12\/44b881fd-255b-468f-bedf-8a1b12af5ce1-g6rcqq4wwaasayk-750x501.webp 750w\" sizes=\"(max-width: 800px) 100vw, 800px\"><figcaption>79 pessoas ficaram feridas na trag\u00e9dia ocorrida em 26 de novembro<br \/>RS\/Fotos P\u00fablicas<\/figcaption><\/figure>\n<p>Tamb\u00e9m hoje, a pol\u00edcia comunicou que o n\u00famero de mortos no inc\u00eandio subiu para 151, frente aos 146 divulgados no \u00faltimo balan\u00e7o.<\/p>\n<p>79 pessoas ficaram feridas na trag\u00e9dia ocorrida em 26 de novembro. Equipes de resgate ainda trabalham no local em busca de mais de 30 desaparecidos.<\/p>\n<p>Moradores relataram que os alarmes de inc\u00eandio n\u00e3o dispararam antes da propaga\u00e7\u00e3o das chamas, apesar de o complexo possuir sistema de seguran\u00e7a.<\/p>\n<p><em>(*) Com Ansa<\/em><\/p>\n<p>O post Hong Kong prende 13 suspeitos por homic\u00eddio culposo em inc\u00eandio apareceu primeiro em Opera Mundi.<\/p>\n<!-- Begin Yuzo --><div class='yuzo_related_post style-1'  data-version='5.12.89'><!-- without result --><div class='yuzo_clearfixed yuzo__title yuzo__title'><h3>Related Post<\/h3><\/div>\n\t\t\t\t\t\t  <div class=\"relatedthumb \" style=\"width:125px;float:left;overflow:hidden;\">  \n\t\t\t\t\t\t\t  \n\t\t\t\t\t\t\t  <a  href=\"https:\/\/redept.com.br\/blogosfera\/pesquisas-indicam-melhora-na-aprovacao-do-governo-lula-e-lideranca-para-2026\/\"  >\n\t\t\t\t\t\t\t\t\t  <div class=\"yuzo-img-wrap \" style=\"width: 125px;height:90px;\">\n\t\t\t\t\t\t\t\t\t\t\n\t\t\t\t\t\t\t\t\t\t<div class=\"yuzo-img\" style=\"background:url('https:\/\/redept.org\/blogosfera\/wp-content\/plugins\/yuzo-related-post\/assets\/images\/default.png') 50% 50% no-repeat;width: 125px;height:90px;margin-bottom: 5px;background-size: cover; \"><\/div>\n\t\t\t\t\t\t\t\t\t  <\/div>\n\t\t\t\t\t\t\t\t\t  \n\t\t\t\t\t\t\t\t   <span class=\"yuzo__text--title\" style=\"font-size:13px;\">Pesquisas indicam melhora na aprova\u00e7\u00e3o do governo ...<\/span>\n\t\t\t\t\t\t\t  \n\t\t\t\t\t\t\t  \n\t\t\t\t\t\t\t  <\/a>\n\n\t\t\t\t\t\t  <\/div>\n\t\t\t\t\t\t  <div class=\"relatedthumb \" style=\"width:125px;float:left;overflow:hidden;\">  \n\t\t\t\t\t\t\t  \n\t\t\t\t\t\t\t  <a  href=\"https:\/\/redept.com.br\/blogosfera\/comissao-do-senado-aprova-novo-plano-nacional-de-educacao-para-mais-dez-anos\/\"  >\n\t\t\t\t\t\t\t\t\t  <div class=\"yuzo-img-wrap \" style=\"width: 125px;height:90px;\">\n\t\t\t\t\t\t\t\t\t\t\n\t\t\t\t\t\t\t\t\t\t<div class=\"yuzo-img\" style=\"background:url('https:\/\/redept.com.br\/blogosfera\/wp-content\/uploads\/2026\/03\/PNE-150x150.jpg') 50% 50% no-repeat;width: 125px;height:90px;margin-bottom: 5px;background-size: cover; \"><\/div>\n\t\t\t\t\t\t\t\t\t  <\/div>\n\t\t\t\t\t\t\t\t\t  \n\t\t\t\t\t\t\t\t   <span class=\"yuzo__text--title\" style=\"font-size:13px;\">Comiss\u00e3o do Senado aprova novo Plano Nacional de E...<\/span>\n\t\t\t\t\t\t\t  \n\t\t\t\t\t\t\t  \n\t\t\t\t\t\t\t  <\/a>\n\n\t\t\t\t\t\t  <\/div>\n\t\t\t\t\t\t  <div class=\"relatedthumb \" style=\"width:125px;float:left;overflow:hidden;\">  \n\t\t\t\t\t\t\t  \n\t\t\t\t\t\t\t  <a  href=\"https:\/\/redept.com.br\/blogosfera\/gilmar-mendes-nao-ve-motivos-para-impedir-ministros-de-julgar-bolsonaro\/\"  >\n\t\t\t\t\t\t\t\t\t  <div class=\"yuzo-img-wrap \" style=\"width: 125px;height:90px;\">\n\t\t\t\t\t\t\t\t\t\t\n\t\t\t\t\t\t\t\t\t\t<div class=\"yuzo-img\" style=\"background:url('https:\/\/redept.com.br\/blogosfera\/wp-content\/uploads\/2025\/02\/gilmar-mendes-150x150.jpg') 50% 50% no-repeat;width: 125px;height:90px;margin-bottom: 5px;background-size: cover; \"><\/div>\n\t\t\t\t\t\t\t\t\t  <\/div>\n\t\t\t\t\t\t\t\t\t  \n\t\t\t\t\t\t\t\t   <span class=\"yuzo__text--title\" style=\"font-size:13px;\">Gilmar Mendes n\u00e3o v\u00ea motivos para impedir ministro...<\/span>\n\t\t\t\t\t\t\t  \n\t\t\t\t\t\t\t  \n\t\t\t\t\t\t\t  <\/a>\n\n\t\t\t\t\t\t  <\/div>\n\t\t\t\t\t\t  <div class=\"relatedthumb \" style=\"width:125px;float:left;overflow:hidden;\">  \n\t\t\t\t\t\t\t  \n\t\t\t\t\t\t\t  <a  href=\"https:\/\/redept.com.br\/blogosfera\/aposentados-e-pensionistas-comecam-a-receber-devolucao-de-descontos-de-abril\/\"  >\n\t\t\t\t\t\t\t\t\t  <div class=\"yuzo-img-wrap \" style=\"width: 125px;height:90px;\">\n\t\t\t\t\t\t\t\t\t\t\n\t\t\t\t\t\t\t\t\t\t<div class=\"yuzo-img\" style=\"background:url('https:\/\/redept.org\/blogosfera\/wp-content\/plugins\/yuzo-related-post\/assets\/images\/default.png') 50% 50% no-repeat;width: 125px;height:90px;margin-bottom: 5px;background-size: cover; \"><\/div>\n\t\t\t\t\t\t\t\t\t  <\/div>\n\t\t\t\t\t\t\t\t\t  \n\t\t\t\t\t\t\t\t   <span class=\"yuzo__text--title\" style=\"font-size:13px;\">Aposentados e pensionistas come\u00e7am a receber devol...<\/span>\n\t\t\t\t\t\t\t  \n\t\t\t\t\t\t\t  \n\t\t\t\t\t\t\t  <\/a>\n\n\t\t\t\t\t\t  <\/div>\n<\/div> <script>\n\t\t\t\t\t\t  jQuery(document).ready(function( $ ){\n\t\t\t\t\t\t\t\/\/jQuery('.yuzo_related_post').equalizer({ overflow : 'relatedthumb' });\n\t\t\t\t\t\t\tjQuery('.yuzo_related_post .yuzo_wraps').equalizer({ columns : '> div' });\n\t\t\t\t\t\t   })\n\t\t\t\t\t\t  <\/script> <!-- End Yuzo :) -->","protected":false},"excerpt":{"rendered":"<p>A pol\u00edcia de Hong Kong anunciou nesta segunda-feira (01\/12) a pris\u00e3o de 13 suspeitos por envolvimento no inc\u00eandio ocorrido na \u00faltima semana, que devastou um complexo residencial no distrito de Tai Po, matando ao menos 151 pessoas. \u201cUma investiga\u00e7\u00e3o minuciosa por homic\u00eddio culposo\u201d resultou, at\u00e9 o momento, na deten\u00e7\u00e3o de \u201c12 homens e uma mulher\u201d, [\u2026]<\/p>\n<p>O post <a href=\"https:\/\/operamundi.uol.com.br\/sociedade\/hong-kong-prende-13-suspeitos-por-homicidio-culposo-em-incendio\/\">Hong Kong prende 13 suspeitos por homic\u00eddio culposo em inc\u00eandio<\/a> apareceu primeiro em <a href=\"https:\/\/operamundi.uol.com.br\/\">Opera Mundi<\/a>.<\/p>\n","protected":false},"author":2,"featured_media":67551,"comment_status":"closed","ping_status":"closed","sticky":false,"template":"","format":"standard","meta":{"fifu_image_url":"","fifu_image_alt":"","footnotes":""},"categories":[31917,842,3102,6209,61,7399],"tags":[],"class_list":["post-67550","post","type-post","status-publish","format-standard","has-post-thumbnail","hentry","category-hong-kong","category-incendio","category-investigacao","category-policia","category-sociedade","category-vitimas"],"_links":{"self":[{"href":"https:\/\/redept.com.br\/blogosfera\/wp-json\/wp\/v2\/posts\/67550","targetHints":{"allow":["GET"]}}],"collection":[{"href":"https:\/\/redept.com.br\/blogosfera\/wp-json\/wp\/v2\/posts"}],"about":[{"href":"https:\/\/redept.com.br\/blogosfera\/wp-json\/wp\/v2\/types\/post"}],"author":[{"embeddable":true,"href":"https:\/\/redept.com.br\/blogosfera\/wp-json\/wp\/v2\/users\/2"}],"replies":[{"embeddable":true,"href":"https:\/\/redept.com.br\/blogosfera\/wp-json\/wp\/v2\/comments?post=67550"}],"version-history":[{"count":0,"href":"https:\/\/redept.com.br\/blogosfera\/wp-json\/wp\/v2\/posts\/67550\/revisions"}],"wp:featuredmedia":[{"embeddable":true,"href":"https:\/\/redept.com.br\/blogosfera\/wp-json\/wp\/v2\/media\/67551"}],"wp:attachment":[{"href":"https:\/\/redept.com.br\/blogosfera\/wp-json\/wp\/v2\/media?parent=67550"}],"wp:term":[{"taxonomy":"category","embeddable":true,"href":"https:\/\/redept.com.br\/blogosfera\/wp-json\/wp\/v2\/categories?post=67550"},{"taxonomy":"post_tag","embeddable":true,"href":"https:\/\/redept.com.br\/blogosfera\/wp-json\/wp\/v2\/tags?post=67550"}],"curies":[{"name":"wp","href":"https:\/\/api.w.org\/{rel}","templated":true}]}}