{"id":67591,"date":"2025-12-02T10:16:13","date_gmt":"2025-12-02T13:16:13","guid":{"rendered":"https:\/\/redept.com.br\/blogosfera\/sonia-zerino-e-a-1a-mulher-a-presidir-uma-central-sindical-nacional\/"},"modified":"2025-12-02T10:16:13","modified_gmt":"2025-12-02T13:16:13","slug":"sonia-zerino-e-a-1a-mulher-a-presidir-uma-central-sindical-nacional","status":"publish","type":"post","link":"https:\/\/redept.com.br\/blogosfera\/sonia-zerino-e-a-1a-mulher-a-presidir-uma-central-sindical-nacional\/","title":{"rendered":"S\u00f4nia Zerino \u00e9 a 1\u00aa mulher a presidir uma central sindical nacional"},"content":{"rendered":"<p><img fetchpriority=\"high\" width=\"960\" height=\"720\"src=\"https:\/\/redept.com.br\/blogosfera\/wp-content\/uploads\/2025\/12\/WhatsApp-Image-2025-12-01-at-224422.jpeg\" alt=\"\" decoding=\"async\" srcset=\"https:\/\/redept.com.br\/blogosfera\/wp-content\/uploads\/2025\/12\/WhatsApp-Image-2025-12-01-at-224422.jpeg 960w, https:\/\/vermelho.org.br\/wp-content\/uploads\/2025\/12\/WhatsApp-Image-2025-12-01-at-22.44.22-300x225.jpeg 300w, https:\/\/vermelho.org.br\/wp-content\/uploads\/2025\/12\/WhatsApp-Image-2025-12-01-at-22.44.22-768x576.jpeg 768w\" sizes=\"(max-width: 960px) 100vw, 960px\"><\/p>\n<p>Nesta ter\u00e7a-feira (2), o movimento sindical brasileiro escreve um novo e decisivo cap\u00edtulo em sua hist\u00f3ria. S\u00f4nia Maria Zerino da Silva toma posse na presid\u00eancia da Nova Central Sindical de Trabalhadores (NCST), tornando-se a primeira mulher a assumir o comando m\u00e1ximo de uma entidade nacional entre as seis centrais sindicais registradas no Brasil.<\/p>\n<p>A ascens\u00e3o de S\u00f4nia Zerino, bacharel em Administra\u00e7\u00e3o de Empresas, com atua\u00e7\u00e3o tamb\u00e9m na Federa\u00e7\u00e3o dos Trabalhadores nas Ind\u00fastrias do RN e na Confedera\u00e7\u00e3o de Mulheres do Brasil, n\u00e3o \u00e9 apenas um triunfo pessoal, mas simboliza a ruptura de um ambiente historicamente dominado pelos homens.<\/p>\n<p>Em entrevista exclusiva ao Portal Vermelho, antes mesmo de detalhar suas metas para a gest\u00e3o, a nova presidente fez quest\u00e3o de ilustrar como o machismo se materializa na pr\u00f3pria arquitetura do poder. Ela recordou que o plen\u00e1rio do Senado Federal, inaugurado em 1960, s\u00f3 passou a ter um banheiro feminino em 2016. Durante 55 anos, as senadoras precisavam se deslocar ao restaurante anexo para atender \u00e0s necessidades b\u00e1sicas.<\/p>\n<p>\u201cA obra adaptou um banheiro masculino j\u00e1 existente para criar um espa\u00e7o exclusivo \u00e0s senadoras, que at\u00e9 ent\u00e3o precisavam sair do plen\u00e1rio, mesmo quando j\u00e1 ocupavam 15% das cadeiras\u201d, lembrou S\u00f4nia. O relato denuncia como as institui\u00e7\u00f5es foram projetadas exclusivamente para homens, uma realidade que ela agora desafia ao assumir a presid\u00eancia da NCST.<\/p>\n<p><strong>Herdeira do pioneirismo potiguar<\/strong><\/p>\n<p>A chegada de uma potiguar ao topo de uma central nacional liga o presente a uma longa tradi\u00e7\u00e3o de vanguarda feminina no Rio Grande do Norte. S\u00f4nia pode ser considerada herdeira pol\u00edtica de uma tradi\u00e7\u00e3o que inclui Celina Guimar\u00e3es Viana, a primeira eleitora do Brasil (1927), e Alzira Soriano, a primeira prefeita eleita da Am\u00e9rica Latina (1928, em Lajes-RN).<\/p>\n<p>A lista de pioneiras inclui ainda J\u00falia Alves Barbosa, primeira vereadora de Natal, e Maria do C\u00e9u Fernandes, primeira deputada estadual do pa\u00eds. O estado tamb\u00e9m se destaca por ter eleito diversas governadoras, como Wilma de Faria, Rosalba Ciarlini e a atual governadora F\u00e1tima Bezerra.<\/p>\n<p>Apesar desse hist\u00f3rico, S\u00f4nia alerta que a representatividade ainda enfrenta barreiras: em 2022, a Assembleia Legislativa do RN contava com apenas tr\u00eas mulheres em 24 cadeiras. Na legislatura atual, s\u00e3o cinco mulheres. \u201cO pioneirismo de uma mulher potiguar \u00e0 frente da Nova Central n\u00e3o \u00e9 um fato isolado, mas parte de um destacado protagonismo de mulheres que conquistaram espa\u00e7os na pol\u00edtica antes reservados apenas aos homens\u201d, pontua a dirigente.<\/p>\n<p><strong>O desafio do pleno emprego e a precariza\u00e7\u00e3o<\/strong><\/p>\n<p>A posse de S\u00f4nia ocorre em um momento excepcional para a economia e o mundo do trabalho. O Brasil vive um cen\u00e1rio pr\u00f3ximo ao pleno emprego, com a taxa de desocupa\u00e7\u00e3o atingindo m\u00ednimos hist\u00f3ricos entre 5,4% e 5,6%. Contudo, a nova presidenta da NCST adota uma postura anal\u00edtica e cautelosa.<\/p>\n<p>Para a central, a manuten\u00e7\u00e3o dessa tend\u00eancia enfrenta obst\u00e1culos estruturais: a alta taxa de informalidade, que deixa trabalhadores sem prote\u00e7\u00e3o social; a necessidade urgente de qualifica\u00e7\u00e3o profissional; e as press\u00f5es inflacion\u00e1rias em um ambiente de juros elevados.<\/p>\n<p>A NCST enxerga no governo Lula um aliado fundamental para o di\u00e1logo e a justi\u00e7a social, mas mant\u00e9m autonomia e postura vigilante. A entidade cobra a\u00e7\u00f5es efetivas para reverter os danos da reforma trabalhista de 2017, que enfraqueceu financeiramente os sindicatos e precarizou direitos.<\/p>\n<p>Para S\u00f4nia, o caminho para a recupera\u00e7\u00e3o da for\u00e7a sindical passa pela \u201creorganiza\u00e7\u00e3o interna, mobiliza\u00e7\u00e3o das bases para al\u00e9m do local de trabalho e uso de novas tecnologias\u201d, com foco especial na juventude e na reindustrializa\u00e7\u00e3o do pa\u00eds. A dirigente defende que o desenvolvimento industrial n\u00e3o pode ser apenas econ\u00f4mico, mas deve ser \u201csocialmente justo, sustent\u00e1vel e colocar os trabalhadores no centro do planejamento\u201d.<\/p>\n<p><strong>Leia entrevista exclusiva ao Portal Vermelho:<\/strong><\/p>\n<p><strong>Vermelho:<\/strong> Como voc\u00ea avalia o cen\u00e1rio atual do mercado de trabalho no Brasil, com o pleno emprego em alta, e quais os desafios para manter essa tend\u00eancia? <\/p>\n<p><strong>S\u00f4nia Zerino:<\/strong> O Brasil apresenta indicadores positivos que sugerem uma condi\u00e7\u00e3o pr\u00f3xima ao pleno emprego, com taxa de desocupa\u00e7\u00e3o atingindo m\u00ednimos hist\u00f3ricos, cerca de 5,4% a 5,6% nos \u00faltimos meses. Apesar dos avan\u00e7os, temos desafios para manter essa tend\u00eancia: alta taxa de informalidade \u2014 embora esteja em queda, ainda temos trabalhadores que atuam sem prote\u00e7\u00e3o social e com rendimentos baixos \u2014, qualifica\u00e7\u00e3o profissional, disparidades regionais e demogr\u00e1ficas, al\u00e9m do ambiente macroecon\u00f4mico e das press\u00f5es inflacion\u00e1rias. A manuten\u00e7\u00e3o do pleno emprego em um ambiente de juros elevados pode ser desafiadora, exigindo pol\u00edticas p\u00fablicas econ\u00f4micas cuidadosas.<\/p>\n<p><strong>Vermelho:<\/strong> Qual a perspectiva da NCST diante das pol\u00edticas do governo Lula para avan\u00e7ar nos direitos dos trabalhadores e ampliar a justi\u00e7a social? <\/p>\n<p>S<strong>\u00f4nia Zerino:<\/strong> A NCST v\u00ea o governo Lula como um aliado potencial e um ambiente mais favor\u00e1vel para o di\u00e1logo e a defesa da justi\u00e7a social, reconhecendo avan\u00e7os significativos. No entanto, mant\u00e9m uma postura vigilante e reivindicativa, cobrando a\u00e7\u00f5es mais efetivas e enfrentando os desafios impostos pelo cen\u00e1rio pol\u00edtico-institucional.<\/p>\n<p><strong>Vermelho:<\/strong> Depois da reforma trabalhista de 2017, que enfraqueceu sindicatos e precarizou muitos direitos, quais s\u00e3o as estrat\u00e9gias para recuperar a for\u00e7a do movimento sindical? <\/p>\n<p><strong>S\u00f4nia Zerino:<\/strong> Para recuperar a for\u00e7a do movimento sindical ap\u00f3s a reforma trabalhista de 2017, as principais estrat\u00e9gias envolvem, entre outras, a reorganiza\u00e7\u00e3o interna, a mobiliza\u00e7\u00e3o da base para al\u00e9m do local de trabalho, o uso de novas tecnologias de comunica\u00e7\u00e3o e a busca por novas formas de financiamento e representa\u00e7\u00e3o.<\/p>\n<p><strong>Vermelho:<\/strong> O Brasil precisa retomar um plano nacional de desenvolvimento industrial. Qual o papel dos sindicatos e da NCST nesse processo? <\/p>\n<p><strong>S\u00f4nia Zerino:<\/strong> A NCST e suas entidades filiadas s\u00e3o atores sociais e pol\u00edticos que buscam garantir que o desenvolvimento industrial n\u00e3o seja apenas econ\u00f4mico, mas tamb\u00e9m socialmente justo e sustent\u00e1vel, colocando os trabalhadores no centro do processo de planejamento e execu\u00e7\u00e3o da pol\u00edtica industrial.<\/p>\n<p><strong>Vermelho:<\/strong> Como a NCST est\u00e1 atuando para envolver as novas gera\u00e7\u00f5es de trabalhadores e ampliar a participa\u00e7\u00e3o sindical? <\/p>\n<p><strong>S\u00f4nia Zerino:<\/strong> A NCST vem adotando v\u00e1rias iniciativas recentes para aproximar as novas gera\u00e7\u00f5es, reconhecendo que a juventude \u00e9 fundamental para a renova\u00e7\u00e3o do movimento. O sindicalismo precisa se abrir para a escuta ativa da juventude e agir com coragem para mudar o que afasta essa gera\u00e7\u00e3o. Em 2025, organizamos junto \u00e0 CNTI o 1\u00ba Encontro Online da Juventude Industri\u00e1ria, voltado para fortalecer o protagonismo jovem. A central tem articulado cursos e espa\u00e7os de forma\u00e7\u00e3o para garantir que pautas espec\u00edficas, como a precariza\u00e7\u00e3o na economia de plataformas, sejam debatidas e incorporadas \u00e0 agenda sindical.<\/p>\n<p><strong>Vermelho:<\/strong> A presen\u00e7a feminina na lideran\u00e7a sindical tem crescido \u2014 como voc\u00ea v\u00ea esse avan\u00e7o como parte das transforma\u00e7\u00f5es maiores? <\/p>\n<p><strong>S\u00f4nia Zerino:<\/strong> A presen\u00e7a feminina na lideran\u00e7a sindical \u00e9 um sinal claro de que as estruturas tradicionais est\u00e3o se redefinindo. \u00c9 um avan\u00e7o positivo que fortalece o movimento sindical como um todo e \u00e9 essencial para a constru\u00e7\u00e3o de uma sociedade mais justa e inclusiva.<\/p>\n<p><strong>Vermelho:<\/strong> Quais as a\u00e7\u00f5es da NCST para promover a diversidade e a inclus\u00e3o nos sindicatos e nas negocia\u00e7\u00f5es com o governo? <\/p>\n<p><strong>S\u00f4nia Zerino:<\/strong> A Nova Central promove a diversidade e a inclus\u00e3o por meio da participa\u00e7\u00e3o em cursos e debates sobre igualdade de g\u00eanero, apoio \u00e0s pol\u00edticas de inclus\u00e3o do governo e defesa da valoriza\u00e7\u00e3o da diversidade cultural brasileira.<\/p>\n<p><strong>Vermelho:<\/strong> Para finalizar, qual mensagem voc\u00ea deixa para os trabalhadores e trabalhadoras que esperam uma sindicaliza\u00e7\u00e3o mais forte e representativa no Brasil? <\/p>\n<p><strong>S\u00f4nia Zerino:<\/strong> A todos os trabalhadores e trabalhadoras que sonham com uma sindicaliza\u00e7\u00e3o mais forte e verdadeiramente representativa no Brasil: n\u00e3o desistam da constru\u00e7\u00e3o coletiva. A for\u00e7a de qualquer sindicato nasce da participa\u00e7\u00e3o de cada pessoa, das vozes que se somam, das m\u00e3os que se estendem, das ideias que se colocam \u00e0 mesa. Fortalecer a organiza\u00e7\u00e3o sindical n\u00e3o \u00e9 apenas um ato de reivindica\u00e7\u00e3o; \u00e9 um ato de cidadania, coragem e solidariedade. Em um pa\u00eds diverso e complexo como o nosso, a transforma\u00e7\u00e3o acontece quando trabalhadores e trabalhadoras reconhecem seu poder, unem suas pautas e defendem, em conjunto, condi\u00e7\u00f5es dignas, respeito e justi\u00e7a.<\/p>\n<p>O post <a href=\"https:\/\/vermelho.org.br\/2025\/12\/02\/sonia-zerino-e-a-1a-mulher-a-presidir-uma-central-sindical-nacional\/\">S\u00f4nia Zerino \u00e9 a 1\u00aa mulher a presidir uma central sindical nacional<\/a> apareceu primeiro em <a href=\"https:\/\/vermelho.org.br\/\">Vermelho<\/a>.<\/p>\n<!-- Begin Yuzo --><div class='yuzo_related_post style-1'  data-version='5.12.89'><!-- without result --><div class='yuzo_clearfixed yuzo__title yuzo__title'><h3>Related Post<\/h3><\/div>\n\t\t\t\t\t\t  <div class=\"relatedthumb \" style=\"width:125px;float:left;overflow:hidden;\">  \n\t\t\t\t\t\t\t  \n\t\t\t\t\t\t\t  <a  href=\"https:\/\/redept.com.br\/blogosfera\/alimentacao-escolar-avanca-com-projeto-agroecologico-e-alcanca-90-familias-agricultoras-no-rio-grande-do-sul\/\"  >\n\t\t\t\t\t\t\t\t\t  <div class=\"yuzo-img-wrap \" style=\"width: 125px;height:90px;\">\n\t\t\t\t\t\t\t\t\t\t\n\t\t\t\t\t\t\t\t\t\t<div class=\"yuzo-img\" style=\"background:url('https:\/\/redept.org\/blogosfera\/wp-content\/plugins\/yuzo-related-post\/assets\/images\/default.png') 50% 50% no-repeat;width: 125px;height:90px;margin-bottom: 5px;background-size: cover; \"><\/div>\n\t\t\t\t\t\t\t\t\t  <\/div>\n\t\t\t\t\t\t\t\t\t  \n\t\t\t\t\t\t\t\t   <span class=\"yuzo__text--title\" style=\"font-size:13px;\">Alimenta\u00e7\u00e3o escolar avan\u00e7a com projeto agroecol\u00f3gi...<\/span>\n\t\t\t\t\t\t\t  \n\t\t\t\t\t\t\t  \n\t\t\t\t\t\t\t  <\/a>\n\n\t\t\t\t\t\t  <\/div>\n\t\t\t\t\t\t  <div class=\"relatedthumb \" style=\"width:125px;float:left;overflow:hidden;\">  \n\t\t\t\t\t\t\t  \n\t\t\t\t\t\t\t  <a  href=\"https:\/\/redept.com.br\/blogosfera\/raio-x-da-saude-de-porto-alegre-revela-superlotacao-adoecimento-de-profissionais-e-falhas-estruturais\/\"  >\n\t\t\t\t\t\t\t\t\t  <div class=\"yuzo-img-wrap \" style=\"width: 125px;height:90px;\">\n\t\t\t\t\t\t\t\t\t\t\n\t\t\t\t\t\t\t\t\t\t<div class=\"yuzo-img\" style=\"background:url('https:\/\/redept.com.br\/blogosfera\/wp-content\/uploads\/2025\/07\/image-25-150x150.png') 50% 50% no-repeat;width: 125px;height:90px;margin-bottom: 5px;background-size: cover; \"><\/div>\n\t\t\t\t\t\t\t\t\t  <\/div>\n\t\t\t\t\t\t\t\t\t  \n\t\t\t\t\t\t\t\t   <span class=\"yuzo__text--title\" style=\"font-size:13px;\">Raio-X da sa\u00fade de Porto Alegre revela superlota\u00e7\u00e3...<\/span>\n\t\t\t\t\t\t\t  \n\t\t\t\t\t\t\t  \n\t\t\t\t\t\t\t  <\/a>\n\n\t\t\t\t\t\t  <\/div>\n\t\t\t\t\t\t  <div class=\"relatedthumb \" style=\"width:125px;float:left;overflow:hidden;\">  \n\t\t\t\t\t\t\t  \n\t\t\t\t\t\t\t  <a  href=\"https:\/\/redept.com.br\/blogosfera\/arraia-do-mst-acontece-neste-sabado-14-em-sao-paulo\/\"  >\n\t\t\t\t\t\t\t\t\t  <div class=\"yuzo-img-wrap \" style=\"width: 125px;height:90px;\">\n\t\t\t\t\t\t\t\t\t\t\n\t\t\t\t\t\t\t\t\t\t<div class=\"yuzo-img\" style=\"background:url('https:\/\/redept.com.br\/blogosfera\/wp-content\/uploads\/2025\/06\/Festa-junina-de-2023-Foto_-Marina-Tavares-768x576-1-150x150.jpeg') 50% 50% no-repeat;width: 125px;height:90px;margin-bottom: 5px;background-size: cover; \"><\/div>\n\t\t\t\t\t\t\t\t\t  <\/div>\n\t\t\t\t\t\t\t\t\t  \n\t\t\t\t\t\t\t\t   <span class=\"yuzo__text--title\" style=\"font-size:13px;\">Arrai\u00e1 do MST acontece neste s\u00e1bado (14), em S\u00e3o P...<\/span>\n\t\t\t\t\t\t\t  \n\t\t\t\t\t\t\t  \n\t\t\t\t\t\t\t  <\/a>\n\n\t\t\t\t\t\t  <\/div>\n\t\t\t\t\t\t  <div class=\"relatedthumb \" style=\"width:125px;float:left;overflow:hidden;\">  \n\t\t\t\t\t\t\t  \n\t\t\t\t\t\t\t  <a  href=\"https:\/\/redept.com.br\/blogosfera\/na-escuridao-nikolas-bambeou-sentiu-e-recolheru-as-armas\/\"  >\n\t\t\t\t\t\t\t\t\t  <div class=\"yuzo-img-wrap \" style=\"width: 125px;height:90px;\">\n\t\t\t\t\t\t\t\t\t\t\n\t\t\t\t\t\t\t\t\t\t<div class=\"yuzo-img\" style=\"background:url('https:\/\/redept.org\/blogosfera\/wp-content\/plugins\/yuzo-related-post\/assets\/images\/default.png') 50% 50% no-repeat;width: 125px;height:90px;margin-bottom: 5px;background-size: cover; \"><\/div>\n\t\t\t\t\t\t\t\t\t  <\/div>\n\t\t\t\t\t\t\t\t\t  \n\t\t\t\t\t\t\t\t   <span class=\"yuzo__text--title\" style=\"font-size:13px;\">Na escurid\u00e3o, Nikolas bambeou, sentiu e recolheru ...<\/span>\n\t\t\t\t\t\t\t  \n\t\t\t\t\t\t\t  \n\t\t\t\t\t\t\t  <\/a>\n\n\t\t\t\t\t\t  <\/div>\n<\/div> <script>\n\t\t\t\t\t\t  jQuery(document).ready(function( $ ){\n\t\t\t\t\t\t\t\/\/jQuery('.yuzo_related_post').equalizer({ overflow : 'relatedthumb' });\n\t\t\t\t\t\t\tjQuery('.yuzo_related_post .yuzo_wraps').equalizer({ columns : '> div' });\n\t\t\t\t\t\t   })\n\t\t\t\t\t\t  <\/script> <!-- End Yuzo :) -->","protected":false},"excerpt":{"rendered":"<p>Nesta ter\u00e7a-feira (2), o movimento sindical brasileiro escreve um novo e decisivo cap\u00edtulo em sua hist\u00f3ria. S\u00f4nia Maria Zerino da Silva toma posse na presid\u00eancia da Nova Central Sindical de Trabalhadores (NCST), tornando-se a primeira mulher a assumir o comando m\u00e1ximo de uma entidade nacional entre as seis centrais sindicais registradas no Brasil. A ascens\u00e3o [&hellip;]<\/p>\n","protected":false},"author":2,"featured_media":0,"comment_status":"open","ping_status":"closed","sticky":false,"template":"","format":"standard","meta":{"fifu_image_url":"","fifu_image_alt":"","footnotes":""},"categories":[2550,1891,278,32100,1371,377],"tags":[],"class_list":["post-67591","post","type-post","status-publish","format-standard","hentry","category-central-sindical","category-luta-das-mulheres","category-movimentos","category-ncst","category-sindicalismo","category-trabalho"],"_links":{"self":[{"href":"https:\/\/redept.com.br\/blogosfera\/wp-json\/wp\/v2\/posts\/67591","targetHints":{"allow":["GET"]}}],"collection":[{"href":"https:\/\/redept.com.br\/blogosfera\/wp-json\/wp\/v2\/posts"}],"about":[{"href":"https:\/\/redept.com.br\/blogosfera\/wp-json\/wp\/v2\/types\/post"}],"author":[{"embeddable":true,"href":"https:\/\/redept.com.br\/blogosfera\/wp-json\/wp\/v2\/users\/2"}],"replies":[{"embeddable":true,"href":"https:\/\/redept.com.br\/blogosfera\/wp-json\/wp\/v2\/comments?post=67591"}],"version-history":[{"count":0,"href":"https:\/\/redept.com.br\/blogosfera\/wp-json\/wp\/v2\/posts\/67591\/revisions"}],"wp:attachment":[{"href":"https:\/\/redept.com.br\/blogosfera\/wp-json\/wp\/v2\/media?parent=67591"}],"wp:term":[{"taxonomy":"category","embeddable":true,"href":"https:\/\/redept.com.br\/blogosfera\/wp-json\/wp\/v2\/categories?post=67591"},{"taxonomy":"post_tag","embeddable":true,"href":"https:\/\/redept.com.br\/blogosfera\/wp-json\/wp\/v2\/tags?post=67591"}],"curies":[{"name":"wp","href":"https:\/\/api.w.org\/{rel}","templated":true}]}}