{"id":67660,"date":"2025-12-02T15:28:42","date_gmt":"2025-12-02T18:28:42","guid":{"rendered":"https:\/\/redept.com.br\/blogosfera\/ha-80-anos-o-partido-comunista-elegia-prestes-senador-e-formava-bancada-constituinte\/"},"modified":"2025-12-02T15:28:42","modified_gmt":"2025-12-02T18:28:42","slug":"ha-80-anos-o-partido-comunista-elegia-prestes-senador-e-formava-bancada-constituinte","status":"publish","type":"post","link":"https:\/\/redept.com.br\/blogosfera\/ha-80-anos-o-partido-comunista-elegia-prestes-senador-e-formava-bancada-constituinte\/","title":{"rendered":"H\u00e1 80 anos, o Partido Comunista elegia Prestes senador e formava bancada constituinte"},"content":{"rendered":"<p><img loading=\"lazy\" width=\"1021\" height=\"619\"src=\"https:\/\/redept.com.br\/blogosfera\/wp-content\/uploads\/2025\/12\/bancada-comunista-cassada.png\" alt=\"\" decoding=\"async\" loading=\"lazy\" srcset=\"https:\/\/redept.com.br\/blogosfera\/wp-content\/uploads\/2025\/12\/bancada-comunista-cassada.png 1021w, https:\/\/vermelho.org.br\/wp-content\/uploads\/2025\/12\/bancada-comunista-cassada-300x182.png 300w, https:\/\/vermelho.org.br\/wp-content\/uploads\/2025\/12\/bancada-comunista-cassada-768x466.png 768w\" sizes=\"auto, (max-width: 1021px) 100vw, 1021px\"><\/p>\n<p>Em 2 de dezembro de 1945, o Brasil realizou as primeiras elei\u00e7\u00f5es ap\u00f3s a queda do Estado Novo. A abertura pol\u00edtica permitiu que o Partido Comunista do Brasil (ent\u00e3o com a sigla PCB) recuperasse seu registro e disputasse o pleito com candidaturas pr\u00f3prias. <\/p>\n<p>O resultado surpreendeu o pa\u00eds: o engenheiro Iedo Fi\u00faza, ex-prefeito de Petr\u00f3polis (RJ) e candidato do partido \u00e0 Presid\u00eancia da Rep\u00fablica, conquistou quase 10% dos votos e terminou a disputa em terceiro lugar. Al\u00e9m disso, os brasileiros elegeram 14 comunistas como deputados \u00e0 Assembleia Nacional Constituinte e levaram ao Senado Luiz Carlos Prestes, o \u201cCavaleiro da Esperan\u00e7a\u201d, marcando sua volta \u00e0 vida institucional ap\u00f3s quase uma d\u00e9cada de pris\u00e3o.<\/p>\n<p>Entre os eleitos estavam nomes que se tornariam centrais na hist\u00f3ria pol\u00edtica e cultural brasileira \u2014\u00a0Jorge Amado, Carlos Marighella, Jo\u00e3o Amazonas, Greg\u00f3rio Bezerra, Maur\u00edcio Grabois, entre outros. A maior parte dos parlamentares vinha de origens populares, contrastando com as elites tradicionais que dominavam o Congresso.<\/p>\n<p><strong>Uma bancada combativa em meio ao conservadorismo<\/strong><\/p>\n<p>A Constituinte instalada em fevereiro de 1946 foi marcada por forte disputa. A bancada comunista enfrentou imediatamente os setores conservadores, que buscavam manter mecanismos autorit\u00e1rios herdados da Constitui\u00e7\u00e3o outorgada de 1937. Os comunistas defenderam que a simples instala\u00e7\u00e3o da Assembleia Constituinte revogaria a Carta do Estado Novo \u2014 posi\u00e7\u00e3o derrotada pela maioria conservadora, permitindo a continuidade de instrumentos coercitivos do regime anterior.<\/p>\n<p>A atua\u00e7\u00e3o assertiva do grupo gerou rea\u00e7\u00e3o das elites e persegui\u00e7\u00f5es no Parlamento. O Pal\u00e1cio Tiradentes passou a ser cercado pela Pol\u00edcia Especial sempre que populares demonstravam apoio aos comunistas das galerias, que eram esvaziadas pela for\u00e7a policial.<\/p>\n<p>Mesmo sendo apenas 14 parlamentares, sua interven\u00e7\u00e3o influenciou debates essenciais da nova Constitui\u00e7\u00e3o e pautou temas ligados \u00e0 democratiza\u00e7\u00e3o e aos direitos sociais. A imprensa conservadora reagiu tachando-os de \u201cperturbadores\u201d e \u201cincompat\u00edveis com a democracia\u201d, num claro esfor\u00e7o de criminaliza\u00e7\u00e3o pol\u00edtica.<\/p>\n<p><strong>O avan\u00e7o da Guerra Fria e o in\u00edcio da repress\u00e3o<\/strong><\/p>\n<p>A vit\u00f3ria do marechal Eurico Gaspar Dutra na presid\u00eancia \u2014 apoiado por Get\u00falio Vargas na reta final da campanha \u2014 sinalizou a reorganiza\u00e7\u00e3o das for\u00e7as conservadoras. O governo rapidamente se alinhou ao bloco anticomunista internacional. A partir de 1946, o clima pol\u00edtico se deteriorou, e come\u00e7aram as articula\u00e7\u00f5es para cassar o PCB e sua bancada.<\/p>\n<p>A declara\u00e7\u00e3o de Prestes de que os comunistas se oporiam a uma eventual guerra brasileira contra a Uni\u00e3o Sovi\u00e9tica foi utilizada como pretexto para montar a narrativa de que o partido seria \u201cantinacional\u201d e regido por interesses externos. Em 1947, o Tribunal Superior Eleitoral cassou o registro do PCB, fechando suas sedes e reprimindo violentamente sua milit\u00e2ncia.<\/p>\n<p>Ainda assim, mesmo ilegalizado, o partido teve expressivo desempenho nas elei\u00e7\u00f5es municipais, chegando a eleger a maior bancada de vereadores em capitais como S\u00e3o Paulo e Recife \u2014 mandatos imediatamente cassados antes da posse.<\/p>\n<p><strong>O golpe contra o voto popular e o desfecho de 1948<\/strong><\/p>\n<p>Em janeiro de 1948, consolidou-se o ataque final: por 181 votos a 74, a C\u00e2mara dos Deputados aprovou o projeto de cassa\u00e7\u00e3o de todos os eleitos pela legenda do PCB. No Senado, o projeto j\u00e1 havia sido aprovado por 35 a 19.<\/p>\n<p>Prestes e os deputados subiram nas poltronas protestando, com o punho cerrado, afirmando:\u00a0<em>\u201cViva o Partido Comunista do Brasil! Viva Prestes! Viva o proletariado! N\u00f3s voltaremos!\u201d<\/em>.<\/p>\n<p>A san\u00e7\u00e3o presidencial, assinada por Dutra \u00e0s 22h de 8 de janeiro de 1948, marcou a extin\u00e7\u00e3o institucional da bancada e o retorno de grande parte de suas lideran\u00e7as \u00e0 clandestinidade. Houve inclusive opera\u00e7\u00e3o militar para proteger Prestes ao deixar o Senado, diante do risco real de pris\u00e3o imediata.<\/p>\n<p>As cadeiras abertas foram preenchidas majoritariamente por PSD e UDN, partidos que lideraram a persegui\u00e7\u00e3o contra o PCB.<\/p>\n<p><strong>Mem\u00f3ria, repara\u00e7\u00e3o e legado<\/strong><\/p>\n<p>A viol\u00eancia pol\u00edtica contra os comunistas s\u00f3 foi reconhecida formalmente d\u00e9cadas depois. Em 2013, a C\u00e2mara dos Deputados realizou sess\u00e3o solene devolvendo simbolicamente os mandatos cassados \u2014 reconhecimento tardio de que se tratou de uma ruptura antidemocr\u00e1tica, movida por press\u00f5es internas e internacionais durante o in\u00edcio da Guerra Fria. \u201cExercendo a presid\u00eancia da C\u00e2mara dos Deputados, declaro os mandatos cassados simbolicamente restitu\u00eddos\u201d, foi a frase da deputada Jandira Feghali (PCdoB-RJ), na sess\u00e3o solene de 13 de agosto de 2013. \u201cA repara\u00e7\u00e3o na hist\u00f3ria j\u00e1 foi feita mediante o poder p\u00fablico; cabe agora darmos conclus\u00e3o com a entrega simb\u00f3lica dos mandatos aos familiares queridos\u201d, disse a deputada comunista.<\/p>\n<p>Receberam os mandatos simbolicamente os seguintes deputados da bancada do Partido Comunista do Brasil cassada em 1948: Jorge Amado, Carlos Marighella, Jo\u00e3o Amazonas, Maur\u00edcio Grabois, Francisco Gomes, Agostinho Dias de Oliveira, Alc\u00eado de Moraes Coutinho, Greg\u00f3rio Bezerra, Ab\u00edlio Fernandes, Claudino Jos\u00e9 da Silva, Henrique Cordeiro Oest, Gerv\u00e1sio Gomes de Azevedo, Jos\u00e9 Maria Crispim e Osvaldo Pacheco da Silva.<\/p>\n<p>A experi\u00eancia de 1945 permanece como um dos momentos mais expressivos da participa\u00e7\u00e3o institucional da esquerda no Brasil pr\u00e9-1964. A breve, intensa e tr\u00e1gica trajet\u00f3ria da bancada comunista na Constituinte de 1946 ilustra tanto o potencial de mobiliza\u00e7\u00e3o popular do per\u00edodo quanto a fragilidade das institui\u00e7\u00f5es diante da press\u00e3o conservadora.<\/p>\n<p>O anivers\u00e1rio de 80 anos dessa elei\u00e7\u00e3o hist\u00f3rica lembra que o Brasil experimentou, naquele breve intervalo, uma rara abertura democr\u00e1tica \u2014 imediatamente fechada quando as elites pol\u00edticas decidiram que o voto popular havia ido \u201clonge demais\u201d.<\/p>\n<p>O post <a href=\"https:\/\/vermelho.org.br\/2025\/12\/02\/ha-80-anos-o-partido-comunista-elegia-prestes-senador-e-formava-bancada-constituinte\/\">H\u00e1 80 anos, o Partido Comunista elegia Prestes senador e formava bancada constituinte<\/a> apareceu primeiro em <a href=\"https:\/\/vermelho.org.br\/\">Vermelho<\/a>.<\/p>\n<!-- Begin Yuzo --><div class='yuzo_related_post style-1'  data-version='5.12.89'><!-- without result --><div class='yuzo_clearfixed yuzo__title yuzo__title'><h3>Related Post<\/h3><\/div>\n\t\t\t\t\t\t  <div class=\"relatedthumb \" style=\"width:125px;float:left;overflow:hidden;\">  \n\t\t\t\t\t\t\t  \n\t\t\t\t\t\t\t  <a  href=\"https:\/\/redept.com.br\/blogosfera\/apesar-da-vitoria-no-1o-turno-analistas-veem-jeanette-jara-em-desvantagem-na-disputa-presidencial-chilena\/\"  >\n\t\t\t\t\t\t\t\t\t  <div class=\"yuzo-img-wrap \" style=\"width: 125px;height:90px;\">\n\t\t\t\t\t\t\t\t\t\t\n\t\t\t\t\t\t\t\t\t\t<div class=\"yuzo-img\" style=\"background:url('https:\/\/redept.org\/blogosfera\/wp-content\/plugins\/yuzo-related-post\/assets\/images\/default.png') 50% 50% no-repeat;width: 125px;height:90px;margin-bottom: 5px;background-size: cover; \"><\/div>\n\t\t\t\t\t\t\t\t\t  <\/div>\n\t\t\t\t\t\t\t\t\t  \n\t\t\t\t\t\t\t\t   <span class=\"yuzo__text--title\" style=\"font-size:13px;\">Apesar da vit\u00f3ria no 1\u00ba turno, analistas veem Jean...<\/span>\n\t\t\t\t\t\t\t  \n\t\t\t\t\t\t\t  \n\t\t\t\t\t\t\t  <\/a>\n\n\t\t\t\t\t\t  <\/div>\n\t\t\t\t\t\t  <div class=\"relatedthumb \" style=\"width:125px;float:left;overflow:hidden;\">  \n\t\t\t\t\t\t\t  \n\t\t\t\t\t\t\t  <a  href=\"https:\/\/redept.com.br\/blogosfera\/justica-rejeita-processo-de-ruralista-do-acre-contra-o-brasil-de-fato-e-reafirma-liberdade-de-imprensa\/\"  >\n\t\t\t\t\t\t\t\t\t  <div class=\"yuzo-img-wrap \" style=\"width: 125px;height:90px;\">\n\t\t\t\t\t\t\t\t\t\t\n\t\t\t\t\t\t\t\t\t\t<div class=\"yuzo-img\" style=\"background:url('https:\/\/redept.org\/blogosfera\/wp-content\/plugins\/yuzo-related-post\/assets\/images\/default.png') 50% 50% no-repeat;width: 125px;height:90px;margin-bottom: 5px;background-size: cover; \"><\/div>\n\t\t\t\t\t\t\t\t\t  <\/div>\n\t\t\t\t\t\t\t\t\t  \n\t\t\t\t\t\t\t\t   <span class=\"yuzo__text--title\" style=\"font-size:13px;\">Justi\u00e7a rejeita processo de ruralista do Acre cont...<\/span>\n\t\t\t\t\t\t\t  \n\t\t\t\t\t\t\t  \n\t\t\t\t\t\t\t  <\/a>\n\n\t\t\t\t\t\t  <\/div>\n\t\t\t\t\t\t  <div class=\"relatedthumb \" style=\"width:125px;float:left;overflow:hidden;\">  \n\t\t\t\t\t\t\t  \n\t\t\t\t\t\t\t  <a  href=\"https:\/\/redept.com.br\/blogosfera\/gonet-e-reconduzido-a-frente-da-pgr-e-defende-independencia-do-orgao\/\"  >\n\t\t\t\t\t\t\t\t\t  <div class=\"yuzo-img-wrap \" style=\"width: 125px;height:90px;\">\n\t\t\t\t\t\t\t\t\t\t\n\t\t\t\t\t\t\t\t\t\t<div class=\"yuzo-img\" style=\"background:url('https:\/\/redept.com.br\/blogosfera\/wp-content\/uploads\/2025\/11\/gonet-ccj_Foto-Waldemir-Barreto_Agencia-Senado-2048x1366-1-150x150.jpg') 50% 50% no-repeat;width: 125px;height:90px;margin-bottom: 5px;background-size: cover; \"><\/div>\n\t\t\t\t\t\t\t\t\t  <\/div>\n\t\t\t\t\t\t\t\t\t  \n\t\t\t\t\t\t\t\t   <span class=\"yuzo__text--title\" style=\"font-size:13px;\">Gonet \u00e9 reconduzido \u00e0 frente da PGR e defende inde...<\/span>\n\t\t\t\t\t\t\t  \n\t\t\t\t\t\t\t  \n\t\t\t\t\t\t\t  <\/a>\n\n\t\t\t\t\t\t  <\/div>\n\t\t\t\t\t\t  <div class=\"relatedthumb \" style=\"width:125px;float:left;overflow:hidden;\">  \n\t\t\t\t\t\t\t  \n\t\t\t\t\t\t\t  <a  href=\"https:\/\/redept.com.br\/blogosfera\/multidoes-vao-a-marcha-antifascista-na-argentina-contra-discurso-de-milei\/\"  >\n\t\t\t\t\t\t\t\t\t  <div class=\"yuzo-img-wrap \" style=\"width: 125px;height:90px;\">\n\t\t\t\t\t\t\t\t\t\t\n\t\t\t\t\t\t\t\t\t\t<div class=\"yuzo-img\" style=\"background:url('https:\/\/redept.com.br\/blogosfera\/wp-content\/uploads\/2025\/02\/marcharosario-150x150.jpg') 50% 50% no-repeat;width: 125px;height:90px;margin-bottom: 5px;background-size: cover; \"><\/div>\n\t\t\t\t\t\t\t\t\t  <\/div>\n\t\t\t\t\t\t\t\t\t  \n\t\t\t\t\t\t\t\t   <span class=\"yuzo__text--title\" style=\"font-size:13px;\">Multid\u00f5es v\u00e3o \u00e0 marcha antifascista na Argentina c...<\/span>\n\t\t\t\t\t\t\t  \n\t\t\t\t\t\t\t  \n\t\t\t\t\t\t\t  <\/a>\n\n\t\t\t\t\t\t  <\/div>\n<\/div> <script>\n\t\t\t\t\t\t  jQuery(document).ready(function( $ ){\n\t\t\t\t\t\t\t\/\/jQuery('.yuzo_related_post').equalizer({ overflow : 'relatedthumb' });\n\t\t\t\t\t\t\tjQuery('.yuzo_related_post .yuzo_wraps').equalizer({ columns : '> div' });\n\t\t\t\t\t\t   })\n\t\t\t\t\t\t  <\/script> <!-- End Yuzo :) -->","protected":false},"excerpt":{"rendered":"<p>Em 2 de dezembro de 1945, o Brasil realizou as primeiras elei\u00e7\u00f5es ap\u00f3s a queda do Estado Novo. A abertura pol\u00edtica permitiu que o Partido Comunista do Brasil (ent\u00e3o com a sigla PCB) recuperasse seu registro e disputasse o pleito com candidaturas pr\u00f3prias. O resultado surpreendeu o pa\u00eds: o engenheiro Iedo Fi\u00faza, ex-prefeito de Petr\u00f3polis [&hellip;]<\/p>\n","protected":false},"author":2,"featured_media":0,"comment_status":"open","ping_status":"closed","sticky":false,"template":"","format":"standard","meta":{"fifu_image_url":"","fifu_image_alt":"","footnotes":""},"categories":[32117,45,298,10189,268,32118,5195,32119,4556,7080,32120,1628,32121,4524,4360,531],"tags":[],"class_list":["post-67660","post","type-post","status-publish","format-standard","hentry","category-32117","category-brasil","category-camara-dos-deputados","category-carlos-marighella","category-cassacao","category-clandestinidade","category-constituinte-de-1946","category-gregorio-bezerra","category-guerra-fria","category-joao-amazonas","category-jorge-amado","category-luiz-carlos-prestes","category-mauricio-grabois","category-partido-comunista-do-brasil","category-redemocratizacao","category-senado"],"_links":{"self":[{"href":"https:\/\/redept.com.br\/blogosfera\/wp-json\/wp\/v2\/posts\/67660","targetHints":{"allow":["GET"]}}],"collection":[{"href":"https:\/\/redept.com.br\/blogosfera\/wp-json\/wp\/v2\/posts"}],"about":[{"href":"https:\/\/redept.com.br\/blogosfera\/wp-json\/wp\/v2\/types\/post"}],"author":[{"embeddable":true,"href":"https:\/\/redept.com.br\/blogosfera\/wp-json\/wp\/v2\/users\/2"}],"replies":[{"embeddable":true,"href":"https:\/\/redept.com.br\/blogosfera\/wp-json\/wp\/v2\/comments?post=67660"}],"version-history":[{"count":0,"href":"https:\/\/redept.com.br\/blogosfera\/wp-json\/wp\/v2\/posts\/67660\/revisions"}],"wp:attachment":[{"href":"https:\/\/redept.com.br\/blogosfera\/wp-json\/wp\/v2\/media?parent=67660"}],"wp:term":[{"taxonomy":"category","embeddable":true,"href":"https:\/\/redept.com.br\/blogosfera\/wp-json\/wp\/v2\/categories?post=67660"},{"taxonomy":"post_tag","embeddable":true,"href":"https:\/\/redept.com.br\/blogosfera\/wp-json\/wp\/v2\/tags?post=67660"}],"curies":[{"name":"wp","href":"https:\/\/api.w.org\/{rel}","templated":true}]}}