{"id":67671,"date":"2025-12-02T16:06:24","date_gmt":"2025-12-02T19:06:24","guid":{"rendered":"https:\/\/redept.com.br\/blogosfera\/mineria-ilegal-comienza-a-desplazarse-de-la-amazonia-hacia-el-cerrado-senala-ministerio-brasileno\/"},"modified":"2025-12-02T16:06:24","modified_gmt":"2025-12-02T19:06:24","slug":"mineria-ilegal-comienza-a-desplazarse-de-la-amazonia-hacia-el-cerrado-senala-ministerio-brasileno","status":"publish","type":"post","link":"https:\/\/redept.com.br\/blogosfera\/mineria-ilegal-comienza-a-desplazarse-de-la-amazonia-hacia-el-cerrado-senala-ministerio-brasileno\/","title":{"rendered":"Miner\u00eda ilegal comienza a desplazarse de la Amazon\u00eda hacia el Cerrado, se\u00f1ala ministerio brasile\u00f1o"},"content":{"rendered":"<p><strong>DE BEL\u00c9M (Brasil) \u2014<\/strong> La coordinadora del seguimiento de las operaciones de desintrusi\u00f3n del Ministerio de los Pueblos Ind\u00edgenas (MPI) en Brasil, Julia Ospina Kimbaya, afirm\u00f3 que el gobierno federal identific\u00f3 un desplazamiento de redes empresariales de la miner\u00eda ilegal hacia la Tierra Ind\u00edgena Sarar\u00e9, en el estado de Mato Grosso, en la regi\u00f3n Centro-Oeste del pa\u00eds. Seg\u00fan ella, el movimiento se produce despu\u00e9s de las operaciones de retirada de invasores en territorios protegidos como la Tierra Ind\u00edgena Yanomami.<\/p>\n<p>Estas operaciones, conocidas como \u201cdesintrusi\u00f3n\u201d, derivan de la ADPF 709 (Acci\u00f3n de Incumplimiento de Precepto Fundamental), una causa presentada ante el Supremo Tribunal Federal (STF) en 2020 que oblig\u00f3 al gobierno, durante la pandemia, a adoptar medidas permanentes para proteger a los pueblos ind\u00edgenas y retirar ocupantes ilegales de ocho territorios, entre ellos Yanomami, Munduruku, Kayap\u00f3 y Apyterewa.<\/p>\n<p>Julia particip\u00f3 el martes 18 en un panel de la Aldea COP \u2014el espacio ind\u00edgena de la COP30 en Bel\u00e9m do Par\u00e1\u2014 y afirm\u00f3 que, aunque hubo reducci\u00f3n de actividades de miner\u00eda ilegal en algunos de esos territorios, las estructuras criminales no desaparecieron: simplemente se desplazaron. \u201cExiste una relaci\u00f3n intr\u00ednseca entre las redes que act\u00faan en Yanomami, Kayap\u00f3, Munduruku y Sarar\u00e9\u201d, se\u00f1al\u00f3.<\/p>\n<p>El desplazamiento involucra tanto facciones criminales como grupos empresariales que suministran maquinaria pesada, combustible y log\u00edstica a las actividades de miner\u00eda ilegal. Julia afirm\u00f3 que ind\u00edgenas siguen siendo reclutados para trabajar en las frentes ilegales sin recibir ning\u00fan retorno financiero. \u201cLa forma de miner\u00eda ilegal en las tierras ind\u00edgenas es perversa\u201d, dijo.<\/p>\n<p>En la TI Sarar\u00e9, el efecto ya es visible. El territorio lidera, en 2025, las alertas de miner\u00eda ilegal en el pa\u00eds, con 1.814 registros del Ibama. Una operaci\u00f3n federal, coordinada por el MPI e iniciada en agosto, destruy\u00f3 490 campamentos, 113 excavadoras, 361 motores utilizados en la miner\u00eda ilegal y casi 51.000 litros de combustible, adem\u00e1s de motocicletas, camiones y municiones. El da\u00f1o estimado para la miner\u00eda ilegal supera los R$ 177 millones, seg\u00fan el Censipam, que monitorea el avance de las actividades clandestinas en la regi\u00f3n.<\/p>\n<p>El territorio tiene 67.719 hect\u00e1reas y alberga a 201 personas del pueblo Nambikwara. Homologada en 1985, la zona combina trechos de \u00e1reas de bosque tropical y de cerrado y convive con presiones constantes de mineros ilegales, madereros, productores rurales y <em>grileiros<\/em>, de acuerdo con informaci\u00f3n del ISA (Instituto Socioambiental).<\/p>\n<div data-elementor-type=\"container\" data-elementor-id=\"113082\" data-elementor-post-type=\"elementor_library\">\n<div data-id=\"3c73a68\" data-element_type=\"container\">\n<div>\n<div data-id=\"820f841\" data-element_type=\"widget\" data-widget_type=\"image.default\">\n<div><\/div>\n<\/p><\/div>\n<div data-id=\"aedaca2\" data-element_type=\"widget\" data-widget_type=\"spacer.default\">\n<div>\n<div>\n<div><\/div>\n<\/p><\/div>\n<\/p><\/div>\n<\/p><\/div>\n<\/p><\/div>\n<\/p><\/div>\n<\/p><\/div>\n<\/p>\n<div data-elementor-type=\"section\" data-elementor-id=\"77670\" data-elementor-post-type=\"elementor_library\">\n<div data-id=\"17a659f\" data-element_type=\"container\" data-settings='{\"background_background\":\"classic\"}'>\n<div>\n<div data-id=\"386385d\" data-element_type=\"widget\" data-widget_type=\"heading.default\">\n<div>\n<h2>ASSINE NOSSA NEWSLETTER<\/h2>\n<\/p><\/div>\n<\/p><\/div>\n<div data-id=\"6546917\" data-element_type=\"widget\" data-widget_type=\"html.default\">\n<div>\n\t\t\t\t\t\t\t\t\t<\/div>\n<\/p><\/div>\n<div data-id=\"8c2e333\" data-element_type=\"widget\" data-settings='{\"button_width\":\"20\",\"step_next_label\":\"Next\",\"step_previous_label\":\"Previous\",\"button_width_mobile\":\"20\",\"step_type\":\"number_text\",\"step_icon_shape\":\"circle\"}' data-widget_type=\"form.default\">\n<div>\n<div>\n<div>\n\t\t\t\t\t\t\t\t\t\t\t\t<label for=\"form-field-email\"><br \/>\n\t\t\t\t\t\t\t\tEmail\t\t\t\t\t\t\t<\/label><\/p><\/div>\n<div>\n\t\t\t\t\t<button type=\"submit\"><br \/>\n\t\t\t\t\t\t<span><br \/>\n\t\t\t\t\t\t\t\t\t\t\t\t\t\t\t<span><br \/>\n\t\t\t\t\t\t\t\t\t<i aria-hidden=\"true\"><\/i>\t\t\t\t\t\t\t\t\t\t\t\t\t\t\t\t\t\t\t<span>Submit<\/span><br \/>\n\t\t\t\t\t\t\t\t\t\t\t\t\t\t\t\t\t<\/span><br \/>\n\t\t\t\t\t\t\t\t\t\t\t\t\t\t\t\t\t\t\t\t<\/span><br \/>\n\t\t\t\t\t<\/button>\n\t\t\t\t<\/div>\n<\/p><\/div>\n<\/p><\/div>\n<\/p><\/div>\n<\/p><\/div>\n<\/p><\/div>\n<\/p><\/div>\n<h2>Postdesintrusi\u00f3n preocupa al Gobierno <\/h2>\n<p>Julia defiende transformar las medidas posteriores a la desintrusi\u00f3n en una pol\u00edtica de Estado permanente, con presupuesto propio y continuidad similar al PPCDAN, el plan del Ibama para combatir la deforestaci\u00f3n. \u201cLa desintrusi\u00f3n es una actividad continua\u201d, afirm\u00f3.<\/p>\n<p>Se\u00f1ala que el MPI ha buscado integrar a la Funai, el Ibama, el ICMBio, la Polic\u00eda Federal y la Fuerza Nacional en las acciones, adem\u00e1s de fortalecer a las asociaciones ind\u00edgenas, para que las comunidades puedan acceder a convocatorias de financiamiento y crear alternativas econ\u00f3micas en el per\u00edodo postdesintrusi\u00f3n.<\/p>\n<p>\u201cEso ayuda a sacar a los parientes \u2014como los ind\u00edgenas se llaman entre s\u00ed\u2014 de las actividades ilegales\u201d, afirma Julia, quien pertenece al pueblo Kimbaya, en Colombia, y trabaj\u00f3 en Rio Grande do Sul en investigaciones y articulaciones vinculadas al derecho ind\u00edgena y a la ecolog\u00eda pol\u00edtica.<\/p>\n<p>La situaci\u00f3n de la Tierra Ind\u00edgena Apyterewa, en Par\u00e1 \u2014estado sede de la COP30\u2014 muestra las dificultades del per\u00edodo postdesintrusi\u00f3n. Aunque es uno de los territorios prioritarios de la ADPF 709, la violencia se mantuvo elevada desde comienzos de 2024, cuando la operaci\u00f3n fue concluida.<\/p>\n<figure><img fetchpriority=\"high\" decoding=\"async\" width=\"960\" height=\"640\"src=\"https:\/\/redept.com.br\/blogosfera\/wp-content\/uploads\/2025\/12\/ti-apyterewa-para-2023-fernando-martinho3-1.jpg\" alt=\"A TI Apyterewa tinha cerca de 2.000 invasores, concentrados principalmente na Vila Renascer; todas as casas, erguidas pr\u00f3ximas a uma base da Funai, foram destru\u00eddas (Foto: Fernando Martinho\/Rep\u00f3rter Brasil)\" srcset=\"https:\/\/redept.com.br\/blogosfera\/wp-content\/uploads\/2025\/12\/ti-apyterewa-para-2023-fernando-martinho3-1.jpg 960w, https:\/\/reporterbrasil.org.br\/wp-content\/uploads\/2023\/10\/ti-apyterewa-para-2023-fernando-martinho3-300x200.jpg 300w, https:\/\/reporterbrasil.org.br\/wp-content\/uploads\/2023\/10\/ti-apyterewa-para-2023-fernando-martinho3-768x512.jpg 768w\" sizes=\"(max-width: 960px) 100vw, 960px\"><figcaption> A Tierra Ind\u00edgena Apyterewa ten\u00eda cerca de 2 mil invasores, concentrados principalmente en la aldea Renascer, antes de que la operaci\u00f3n de desintrusi\u00f3n comenzara en octubre de 2024; todas las casas, construidas cerca de una base de la Funai, fueron destruidas (Foto: Fernando Martinho\/Rep\u00f3rter Brasil).<\/figcaption><\/figure>\n<p>Varios ataques armados fueron registrados en los \u00faltimos meses, incluidos tiroteos contra casas reci\u00e9n construidas y emboscadas a ind\u00edgenas que se desplazaban para cazar. En enero, tres Parakan\u00e3 fueron atacados por pistoleros. En diciembre pasado, decenas de disparos alcanzaron estructuras de madera. La TI Parakan\u00e3 es \u00a0la m\u00e1s deforestada del pa\u00eds.<\/p>\n<p>La Polic\u00eda Federal abri\u00f3 investigaciones y el MPI renov\u00f3 las resoluciones que autorizan la presencia de la Fuerza Nacional. La APIB (Articulaci\u00f3n de los Pueblos Ind\u00edgenas de Brasil) envi\u00f3 al STF, en mayo, un informe denunciando fallas en el plan postdesintrusi\u00f3n y exigiendo el fortalecimiento de la seguridad.<\/p>\n<p>Los Parakan\u00e3 enfrentan el retorno de invasores atra\u00eddos por el precio del cacao y por la permanencia de ganado ilegal dejado por ocupantes que huyeron de la operaci\u00f3n. Los cultivos abandonados siguen generando conflictos internos y disputas por la cosecha.<\/p>\n<p><strong>:: Leia tamb\u00e9m ::<\/p>\n<p><\/strong><strong>Opera\u00e7\u00e3o de guerra cerca invasores de Terra Ind\u00edgena mais desmatada na Amaz\u00f4nia<\/strong><\/p>\n<p><strong>F\u00e9, churrasco e lobby: a resist\u00eancia contra a retomada da terra ind\u00edgena mais desmatada do pa\u00eds<\/strong><\/p>\n<p><strong>Parakan\u00e3 denunciam ataque de pistoleiros em terra ind\u00edgena mais desmatada do pa\u00eds<\/strong><\/p>\n<p>La circulaci\u00f3n de empresarios vinculados a la <strong>miner\u00eda ilegal<\/strong> tambi\u00e9n se reconfigur\u00f3 ante las operaciones federales. En abril, Rep\u00f3rter Brasil revel\u00f3 que operadores investigados en Brasil estaban llevando excavadoras e inversiones a Guyana, donde la legislaci\u00f3n permite la miner\u00eda en tierras ind\u00edgenas mediante acuerdos con las comunidades locales. El reportaje mostr\u00f3 que empresarios que actuaban en \u00e1reas como Yanomami, Kayap\u00f3 y Munduruku extendieron sus operaciones al pa\u00eds vecino al percibir una mayor represi\u00f3n en Brasil.<\/p>\n<p>Cuando son presionadas por la fiscalizaci\u00f3n, estas redes no se desarticulan, sino que simplemente se desplazan, como explica Julia. Por eso, afirma que el desaf\u00edo es mantener la presencia del Estado de manera constante para impedir que la miner\u00eda ilegal ocupe regiones donde la fiscalizaci\u00f3n sigue siendo fr\u00e1gil.<\/p>\n<p>Este reportaje fue producido por Rep\u00f3rter Brasil, en el marco de la <strong>Cobertura Colaborativa Socioambiental de la COP30<\/strong>. Lea el texto original en https:\/\/reporterbrasil.org.br\/2025\/11\/operacoes-deslocam-garimpo-ilegal-para-ti-sarare-mato-grosso\/\u00a0<\/p>\n<div data-elementor-type=\"container\" data-elementor-id=\"75228\" data-elementor-post-type=\"elementor_library\">\n<div data-id=\"5e8db1e6\" data-element_type=\"container\">\n<div>\n<div data-id=\"36eb6c91\" data-element_type=\"container\">\n<div>\n<div data-id=\"6f52f515\" data-element_type=\"container\">\n<div data-id=\"65d9f401\" data-element_type=\"widget\" data-widget_type=\"divider.default\">\n<div>\n<div>\n\t\t\t<span><br \/>\n\t\t\t\t\t\t<\/span>\n\t\t<\/div>\n<\/p><\/div>\n<\/p><\/div>\n<\/p><\/div>\n<div data-id=\"134a1245\" data-element_type=\"container\">\n<div>\n<div data-id=\"10fe55fe\" data-element_type=\"widget\" data-widget_type=\"text-editor.default\">\n<div>\n<p>Leia tamb\u00e9m<\/p>\n<\/p><\/div>\n<\/p><\/div>\n<\/p><\/div>\n<\/p><\/div>\n<\/p><\/div>\n<\/p><\/div>\n<div data-id=\"3c9495ae\" data-element_type=\"widget\" data-settings='{\"template_id\":\"75221\",\"columns\":1,\"row_gap\":{\"unit\":\"px\",\"size\":10,\"sizes\":[]},\"_skin\":\"post\",\"columns_tablet\":\"2\",\"columns_mobile\":\"1\",\"edit_handle_selector\":\"[data-elementor-type=\"loop-item\"]\",\"row_gap_tablet\":{\"unit\":\"px\",\"size\":\"\",\"sizes\":[]},\"row_gap_mobile\":{\"unit\":\"px\",\"size\":\"\",\"sizes\":[]}}' data-widget_type=\"loop-grid.post\">\n<div>\n<div>\n\t\t<\/div>\n<\/p><\/div>\n<\/p><\/div>\n<\/p><\/div>\n<\/p><\/div>\n<\/p><\/div>\n<\/p>\n<p>The post Miner\u00eda ilegal comienza a desplazarse de la Amazon\u00eda hacia el Cerrado, se\u00f1ala ministerio brasile\u00f1o appeared first on Rep\u00f3rter Brasil.<\/p>\n<!-- Begin Yuzo --><div class='yuzo_related_post style-1'  data-version='5.12.89'><!-- without result --><div class='yuzo_clearfixed yuzo__title yuzo__title'><h3>Related Post<\/h3><\/div>\n\t\t\t\t\t\t  <div class=\"relatedthumb \" style=\"width:125px;float:left;overflow:hidden;\">  \n\t\t\t\t\t\t\t  \n\t\t\t\t\t\t\t  <a  href=\"https:\/\/redept.com.br\/blogosfera\/nao-e-uma-samambaia-dino-da-show-em-voto-para-condenar-bolsonaro-ao-rebater-defesas-video\/\"  >\n\t\t\t\t\t\t\t\t\t  <div class=\"yuzo-img-wrap \" style=\"width: 125px;height:90px;\">\n\t\t\t\t\t\t\t\t\t\t\n\t\t\t\t\t\t\t\t\t\t<div class=\"yuzo-img\" style=\"background:url('https:\/\/redept.org\/blogosfera\/wp-content\/plugins\/yuzo-related-post\/assets\/images\/default.png') 50% 50% no-repeat;width: 125px;height:90px;margin-bottom: 5px;background-size: cover; \"><\/div>\n\t\t\t\t\t\t\t\t\t  <\/div>\n\t\t\t\t\t\t\t\t\t  \n\t\t\t\t\t\t\t\t   <span class=\"yuzo__text--title\" style=\"font-size:13px;\">\u201cN\u00e3o \u00e9 uma Samambaia: \u201cDino d\u00e1 show em voto para c...<\/span>\n\t\t\t\t\t\t\t  \n\t\t\t\t\t\t\t  \n\t\t\t\t\t\t\t  <\/a>\n\n\t\t\t\t\t\t  <\/div>\n\t\t\t\t\t\t  <div class=\"relatedthumb \" style=\"width:125px;float:left;overflow:hidden;\">  \n\t\t\t\t\t\t\t  \n\t\t\t\t\t\t\t  <a  href=\"https:\/\/redept.com.br\/blogosfera\/celebracao-e-luta-encontro-de-amigos-e-amigas-do-mst-acontece-neste-sabado-7-em-sao-paulo\/\"  >\n\t\t\t\t\t\t\t\t\t  <div class=\"yuzo-img-wrap \" style=\"width: 125px;height:90px;\">\n\t\t\t\t\t\t\t\t\t\t\n\t\t\t\t\t\t\t\t\t\t<div class=\"yuzo-img\" style=\"background:url('https:\/\/redept.org\/blogosfera\/wp-content\/plugins\/yuzo-related-post\/assets\/images\/default.png') 50% 50% no-repeat;width: 125px;height:90px;margin-bottom: 5px;background-size: cover; \"><\/div>\n\t\t\t\t\t\t\t\t\t  <\/div>\n\t\t\t\t\t\t\t\t\t  \n\t\t\t\t\t\t\t\t   <span class=\"yuzo__text--title\" style=\"font-size:13px;\">Celebra\u00e7\u00e3o e luta: Encontro de amigos e amigas do ...<\/span>\n\t\t\t\t\t\t\t  \n\t\t\t\t\t\t\t  \n\t\t\t\t\t\t\t  <\/a>\n\n\t\t\t\t\t\t  <\/div>\n\t\t\t\t\t\t  <div class=\"relatedthumb \" style=\"width:125px;float:left;overflow:hidden;\">  \n\t\t\t\t\t\t\t  \n\t\t\t\t\t\t\t  <a  href=\"https:\/\/redept.com.br\/blogosfera\/cnbb-denuncia-exclusao-de-indigenas-do-novo-acordo-de-reparacao-pelo-rompimento-da-barragem-da-samarco-em-mg\/\"  >\n\t\t\t\t\t\t\t\t\t  <div class=\"yuzo-img-wrap \" style=\"width: 125px;height:90px;\">\n\t\t\t\t\t\t\t\t\t\t\n\t\t\t\t\t\t\t\t\t\t<div class=\"yuzo-img\" style=\"background:url('https:\/\/redept.org\/blogosfera\/wp-content\/plugins\/yuzo-related-post\/assets\/images\/default.png') 50% 50% no-repeat;width: 125px;height:90px;margin-bottom: 5px;background-size: cover; \"><\/div>\n\t\t\t\t\t\t\t\t\t  <\/div>\n\t\t\t\t\t\t\t\t\t  \n\t\t\t\t\t\t\t\t   <span class=\"yuzo__text--title\" style=\"font-size:13px;\">CNBB denuncia exclus\u00e3o de ind\u00edgenas do novo acordo...<\/span>\n\t\t\t\t\t\t\t  \n\t\t\t\t\t\t\t  \n\t\t\t\t\t\t\t  <\/a>\n\n\t\t\t\t\t\t  <\/div>\n\t\t\t\t\t\t  <div class=\"relatedthumb \" style=\"width:125px;float:left;overflow:hidden;\">  \n\t\t\t\t\t\t\t  \n\t\t\t\t\t\t\t  <a  href=\"https:\/\/redept.com.br\/blogosfera\/governo-quer-converter-receitas-extras-com-petroleo-em-reducao-de-impostos-sobre-combustiveis\/\"  >\n\t\t\t\t\t\t\t\t\t  <div class=\"yuzo-img-wrap \" style=\"width: 125px;height:90px;\">\n\t\t\t\t\t\t\t\t\t\t\n\t\t\t\t\t\t\t\t\t\t<div class=\"yuzo-img\" style=\"background:url('https:\/\/redept.org\/blogosfera\/wp-content\/plugins\/yuzo-related-post\/assets\/images\/default.png') 50% 50% no-repeat;width: 125px;height:90px;margin-bottom: 5px;background-size: cover; \"><\/div>\n\t\t\t\t\t\t\t\t\t  <\/div>\n\t\t\t\t\t\t\t\t\t  \n\t\t\t\t\t\t\t\t   <span class=\"yuzo__text--title\" style=\"font-size:13px;\">Governo quer converter receitas extras com petr\u00f3le...<\/span>\n\t\t\t\t\t\t\t  \n\t\t\t\t\t\t\t  \n\t\t\t\t\t\t\t  <\/a>\n\n\t\t\t\t\t\t  <\/div>\n<\/div> <script>\n\t\t\t\t\t\t  jQuery(document).ready(function( $ ){\n\t\t\t\t\t\t\t\/\/jQuery('.yuzo_related_post').equalizer({ overflow : 'relatedthumb' });\n\t\t\t\t\t\t\tjQuery('.yuzo_related_post .yuzo_wraps').equalizer({ columns : '> div' });\n\t\t\t\t\t\t   })\n\t\t\t\t\t\t  <\/script> <!-- End Yuzo :) -->","protected":false},"excerpt":{"rendered":"<p>Tras la retirada de invasores de las Tierras Ind\u00edgenas Yanomami, Kayap\u00f3, Munduruku y otras \u00e1reas protegidas, grupos empresariales est\u00e1n trasladando operaciones ilegales desde la regi\u00f3n Norte hacia la Tierra Ind\u00edgena Sarar\u00e9, en el estado brasile\u00f1o de Mato Grosso.<\/p>\n<p>The post <a href=\"https:\/\/reporterbrasil.org.br\/2025\/12\/mineria-ilegal-comienza-a-desplazarse-de-la-amazonia-hacia-el-cerrado-senala-ministerio-brasileno\/\">Miner\u00eda ilegal comienza a desplazarse de la Amazon\u00eda hacia el Cerrado, se\u00f1ala ministerio brasile\u00f1o<\/a> appeared first on <a href=\"https:\/\/reporterbrasil.org.br\/\">Rep\u00f3rter Brasil<\/a>.<\/p>\n","protected":false},"author":2,"featured_media":67672,"comment_status":"open","ping_status":"closed","sticky":false,"template":"","format":"standard","meta":{"fifu_image_url":"","fifu_image_alt":"","footnotes":""},"categories":[2519,31650,761,5799,5995,1729],"tags":[],"class_list":["post-67671","post","type-post","status-publish","format-standard","has-post-thumbnail","hentry","category-cop30","category-espanol-contenido-original","category-indigenas","category-reportagens","category-terra-indigena-apyterewa","category-yanomami"],"_links":{"self":[{"href":"https:\/\/redept.com.br\/blogosfera\/wp-json\/wp\/v2\/posts\/67671","targetHints":{"allow":["GET"]}}],"collection":[{"href":"https:\/\/redept.com.br\/blogosfera\/wp-json\/wp\/v2\/posts"}],"about":[{"href":"https:\/\/redept.com.br\/blogosfera\/wp-json\/wp\/v2\/types\/post"}],"author":[{"embeddable":true,"href":"https:\/\/redept.com.br\/blogosfera\/wp-json\/wp\/v2\/users\/2"}],"replies":[{"embeddable":true,"href":"https:\/\/redept.com.br\/blogosfera\/wp-json\/wp\/v2\/comments?post=67671"}],"version-history":[{"count":0,"href":"https:\/\/redept.com.br\/blogosfera\/wp-json\/wp\/v2\/posts\/67671\/revisions"}],"wp:featuredmedia":[{"embeddable":true,"href":"https:\/\/redept.com.br\/blogosfera\/wp-json\/wp\/v2\/media\/67672"}],"wp:attachment":[{"href":"https:\/\/redept.com.br\/blogosfera\/wp-json\/wp\/v2\/media?parent=67671"}],"wp:term":[{"taxonomy":"category","embeddable":true,"href":"https:\/\/redept.com.br\/blogosfera\/wp-json\/wp\/v2\/categories?post=67671"},{"taxonomy":"post_tag","embeddable":true,"href":"https:\/\/redept.com.br\/blogosfera\/wp-json\/wp\/v2\/tags?post=67671"}],"curies":[{"name":"wp","href":"https:\/\/api.w.org\/{rel}","templated":true}]}}