{"id":67809,"date":"2025-12-08T00:21:08","date_gmt":"2025-12-08T03:21:08","guid":{"rendered":"https:\/\/redept.com.br\/blogosfera\/prefeitura-de-campo-grande-ms-reprime-populacao-enquanto-favorece-aliados\/"},"modified":"2025-12-08T00:21:08","modified_gmt":"2025-12-08T03:21:08","slug":"prefeitura-de-campo-grande-ms-reprime-populacao-enquanto-favorece-aliados","status":"publish","type":"post","link":"https:\/\/redept.com.br\/blogosfera\/prefeitura-de-campo-grande-ms-reprime-populacao-enquanto-favorece-aliados\/","title":{"rendered":"Prefeitura de Campo Grande (MS) reprime popula\u00e7\u00e3o enquanto favorece aliados"},"content":{"rendered":"<p><img fetchpriority=\"high\" width=\"1920\" height=\"1280\"src=\"https:\/\/redept.com.br\/blogosfera\/wp-content\/uploads\/2025\/12\/3X2A7003-1-1.jpg\" alt=\"\" link_thumbnail=\"\" decoding=\"async\" srcset=\"https:\/\/redept.com.br\/blogosfera\/wp-content\/uploads\/2025\/12\/3X2A7003-1-1.jpg 1920w, https:\/\/averdade.org.br\/wp-content\/uploads\/2025\/12\/3X2A7003-1-1-350x233.jpg 350w, https:\/\/averdade.org.br\/wp-content\/uploads\/2025\/12\/3X2A7003-1-1-1024x683.jpg 1024w, https:\/\/averdade.org.br\/wp-content\/uploads\/2025\/12\/3X2A7003-1-1-250x167.jpg 250w, https:\/\/averdade.org.br\/wp-content\/uploads\/2025\/12\/3X2A7003-1-1-768x512.jpg 768w, https:\/\/averdade.org.br\/wp-content\/uploads\/2025\/12\/3X2A7003-1-1-1536x1024.jpg 1536w, https:\/\/averdade.org.br\/wp-content\/uploads\/2025\/12\/3X2A7003-1-1-150x100.jpg 150w, https:\/\/averdade.org.br\/wp-content\/uploads\/2025\/12\/3X2A7003-1-1-300x200.jpg 300w, https:\/\/averdade.org.br\/wp-content\/uploads\/2025\/12\/3X2A7003-1-1-696x464.jpg 696w, https:\/\/averdade.org.br\/wp-content\/uploads\/2025\/12\/3X2A7003-1-1-1068x712.jpg 1068w\" sizes=\"(max-width: 1920px) 100vw, 1920px\"><\/p>\n<p><strong>Diversas categorias de trabalhadores e segmentos da sociedade tem se mobilizado contra as medidas antipopulares de prefeita de Campo Grande (MS) Adriane Lopes (PP).<\/strong><\/p>\n<p><b>Douglas Soares | Campo Grande (MS)<\/b><\/p>\n<hr>\n<p><span><strong>BRASIL \u2013<\/strong> Em mais um epis\u00f3dio que exp\u00f5e o descaso com a popula\u00e7\u00e3o e a repress\u00e3o aos movimentos sociais, a Prefeitura de Campo Grande (MS) recorre \u00e0 viol\u00eancia da Guarda Civil Metropolitana para tentar se blindar de protestos.\u00a0<\/span><span>No dia 29 de novembro, uma manifesta\u00e7\u00e3o pac\u00edfica organizada por servidores, entregadores e pela comiss\u00e3o de m\u00e3es at\u00edpicas, denunciava o abandono da gest\u00e3o de extrema-direita de Adriane Lopes (PP) em rela\u00e7\u00e3o \u00e0 infraestrutura da cidade, \u00e0 sa\u00fade e \u00e0 falta de insumos essenciais para pessoas com defici\u00eancia. Mesmo assim, as m\u00e3es foram recebidas com trucul\u00eancia e viol\u00eancia por agentes da Guarda Civil Metropolitana.<\/span><\/p>\n<p><span>Imagens que circulam nas redes mostram Elis\u00e2ngela Silva de Souza, de 43 anos, m\u00e3e at\u00edpica, sendo empurrada por guardas da GCM. Ela foi derrubada covardemente e registrou boletim de ocorr\u00eancia. Elis\u00e2ngela relatou escoria\u00e7\u00f5es e dores provocadas pela queda.<\/span><\/p>\n<p><span>Como se a agress\u00e3o f\u00edsica n\u00e3o bastasse, os ataques da prefeitura continuaram ap\u00f3s o ato, desta vez de forma difamat\u00f3ria. Em coletiva de imprensa, a prefeita Adriane Lopes classificou a popula\u00e7\u00e3o que protestava como \u201cbandidos\u201d, afirmando que <\/span><span>\u201cningu\u00e9m estava preparado para um ataque de bandidos em um evento de crian\u00e7as. Mas aconteceu.\u201d<\/span><span> J\u00e1 em uma entrevista a uma r\u00e1dio local, a prefeita voltou a difamar as fam\u00edlias, dizendo que as m\u00e3es at\u00edpicas seriam \u201cbandidos armados com mais de 50 passagens pela pol\u00edcia\u201d.<\/span><\/p>\n<h4><b>Blindagem pol\u00edtica e mentiras<\/b><\/h4>\n<p><span>Por diversas vezes, Adriane Lopes recorre a not\u00edcias fabricadas por ve\u00edculos da m\u00eddia tradicional sul-mato-grossense para tentar deslegitimar demandas populares.\u00a0<\/span><span>No dia 27 de novembro, um jornal tradicional de Campo Grande estampou a manchete: <\/span><i><span>\u201cMais da metade dos campo-grandenses aprovam a administra\u00e7\u00e3o Adriane Lopes\u201d<\/span><\/i><span>.\u00a0<\/span><span>A mat\u00e9ria \u00e9 mais um exemplo de como a m\u00eddia dos ricos tenta manipular dados e distorcer a realidade, acreditando que a popula\u00e7\u00e3o n\u00e3o \u00e9 consciente das condi\u00e7\u00f5es em que vive.<\/span><\/p>\n<p><span>No entanto, a mesma pesquisa mostra que 40,93% dos entrevistados consideram a administra\u00e7\u00e3o \u201cp\u00e9ssima\u201d, enquanto apenas 22,93% a avaliam como \u201c\u00f3tima\u201d. Seria interessante que o ve\u00edculo explicasse qual seria essa suposta \u201ccapacidade de di\u00e1logo\u201d atribu\u00edda a algu\u00e9m que acumula mais de 40% de desaprova\u00e7\u00e3o e que tenta criminalizar movimentos populares.<\/span><\/p>\n<p><span>No fim, a m\u00eddia burguesa tenta vender a imagem de que \u201cest\u00e1 tudo bem\u201d. E talvez esteja, ao menos para os donos do Cons\u00f3rcio Guaicurus, para as empreiteiras, e para as empresas que receberam aditivos milion\u00e1rios. Para esse grupo, de fato, a situa\u00e7\u00e3o \u00e9 excelente. E a m\u00eddia, como sempre, tem lado, o de quem a financia ou a controla diretamente.<\/span><\/p>\n<p><span>Por\u00e9m fora das m\u00e1scaras da m\u00eddia burguesa, a gest\u00e3o de Adriane Lopes tem prestado um \u201cservi\u00e7o exemplar\u201d apenas em um quesito: acumular insatisfa\u00e7\u00e3o popular m\u00eas ap\u00f3s m\u00eas, vinda dos mais diversos setores da sociedade. A cada novo per\u00edodo, surge um ato de revolta denunciando o caos que se espalha pela capital sul-mato-grossense.<\/span><\/p>\n<p><span>Na sa\u00fade, faltam medicamentos b\u00e1sicos, insumos essenciais para pessoas com defici\u00eancia e rem\u00e9dios controlados para uso psiqui\u00e1trico, seguindo com a pol\u00edtica n\u00e3o declarada de transformar o atendimento em uma verdadeira prova de paci\u00eancia.<\/span><\/p>\n<p><span>Nas obras p\u00fablicas, o cen\u00e1rio \u00e9 semelhante. Dezenas de obras paradas, pistas que desabaram e seguem \u201cem obras\u201d desde a gest\u00e3o passada, quando Adriane era vice-prefeita. Buracos que se multiplicam por toda a cidade, gerando preju\u00edzos para a popula\u00e7\u00e3o, e acidentes a diversos entregadores. \u00c1rvores ca\u00eddas desde as chuvas de novembro ainda bloqueiam cal\u00e7adas, algumas removidas pela pr\u00f3pria popula\u00e7\u00e3o, entre outros absurdos que se tornaram rotina.<\/span><\/p>\n<h4><b>Governo de extrema-direita\u00a0<\/b><\/h4>\n<p><span>A gest\u00e3o que se vendeu como \u201ct\u00e9cnica\u201d nas elei\u00e7\u00f5es, no fim aparelha secretarias com l\u00edderes de extrema-direita ou ligados ao chamado Centr\u00e3o. Alguns<\/span><span> dos exemplos s\u00e3o o de figuras como Viviane Tobias (PL), conhecida por campanhas antivacina e discursos contra os direitos das mulheres, que hoje ocupa um cargo na Secretaria Executiva da Mulher e o de Juliana Gaioso (PP), investigada por participa\u00e7\u00e3o no golpe de 2022-23, hoje ocupando a Secretaria da Casa Civil do munic\u00edpio.<\/span><\/p>\n<p><span>Em outubro, durante um ato na prefeitura, puxado pelas M\u00e3es At\u00edpicas, Viviane e Juliana chegaram a hostilizar as m\u00e3es que protestavam. Confrontadas, com o fato de que a falta de assist\u00eancia representa uma pol\u00edtica de morte para pessoas com defici\u00eancia, surgiu a fala que representa muito bem a indiferen\u00e7a da extrema-direita: \u201cMorrem pessoas todos os dias\u201d.<\/span><\/p>\n<p><span>Enquanto cargos p\u00fablicos com altos sal\u00e1rios s\u00e3o ocupados pela extrema-direita, a prefeitura desmonta direitos e desvaloriza os servidores. Mais de mil trabalhadores foram demitidos s\u00f3 este ano, sal\u00e1rios de contratados foram reduzidos. E houve tentativas de retirada de direitos, como a redu\u00e7\u00e3o de b\u00f4nus de risco e insalubridade, cortes de plant\u00f5es, entre outras medidas.\u00a0<\/span><\/p>\n<p><span>A justificativa da prefeitura \u00e9 o \u201ccaixa zerado\u201d. Mas trata-se de op\u00e7\u00e3o pol\u00edtica. Empresas contratadas pelo munic\u00edpio receberam aumentos milion\u00e1rios, como a respons\u00e1vel pela ilumina\u00e7\u00e3o p\u00fablica, cujo valor passou de R$ 6,2 milh\u00f5es, em 2021, para R$ 18,8 milh\u00f5es em 2024, e segue na casa do R$ 11,7 milh\u00f5es em 2025. Esse \u00e9 apenas um recorte de uma s\u00e9rie de contratos que receberam aditivos milion\u00e1rios e condi\u00e7\u00f5es vantajosas.<\/span><\/p>\n<p><span>J\u00e1 o arrocho atinge somente a base do funcionalismo. O alto escal\u00e3o, incluindo a pr\u00f3pria prefeita, segue com sal\u00e1rios que chegaram a superar at\u00e9 os cargos do Governo do Estado. N\u00e3o por acaso, o munic\u00edpio ultrapassou o limite de gastos com pessoal previsto na Lei de Responsabilidade Fiscal. Diante desse cen\u00e1rio, Adriane recorre a mentiras e agress\u00f5es, afinal, a verdade costuma ser inconveniente para quem governa contra o povo.<\/span><\/p>\n<!-- Begin Yuzo --><div class='yuzo_related_post style-1'  data-version='5.12.89'><!-- without result --><div class='yuzo_clearfixed yuzo__title yuzo__title'><h3>Related Post<\/h3><\/div>\n\t\t\t\t\t\t  <div class=\"relatedthumb \" style=\"width:125px;float:left;overflow:hidden;\">  \n\t\t\t\t\t\t\t  \n\t\t\t\t\t\t\t  <a  href=\"https:\/\/redept.com.br\/blogosfera\/abril-indigena-em-sp-tera-show-manifesto-e-debates\/\"  >\n\t\t\t\t\t\t\t\t\t  <div class=\"yuzo-img-wrap \" style=\"width: 125px;height:90px;\">\n\t\t\t\t\t\t\t\t\t\t\n\t\t\t\t\t\t\t\t\t\t<div class=\"yuzo-img\" style=\"background:url('https:\/\/redept.org\/blogosfera\/wp-content\/plugins\/yuzo-related-post\/assets\/images\/default.png') 50% 50% no-repeat;width: 125px;height:90px;margin-bottom: 5px;background-size: cover; \"><\/div>\n\t\t\t\t\t\t\t\t\t  <\/div>\n\t\t\t\t\t\t\t\t\t  \n\t\t\t\t\t\t\t\t   <span class=\"yuzo__text--title\" style=\"font-size:13px;\">Abril Ind\u00edgena em SP ter\u00e1 show, manifesto e debate...<\/span>\n\t\t\t\t\t\t\t  \n\t\t\t\t\t\t\t  \n\t\t\t\t\t\t\t  <\/a>\n\n\t\t\t\t\t\t  <\/div>\n\t\t\t\t\t\t  <div class=\"relatedthumb \" style=\"width:125px;float:left;overflow:hidden;\">  \n\t\t\t\t\t\t\t  \n\t\t\t\t\t\t\t  <a  href=\"https:\/\/redept.com.br\/blogosfera\/pressao-da-sociedade-civil-faz-camara-retirar-reducao-da-maioridade-penal-da-pec-da-seguranca\/\"  >\n\t\t\t\t\t\t\t\t\t  <div class=\"yuzo-img-wrap \" style=\"width: 125px;height:90px;\">\n\t\t\t\t\t\t\t\t\t\t\n\t\t\t\t\t\t\t\t\t\t<div class=\"yuzo-img\" style=\"background:url('https:\/\/redept.org\/blogosfera\/wp-content\/plugins\/yuzo-related-post\/assets\/images\/default.png') 50% 50% no-repeat;width: 125px;height:90px;margin-bottom: 5px;background-size: cover; \"><\/div>\n\t\t\t\t\t\t\t\t\t  <\/div>\n\t\t\t\t\t\t\t\t\t  \n\t\t\t\t\t\t\t\t   <span class=\"yuzo__text--title\" style=\"font-size:13px;\">Press\u00e3o da sociedade civil faz C\u00e2mara retirar redu...<\/span>\n\t\t\t\t\t\t\t  \n\t\t\t\t\t\t\t  \n\t\t\t\t\t\t\t  <\/a>\n\n\t\t\t\t\t\t  <\/div>\n\t\t\t\t\t\t  <div class=\"relatedthumb \" style=\"width:125px;float:left;overflow:hidden;\">  \n\t\t\t\t\t\t\t  \n\t\t\t\t\t\t\t  <a  href=\"https:\/\/redept.com.br\/blogosfera\/lula-recebeu-hoje-presidente-eleito-do-uruguai-no-palacio-do-planalto\/\"  >\n\t\t\t\t\t\t\t\t\t  <div class=\"yuzo-img-wrap \" style=\"width: 125px;height:90px;\">\n\t\t\t\t\t\t\t\t\t\t\n\t\t\t\t\t\t\t\t\t\t<div class=\"yuzo-img\" style=\"background:url('https:\/\/redept.org\/blogosfera\/wp-content\/plugins\/yuzo-related-post\/assets\/images\/default.png') 50% 50% no-repeat;width: 125px;height:90px;margin-bottom: 5px;background-size: cover; \"><\/div>\n\t\t\t\t\t\t\t\t\t  <\/div>\n\t\t\t\t\t\t\t\t\t  \n\t\t\t\t\t\t\t\t   <span class=\"yuzo__text--title\" style=\"font-size:13px;\">Lula recebeu hoje presidente eleito do Uruguai no ...<\/span>\n\t\t\t\t\t\t\t  \n\t\t\t\t\t\t\t  \n\t\t\t\t\t\t\t  <\/a>\n\n\t\t\t\t\t\t  <\/div>\n\t\t\t\t\t\t  <div class=\"relatedthumb \" style=\"width:125px;float:left;overflow:hidden;\">  \n\t\t\t\t\t\t\t  \n\t\t\t\t\t\t\t  <a  href=\"https:\/\/redept.com.br\/blogosfera\/negra-li-novo-album-e-manifesto-e-grito-preso-na-garganta-artista-se-apresenta-na-virada-cultural-neste-sabado-24-em-sp\/\"  >\n\t\t\t\t\t\t\t\t\t  <div class=\"yuzo-img-wrap \" style=\"width: 125px;height:90px;\">\n\t\t\t\t\t\t\t\t\t\t\n\t\t\t\t\t\t\t\t\t\t<div class=\"yuzo-img\" style=\"background:url('https:\/\/redept.org\/blogosfera\/wp-content\/plugins\/yuzo-related-post\/assets\/images\/default.png') 50% 50% no-repeat;width: 125px;height:90px;margin-bottom: 5px;background-size: cover; \"><\/div>\n\t\t\t\t\t\t\t\t\t  <\/div>\n\t\t\t\t\t\t\t\t\t  \n\t\t\t\t\t\t\t\t   <span class=\"yuzo__text--title\" style=\"font-size:13px;\">Negra Li: novo \u00e1lbum \u00e9 \u2018manifesto\u2019 e \u2018grito preso ...<\/span>\n\t\t\t\t\t\t\t  \n\t\t\t\t\t\t\t  \n\t\t\t\t\t\t\t  <\/a>\n\n\t\t\t\t\t\t  <\/div>\n<\/div> <script>\n\t\t\t\t\t\t  jQuery(document).ready(function( $ ){\n\t\t\t\t\t\t\t\/\/jQuery('.yuzo_related_post').equalizer({ overflow : 'relatedthumb' });\n\t\t\t\t\t\t\tjQuery('.yuzo_related_post .yuzo_wraps').equalizer({ columns : '> div' });\n\t\t\t\t\t\t   })\n\t\t\t\t\t\t  <\/script> <!-- End Yuzo :) -->","protected":false},"excerpt":{"rendered":"<p><img decoding=\"async\" width=\"1920\" height=\"1280\" src=\"https:\/\/averdade.org.br\/wp-content\/uploads\/2025\/12\/3X2A7003-1-1.jpg\" alt=\"\">Diversas categorias de trabalhadores e segmentos da sociedade tem se mobilizado contra as medidas antipopulares de prefeita de Campo Grande (MS) Adriane Lopes (PP). Douglas Soares | Campo Grande (MS) BRASIL \u2013 Em mais um epis\u00f3dio que exp\u00f5e o descaso com a popula\u00e7\u00e3o e a repress\u00e3o aos movimentos sociais, a Prefeitura de Campo Grande (MS) [\u2026]<\/p>\n","protected":false},"author":2,"featured_media":67810,"comment_status":"open","ping_status":"closed","sticky":false,"template":"","format":"standard","meta":{"fifu_image_url":"","fifu_image_alt":"","footnotes":""},"categories":[1604,45,1605,187,32176,184],"tags":[],"class_list":["post-67809","post","type-post","status-publish","format-standard","has-post-thumbnail","hentry","category-adriane-lopes","category-brasil","category-campo-grande","category-manifestacao","category-mato-groso-do-sul","category-prefeitura"],"_links":{"self":[{"href":"https:\/\/redept.com.br\/blogosfera\/wp-json\/wp\/v2\/posts\/67809","targetHints":{"allow":["GET"]}}],"collection":[{"href":"https:\/\/redept.com.br\/blogosfera\/wp-json\/wp\/v2\/posts"}],"about":[{"href":"https:\/\/redept.com.br\/blogosfera\/wp-json\/wp\/v2\/types\/post"}],"author":[{"embeddable":true,"href":"https:\/\/redept.com.br\/blogosfera\/wp-json\/wp\/v2\/users\/2"}],"replies":[{"embeddable":true,"href":"https:\/\/redept.com.br\/blogosfera\/wp-json\/wp\/v2\/comments?post=67809"}],"version-history":[{"count":0,"href":"https:\/\/redept.com.br\/blogosfera\/wp-json\/wp\/v2\/posts\/67809\/revisions"}],"wp:featuredmedia":[{"embeddable":true,"href":"https:\/\/redept.com.br\/blogosfera\/wp-json\/wp\/v2\/media\/67810"}],"wp:attachment":[{"href":"https:\/\/redept.com.br\/blogosfera\/wp-json\/wp\/v2\/media?parent=67809"}],"wp:term":[{"taxonomy":"category","embeddable":true,"href":"https:\/\/redept.com.br\/blogosfera\/wp-json\/wp\/v2\/categories?post=67809"},{"taxonomy":"post_tag","embeddable":true,"href":"https:\/\/redept.com.br\/blogosfera\/wp-json\/wp\/v2\/tags?post=67809"}],"curies":[{"name":"wp","href":"https:\/\/api.w.org\/{rel}","templated":true}]}}