{"id":67811,"date":"2025-12-08T09:32:43","date_gmt":"2025-12-08T12:32:43","guid":{"rendered":"https:\/\/redept.com.br\/blogosfera\/racismo-e-capitalismo-tiram-bilhoes-todos-os-anos-do-povo-negro\/"},"modified":"2025-12-08T09:32:43","modified_gmt":"2025-12-08T12:32:43","slug":"racismo-e-capitalismo-tiram-bilhoes-todos-os-anos-do-povo-negro","status":"publish","type":"post","link":"https:\/\/redept.com.br\/blogosfera\/racismo-e-capitalismo-tiram-bilhoes-todos-os-anos-do-povo-negro\/","title":{"rendered":"Racismo e capitalismo tiram bilh\u00f5es todos os anos do povo negro"},"content":{"rendered":"<p><img fetchpriority=\"high\" width=\"1280\" height=\"1920\"src=\"https:\/\/redept.com.br\/blogosfera\/wp-content\/uploads\/2025\/12\/P2.jpg\" alt=\"RACISMO CAPITALISMO. MASSACRE. Corpos estirados na rua na Favela da Penha. Foto: Bruno Itan\" link_thumbnail=\"\" decoding=\"async\" srcset=\"https:\/\/redept.com.br\/blogosfera\/wp-content\/uploads\/2025\/12\/P2.jpg 1280w, https:\/\/averdade.org.br\/wp-content\/uploads\/2025\/12\/P2-233x350.jpg 233w, https:\/\/averdade.org.br\/wp-content\/uploads\/2025\/12\/P2-683x1024.jpg 683w, https:\/\/averdade.org.br\/wp-content\/uploads\/2025\/12\/P2-167x250.jpg 167w, https:\/\/averdade.org.br\/wp-content\/uploads\/2025\/12\/P2-768x1152.jpg 768w, https:\/\/averdade.org.br\/wp-content\/uploads\/2025\/12\/P2-1024x1536.jpg 1024w, https:\/\/averdade.org.br\/wp-content\/uploads\/2025\/12\/P2-150x225.jpg 150w, https:\/\/averdade.org.br\/wp-content\/uploads\/2025\/12\/P2-300x450.jpg 300w, https:\/\/averdade.org.br\/wp-content\/uploads\/2025\/12\/P2-696x1044.jpg 696w, https:\/\/averdade.org.br\/wp-content\/uploads\/2025\/12\/P2-1068x1602.jpg 1068w\" sizes=\"(max-width: 1280px) 100vw, 1280px\"><\/p>\n<p><strong>O racismo promovido pelo capitalismo custa bilh\u00f5es ao povo negro todos os anos, valor que deixam de receber por n\u00e3o terem a mesma remunera\u00e7\u00e3o que pessoas brancas exercendo as mesmas fun\u00e7\u00f5es.<\/strong><\/p>\n<p><strong>Rafael Figueira | Rio de Janeiro<\/strong><\/p>\n<hr>\n<p><span><strong>BRASIL \u2013 <\/strong>O Brasil figura entre as dez maiores economias do planeta. \u00c9 o s\u00e9timo pa\u00eds mais rico do mundo e o \u00fanico entre os dez com maioria de popula\u00e7\u00e3o negra. No entanto, essa riqueza contrasta com uma realidade brutal: o pa\u00eds ocupa o posto de segunda na\u00e7\u00e3o mais desigual do planeta, dividindo o topo do ranking com pa\u00edses muito mais pobres, a maioria deles africanos.<\/span><\/p>\n<p><span>Nosso pa\u00eds foi invadido por colonizadores portugueses em 1500 e viveu mais de 350 anos de escravid\u00e3o legalizada. Isso significa que, de cada dez anos da nossa hist\u00f3ria, sete foram marcados pela escraviza\u00e7\u00e3o de pessoas negras.<\/span><\/p>\n<p><span>As consequ\u00eancias desse per\u00edodo ainda determinam as oportunidades, a renda e a presen\u00e7a da popula\u00e7\u00e3o negra em diversas \u00e1reas sociais e profissionais.<\/span><\/p>\n<h4><b>Racismo custa bilh\u00f5es ao povo negro<\/b><\/h4>\n<p><span>No fim de mar\u00e7o de 2025, um relat\u00f3rio do Centro de Estudos e Dados sobre Desigualdades Raciais (CEDRA) trouxe novos n\u00fameros que ajudam a entender os impactos de s\u00e9culos de viol\u00eancia e discrimina\u00e7\u00e3o sobre a popula\u00e7\u00e3o negra.<\/span><\/p>\n<p><span>Segundo o levantamento, a desigualdade racial promovida pelo sistema capitalista custou aos trabalhadores negros cerca de R$ 103 bilh\u00f5es em 2025, valor que deixaram de receber por n\u00e3o terem a mesma remunera\u00e7\u00e3o que pessoas brancas exercendo fun\u00e7\u00f5es id\u00eanticas. Um exemplo gritante est\u00e1 no trabalho dom\u00e9stico: uma trabalhadora negra recebe, em m\u00e9dia, 86% do sal\u00e1rio pago a uma trabalhadora branca na mesma fun\u00e7\u00e3o.<\/span><\/p>\n<p><span>O relat\u00f3rio destaca que a pol\u00edtica p\u00fablica mais importante para reduzir desigualdades foi a Lei de Cotas, de 2012. Em 2025, pela primeira vez, as universidades p\u00fablicas ter\u00e3o metade dos seus estudantes negros e pardos.<\/span><\/p>\n<p><span>Apesar do avan\u00e7o, o impacto na renda ainda \u00e9 t\u00edmido. Em 2012, a renda m\u00e9dia de uma pessoa negra correspondia a 57,8% da renda de uma pessoa branca. Em 2020, mesmo com 13 anos de cotas, esse n\u00famero subiu para apenas 59%. Mantido esse ritmo, a equipara\u00e7\u00e3o salarial s\u00f3 acontecer\u00e1 em 2365.<\/span><\/p>\n<p><span>Al\u00e9m disso, a presen\u00e7a negra ainda \u00e9 majorit\u00e1ria em profiss\u00f5es como carpintaria, servi\u00e7os dom\u00e9sticos, limpeza e minera\u00e7\u00e3o, enquanto cargos como ju\u00edzes, arquitetos, m\u00e9dicos, engenheiros e economistas continuam predominantemente brancos.<\/span><\/p>\n<p><span>Mesmo assim, as pol\u00edticas de a\u00e7\u00e3o afirmativa seguem sendo alvo constante de ataques da extrema direita e das elites econ\u00f4micas \u2013 os mesmos setores que sempre apoiaram a chegada de imigrantes europeus e asi\u00e1ticos ao pa\u00eds, inclusive com pol\u00edticas p\u00fablicas, com o objetivo de embranquecer a popula\u00e7\u00e3o brasileira.<\/span><\/p>\n<h4><b>Mulheres negras chefiam lares<\/b><\/h4>\n<p><span>Em 2012, a maioria dos lares brasileiros era chefiada por homens. Em 2025, o cen\u00e1rio mudou: 51% das casas s\u00e3o chefiadas por mulheres, sendo 29,6% por mulheres negras e 21% por mulheres brancas.<\/span><\/p>\n<p><span>Os lares liderados por mulheres negras, por\u00e9m, enfrentam os maiores desafios: maior \u00edndice de gravidez na adolesc\u00eancia, moradias em \u00e1reas de risco e maior vulnerabilidade \u00e0 mortalidade infanto-juvenil causada pela viol\u00eancia. Essas mulheres tamb\u00e9m lideram as estat\u00edsticas de desemprego: 15% est\u00e3o desempregadas, em contraste com 7% dos homens brancos.<\/span><\/p>\n<p><span>Outro dado relevante \u00e9 a queda no n\u00famero de lares interraciais. Atualmente, 42% das casas s\u00e3o compostas apenas por pessoas pretas e pardas, e 34% apenas por pessoas brancas. Pesquisadores levantam duas hip\u00f3teses para isso: pode haver uma maior consci\u00eancia racial entre pessoas negras, estimulando relacionamentos dentro do grupo, ou um avan\u00e7o do racismo e do higienismo na sociedade brasileira.<\/span><\/p>\n<h4><b>S\u00f3 a luta pode vencer o racismo<\/b><\/h4>\n<p><span>O relat\u00f3rio do CEDRA aponta importantes propostas para enfrentar a desigualdade racial no Brasil. A desmilitariza\u00e7\u00e3o das pol\u00edcias militares aparece como uma das principais medidas estruturais, apontando a necessidade de transformar um dos instrumentos hist\u00f3ricos de viol\u00eancia contra a popula\u00e7\u00e3o negra.<\/span><\/p>\n<p><span>Tamb\u00e9m defende o fim da escala de trabalho 6\u00d71, heran\u00e7a da l\u00f3gica escravocrata, al\u00e9m da amplia\u00e7\u00e3o das pol\u00edticas afirmativas, tanto no acesso ao ensino superior quanto nos concursos p\u00fablicos. Outro ponto fundamental \u00e9 a expans\u00e3o de programas de moradia popular, com foco especial em garantir condi\u00e7\u00f5es dignas para as fam\u00edlias negras que vivem nas periferias.<\/span><\/p>\n<p><span>Essas medidas, segundo o relat\u00f3rio, confirmam a import\u00e2ncia da luta popular organizada, a exemplo das ocupa\u00e7\u00f5es do Movimento de Luta nos Bairros, Vilas e Favelas (MLB), das a\u00e7\u00f5es da Unidade Popular (UP), da Frente Negra Revolucion\u00e1ria (FNR) e do Movimento Luta de Classes (MLC) nas ruas, favelas, shoppings e mercados contra a explora\u00e7\u00e3o capitalista.<\/span><\/p>\n<p><span>A hist\u00f3ria mostra que nenhuma conquista do povo negro veio sem luta. Foi a organiza\u00e7\u00e3o popular que derrotou a escravid\u00e3o legalizada, que resistiu \u00e0 ditadura militar, que derrotou o governo Bolsonaro e que enfrentou in\u00fameras pol\u00edticas racistas ao longo dos s\u00e9culos. Ser\u00e1 com luta que conquistaremos uma sociedade sem racismo e capitalismo, a sociedade socialista.\u00a0<\/span><\/p>\n<p><em>Mat\u00e9ria publicada na edi\u00e7\u00e3o n\u00ba325 do Jornal A Verdade.<\/em><\/p>\n<!-- Begin Yuzo --><div class='yuzo_related_post style-1'  data-version='5.12.89'><!-- without result --><div class='yuzo_clearfixed yuzo__title yuzo__title'><h3>Related Post<\/h3><\/div>\n\t\t\t\t\t\t  <div class=\"relatedthumb \" style=\"width:125px;float:left;overflow:hidden;\">  \n\t\t\t\t\t\t\t  \n\t\t\t\t\t\t\t  <a  href=\"https:\/\/redept.com.br\/blogosfera\/filme-revive-confronto-historico-entre-estudantes-e-ditadura-militar\/\"  >\n\t\t\t\t\t\t\t\t\t  <div class=\"yuzo-img-wrap \" style=\"width: 125px;height:90px;\">\n\t\t\t\t\t\t\t\t\t\t\n\t\t\t\t\t\t\t\t\t\t<div class=\"yuzo-img\" style=\"background:url('https:\/\/redept.com.br\/blogosfera\/wp-content\/uploads\/2025\/03\/Cena-de-A-Batalha-da-Rua-Maria-Antonia-Foto-Divulgacao-2048x1406-1-150x150.webp') 50% 50% no-repeat;width: 125px;height:90px;margin-bottom: 5px;background-size: cover; \"><\/div>\n\t\t\t\t\t\t\t\t\t  <\/div>\n\t\t\t\t\t\t\t\t\t  \n\t\t\t\t\t\t\t\t   <span class=\"yuzo__text--title\" style=\"font-size:13px;\">Filme revive confronto hist\u00f3rico entre estudantes ...<\/span>\n\t\t\t\t\t\t\t  \n\t\t\t\t\t\t\t  \n\t\t\t\t\t\t\t  <\/a>\n\n\t\t\t\t\t\t  <\/div>\n\t\t\t\t\t\t  <div class=\"relatedthumb \" style=\"width:125px;float:left;overflow:hidden;\">  \n\t\t\t\t\t\t\t  \n\t\t\t\t\t\t\t  <a  href=\"https:\/\/redept.com.br\/blogosfera\/marx-compartilharia-memes\/\"  >\n\t\t\t\t\t\t\t\t\t  <div class=\"yuzo-img-wrap \" style=\"width: 125px;height:90px;\">\n\t\t\t\t\t\t\t\t\t\t\n\t\t\t\t\t\t\t\t\t\t<div class=\"yuzo-img\" style=\"background:url('https:\/\/redept.com.br\/blogosfera\/wp-content\/uploads\/2025\/06\/MATERIA-GERAL-7-150x150.png') 50% 50% no-repeat;width: 125px;height:90px;margin-bottom: 5px;background-size: cover; \"><\/div>\n\t\t\t\t\t\t\t\t\t  <\/div>\n\t\t\t\t\t\t\t\t\t  \n\t\t\t\t\t\t\t\t   <span class=\"yuzo__text--title\" style=\"font-size:13px;\">Marx compartilharia memes?<\/span>\n\t\t\t\t\t\t\t  \n\t\t\t\t\t\t\t  \n\t\t\t\t\t\t\t  <\/a>\n\n\t\t\t\t\t\t  <\/div>\n\t\t\t\t\t\t  <div class=\"relatedthumb \" style=\"width:125px;float:left;overflow:hidden;\">  \n\t\t\t\t\t\t\t  \n\t\t\t\t\t\t\t  <a  href=\"https:\/\/redept.com.br\/blogosfera\/ainda-estou-aqui-disputa-tres-estatuetas-no-oscar\/\"  >\n\t\t\t\t\t\t\t\t\t  <div class=\"yuzo-img-wrap \" style=\"width: 125px;height:90px;\">\n\t\t\t\t\t\t\t\t\t\t\n\t\t\t\t\t\t\t\t\t\t<div class=\"yuzo-img\" style=\"background:url('https:\/\/redept.com.br\/blogosfera\/wp-content\/uploads\/2025\/03\/6e9630be-7a99-44d5-8523-37f378a702f1-captura-de-tela-2025-01-23-as-13.38.55-150x150.webp') 50% 50% no-repeat;width: 125px;height:90px;margin-bottom: 5px;background-size: cover; \"><\/div>\n\t\t\t\t\t\t\t\t\t  <\/div>\n\t\t\t\t\t\t\t\t\t  \n\t\t\t\t\t\t\t\t   <span class=\"yuzo__text--title\" style=\"font-size:13px;\">\u2018Ainda Estou Aqui\u2019 disputa tr\u00eas estatuetas no Osca...<\/span>\n\t\t\t\t\t\t\t  \n\t\t\t\t\t\t\t  \n\t\t\t\t\t\t\t  <\/a>\n\n\t\t\t\t\t\t  <\/div>\n\t\t\t\t\t\t  <div class=\"relatedthumb \" style=\"width:125px;float:left;overflow:hidden;\">  \n\t\t\t\t\t\t\t  \n\t\t\t\t\t\t\t  <a  href=\"https:\/\/redept.com.br\/blogosfera\/disputa-pelo-governo-do-ceara-ja-domina-a-imprensa-e-as-redes-sociais\/\"  >\n\t\t\t\t\t\t\t\t\t  <div class=\"yuzo-img-wrap \" style=\"width: 125px;height:90px;\">\n\t\t\t\t\t\t\t\t\t\t\n\t\t\t\t\t\t\t\t\t\t<div class=\"yuzo-img\" style=\"background:url('https:\/\/redept.org\/blogosfera\/wp-content\/plugins\/yuzo-related-post\/assets\/images\/default.png') 50% 50% no-repeat;width: 125px;height:90px;margin-bottom: 5px;background-size: cover; \"><\/div>\n\t\t\t\t\t\t\t\t\t  <\/div>\n\t\t\t\t\t\t\t\t\t  \n\t\t\t\t\t\t\t\t   <span class=\"yuzo__text--title\" style=\"font-size:13px;\">Disputa pelo Governo do Cear\u00e1 j\u00e1 domina a imprensa...<\/span>\n\t\t\t\t\t\t\t  \n\t\t\t\t\t\t\t  \n\t\t\t\t\t\t\t  <\/a>\n\n\t\t\t\t\t\t  <\/div>\n<\/div> <script>\n\t\t\t\t\t\t  jQuery(document).ready(function( $ ){\n\t\t\t\t\t\t\t\/\/jQuery('.yuzo_related_post').equalizer({ overflow : 'relatedthumb' });\n\t\t\t\t\t\t\tjQuery('.yuzo_related_post .yuzo_wraps').equalizer({ columns : '> div' });\n\t\t\t\t\t\t   })\n\t\t\t\t\t\t  <\/script> <!-- End Yuzo :) -->","protected":false},"excerpt":{"rendered":"<p><img decoding=\"async\" width=\"1280\" height=\"1920\" src=\"https:\/\/averdade.org.br\/wp-content\/uploads\/2025\/12\/P2.jpg\" alt=\"RACISMO CAPITALISMO. MASSACRE. Corpos estirados na rua na Favela da Penha. Foto: Bruno Itan\">O racismo promovido pelo capitalismo custa bilh\u00f5es ao povo negro todos os anos, valor que deixam de receber por n\u00e3o terem a mesma remunera\u00e7\u00e3o que pessoas brancas exercendo as mesmas fun\u00e7\u00f5es. Rafael Figueira | Rio de Janeiro BRASIL \u2013 O Brasil figura entre as dez maiores economias do planeta. \u00c9 o s\u00e9timo pa\u00eds mais rico [\u2026]<\/p>\n","protected":false},"author":2,"featured_media":67812,"comment_status":"open","ping_status":"closed","sticky":false,"template":"","format":"standard","meta":{"fifu_image_url":"","fifu_image_alt":"","footnotes":""},"categories":[45,978,2276,758,32177,86,229],"tags":[],"class_list":["post-67811","post","type-post","status-publish","format-standard","has-post-thumbnail","hentry","category-brasil","category-capitalismo","category-desigualdade","category-edicao-impressa","category-jav-325","category-jornal-impresso","category-racismo"],"_links":{"self":[{"href":"https:\/\/redept.com.br\/blogosfera\/wp-json\/wp\/v2\/posts\/67811","targetHints":{"allow":["GET"]}}],"collection":[{"href":"https:\/\/redept.com.br\/blogosfera\/wp-json\/wp\/v2\/posts"}],"about":[{"href":"https:\/\/redept.com.br\/blogosfera\/wp-json\/wp\/v2\/types\/post"}],"author":[{"embeddable":true,"href":"https:\/\/redept.com.br\/blogosfera\/wp-json\/wp\/v2\/users\/2"}],"replies":[{"embeddable":true,"href":"https:\/\/redept.com.br\/blogosfera\/wp-json\/wp\/v2\/comments?post=67811"}],"version-history":[{"count":0,"href":"https:\/\/redept.com.br\/blogosfera\/wp-json\/wp\/v2\/posts\/67811\/revisions"}],"wp:featuredmedia":[{"embeddable":true,"href":"https:\/\/redept.com.br\/blogosfera\/wp-json\/wp\/v2\/media\/67812"}],"wp:attachment":[{"href":"https:\/\/redept.com.br\/blogosfera\/wp-json\/wp\/v2\/media?parent=67811"}],"wp:term":[{"taxonomy":"category","embeddable":true,"href":"https:\/\/redept.com.br\/blogosfera\/wp-json\/wp\/v2\/categories?post=67811"},{"taxonomy":"post_tag","embeddable":true,"href":"https:\/\/redept.com.br\/blogosfera\/wp-json\/wp\/v2\/tags?post=67811"}],"curies":[{"name":"wp","href":"https:\/\/api.w.org\/{rel}","templated":true}]}}