{"id":67813,"date":"2025-12-08T09:40:47","date_gmt":"2025-12-08T12:40:47","guid":{"rendered":"https:\/\/redept.com.br\/blogosfera\/bolsonaro-e-generais-golpistas-sao-presos-antes-de-fugirem-da-justica\/"},"modified":"2025-12-08T09:40:47","modified_gmt":"2025-12-08T12:40:47","slug":"bolsonaro-e-generais-golpistas-sao-presos-antes-de-fugirem-da-justica","status":"publish","type":"post","link":"https:\/\/redept.com.br\/blogosfera\/bolsonaro-e-generais-golpistas-sao-presos-antes-de-fugirem-da-justica\/","title":{"rendered":"Bolsonaro e generais golpistas s\u00e3o presos antes de fugirem da Justi\u00e7a"},"content":{"rendered":"<p><img fetchpriority=\"high\" width=\"1920\" height=\"1281\"src=\"https:\/\/redept.com.br\/blogosfera\/wp-content\/uploads\/2025\/12\/P-2-ok.jpg\" alt=\"Bolsonaro e generais golpistas s\u00e3o presos. Foto: Isabella Tanajura (JAV\/BA)\" link_thumbnail=\"\" decoding=\"async\" srcset=\"https:\/\/redept.com.br\/blogosfera\/wp-content\/uploads\/2025\/12\/P-2-ok.jpg 1920w, https:\/\/averdade.org.br\/wp-content\/uploads\/2025\/12\/P-2-ok-350x234.jpg 350w, https:\/\/averdade.org.br\/wp-content\/uploads\/2025\/12\/P-2-ok-1024x683.jpg 1024w, https:\/\/averdade.org.br\/wp-content\/uploads\/2025\/12\/P-2-ok-250x167.jpg 250w, https:\/\/averdade.org.br\/wp-content\/uploads\/2025\/12\/P-2-ok-768x512.jpg 768w, https:\/\/averdade.org.br\/wp-content\/uploads\/2025\/12\/P-2-ok-1536x1025.jpg 1536w, https:\/\/averdade.org.br\/wp-content\/uploads\/2025\/12\/P-2-ok-150x100.jpg 150w, https:\/\/averdade.org.br\/wp-content\/uploads\/2025\/12\/P-2-ok-300x200.jpg 300w, https:\/\/averdade.org.br\/wp-content\/uploads\/2025\/12\/P-2-ok-696x464.jpg 696w, https:\/\/averdade.org.br\/wp-content\/uploads\/2025\/12\/P-2-ok-1068x713.jpg 1068w\" sizes=\"(max-width: 1920px) 100vw, 1920px\"><\/p>\n<p><strong>O ex-presidente Jair Bolsonaro e os generais golpistas foram presos pela tentativa de golpe de 8 de janeiro de 2023.<\/strong><\/p>\n<p><b>Heron Barroso | Reda\u00e7\u00e3o<\/b><\/p>\n<hr>\n<p><span><strong>BRASIL \u2013 <\/strong>No \u00faltimo dia 22 de novembro, o ministro do Supremo Tribunal Federal (STF) Alexandre de Moraes determinou a pris\u00e3o preventiva do ex-presidente Jair Bolsonaro, anteriormente condenado por chefiar a quadrilha que tentou dar um golpe de Estado no Brasil, anular o resultado das Elei\u00e7\u00f5es de 2022 e impor uma nova ditadura militar fascista no pa\u00eds.<\/span><\/p>\n<p><span>A decis\u00e3o foi tomada ap\u00f3s a viola\u00e7\u00e3o da tornozeleira eletr\u00f4nica usada pelo ex-capit\u00e3o, que cumpria pris\u00e3o domiciliar em sua mans\u00e3o de luxo em Bras\u00edlia. Cinicamente, a defesa de Bolsonaro alegou um \u201csurto psic\u00f3tico\u201d, supostamente causado pelo uso de rem\u00e9dios, para tentar encobrir que, na verdade, tratava-se de uma tentativa de fuga para evitar o cumprimento da pena de 27 anos de cadeia. T\u00edpico de um covarde.\u00a0<\/span><\/p>\n<p><span>Dias depois, em 25 de novembro, os generais Augusto Heleno, ex-ministro do Gabinete de Seguran\u00e7a Institucional (GSI), e Paulo S\u00e9rgio Nogueira, ex-ministro da Defesa, o almirante Almir Garnier, ex-comandante da Marinha, e Anderson Torres, ex-ministro da Justi\u00e7a, tamb\u00e9m foram presos pela Pol\u00edcia Federal ap\u00f3s o fim do prazo para apresenta\u00e7\u00e3o de recursos ao julgamento do chamado \u201cn\u00facleo crucial\u201d da tentativa de golpe de 8 de janeiro de 2023. Eles se juntar\u00e3o ao general Braga Netto, que est\u00e1 preso desde dezembro de 2024, no Rio de Janeiro. O ex-diretor da Ag\u00eancia Brasileira de Intelig\u00eancia (Abin) e atual deputado federal, Alexandre Ramagem (PL), tamb\u00e9m teve sua pris\u00e3o decretada, mas fugiu para os Estados Unidos como um rato e \u00e9 considerado foragido pela Justi\u00e7a.\u00a0<\/span><\/p>\n<p><span>Essa \u00e9 a primeira vez, no Brasil, que golpistas \u2013 entre eles membros da c\u00fapula das For\u00e7as Armadas \u2013 s\u00e3o presos por atentarem contra as liberdades democr\u00e1ticas. Essa vit\u00f3ria s\u00f3 foi poss\u00edvel gra\u00e7as \u00e0s den\u00fancias, manifesta\u00e7\u00f5es, protestos e lutas travadas nos \u00faltimos anos pelo povo brasileiro e \u00e9 uma prova de que as massas podem derrotar o fascismo.<\/span><\/p>\n<h4><b>Sem mordomias para criminosos<\/b><\/h4>\n<p><span>Apesar de condenados pelo STF, os militares envolvidos na trama golpista ainda devem passar por julgamento na Justi\u00e7a Militar, que decidir\u00e1 se perder\u00e3o \u2013 ou n\u00e3o \u2013 seus postos e patentes.<\/span><\/p>\n<p><span>Entretanto, mesmo que isso aconte\u00e7a, Bolsonaro e os generais presos seguir\u00e3o recebendo fartas pens\u00f5es, que, somadas, chegam a R$ 2 milh\u00f5es por ano. O general Augusto Heleno, por exemplo, recebe mais de R$ 38 mil por m\u00eas, enquanto Bolsonaro acumula duas pens\u00f5es: uma de R$ 12.861,61, do Ex\u00e9rcito, e outra de R$ 30.265,00 como ex-deputado, al\u00e9m de um sal\u00e1rio de cerca de R$ 40 mil do seu partido, o PL, pago com recursos do Fundo Partid\u00e1rio.<\/span><\/p>\n<p><span>Ou seja, apesar de todos os crimes que cometeu, o ex-capit\u00e3o vive uma vida de maraj\u00e1 paga com recursos p\u00fablicos, al\u00e9m de ficar numa cela especial, com TV, ar-condicionado e frigobar, enquanto o trabalhador brasileiro sofre para pagar aluguel, recebe um sal\u00e1rio m\u00ednimo de apenas R$ 1.518,00 e, desde a reforma da Previd\u00eancia, em 2019, \u00e9 proibido de acumular integralmente pens\u00f5es e aposentadorias.\u00a0<\/span><\/p>\n<h4><b>Pris\u00e3o para todos os fascistas<\/b><\/h4>\n<p><span>A luta contra o fascismo continua.<\/span><\/p>\n<p><span>Al\u00e9m de pagarem todos os anos de cadeia a que foram condenados e deixarem de receber um tratamento de luxo, \u00e9 preciso que os c\u00famplices do ex-capit\u00e3o no Centr\u00e3o, entre a grande burguesia e nas For\u00e7as Armadas tamb\u00e9m respondam \u2013 um por um \u2013 por todo o mal que fizeram ao povo e \u00e0 Na\u00e7\u00e3o.<\/span><\/p>\n<p><span>Jamais iremos esquecer, anistiar ou perdoar a morte dos mais de 700 mil brasileiros durante a pandemia de Covid-19, as centenas de crian\u00e7as ind\u00edgenas que perderam suas vidas abandonadas pelo governo fascista, a corrup\u00e7\u00e3o, o or\u00e7amento secreto, os direitos sociais retirados, a humilha\u00e7\u00e3o da fome e do desemprego.\u00a0<\/span><\/p>\n<p><span>Por tudo isso, seguiremos em busca de justi\u00e7a!<\/span><\/p>\n<p><em>Mat\u00e9ria publicada na edi\u00e7\u00e3o n\u00ba326 do Jornal A Verdade.<\/em><\/p>\n<!-- Begin Yuzo --><div class='yuzo_related_post style-1'  data-version='5.12.89'><!-- without result --><div class='yuzo_clearfixed yuzo__title yuzo__title'><h3>Related Post<\/h3><\/div>\n\t\t\t\t\t\t  <div class=\"relatedthumb \" style=\"width:125px;float:left;overflow:hidden;\">  \n\t\t\t\t\t\t\t  \n\t\t\t\t\t\t\t  <a  href=\"https:\/\/redept.com.br\/blogosfera\/ipea-renda-media-dos-trabalhadores-sobe-37-no-terceiro-trimestre\/\"  >\n\t\t\t\t\t\t\t\t\t  <div class=\"yuzo-img-wrap \" style=\"width: 125px;height:90px;\">\n\t\t\t\t\t\t\t\t\t\t\n\t\t\t\t\t\t\t\t\t\t<div class=\"yuzo-img\" style=\"background:url('https:\/\/redept.org\/blogosfera\/wp-content\/plugins\/yuzo-related-post\/assets\/images\/default.png') 50% 50% no-repeat;width: 125px;height:90px;margin-bottom: 5px;background-size: cover; \"><\/div>\n\t\t\t\t\t\t\t\t\t  <\/div>\n\t\t\t\t\t\t\t\t\t  \n\t\t\t\t\t\t\t\t   <span class=\"yuzo__text--title\" style=\"font-size:13px;\">Ipea: renda m\u00e9dia dos trabalhadores sobe 3,7% no t...<\/span>\n\t\t\t\t\t\t\t  \n\t\t\t\t\t\t\t  \n\t\t\t\t\t\t\t  <\/a>\n\n\t\t\t\t\t\t  <\/div>\n\t\t\t\t\t\t  <div class=\"relatedthumb \" style=\"width:125px;float:left;overflow:hidden;\">  \n\t\t\t\t\t\t\t  \n\t\t\t\t\t\t\t  <a  href=\"https:\/\/redept.com.br\/blogosfera\/moraes-determina-prisao-preventiva-de-alexandre-ramagem\/\"  >\n\t\t\t\t\t\t\t\t\t  <div class=\"yuzo-img-wrap \" style=\"width: 125px;height:90px;\">\n\t\t\t\t\t\t\t\t\t\t\n\t\t\t\t\t\t\t\t\t\t<div class=\"yuzo-img\" style=\"background:url('https:\/\/redept.org\/blogosfera\/wp-content\/plugins\/yuzo-related-post\/assets\/images\/default.png') 50% 50% no-repeat;width: 125px;height:90px;margin-bottom: 5px;background-size: cover; \"><\/div>\n\t\t\t\t\t\t\t\t\t  <\/div>\n\t\t\t\t\t\t\t\t\t  \n\t\t\t\t\t\t\t\t   <span class=\"yuzo__text--title\" style=\"font-size:13px;\">Moraes determina pris\u00e3o preventiva de Alexandre Ra...<\/span>\n\t\t\t\t\t\t\t  \n\t\t\t\t\t\t\t  \n\t\t\t\t\t\t\t  <\/a>\n\n\t\t\t\t\t\t  <\/div>\n\t\t\t\t\t\t  <div class=\"relatedthumb \" style=\"width:125px;float:left;overflow:hidden;\">  \n\t\t\t\t\t\t\t  \n\t\t\t\t\t\t\t  <a  href=\"https:\/\/redept.com.br\/blogosfera\/moraes-pede-a-zanin-data-para-julgamento-de-bolsonaro\/\"  >\n\t\t\t\t\t\t\t\t\t  <div class=\"yuzo-img-wrap \" style=\"width: 125px;height:90px;\">\n\t\t\t\t\t\t\t\t\t\t\n\t\t\t\t\t\t\t\t\t\t<div class=\"yuzo-img\" style=\"background:url('https:\/\/redept.org\/blogosfera\/wp-content\/plugins\/yuzo-related-post\/assets\/images\/default.png') 50% 50% no-repeat;width: 125px;height:90px;margin-bottom: 5px;background-size: cover; \"><\/div>\n\t\t\t\t\t\t\t\t\t  <\/div>\n\t\t\t\t\t\t\t\t\t  \n\t\t\t\t\t\t\t\t   <span class=\"yuzo__text--title\" style=\"font-size:13px;\">Moraes pede a Zanin data para julgamento de Bolson...<\/span>\n\t\t\t\t\t\t\t  \n\t\t\t\t\t\t\t  \n\t\t\t\t\t\t\t  <\/a>\n\n\t\t\t\t\t\t  <\/div>\n\t\t\t\t\t\t  <div class=\"relatedthumb \" style=\"width:125px;float:left;overflow:hidden;\">  \n\t\t\t\t\t\t\t  \n\t\t\t\t\t\t\t  <a  href=\"https:\/\/redept.com.br\/blogosfera\/no-xingu-indigenas-enfrentam-falhas-na-implantacao-do-luz-para-todos-mostra-relatorio\/\"  >\n\t\t\t\t\t\t\t\t\t  <div class=\"yuzo-img-wrap \" style=\"width: 125px;height:90px;\">\n\t\t\t\t\t\t\t\t\t\t\n\t\t\t\t\t\t\t\t\t\t<div class=\"yuzo-img\" style=\"background:url('https:\/\/redept.org\/blogosfera\/wp-content\/plugins\/yuzo-related-post\/assets\/images\/default.png') 50% 50% no-repeat;width: 125px;height:90px;margin-bottom: 5px;background-size: cover; \"><\/div>\n\t\t\t\t\t\t\t\t\t  <\/div>\n\t\t\t\t\t\t\t\t\t  \n\t\t\t\t\t\t\t\t   <span class=\"yuzo__text--title\" style=\"font-size:13px;\">No Xingu, ind\u00edgenas enfrentam falhas na implanta\u00e7\u00e3...<\/span>\n\t\t\t\t\t\t\t  \n\t\t\t\t\t\t\t  \n\t\t\t\t\t\t\t  <\/a>\n\n\t\t\t\t\t\t  <\/div>\n<\/div> <script>\n\t\t\t\t\t\t  jQuery(document).ready(function( $ ){\n\t\t\t\t\t\t\t\/\/jQuery('.yuzo_related_post').equalizer({ overflow : 'relatedthumb' });\n\t\t\t\t\t\t\tjQuery('.yuzo_related_post .yuzo_wraps').equalizer({ columns : '> div' });\n\t\t\t\t\t\t   })\n\t\t\t\t\t\t  <\/script> <!-- End Yuzo :) -->","protected":false},"excerpt":{"rendered":"<p><img decoding=\"async\" width=\"1920\" height=\"1281\" src=\"https:\/\/averdade.org.br\/wp-content\/uploads\/2025\/12\/P-2-ok.jpg\" alt=\"Bolsonaro e generais golpistas s\u00e3o presos. Foto: Isabella Tanajura (JAV\/BA)\">O ex-presidente Jair Bolsonaro e os generais golpistas foram presos pela tentativa de golpe de 8 de janeiro de 2023. Heron Barroso | Reda\u00e7\u00e3o BRASIL \u2013 No \u00faltimo dia 22 de novembro, o ministro do Supremo Tribunal Federal (STF) Alexandre de Moraes determinou a pris\u00e3o preventiva do ex-presidente Jair Bolsonaro, anteriormente condenado por chefiar a [\u2026]<\/p>\n","protected":false},"author":2,"featured_media":67814,"comment_status":"open","ping_status":"closed","sticky":false,"template":"","format":"standard","meta":{"fifu_image_url":"","fifu_image_alt":"","footnotes":""},"categories":[1390,45,758,1819,2315,32178,86],"tags":[],"class_list":["post-67813","post","type-post","status-publish","format-standard","has-post-thumbnail","hentry","category-bolsonaro","category-brasil","category-edicao-impressa","category-fascismo","category-generais-golpistas","category-jav-326","category-jornal-impresso"],"_links":{"self":[{"href":"https:\/\/redept.com.br\/blogosfera\/wp-json\/wp\/v2\/posts\/67813","targetHints":{"allow":["GET"]}}],"collection":[{"href":"https:\/\/redept.com.br\/blogosfera\/wp-json\/wp\/v2\/posts"}],"about":[{"href":"https:\/\/redept.com.br\/blogosfera\/wp-json\/wp\/v2\/types\/post"}],"author":[{"embeddable":true,"href":"https:\/\/redept.com.br\/blogosfera\/wp-json\/wp\/v2\/users\/2"}],"replies":[{"embeddable":true,"href":"https:\/\/redept.com.br\/blogosfera\/wp-json\/wp\/v2\/comments?post=67813"}],"version-history":[{"count":0,"href":"https:\/\/redept.com.br\/blogosfera\/wp-json\/wp\/v2\/posts\/67813\/revisions"}],"wp:featuredmedia":[{"embeddable":true,"href":"https:\/\/redept.com.br\/blogosfera\/wp-json\/wp\/v2\/media\/67814"}],"wp:attachment":[{"href":"https:\/\/redept.com.br\/blogosfera\/wp-json\/wp\/v2\/media?parent=67813"}],"wp:term":[{"taxonomy":"category","embeddable":true,"href":"https:\/\/redept.com.br\/blogosfera\/wp-json\/wp\/v2\/categories?post=67813"},{"taxonomy":"post_tag","embeddable":true,"href":"https:\/\/redept.com.br\/blogosfera\/wp-json\/wp\/v2\/tags?post=67813"}],"curies":[{"name":"wp","href":"https:\/\/api.w.org\/{rel}","templated":true}]}}