{"id":67817,"date":"2025-12-08T10:23:36","date_gmt":"2025-12-08T13:23:36","guid":{"rendered":"https:\/\/redept.com.br\/blogosfera\/massacre-da-penha-escancara-terrorismo-do-estado-contra-povo-trabalhador-nas-favelas-do-rio\/"},"modified":"2025-12-08T10:23:36","modified_gmt":"2025-12-08T13:23:36","slug":"massacre-da-penha-escancara-terrorismo-do-estado-contra-povo-trabalhador-nas-favelas-do-rio","status":"publish","type":"post","link":"https:\/\/redept.com.br\/blogosfera\/massacre-da-penha-escancara-terrorismo-do-estado-contra-povo-trabalhador-nas-favelas-do-rio\/","title":{"rendered":"Massacre da Penha escancara terrorismo do Estado contra povo trabalhador nas favelas do Rio"},"content":{"rendered":"<p><img fetchpriority=\"high\" width=\"1920\" height=\"1280\"src=\"https:\/\/redept.com.br\/blogosfera\/wp-content\/uploads\/2025\/12\/P6-_-Bruno-Itan-2.jpg\" alt=\"POL\u00cdTICA DE MORTE. Nenhum chefe do tr\u00e1fico foi preso pela opera\u00e7\u00e3o do governador do RJ. Foto: Bruno Itan\" link_thumbnail=\"\" decoding=\"async\" srcset=\"https:\/\/redept.com.br\/blogosfera\/wp-content\/uploads\/2025\/12\/P6-_-Bruno-Itan-2.jpg 1920w, https:\/\/averdade.org.br\/wp-content\/uploads\/2025\/12\/P6-_-Bruno-Itan-2-350x233.jpg 350w, https:\/\/averdade.org.br\/wp-content\/uploads\/2025\/12\/P6-_-Bruno-Itan-2-1024x683.jpg 1024w, https:\/\/averdade.org.br\/wp-content\/uploads\/2025\/12\/P6-_-Bruno-Itan-2-250x167.jpg 250w, https:\/\/averdade.org.br\/wp-content\/uploads\/2025\/12\/P6-_-Bruno-Itan-2-768x512.jpg 768w, https:\/\/averdade.org.br\/wp-content\/uploads\/2025\/12\/P6-_-Bruno-Itan-2-1536x1024.jpg 1536w, https:\/\/averdade.org.br\/wp-content\/uploads\/2025\/12\/P6-_-Bruno-Itan-2-150x100.jpg 150w, https:\/\/averdade.org.br\/wp-content\/uploads\/2025\/12\/P6-_-Bruno-Itan-2-300x200.jpg 300w, https:\/\/averdade.org.br\/wp-content\/uploads\/2025\/12\/P6-_-Bruno-Itan-2-696x464.jpg 696w, https:\/\/averdade.org.br\/wp-content\/uploads\/2025\/12\/P6-_-Bruno-Itan-2-1068x712.jpg 1068w\" sizes=\"(max-width: 1920px) 100vw, 1920px\"><\/p>\n<p><i><span>A equipe de reportagem do jornal <\/span><\/i><b><i>A Verdade <\/i><\/b><i><span>esteve na Penha, no Rio de Janeiro, onde aconteceu o maior massacre policial da hist\u00f3ria recente do Brasil, no dia 28 de outubro, na chamada \u201cOpera\u00e7\u00e3o Conten\u00e7\u00e3o\u201d. Conversamos com as pessoas sobre como a comunidade est\u00e1 reagindo a esta chacina e como vivem os mais de 180 mil moradores das 13 favelas que comp\u00f5em a regi\u00e3o. Por motivos de seguran\u00e7a, alguns entrevistados n\u00e3o quiseram se identificar ou permitir o uso de fotos. As fotografias que ilustram esta edi\u00e7\u00e3o do jornal s\u00e3o de <\/span><\/i><b><i>Bruno Itan<\/i><\/b><i><span>, morador de comunidade no Rio que se dedica a registrar o quotidiano das favelas cariocas. <\/span><\/i><\/p>\n<p><b>Rafael Freire e Felipe Annunziata, da Reda\u00e7\u00e3o<\/b><\/p>\n<hr>\n<p><span>\u201cEu<\/span><i><span> n\u00e3o dormi, estou acordada at\u00e9 agora, porque os corpos est\u00e3o sendo deixados na pra\u00e7a aqui perto de casa. N\u00e3o para de chegar gente morta, e os familiares gritando quando algu\u00e9m \u00e9 reconhecido. Torturaram muito as pessoas que estavam na mata. Tem gente faltando um peda\u00e7o da cabe\u00e7a, do rosto, os dedos quebrados, perna pendurada. Teve um menino de 11 anos que foi reconhecer o corpo do pai. Quando ele viu o pai todo desfigurado, ele se jogou em cima do corpo e ficou gritando: \u2018Meu pai! Meu pai! Meu pai!\u2019. E a irm\u00e3zinha dele, de quatro anos, perguntando: \u2018\u00c9 meu pai?\u2019.\u201d<\/span><\/i><\/p>\n<p><i><span>\u201cEu t\u00f4 em choque. At\u00e9 nove horas da noite, a gente escutava tiro. Os policiais passaram na frente da minha casa arrastando um menino j\u00e1 morto. Foi horr\u00edvel. Ficou um rastro de sangue na rua. De manh\u00e3, a vizinhan\u00e7a se juntou para lavar a rua. Uma tristeza.\u201d<\/span><\/i><\/p>\n<p><span>Relatos enviados por moradoras da Penha ao jornal <\/span><b><i>A Verdade <\/i><\/b><span>logo ap\u00f3s o massacre.<\/span><\/p>\n<hr>\n<p><span><strong>BRASIL \u2013 <\/strong>Na Pra\u00e7a S\u00e3o Lucas, onde mais de 70 corpos ficaram expostos no \u00faltimo dia 29 de outubro, num espet\u00e1culo sinistro, chama aten\u00e7\u00e3o o letreiro \u201cCreche Comunit\u00e1ria do Parque Prolet\u00e1rio da Penha\u201d. Na pequena quadra, em frente, algumas crian\u00e7as, ainda com uniforme da escola, jogavam bola. A circula\u00e7\u00e3o de motot\u00e1xis \u00e9 fren\u00e9tica, pois \u00e9 o \u00fanico meio de transporte que chega a certas \u00e1reas dos morros.<\/span><\/p>\n<p><span>A regi\u00e3o, no cora\u00e7\u00e3o da Zona Norte carioca, encravada na Serra da Miseric\u00f3rdia, possui a ic\u00f4nica Igreja de N. Sra. da Penha e um com\u00e9rcio agitado, mas sempre foi tratada como quartel general das fac\u00e7\u00f5es criminosas. \u00c9 sob este \u201cargumento\u201d que sucessivos governos atacaram aquelas comunidades como se estivessem invadindo um territ\u00f3rio inimigo.<\/span><\/p>\n<p><span>Mas o chamado \u201cdom\u00ednio territorial\u201d do tr\u00e1fico convive lado a lado com o dom\u00ednio do Estado. O transporte coletivo circulava, os agentes de sa\u00fade da fam\u00edlia atendiam as pessoas e os agentes de limpeza recolhiam o lixo na ca\u00e7amba. No acesso para cada um dos lados do morro, barricadas com barras de ferro e pneus mostram que o controle das fac\u00e7\u00f5es \u00e9 uma esp\u00e9cie de controle adicional ao que o Estado j\u00e1 exerce sobre as fam\u00edlias trabalhadoras.<\/span><\/p>\n<h4><b>Chacinas h\u00e1 30 anos<\/b><\/h4>\n<p><span>O Massacre da Penha foi o pior j\u00e1 ocorrido, totalizando 121 mortos. Destes, 117 s\u00e3o considerados \u201csuspeitos\u201d pela pol\u00edcia (todos homens, entre 20 e 30 anos) e quatro eram agentes policiais. Apesar de ter contado com cerca de 2.500 militares, a dita opera\u00e7\u00e3o n\u00e3o conseguiu prender nenhum l\u00edder de fac\u00e7\u00e3o criminosa. Mesmo assim, o governador fascista Cl\u00e1udio Castro (PL) classificou o massacre como um \u201csucesso\u201d, provavelmente comemorando o fato de ter aplicado, na pr\u00e1tica, a pena de morte sem qualquer amparo na legisla\u00e7\u00e3o brasileira.<\/span><\/p>\n<p><span>Mas essa n\u00e3o \u00e9 uma realidade nova para os moradores dos chamados Complexos da Penha e do Alem\u00e3o. De longe, as favelas daquela regi\u00e3o da capital fluminense s\u00e3o as mais atacadas por for\u00e7as militares do Estado. Nos \u00faltimos 30 anos, foram nove chacinas policiais registradas, e, das 10 maiores chacinas do Rio, seis ocorreram no Alem\u00e3o ou na Penha.\u00a0<\/span><\/p>\n<p><span>O governador Cl\u00e1udio Castro tem nas chacinas sua principal marca. Segundo o Instituto Fogo Cruzado, que recolhe informa\u00e7\u00f5es sobre tiroteios, dom\u00ednio de territ\u00f3rios e dados sobre a viol\u00eancia urbana no Brasil, durante seus mais de cinco anos de governo, quase 900 pessoas foram assassinadas em opera\u00e7\u00f5es policiais.<\/span><\/p>\n<p><span>No Rio, \u201copera\u00e7\u00e3o policial\u201d \u00e9 sin\u00f4nimo de morte e tamb\u00e9m de campanha eleitoral. Desde o fim da ditadura militar fascista, a direita e a extrema-direita usam a execu\u00e7\u00e3o de pessoas como meio para ganhar votos e redesenhar o mapa eleitoral do estado. N\u00e3o \u00e9 verdade que os governos n\u00e3o tenham controle desses territ\u00f3rios. Durante as elei\u00e7\u00f5es, apenas os candidatos de direita e fascistas podem fazer campanha eleitoral abertamente nas favelas, enquanto que os candidatos de esquerda s\u00e3o expulsos ou t\u00eam sua campanha muito limitada.<\/span><\/p>\n<p><span>Ao atacar o Comando Vermelho, um ano antes das elei\u00e7\u00f5es, o governador do Rio busca garantir a consolida\u00e7\u00e3o de outros grupos criminosos na cidade, mais pr\u00f3ximos da sua base pol\u00edtica, especialmente as mil\u00edcias. N\u00e3o \u00e9 por acaso que Castro anunciou mais dez opera\u00e7\u00f5es contra o CV at\u00e9 o fim do ano que vem.<\/span><\/p>\n<h4><b>Sobre o massacre<\/b><\/h4>\n<p><span>O que chocou no massacre de 28 de outubro foi sua extens\u00e3o e brutalidade. Cabe\u00e7as e membros decepados a golpes de fac\u00e3o, corpos pendurados em \u00e1rvores, sinais de tortura e execu\u00e7\u00f5es sum\u00e1rias. Quando nossa reportagem chegou ao conjunto de favelas, era vis\u00edvel o clima de tens\u00e3o em meio \u00e0s atividades do dia a dia.<\/span><\/p>\n<p><span>\u201cO sentimento \u00e9 de revolta. Eles n\u00e3o tinham direito de matar e penalizar esses jovens sem julgamento. D\u00e1 medo tamb\u00e9m porque eles anunciaram que v\u00e3o voltar. Voc\u00ea fica como? \u00c0 noite, ningu\u00e9m fica sentado na cal\u00e7ada. N\u00e3o sabemos o que vai acontecer daqui a 5 minutos ou daqui a 5 dias\u201d, afirmou a professora Christiane Germano, 53 anos, conhecida como Tite, nascida e criada no Morro do Serrano, umas das favelas da Penha.<\/span><\/p>\n<p><span>Outro morador, Vilson Luiz, 45 anos, formado em administra\u00e7\u00e3o, questiona as \u201cpesquisas de opini\u00e3o\u201d sobre aprova\u00e7\u00e3o ou rejei\u00e7\u00e3o ao massacre e afirma: \u201cAquilo n\u00e3o foi opera\u00e7\u00e3o, foi pra destruir, matar e assaltar. Aqui ningu\u00e9m foi perguntado se aprovava ou n\u00e3o. Aqui ningu\u00e9m \u00e9 a favor disso!\u201d.<\/span><\/p>\n<p><span>\u201cN\u00e3o esperem de n\u00f3s enaltecer a viol\u00eancia! Quando o Complexo da Mar\u00e9 \u00e9 atingido, a gente tamb\u00e9m sente. Desta vez, foi aqui. Tivemos duas janelas de vidro quebradas. Uma bala perfurou uma delas e atingiu o espelho da sala de bal\u00e9. A outra janela foi perfurada, atingindo uma televis\u00e3o\u201d. Quem nos conta \u00e9 Albert, 49 anos, coordenador da ONG Arte Transformadora, que possui, al\u00e9m do bal\u00e9, aulas de capoeira e viol\u00e3o, um est\u00fadio para grava\u00e7\u00e3o de podcasts e uma biblioteca. \u201cTivemos que fechar por dois dias e, na volta, recebemos as crian\u00e7as com rosas. Quando fomos conversar, elas perguntavam: \u2018Tio, por que quebraram nosso espelho?\u2019. Elas n\u00e3o entendem ainda, mas favelado j\u00e1 nasce resistente, com o couro grosso\u201d, afirma.<\/span><\/p>\n<h4><b>A luta da comunidade<\/b><\/h4>\n<p><span>A comunidade possui diversos projetos e, por isso, os moradores tamb\u00e9m denunciam a abordagem preconceituosa da grande m\u00eddia. \u201cNa TV, eles afirmam que a Serra da Miseric\u00f3rdia \u00e9 um lugar de desova de corpos, mas quem fez isso agora foi a Opera\u00e7\u00e3o. Aqui n\u00e3o \u00e9 lugar de desova, de morte, \u00e9 local de vida, de semear, de planta\u00e7\u00e3o, de colheita e de acolhimento. Temos um projeto de agroecologia que mobiliza cerca de cem m\u00e3es, com seus filhos. Al\u00e9m de consumir os alimentos que elas mesmo cultivam, fazem refei\u00e7\u00f5es para vender e gerar renda\u201d, relata Tite. E destaca: \u201cAs mulheres \u00e9 que tomaram \u00e0 frente nos protestos, no cuidado umas com as outras, porque sobra para quem \u00e9 m\u00e3e, esposa ou filha desses meninos que foram mortos\u201d.<\/span><\/p>\n<p><span>Nossa equipe subiu o morro e foi at\u00e9 o projeto de agroecologia acompanhada por Vilson, que atua como guia tur\u00edstico dentro das favelas no Rio. \u201cEu sou o garoto que, h\u00e1 30 anos, nunca pegou em armas\u201d, ele afirma. \u201cA favela \u00e9 um infinito de possibilidades, mas eles s\u00f3 querem mostrar o lado ruim. A Rede Globo exibiu uma reportagem no Fant\u00e1stico onde eu apare\u00e7o associado s\u00f3 ao massacre. Mas eu dei uma entrevista de mais de duas horas para a rep\u00f3rter, falando de tudo que tem aqui. Porque o Estado n\u00e3o fez nada para melhorar a favela depois da opera\u00e7\u00e3o de 2010, ent\u00e3o somos n\u00f3s, os pr\u00f3prios moradores, que temos que nos organizar para resolver nossos problemas\u201d.<\/span><\/p>\n<p><span>De fato, apesar do apoio do governo e dos grandes meios de comunica\u00e7\u00e3o da burguesia \u00e0 viol\u00eancia policial e \u00e0 repress\u00e3o contra o povo, j\u00e1 est\u00e1 provado que essa pol\u00edtica n\u00e3o leva \u00e0 diminui\u00e7\u00e3o da criminalidade. Ao contr\u00e1rio.<\/span><\/p>\n<p><span>Por\u00e9m, o que existe hoje \u00e9 uma pol\u00edtica institucionalizada de viol\u00eancia e racismo contra os trabalhadores, a juventude negra e o povo pobre. Essa pol\u00edtica atende aos interesses das classes ricas e dos verdadeiros senhores do crime, que n\u00e3o est\u00e3o nas favelas, mas nos bairros nobres, nos condom\u00ednios de luxo e nos espa\u00e7os de poder do Estado.<\/span><\/p>\n<p><span>Cabe ao povo organizado p\u00f4r fim \u00e0 viol\u00eancia policial e \u00e0 explora\u00e7\u00e3o dos patr\u00f5es. Somente um governo que seja express\u00e3o do poder popular e do socialismo, que coloque a economia e todas as riquezas do pa\u00eds sob controle da classe trabalhadora por\u00e1 um ponto final a essa rotina de morte e viol\u00eancia contra os moradores das favelas brasileiras.<\/span><\/p>\n<p><em>Mat\u00e9ria publicada na edi\u00e7\u00e3o n\u00ba325 do Jornal A Verdade.<\/em><\/p>\n<!-- Begin Yuzo --><div class='yuzo_related_post style-1'  data-version='5.12.89'><!-- without result --><div class='yuzo_clearfixed yuzo__title yuzo__title'><h3>Related Post<\/h3><\/div>\n\t\t\t\t\t\t  <div class=\"relatedthumb \" style=\"width:125px;float:left;overflow:hidden;\">  \n\t\t\t\t\t\t\t  \n\t\t\t\t\t\t\t  <a  href=\"https:\/\/redept.com.br\/blogosfera\/movimentos-populares-convocam-ato-em-frente-a-bolsa-de-valores-do-rio-de-janeiro-por-justica-fiscal\/\"  >\n\t\t\t\t\t\t\t\t\t  <div class=\"yuzo-img-wrap \" style=\"width: 125px;height:90px;\">\n\t\t\t\t\t\t\t\t\t\t\n\t\t\t\t\t\t\t\t\t\t<div class=\"yuzo-img\" style=\"background:url('https:\/\/redept.org\/blogosfera\/wp-content\/plugins\/yuzo-related-post\/assets\/images\/default.png') 50% 50% no-repeat;width: 125px;height:90px;margin-bottom: 5px;background-size: cover; \"><\/div>\n\t\t\t\t\t\t\t\t\t  <\/div>\n\t\t\t\t\t\t\t\t\t  \n\t\t\t\t\t\t\t\t   <span class=\"yuzo__text--title\" style=\"font-size:13px;\">Movimentos populares convocam ato em frente \u00e0 Bols...<\/span>\n\t\t\t\t\t\t\t  \n\t\t\t\t\t\t\t  \n\t\t\t\t\t\t\t  <\/a>\n\n\t\t\t\t\t\t  <\/div>\n\t\t\t\t\t\t  <div class=\"relatedthumb \" style=\"width:125px;float:left;overflow:hidden;\">  \n\t\t\t\t\t\t\t  \n\t\t\t\t\t\t\t  <a  href=\"https:\/\/sul21.com.br\/noticias\/internacional\/2025\/08\/com-brasileiros-flotilha-da-liberdade-levara-ajuda-humanitaria-a-gaza\/\"  >\n\t\t\t\t\t\t\t\t\t  <div class=\"yuzo-img-wrap \" style=\"width: 125px;height:90px;\">\n\t\t\t\t\t\t\t\t\t\t\n\t\t\t\t\t\t\t\t\t\t<div class=\"yuzo-img\" style=\"background:url('https:\/\/redept.org\/blogosfera\/wp-content\/plugins\/yuzo-related-post\/assets\/images\/default.png') 50% 50% no-repeat;width: 125px;height:90px;margin-bottom: 5px;background-size: cover; \"><\/div>\n\t\t\t\t\t\t\t\t\t  <\/div>\n\t\t\t\t\t\t\t\t\t  \n\t\t\t\t\t\t\t\t   <span class=\"yuzo__text--title\" style=\"font-size:13px;\">Com brasileiros, Flotilha da Liberdade levar\u00e1 ajud...<\/span>\n\t\t\t\t\t\t\t  \n\t\t\t\t\t\t\t  \n\t\t\t\t\t\t\t  <\/a>\n\n\t\t\t\t\t\t  <\/div>\n\t\t\t\t\t\t  <div class=\"relatedthumb \" style=\"width:125px;float:left;overflow:hidden;\">  \n\t\t\t\t\t\t\t  \n\t\t\t\t\t\t\t  <a  href=\"https:\/\/redept.com.br\/blogosfera\/a-encruzilhada-ambiental-do-governo-lula-refem-do-pib-governo-atrasa-agenda-ecologica\/\"  >\n\t\t\t\t\t\t\t\t\t  <div class=\"yuzo-img-wrap \" style=\"width: 125px;height:90px;\">\n\t\t\t\t\t\t\t\t\t\t\n\t\t\t\t\t\t\t\t\t\t<div class=\"yuzo-img\" style=\"background:url('https:\/\/redept.org\/blogosfera\/wp-content\/plugins\/yuzo-related-post\/assets\/images\/default.png') 50% 50% no-repeat;width: 125px;height:90px;margin-bottom: 5px;background-size: cover; \"><\/div>\n\t\t\t\t\t\t\t\t\t  <\/div>\n\t\t\t\t\t\t\t\t\t  \n\t\t\t\t\t\t\t\t   <span class=\"yuzo__text--title\" style=\"font-size:13px;\">A encruzilhada ambiental do governo Lula: ref\u00e9m do...<\/span>\n\t\t\t\t\t\t\t  \n\t\t\t\t\t\t\t  \n\t\t\t\t\t\t\t  <\/a>\n\n\t\t\t\t\t\t  <\/div>\n\t\t\t\t\t\t  <div class=\"relatedthumb \" style=\"width:125px;float:left;overflow:hidden;\">  \n\t\t\t\t\t\t\t  \n\t\t\t\t\t\t\t  <a  href=\"https:\/\/redept.com.br\/blogosfera\/canoas-e-nova-santa-rita-anunciam-investimentos-em-habitacao-para-atingidos-pelas-enchentes-no-rs\/\"  >\n\t\t\t\t\t\t\t\t\t  <div class=\"yuzo-img-wrap \" style=\"width: 125px;height:90px;\">\n\t\t\t\t\t\t\t\t\t\t\n\t\t\t\t\t\t\t\t\t\t<div class=\"yuzo-img\" style=\"background:url('https:\/\/redept.com.br\/blogosfera\/wp-content\/uploads\/2025\/07\/image-6-7-150x92.png') 50% 50% no-repeat;width: 125px;height:90px;margin-bottom: 5px;background-size: cover; \"><\/div>\n\t\t\t\t\t\t\t\t\t  <\/div>\n\t\t\t\t\t\t\t\t\t  \n\t\t\t\t\t\t\t\t   <span class=\"yuzo__text--title\" style=\"font-size:13px;\">Canoas e Nova Santa Rita anunciam investimentos em...<\/span>\n\t\t\t\t\t\t\t  \n\t\t\t\t\t\t\t  \n\t\t\t\t\t\t\t  <\/a>\n\n\t\t\t\t\t\t  <\/div>\n<\/div> <script>\n\t\t\t\t\t\t  jQuery(document).ready(function( $ ){\n\t\t\t\t\t\t\t\/\/jQuery('.yuzo_related_post').equalizer({ overflow : 'relatedthumb' });\n\t\t\t\t\t\t\tjQuery('.yuzo_related_post .yuzo_wraps').equalizer({ columns : '> div' });\n\t\t\t\t\t\t   })\n\t\t\t\t\t\t  <\/script> <!-- End Yuzo :) -->","protected":false},"excerpt":{"rendered":"<p><img decoding=\"async\" width=\"1920\" height=\"1280\" src=\"https:\/\/averdade.org.br\/wp-content\/uploads\/2025\/12\/P6-_-Bruno-Itan-2.jpg\" alt=\"POL\u00cdTICA DE MORTE. Nenhum chefe do tr\u00e1fico foi preso pela opera\u00e7\u00e3o do governador do RJ. Foto: Bruno Itan\">A equipe de reportagem do jornal A Verdade esteve na Penha, no Rio de Janeiro, onde aconteceu o maior massacre policial da hist\u00f3ria recente do Brasil, no dia 28 de outubro, na chamada \u201cOpera\u00e7\u00e3o Conten\u00e7\u00e3o\u201d. Conversamos com as pessoas sobre como a comunidade est\u00e1 reagindo a esta chacina e como vivem os mais de 180 [\u2026]<\/p>\n","protected":false},"author":2,"featured_media":67818,"comment_status":"open","ping_status":"closed","sticky":false,"template":"","format":"standard","meta":{"fifu_image_url":"","fifu_image_alt":"","footnotes":""},"categories":[45,978,758,32177,86,49,77],"tags":[],"class_list":["post-67817","post","type-post","status-publish","format-standard","has-post-thumbnail","hentry","category-brasil","category-capitalismo","category-edicao-impressa","category-jav-325","category-jornal-impresso","category-rio-de-janeiro","category-violencia"],"_links":{"self":[{"href":"https:\/\/redept.com.br\/blogosfera\/wp-json\/wp\/v2\/posts\/67817","targetHints":{"allow":["GET"]}}],"collection":[{"href":"https:\/\/redept.com.br\/blogosfera\/wp-json\/wp\/v2\/posts"}],"about":[{"href":"https:\/\/redept.com.br\/blogosfera\/wp-json\/wp\/v2\/types\/post"}],"author":[{"embeddable":true,"href":"https:\/\/redept.com.br\/blogosfera\/wp-json\/wp\/v2\/users\/2"}],"replies":[{"embeddable":true,"href":"https:\/\/redept.com.br\/blogosfera\/wp-json\/wp\/v2\/comments?post=67817"}],"version-history":[{"count":0,"href":"https:\/\/redept.com.br\/blogosfera\/wp-json\/wp\/v2\/posts\/67817\/revisions"}],"wp:featuredmedia":[{"embeddable":true,"href":"https:\/\/redept.com.br\/blogosfera\/wp-json\/wp\/v2\/media\/67818"}],"wp:attachment":[{"href":"https:\/\/redept.com.br\/blogosfera\/wp-json\/wp\/v2\/media?parent=67817"}],"wp:term":[{"taxonomy":"category","embeddable":true,"href":"https:\/\/redept.com.br\/blogosfera\/wp-json\/wp\/v2\/categories?post=67817"},{"taxonomy":"post_tag","embeddable":true,"href":"https:\/\/redept.com.br\/blogosfera\/wp-json\/wp\/v2\/tags?post=67817"}],"curies":[{"name":"wp","href":"https:\/\/api.w.org\/{rel}","templated":true}]}}