{"id":67852,"date":"2025-12-19T16:49:42","date_gmt":"2025-12-19T19:49:42","guid":{"rendered":"https:\/\/redept.com.br\/blogosfera\/no-natal-dos-catadores-lula-critica-golpistas-e-reafirma-veto-a-dosimetria\/"},"modified":"2025-12-19T16:49:42","modified_gmt":"2025-12-19T19:49:42","slug":"no-natal-dos-catadores-lula-critica-golpistas-e-reafirma-veto-a-dosimetria","status":"publish","type":"post","link":"https:\/\/redept.com.br\/blogosfera\/no-natal-dos-catadores-lula-critica-golpistas-e-reafirma-veto-a-dosimetria\/","title":{"rendered":"No Natal dos catadores, Lula critica golpistas e reafirma veto \u00e0 dosimetria\u00a0"},"content":{"rendered":"<p><img fetchpriority=\"high\" width=\"1024\" height=\"642\"src=\"https:\/\/redept.com.br\/blogosfera\/wp-content\/uploads\/2025\/12\/IMG_6182-1.jpeg\" alt=\"\" decoding=\"async\" srcset=\"https:\/\/vermelho.org.br\/wp-content\/uploads\/2025\/12\/IMG_6182-1024x642.jpeg 1024w, https:\/\/vermelho.org.br\/wp-content\/uploads\/2025\/12\/IMG_6182-300x188.jpeg 300w, https:\/\/vermelho.org.br\/wp-content\/uploads\/2025\/12\/IMG_6182-768x482.jpeg 768w, https:\/\/redept.com.br\/blogosfera\/wp-content\/uploads\/2025\/12\/IMG_6182-1.jpeg 1170w\" sizes=\"(max-width: 1024px) 100vw, 1024px\"><\/p>\n<p>Mantendo uma tradi\u00e7\u00e3o de 22 anos, o presidente Luiz In\u00e1cio Lula da Silva participou, nesta sexta-feira (19), do Natal dos Catadores e Catadoras, realizado durante a 12\u00aa edi\u00e7\u00e3o da Expocatadores, no Anhembi, em S\u00e3o Paulo. Durante o evento, foram anunciadas novas medidas voltadas \u00e0 categoria.\u00a0<\/p>\n<p>A ExpoCatadores 2025 re\u00fane mais de 3 mil catadores brasileiros e 600 cooperativas, especialistas, organiza\u00e7\u00f5es internacionais de catadores e representantes dos governos federal, estaduais e municipais.\u00a0<\/p>\n<p>Entre os an\u00fancios feitos est\u00e3o os decretos que institui o Programa Nacional de Investimento na Reciclagem Popular (Pronarep) e o que disp\u00f5e sobre mecanismos para a promo\u00e7\u00e3o da circularidade de bens m\u00f3veis no \u00e2mbito da administra\u00e7\u00e3o p\u00fablica federal direta, aut\u00e1rquica e fundacional.\u00a0<\/p>\n<p>Durante sua fala, Lula ressaltou a import\u00e2ncia da condena\u00e7\u00e3o de Jair Bolsonaro (PL) e militares pela trama golpista. \u201cPela primeira vez neste pa\u00eds temos um presidente preso por tentativa de golpe; quatro generais de quatro estrelas presos por tentativa de golpe, pela tentativa de executar um plano para matar o Lula, o Alckmin e o Alexandre de Moraes. E eles agora querem anistia\u201d, declarou.\u00a0<\/p>\n<p><strong>Leia tamb\u00e9m:<\/strong><a href=\"https:\/\/vermelho.org.br\/2025\/12\/18\/lula-faz-balanco-positivo-da-gestao-e-projeta-2026-como-o-ano-da-colheita\/\"> Lula faz balan\u00e7o positivo da gest\u00e3o e projeta 2026 como o ano da colheita<\/a><\/p>\n<p>O presidente continuou falando sobre o projeto da dosimetria, aprovado no Congresso: \u201cCom todo o respeito aos deputados e senadores que votaram a lei da redu\u00e7\u00e3o da pena; quero dizer a voc\u00eas que vou vetar essa lei\u201d.\u00a0<\/p>\n<p>Sobre 2026, salientou: \u201cEu sei que j\u00e1 tem muita gente pensando na elei\u00e7\u00e3o. Eu ainda n\u00e3o posso pensar porque tenho que trabalhar. Mas, deixa eles pensarem. E quando eles quiserem, venham, porque n\u00f3s vamos dar uma \u2018surra\u2019 em quem se meter a achar que a extrema direita vai voltar a governar este pa\u00eds. E vamos desafi\u00e1-los, n\u00e3o com palavras ou xingamentos, mas comparando o que eles fizeram com o que n\u00f3s fizemos\u201d.\u00a0<\/p>\n<p>O presidente tamb\u00e9m enfatizou que \u201co pa\u00eds n\u00e3o pode permitir que a extrema direita fascista, negacionista, que foi respons\u00e1vel pela morte de mais de 700 mil pessoas na pandemia (\u2026) volte a governar este pa\u00eds com mentiras pela internet. \u00c9 nossa obriga\u00e7\u00e3o n\u00e3o permitir que a democracia d\u00ea um passo para tr\u00e1s\u201d.<\/p>\n<p>Lula ainda celebrou conquistas obtidas at\u00e9 agora em seu governo. \u201cEstamos terminando o nosso terceiro ano de governo. E posso dizer que estou muito feliz porque pegamos este pa\u00eds destro\u00e7ado e levamos praticamente dois anos para coloc\u00e1-lo de p\u00e9\u201d, declarou.<\/p>\n<p>Lula lembrou como destaques do mandato a conquista \u201cda menor infla\u00e7\u00e3o acumulada em quatro anos da hist\u00f3ria do Brasil; o menor desemprego; a maior massa salarial e a maior pol\u00edtica de inclus\u00e3o social que este pa\u00eds j\u00e1 conheceu\u201d.<\/p>\n<p>O presidente citou, ainda, a aprova\u00e7\u00e3o da pol\u00edtica tribut\u00e1ria, isen\u00e7\u00e3o do Imposto de Renda para quem recebe at\u00e9 R$ 5 mil e desconto para outras faixas, al\u00e9m dos programas G\u00e1s do Povo e Luz do Povo.\u00a0<\/p>\n<p>Dirigindo-se aos catadores, apontou\u00a0 que \u201co sofrimento e abandono que voc\u00eas viveram secularmente n\u00e3o ser\u00e1 reparado de uma hora para a outra\u201d.\u00a0<\/p>\n<p>Lula tamb\u00e9m criticou os prefeitos que impedem os catadores de exercer seu trabalho. \u201cProibir que algu\u00e9m trabalhe para levar dinheiro para a casa para sustentar a fam\u00edlia porque est\u00e1 com uma carrocinha \u00e9, no m\u00ednimo, esse cidad\u00e3o n\u00e3o ter nada de humanismo\u201d.<\/p>\n<p>Foto: Ricardo Stuckert \/ PR<\/p>\n<p>O post <a href=\"https:\/\/vermelho.org.br\/2025\/12\/19\/no-natal-dos-catadores-lula-critica-golpistas-e-reafirma-veto-a-dosimetria\/\">No Natal dos catadores, Lula critica golpistas e reafirma veto \u00e0 dosimetria\u00a0<\/a> apareceu primeiro em <a href=\"https:\/\/vermelho.org.br\/\">Vermelho<\/a>.<\/p>\n<!-- Begin Yuzo --><div class='yuzo_related_post style-1'  data-version='5.12.89'><!-- without result --><div class='yuzo_clearfixed yuzo__title yuzo__title'><h3>Related Post<\/h3><\/div>\n\t\t\t\t\t\t  <div class=\"relatedthumb \" style=\"width:125px;float:left;overflow:hidden;\">  \n\t\t\t\t\t\t\t  \n\t\t\t\t\t\t\t  <a  href=\"https:\/\/redept.com.br\/blogosfera\/feriado-no-ceara-reune-exposicoes-oficinas-e-shows-artisticos-em-sua-programacao\/\"  >\n\t\t\t\t\t\t\t\t\t  <div class=\"yuzo-img-wrap \" style=\"width: 125px;height:90px;\">\n\t\t\t\t\t\t\t\t\t\t\n\t\t\t\t\t\t\t\t\t\t<div class=\"yuzo-img\" style=\"background:url('https:\/\/redept.org\/blogosfera\/wp-content\/plugins\/yuzo-related-post\/assets\/images\/default.png') 50% 50% no-repeat;width: 125px;height:90px;margin-bottom: 5px;background-size: cover; \"><\/div>\n\t\t\t\t\t\t\t\t\t  <\/div>\n\t\t\t\t\t\t\t\t\t  \n\t\t\t\t\t\t\t\t   <span class=\"yuzo__text--title\" style=\"font-size:13px;\">Feriado no Cear\u00e1 re\u00fane exposi\u00e7\u00f5es, oficinas e show...<\/span>\n\t\t\t\t\t\t\t  \n\t\t\t\t\t\t\t  \n\t\t\t\t\t\t\t  <\/a>\n\n\t\t\t\t\t\t  <\/div>\n\t\t\t\t\t\t  <div class=\"relatedthumb \" style=\"width:125px;float:left;overflow:hidden;\">  \n\t\t\t\t\t\t\t  \n\t\t\t\t\t\t\t  <a  href=\"https:\/\/redept.com.br\/blogosfera\/brasileiro-vai-para-solitaria-apos-ordem-de-deportacao-diz-familia\/\"  >\n\t\t\t\t\t\t\t\t\t  <div class=\"yuzo-img-wrap \" style=\"width: 125px;height:90px;\">\n\t\t\t\t\t\t\t\t\t\t\n\t\t\t\t\t\t\t\t\t\t<div class=\"yuzo-img\" style=\"background:url('https:\/\/redept.org\/blogosfera\/wp-content\/plugins\/yuzo-related-post\/assets\/images\/default.png') 50% 50% no-repeat;width: 125px;height:90px;margin-bottom: 5px;background-size: cover; \"><\/div>\n\t\t\t\t\t\t\t\t\t  <\/div>\n\t\t\t\t\t\t\t\t\t  \n\t\t\t\t\t\t\t\t   <span class=\"yuzo__text--title\" style=\"font-size:13px;\">Brasileiro vai para solit\u00e1ria ap\u00f3s ordem de deport...<\/span>\n\t\t\t\t\t\t\t  \n\t\t\t\t\t\t\t  \n\t\t\t\t\t\t\t  <\/a>\n\n\t\t\t\t\t\t  <\/div>\n\t\t\t\t\t\t  <div class=\"relatedthumb \" style=\"width:125px;float:left;overflow:hidden;\">  \n\t\t\t\t\t\t\t  \n\t\t\t\t\t\t\t  <a  href=\"https:\/\/redept.com.br\/blogosfera\/a-reforma-de-francisco-e-a-disputa-politica-no-vaticano-com-frei-betto\/\"  >\n\t\t\t\t\t\t\t\t\t  <div class=\"yuzo-img-wrap \" style=\"width: 125px;height:90px;\">\n\t\t\t\t\t\t\t\t\t\t\n\t\t\t\t\t\t\t\t\t\t<div class=\"yuzo-img\" style=\"background:url('https:\/\/redept.org\/blogosfera\/wp-content\/plugins\/yuzo-related-post\/assets\/images\/default.png') 50% 50% no-repeat;width: 125px;height:90px;margin-bottom: 5px;background-size: cover; \"><\/div>\n\t\t\t\t\t\t\t\t\t  <\/div>\n\t\t\t\t\t\t\t\t\t  \n\t\t\t\t\t\t\t\t   <span class=\"yuzo__text--title\" style=\"font-size:13px;\">A reforma de Francisco e a disputa pol\u00edtica no Vat...<\/span>\n\t\t\t\t\t\t\t  \n\t\t\t\t\t\t\t  \n\t\t\t\t\t\t\t  <\/a>\n\n\t\t\t\t\t\t  <\/div>\n\t\t\t\t\t\t  <div class=\"relatedthumb \" style=\"width:125px;float:left;overflow:hidden;\">  \n\t\t\t\t\t\t\t  \n\t\t\t\t\t\t\t  <a  href=\"https:\/\/redept.com.br\/blogosfera\/terremoto-nas-filipinas-deixa-ao-menos-69-mortos-e-140-feridos\/\"  >\n\t\t\t\t\t\t\t\t\t  <div class=\"yuzo-img-wrap \" style=\"width: 125px;height:90px;\">\n\t\t\t\t\t\t\t\t\t\t\n\t\t\t\t\t\t\t\t\t\t<div class=\"yuzo-img\" style=\"background:url('https:\/\/redept.com.br\/blogosfera\/wp-content\/uploads\/2025\/10\/2025_1001_1827_b1f-scaled-150x150.jpg') 50% 50% no-repeat;width: 125px;height:90px;margin-bottom: 5px;background-size: cover; \"><\/div>\n\t\t\t\t\t\t\t\t\t  <\/div>\n\t\t\t\t\t\t\t\t\t  \n\t\t\t\t\t\t\t\t   <span class=\"yuzo__text--title\" style=\"font-size:13px;\">Terremoto nas Filipinas deixa ao menos 69 mortos e...<\/span>\n\t\t\t\t\t\t\t  \n\t\t\t\t\t\t\t  \n\t\t\t\t\t\t\t  <\/a>\n\n\t\t\t\t\t\t  <\/div>\n<\/div> <script>\n\t\t\t\t\t\t  jQuery(document).ready(function( $ ){\n\t\t\t\t\t\t\t\/\/jQuery('.yuzo_related_post').equalizer({ overflow : 'relatedthumb' });\n\t\t\t\t\t\t\tjQuery('.yuzo_related_post .yuzo_wraps').equalizer({ columns : '> div' });\n\t\t\t\t\t\t   })\n\t\t\t\t\t\t  <\/script> <!-- End Yuzo :) -->","protected":false},"excerpt":{"rendered":"<p>Mantendo uma tradi\u00e7\u00e3o de 22 anos, o presidente Luiz In\u00e1cio Lula da Silva participou, nesta sexta-feira (19), do Natal dos Catadores e Catadoras, realizado durante a 12\u00aa edi\u00e7\u00e3o da Expocatadores, no Anhembi, em S\u00e3o Paulo. Durante o evento, foram anunciadas novas medidas voltadas \u00e0 categoria.\u00a0 A ExpoCatadores 2025 re\u00fane mais de 3 mil catadores brasileiros [&hellip;]<\/p>\n","protected":false},"author":2,"featured_media":0,"comment_status":"open","ping_status":"closed","sticky":false,"template":"","format":"standard","meta":{"fifu_image_url":"","fifu_image_alt":"","footnotes":""},"categories":[32186,1272,17,112,20752,132],"tags":[],"class_list":["post-67852","post","type-post","status-publish","format-standard","hentry","category-catadores-de-materiais-reciclaveis-2","category-golpismo-bolsonarista","category-governo-lula","category-lula","category-pl-da-dosimetria","category-politica"],"_links":{"self":[{"href":"https:\/\/redept.com.br\/blogosfera\/wp-json\/wp\/v2\/posts\/67852","targetHints":{"allow":["GET"]}}],"collection":[{"href":"https:\/\/redept.com.br\/blogosfera\/wp-json\/wp\/v2\/posts"}],"about":[{"href":"https:\/\/redept.com.br\/blogosfera\/wp-json\/wp\/v2\/types\/post"}],"author":[{"embeddable":true,"href":"https:\/\/redept.com.br\/blogosfera\/wp-json\/wp\/v2\/users\/2"}],"replies":[{"embeddable":true,"href":"https:\/\/redept.com.br\/blogosfera\/wp-json\/wp\/v2\/comments?post=67852"}],"version-history":[{"count":0,"href":"https:\/\/redept.com.br\/blogosfera\/wp-json\/wp\/v2\/posts\/67852\/revisions"}],"wp:attachment":[{"href":"https:\/\/redept.com.br\/blogosfera\/wp-json\/wp\/v2\/media?parent=67852"}],"wp:term":[{"taxonomy":"category","embeddable":true,"href":"https:\/\/redept.com.br\/blogosfera\/wp-json\/wp\/v2\/categories?post=67852"},{"taxonomy":"post_tag","embeddable":true,"href":"https:\/\/redept.com.br\/blogosfera\/wp-json\/wp\/v2\/tags?post=67852"}],"curies":[{"name":"wp","href":"https:\/\/api.w.org\/{rel}","templated":true}]}}