{"id":68006,"date":"2025-12-19T09:53:29","date_gmt":"2025-12-19T12:53:29","guid":{"rendered":"https:\/\/redept.com.br\/blogosfera\/bola-esta-do-lado-do-ocidente-afirma-putin-sobre-acordo-de-paz-na-ucrania\/"},"modified":"2025-12-19T09:53:29","modified_gmt":"2025-12-19T12:53:29","slug":"bola-esta-do-lado-do-ocidente-afirma-putin-sobre-acordo-de-paz-na-ucrania","status":"publish","type":"post","link":"https:\/\/redept.com.br\/blogosfera\/bola-esta-do-lado-do-ocidente-afirma-putin-sobre-acordo-de-paz-na-ucrania\/","title":{"rendered":"\u2018Bola est\u00e1 do lado do Ocidente\u2019, afirma Putin sobre acordo de paz na Ucr\u00e2nia"},"content":{"rendered":"<p>O presidente da R\u00fassia, Vladimir Putin, afirmou nesta sexta-feira (19\/12) que o avan\u00e7o no processo de paz relacionado \u00e0 Ucr\u00e2nia est\u00e1 inteiramente do lado do Ocidente e do governo de Kiev. As declara\u00e7\u00f5es foram feitas durante o programa Resultados do Ano, onde ele apresentou os resultados anuais do seu governo e respondeu os questionamentos da imprensa.<\/p>\n<p>\u201cDizer que rejeitamos qualquer coisa ou que recusamos negocia\u00e7\u00f5es [de paz] \u00e9 inadequado e sem fundamento\u201d, afirmou, ao complementar: \u201ca bola est\u00e1 completamente do lado dos nossos chamados advers\u00e1rios ocidentais, do chefe do regime de Kiev e de seus patrocinadores europeus\u201d.<\/p>\n<p>E reiterou, ao jornalista europeu, que n\u00e3o \u00e9 a R\u00fassia que est\u00e1 em guerra com o Ocidente, mas o Ocidente com a R\u00fassia. \u201cN\u00e3o somos n\u00f3s que estamos lutando contra voc\u00ea. Voc\u00eas que est\u00e3o lutando contra n\u00f3s, com as m\u00e3os dos nacionalistas ucranianos\u201d, afirmou.<\/p>\n<p>\u201cEst\u00e1 absolutamente claro que, ao combinar e complementar nossas capacidades, n\u00f3s prosperar\u00edamos em vez de lutarmos uns contra os outros, como voc\u00eas est\u00e3o fazendo\u201d, acrescentou.<\/p>\n<h3>Trump<\/h3>\n<p>Putin mencionou que concordou em grande parte, durante as negocia\u00e7\u00f5es realizadas em Anchorage, no Alasca, com compromissos discutidos no encontro com o presidente dos Estados Unidos, Donald Trump. \u201cQuando cheguei em Anchorage, eu disse que essas seriam decis\u00f5es dif\u00edceis para n\u00f3s, mas concordamos com os compromissos que nos propuseram\u201d, afirmou.<\/p>\n<p>Ele reiterou a disposi\u00e7\u00e3o de negociar o acordo, desde que sejam tratadas as \u201ccausas profundas do conflito\u201d; e declarou que a R\u00fassia deseja viver em paz e sem conflitos militares no pr\u00f3ximo ano. Ele tamb\u00e9m mencionou\u00a0as iniciativas de Trump, afirmando que o l\u00edder norte-americano atua de forma sincera na tentativa de alcan\u00e7ar um acordo de paz.<\/p>\n<h3>Europa<\/h3>\n<p>Putin tamb\u00e9m foi questionado sobre supostos planos do pa\u00eds para atacar o Ocidente. Ele chamou as declara\u00e7\u00f5es de \u201cabsurdas\u201d e disse elas visam criar uma imagem de Moscou como inimigo. Tamb\u00e9m garantiu que n\u00e3o haver\u00e1 novas opera\u00e7\u00f5es especiais se a R\u00fassia for tratada com respeito e n\u00e3o for \u201cenganada\u201d.<\/p>\n<p>Ele inclusive destacou que o pa\u00eds est\u00e1 pronto para trabalhar com a Europa, o Reino Unido e os Estados Unidos \u201cem p\u00e9 de igualdade\u201d; e frisou que a coopera\u00e7\u00e3o com Uni\u00e3o Europeia (UE) seria vantajosa para ambas as partes.<\/p>\n<p>Ele reiterou sua condena\u00e7\u00e3o ao confisco dos ativos russos congelados pelo bloco desde o come\u00e7o da guerra, classificando a iniciativa como \u201csaque\u201d. E destacou que a proposta de us\u00e1-los para financiar a reconstru\u00e7\u00e3o de Kiev mina a confian\u00e7a da Europa no sistema financeiro internacional. \u201cSeja l\u00e1 o que eles roubarem e de qualquer forma que fizerem, um dia ter\u00e3o que devolver\u201d, advertiu.<\/p>\n<figure aria-describedby=\"caption-attachment-241140\"><img loading=\"lazy\" loading=\"lazy\" decoding=\"async\"src=\"https:\/\/redept.com.br\/blogosfera\/wp-content\/uploads\/2025\/12\/alexander-kazakovtass-1.jpg\" alt=\"\" width=\"1020\" height=\"649\" srcset=\"https:\/\/redept.com.br\/blogosfera\/wp-content\/uploads\/2025\/12\/alexander-kazakovtass-1.jpg 1020w, https:\/\/operamundi.uol.com.br\/wp-content\/uploads\/2025\/12\/-alexander-kazakovtass-300x191.jpg 300w, https:\/\/operamundi.uol.com.br\/wp-content\/uploads\/2025\/12\/-alexander-kazakovtass-768x489.jpg 768w, https:\/\/operamundi.uol.com.br\/wp-content\/uploads\/2025\/12\/-alexander-kazakovtass-150x95.jpg 150w, https:\/\/operamundi.uol.com.br\/wp-content\/uploads\/2025\/12\/-alexander-kazakovtass-750x477.jpg 750w\" sizes=\"auto, (max-width: 1020px) 100vw, 1020px\"><figcaption>\u2018Bola est\u00e1 do lado do Ocidente\u2019, afirma Putin sobre acordo de paz na Ucr\u00e2nia<br \/>\u00a9Alexander KazakovTASS<\/figcaption><\/figure>\n<h3>OTAN<\/h3>\n<p>Putin tamb\u00e9m criticou a expans\u00e3o da Organiza\u00e7\u00e3o do Tratado do Atl\u00e2ntico Norte (OTAN) ao longo das \u00faltimas tr\u00eas d\u00e9cadas, relembrando das garantias dadas ao pa\u00eds de que o avan\u00e7o da Otan para o Leste n\u00e3o ocorreria.<\/p>\n<p>Este processo, salientou, \u201cimplicou mover infraestrutura militar para mais perto da nossa fronteira, o que causa nossa leg\u00edtima preocupa\u00e7\u00e3o\u201d. Ele tamb\u00e9m\u00a0reiterou que qualquer encerramento do conflito na Ucr\u00e2nia passa necessariamente pela resolu\u00e7\u00e3o dessas quest\u00f5es estruturais.<\/p>\n<p>Durante a entrevista, ele atualizou o avan\u00e7o do pa\u00eds no campo militar, afirmando que as For\u00e7as Armadas russas mant\u00eam o controle da linha de frente do confronto, ressaltando avan\u00e7os em Zaporozhie e Donbass; e a retomada da cidade de Seversk.<\/p>\n<h3>China<\/h3>\n<p>O l\u00edder russo tamb\u00e9m apresentou os dados da economia do pa\u00eds, salientando que conseguiu equilibrar o or\u00e7amento, atingindo um patamar semelhante ao de 2021, o que, segundo ele, demonstra a resili\u00eancia do sistema econ\u00f4mico e financeiro do pa\u00eds.<\/p>\n<p>Ao ser questionado sobre a China, ele destacou as rela\u00e7\u00f5es entre os dois pa\u00edses. \u201cA R\u00fassia \u00e9 o maior parceiro comercial nacional da China entre os pa\u00edses europeus\u201d, afirmou, citando as cifras entre US$ 240 e 250 bilh\u00f5es (R$ 1,32 a 1,38 trilh\u00e3o) do com\u00e9rcio entre as duas pot\u00eancias.<\/p>\n<p>Putin tamb\u00e9m salientou que os pa\u00edses cooperam na \u00e1rea militar, realizando regularmente exerc\u00edcios militares; e no setor de altas tecnologias, afirmando que as rela\u00e7\u00f5es R\u00fassia-China s\u00e3o um fator essencial de estabilidade hoje no mundo.<\/p>\n<p>O post \u2018Bola est\u00e1 do lado do Ocidente\u2019, afirma Putin sobre acordo de paz na Ucr\u00e2nia apareceu primeiro em Opera Mundi.<\/p>\n<!-- Begin Yuzo --><div class='yuzo_related_post style-1'  data-version='5.12.89'><!-- without result --><div class='yuzo_clearfixed yuzo__title yuzo__title'><h3>Related Post<\/h3><\/div>\n\t\t\t\t\t\t  <div class=\"relatedthumb \" style=\"width:125px;float:left;overflow:hidden;\">  \n\t\t\t\t\t\t\t  \n\t\t\t\t\t\t\t  <a  href=\"https:\/\/redept.com.br\/blogosfera\/governo-trump-chega-ao-brasil-para-tratar-de-sancoes-a-moraes\/\"  >\n\t\t\t\t\t\t\t\t\t  <div class=\"yuzo-img-wrap \" style=\"width: 125px;height:90px;\">\n\t\t\t\t\t\t\t\t\t\t\n\t\t\t\t\t\t\t\t\t\t<div class=\"yuzo-img\" style=\"background:url('https:\/\/redept.org\/blogosfera\/wp-content\/plugins\/yuzo-related-post\/assets\/images\/default.png') 50% 50% no-repeat;width: 125px;height:90px;margin-bottom: 5px;background-size: cover; \"><\/div>\n\t\t\t\t\t\t\t\t\t  <\/div>\n\t\t\t\t\t\t\t\t\t  \n\t\t\t\t\t\t\t\t   <span class=\"yuzo__text--title\" style=\"font-size:13px;\">Governo Trump chega ao Brasil para tratar de san\u00e7\u00f5...<\/span>\n\t\t\t\t\t\t\t  \n\t\t\t\t\t\t\t  \n\t\t\t\t\t\t\t  <\/a>\n\n\t\t\t\t\t\t  <\/div>\n\t\t\t\t\t\t  <div class=\"relatedthumb \" style=\"width:125px;float:left;overflow:hidden;\">  \n\t\t\t\t\t\t\t  \n\t\t\t\t\t\t\t  <a  href=\"https:\/\/sul21.com.br\/noticias\/meio-ambiente\/2025\/08\/mesmo-com-vetos-pl-da-devastacao-mantem-riscos-ambientais-aponta-observatorio-do-clima\/\"  >\n\t\t\t\t\t\t\t\t\t  <div class=\"yuzo-img-wrap \" style=\"width: 125px;height:90px;\">\n\t\t\t\t\t\t\t\t\t\t\n\t\t\t\t\t\t\t\t\t\t<div class=\"yuzo-img\" style=\"background:url('https:\/\/redept.org\/blogosfera\/wp-content\/plugins\/yuzo-related-post\/assets\/images\/default.png') 50% 50% no-repeat;width: 125px;height:90px;margin-bottom: 5px;background-size: cover; \"><\/div>\n\t\t\t\t\t\t\t\t\t  <\/div>\n\t\t\t\t\t\t\t\t\t  \n\t\t\t\t\t\t\t\t   <span class=\"yuzo__text--title\" style=\"font-size:13px;\">Mesmo com vetos, PL da Devasta\u00e7\u00e3o mant\u00e9m riscos am...<\/span>\n\t\t\t\t\t\t\t  \n\t\t\t\t\t\t\t  \n\t\t\t\t\t\t\t  <\/a>\n\n\t\t\t\t\t\t  <\/div>\n\t\t\t\t\t\t  <div class=\"relatedthumb \" style=\"width:125px;float:left;overflow:hidden;\">  \n\t\t\t\t\t\t\t  \n\t\t\t\t\t\t\t  <a  href=\"https:\/\/sul21.com.br\/noticias\/geral\/2025\/09\/pf-vai-investigar-origem-do-metanol-que-provocou-intoxicacoes-em-sp\/\"  >\n\t\t\t\t\t\t\t\t\t  <div class=\"yuzo-img-wrap \" style=\"width: 125px;height:90px;\">\n\t\t\t\t\t\t\t\t\t\t\n\t\t\t\t\t\t\t\t\t\t<div class=\"yuzo-img\" style=\"background:url('https:\/\/redept.org\/blogosfera\/wp-content\/plugins\/yuzo-related-post\/assets\/images\/default.png') 50% 50% no-repeat;width: 125px;height:90px;margin-bottom: 5px;background-size: cover; \"><\/div>\n\t\t\t\t\t\t\t\t\t  <\/div>\n\t\t\t\t\t\t\t\t\t  \n\t\t\t\t\t\t\t\t   <span class=\"yuzo__text--title\" style=\"font-size:13px;\">PF vai investigar origem do metanol que provocou i...<\/span>\n\t\t\t\t\t\t\t  \n\t\t\t\t\t\t\t  \n\t\t\t\t\t\t\t  <\/a>\n\n\t\t\t\t\t\t  <\/div>\n\t\t\t\t\t\t  <div class=\"relatedthumb \" style=\"width:125px;float:left;overflow:hidden;\">  \n\t\t\t\t\t\t\t  \n\t\t\t\t\t\t\t  <a  href=\"https:\/\/redept.com.br\/blogosfera\/em-fim-de-mandato-no-eua-governo-biden-reafirma-sem-provas-que-opositor-ganhou-na-venezuela\/\"  >\n\t\t\t\t\t\t\t\t\t  <div class=\"yuzo-img-wrap \" style=\"width: 125px;height:90px;\">\n\t\t\t\t\t\t\t\t\t\t\n\t\t\t\t\t\t\t\t\t\t<div class=\"yuzo-img\" style=\"background:url('https:\/\/redept.org\/blogosfera\/wp-content\/plugins\/yuzo-related-post\/assets\/images\/default.png') 50% 50% no-repeat;width: 125px;height:90px;margin-bottom: 5px;background-size: cover; \"><\/div>\n\t\t\t\t\t\t\t\t\t  <\/div>\n\t\t\t\t\t\t\t\t\t  \n\t\t\t\t\t\t\t\t   <span class=\"yuzo__text--title\" style=\"font-size:13px;\">Em fim de mandato no EUA, governo Biden reafirma, ...<\/span>\n\t\t\t\t\t\t\t  \n\t\t\t\t\t\t\t  \n\t\t\t\t\t\t\t  <\/a>\n\n\t\t\t\t\t\t  <\/div>\n<\/div> <script>\n\t\t\t\t\t\t  jQuery(document).ready(function( $ ){\n\t\t\t\t\t\t\t\/\/jQuery('.yuzo_related_post').equalizer({ overflow : 'relatedthumb' });\n\t\t\t\t\t\t\tjQuery('.yuzo_related_post .yuzo_wraps').equalizer({ columns : '> div' });\n\t\t\t\t\t\t   })\n\t\t\t\t\t\t  <\/script> <!-- End Yuzo :) -->","protected":false},"excerpt":{"rendered":"<p>O presidente da R\u00fassia, Vladimir Putin, afirmou nesta sexta-feira (19\/12) que o avan\u00e7o no processo de paz relacionado \u00e0 Ucr\u00e2nia est\u00e1 inteiramente do lado do Ocidente e do governo de Kiev. As declara\u00e7\u00f5es foram feitas durante o programa Resultados do Ano, onde ele apresentou os resultados anuais do seu governo e respondeu os questionamentos da [\u2026]<\/p>\n<p>O post <a href=\"https:\/\/operamundi.uol.com.br\/guerra-na-ucrania\/bola-esta-do-lado-do-ocidente-afirma-putin-sobre-acordo-de-paz-na-ucrania\/\">\u2018Bola est\u00e1 do lado do Ocidente\u2019, afirma Putin sobre acordo de paz na Ucr\u00e2nia<\/a> apareceu primeiro em <a href=\"https:\/\/operamundi.uol.com.br\/\">Opera Mundi<\/a>.<\/p>\n","protected":false},"author":2,"featured_media":68008,"comment_status":"closed","ping_status":"closed","sticky":false,"template":"","format":"standard","meta":{"fifu_image_url":"","fifu_image_alt":"","footnotes":""},"categories":[32238,292,32239,40,2147,1141,2148,42,372],"tags":[],"class_list":["post-68006","post","type-post","status-publish","format-standard","has-post-thumbnail","hentry","category-ativos-russos-congelados","category-china","category-coletiva-de-imprensa","category-europa","category-guerra-na-ucrania","category-ocidente","category-otan","category-putin","category-ucrania"],"_links":{"self":[{"href":"https:\/\/redept.com.br\/blogosfera\/wp-json\/wp\/v2\/posts\/68006","targetHints":{"allow":["GET"]}}],"collection":[{"href":"https:\/\/redept.com.br\/blogosfera\/wp-json\/wp\/v2\/posts"}],"about":[{"href":"https:\/\/redept.com.br\/blogosfera\/wp-json\/wp\/v2\/types\/post"}],"author":[{"embeddable":true,"href":"https:\/\/redept.com.br\/blogosfera\/wp-json\/wp\/v2\/users\/2"}],"replies":[{"embeddable":true,"href":"https:\/\/redept.com.br\/blogosfera\/wp-json\/wp\/v2\/comments?post=68006"}],"version-history":[{"count":0,"href":"https:\/\/redept.com.br\/blogosfera\/wp-json\/wp\/v2\/posts\/68006\/revisions"}],"wp:featuredmedia":[{"embeddable":true,"href":"https:\/\/redept.com.br\/blogosfera\/wp-json\/wp\/v2\/media\/68008"}],"wp:attachment":[{"href":"https:\/\/redept.com.br\/blogosfera\/wp-json\/wp\/v2\/media?parent=68006"}],"wp:term":[{"taxonomy":"category","embeddable":true,"href":"https:\/\/redept.com.br\/blogosfera\/wp-json\/wp\/v2\/categories?post=68006"},{"taxonomy":"post_tag","embeddable":true,"href":"https:\/\/redept.com.br\/blogosfera\/wp-json\/wp\/v2\/tags?post=68006"}],"curies":[{"name":"wp","href":"https:\/\/api.w.org\/{rel}","templated":true}]}}