{"id":68088,"date":"2025-12-08T13:45:39","date_gmt":"2025-12-08T16:45:39","guid":{"rendered":"https:\/\/redept.com.br\/blogosfera\/os-vampiros-do-dia-e-da-noite\/"},"modified":"2025-12-08T13:45:39","modified_gmt":"2025-12-08T16:45:39","slug":"os-vampiros-do-dia-e-da-noite","status":"publish","type":"post","link":"https:\/\/redept.com.br\/blogosfera\/os-vampiros-do-dia-e-da-noite\/","title":{"rendered":"Os vampiros do dia e da noite"},"content":{"rendered":"<p>A indiferen\u00e7a das pessoas em rela\u00e7\u00e3o ao que diariamente acontece em Gaza \u00e9 explicada. L\u00e1 as mulheres e crian\u00e7as, e ocasionalmente homens, continuam morrendo, para que o grupo da barb\u00e1rie sionista, fazendo-se de insubstitu\u00edveis, apare\u00e7a como realmente s\u00e3o: os vampiros da modernidade infernal.<\/p>\n<p>Seguramente, essa indiferen\u00e7a est\u00e1 ligada \u00e0s aus\u00eancias das narrativas de nossos jornais e notici\u00e1rios. Como \u00e9 que a desgra\u00e7a humana coletiva prossegue, diariamente, e n\u00e3o se fala dela com a repeti\u00e7\u00e3o da gravidade apresentada pela barb\u00e1rie? Ali\u00e1s, essa barb\u00e1rie retrocede \u00e0 cria\u00e7\u00e3o do Estado de Israel pelo movimento sionista, que n\u00e3o pode ser confundido com o povo judeu. Em 1948, era assassinado o representante da ONU que fora levantar o que acontecia com a destrui\u00e7\u00e3o violenta e a morte de palestinos e suas aldeias. Assassinado.<\/p>\n<p>Sempre com o apoio irrestrito dos norte-americanos, apesar dos Estados Unidos, que juntamente com 32 pa\u00edses da Europa, em 1934, na confer\u00eancia de Evian, e da Fran\u00e7a terem se negado a receber imigrantes da Alemanha. Os nazistas fizeram piada dessa contradi\u00e7\u00e3o. Hoje a defesa de palestinos, em universidades americanas, por alunos e professores, \u00e9 motivo de persegui\u00e7\u00e3o e expuls\u00e3o. A raz\u00e3o virou v\u00edtima do futuro.<\/p>\n<p>A \u00faltima dessa alma vampiresca foi outro ataque a pr\u00e9dio residencial em Beirute, L\u00edbano, matando mais de vinte residentes, para pegar mais um l\u00edder do Hamas, como desculpa do homic\u00eddio, tal qual ao ataque ocorrido no pa\u00eds Catar, com suas fronteiras violadas, para matar os negociadores da paz. O Estado de Israel \u00e9 um Estado especialista em matar, impunemente, inclusive negociadores da paz. A raz\u00e3o \u00e9 sempre a mesma: matar para cancelar amea\u00e7a futura, tal como foi o ataque covarde ao Ir\u00e3, pa\u00eds que era membro da ag\u00eancia de n\u00e3o prolifera\u00e7\u00e3o das armas at\u00f4micas, e que estava sentado \u00e0 mesa de conversa\u00e7\u00e3o com os Estados Unidos. O Ir\u00e3 era acusado de se dedicar a produ\u00e7\u00e3o at\u00f4mica, pois Israel quer ter o monop\u00f3lio das armas. Diz-se que a rodada pela paz era mera distra\u00e7\u00e3o, para o ataque surpresa, que aconteceu. Mataram nas primeiras horas comandantes militares, que estavam em suas resid\u00eancias, e evidente que nas explos\u00f5es dos pr\u00e9dios houve morte de civis, mulheres e crian\u00e7as. A outra surpresa foi a capacidade de reorganiza\u00e7\u00e3o do Ir\u00e3 e sua capacidade de ataque com m\u00edsseis e drones. Essa rea\u00e7\u00e3o, no tempo de 12 dias, fez Israel proibir a imigra\u00e7\u00e3o de seus habitantes e proibir o uso de celulares para registrar as cenas de destrui\u00e7\u00e3o de Telavive.<\/p>\n<p>Eles pensam construir o futuro com tal matan\u00e7a. Ser\u00e1 que o futuro deles n\u00e3o est\u00e1 indo junto com o sangue palestino?<\/p>\n<p>Tem alguma religi\u00e3o, algum Deus, que celebra a matan\u00e7a deliberada? Deus pode ser arrastado como garoto-propaganda na pol\u00edtica da viol\u00eancia? O rosto da divindade n\u00e3o est\u00e1 no rosto de cada pessoa? Onde est\u00e1 o irm\u00e3o ou irm\u00e3 como simples vivente do planeta Terra? A religi\u00e3o n\u00e3o \u00e9 a pr\u00e1tica da humaniza\u00e7\u00e3o da pessoa? Como matar dizendo-se religioso?<\/p>\n<p>N\u00e3o \u00e9 mais absurdo aderir aos que defendem e matam como pol\u00edtica de uma salva\u00e7\u00e3o? Como trazer ou plantar o s\u00edmbolo da cruz, sem que se considere a li\u00e7\u00e3o desse exemplo de vida? Como conviver com essa hipocrisia?<\/p>\n<p>Acreditei sempre que a barb\u00e1rie tem prazo de validade, como todo epis\u00f3dio hist\u00f3rico.<\/p>\n<!-- Begin Yuzo --><div class='yuzo_related_post style-1'  data-version='5.12.89'><!-- without result --><div class='yuzo_clearfixed yuzo__title yuzo__title'><h3>Related Post<\/h3><\/div>\n\t\t\t\t\t\t  <div class=\"relatedthumb \" style=\"width:125px;float:left;overflow:hidden;\">  \n\t\t\t\t\t\t\t  \n\t\t\t\t\t\t\t  <a  href=\"https:\/\/redept.com.br\/blogosfera\/cuba-e-bolivia-se-tornam-paises-associados-do-brics-reforcando-o-sul-global\/\"  >\n\t\t\t\t\t\t\t\t\t  <div class=\"yuzo-img-wrap \" style=\"width: 125px;height:90px;\">\n\t\t\t\t\t\t\t\t\t\t\n\t\t\t\t\t\t\t\t\t\t<div class=\"yuzo-img\" style=\"background:url('https:\/\/redept.com.br\/blogosfera\/wp-content\/uploads\/2025\/01\/Captura-de-Tela-2025-01-03-as-15.53.08-150x150.png') 50% 50% no-repeat;width: 125px;height:90px;margin-bottom: 5px;background-size: cover; \"><\/div>\n\t\t\t\t\t\t\t\t\t  <\/div>\n\t\t\t\t\t\t\t\t\t  \n\t\t\t\t\t\t\t\t   <span class=\"yuzo__text--title\" style=\"font-size:13px;\">Cuba e Bol\u00edvia se tornam pa\u00edses associados do BRIC...<\/span>\n\t\t\t\t\t\t\t  \n\t\t\t\t\t\t\t  \n\t\t\t\t\t\t\t  <\/a>\n\n\t\t\t\t\t\t  <\/div>\n\t\t\t\t\t\t  <div class=\"relatedthumb \" style=\"width:125px;float:left;overflow:hidden;\">  \n\t\t\t\t\t\t\t  \n\t\t\t\t\t\t\t  <a  href=\"https:\/\/redept.com.br\/blogosfera\/justica-italiana-condena-governo-a-indenizar-migrantes-impedidos-de-desembarcar-no-pais\/\"  >\n\t\t\t\t\t\t\t\t\t  <div class=\"yuzo-img-wrap \" style=\"width: 125px;height:90px;\">\n\t\t\t\t\t\t\t\t\t\t\n\t\t\t\t\t\t\t\t\t\t<div class=\"yuzo-img\" style=\"background:url('https:\/\/redept.com.br\/blogosfera\/wp-content\/uploads\/2025\/03\/gmg10ohwmai17vw-150x150.jpg') 50% 50% no-repeat;width: 125px;height:90px;margin-bottom: 5px;background-size: cover; \"><\/div>\n\t\t\t\t\t\t\t\t\t  <\/div>\n\t\t\t\t\t\t\t\t\t  \n\t\t\t\t\t\t\t\t   <span class=\"yuzo__text--title\" style=\"font-size:13px;\">Justi\u00e7a italiana condena governo a indenizar migra...<\/span>\n\t\t\t\t\t\t\t  \n\t\t\t\t\t\t\t  \n\t\t\t\t\t\t\t  <\/a>\n\n\t\t\t\t\t\t  <\/div>\n\t\t\t\t\t\t  <div class=\"relatedthumb \" style=\"width:125px;float:left;overflow:hidden;\">  \n\t\t\t\t\t\t\t  \n\t\t\t\t\t\t\t  <a  href=\"https:\/\/redept.com.br\/blogosfera\/ped-2025-tese-da-lula-pt-e-resistencia-socialista-lutar-contra-a-desigualdade-e-pela-democracia-no-200\/\"  >\n\t\t\t\t\t\t\t\t\t  <div class=\"yuzo-img-wrap \" style=\"width: 125px;height:90px;\">\n\t\t\t\t\t\t\t\t\t\t\n\t\t\t\t\t\t\t\t\t\t<div class=\"yuzo-img\" style=\"background:url('https:\/\/redept.org\/blogosfera\/wp-content\/plugins\/yuzo-related-post\/assets\/images\/default.png') 50% 50% no-repeat;width: 125px;height:90px;margin-bottom: 5px;background-size: cover; \"><\/div>\n\t\t\t\t\t\t\t\t\t  <\/div>\n\t\t\t\t\t\t\t\t\t  \n\t\t\t\t\t\t\t\t   <span class=\"yuzo__text--title\" style=\"font-size:13px;\">PED 2025: tese da Lula, PT e Resist\u00eancia Socialist...<\/span>\n\t\t\t\t\t\t\t  \n\t\t\t\t\t\t\t  \n\t\t\t\t\t\t\t  <\/a>\n\n\t\t\t\t\t\t  <\/div>\n\t\t\t\t\t\t  <div class=\"relatedthumb \" style=\"width:125px;float:left;overflow:hidden;\">  \n\t\t\t\t\t\t\t  \n\t\t\t\t\t\t\t  <a  href=\"https:\/\/sul21.com.br\/noticias\/politica\/2025\/11\/lula-celebra-retirada-de-tarifas-pelos-eua-e-diz-que-sinaliza-respeito\/\"  >\n\t\t\t\t\t\t\t\t\t  <div class=\"yuzo-img-wrap \" style=\"width: 125px;height:90px;\">\n\t\t\t\t\t\t\t\t\t\t\n\t\t\t\t\t\t\t\t\t\t<div class=\"yuzo-img\" style=\"background:url('https:\/\/redept.org\/blogosfera\/wp-content\/plugins\/yuzo-related-post\/assets\/images\/default.png') 50% 50% no-repeat;width: 125px;height:90px;margin-bottom: 5px;background-size: cover; \"><\/div>\n\t\t\t\t\t\t\t\t\t  <\/div>\n\t\t\t\t\t\t\t\t\t  \n\t\t\t\t\t\t\t\t   <span class=\"yuzo__text--title\" style=\"font-size:13px;\">Lula celebra retirada de tarifas pelos EUA e diz q...<\/span>\n\t\t\t\t\t\t\t  \n\t\t\t\t\t\t\t  \n\t\t\t\t\t\t\t  <\/a>\n\n\t\t\t\t\t\t  <\/div>\n<\/div> <script>\n\t\t\t\t\t\t  jQuery(document).ready(function( $ ){\n\t\t\t\t\t\t\t\/\/jQuery('.yuzo_related_post').equalizer({ overflow : 'relatedthumb' });\n\t\t\t\t\t\t\tjQuery('.yuzo_related_post .yuzo_wraps').equalizer({ columns : '> div' });\n\t\t\t\t\t\t   })\n\t\t\t\t\t\t  <\/script> <!-- End Yuzo :) -->","protected":false},"excerpt":{"rendered":"<p>A indiferen\u00e7a das pessoas em rela\u00e7\u00e3o ao que diariamente acontece em Gaza \u00e9 explicada. L\u00e1 as mulheres e crian\u00e7as, e ocasionalmente homens, continuam morrendo, para que o grupo da barb\u00e1rie sionista, fazendo-se de insubstitu\u00edveis, apare\u00e7a como realmente s\u00e3o: os vampiros da modernidade infernal. Seguramente, essa indiferen\u00e7a est\u00e1 ligada \u00e0s aus\u00eancias das narrativas de nossos jornais [&hellip;]<\/p>\n","protected":false},"author":2,"featured_media":0,"comment_status":"open","ping_status":"closed","sticky":false,"template":"","format":"standard","meta":{"fifu_image_url":"","fifu_image_alt":"","footnotes":""},"categories":[7451],"tags":[],"class_list":["post-68088","post","type-post","status-publish","format-standard","hentry","category-blog"],"_links":{"self":[{"href":"https:\/\/redept.com.br\/blogosfera\/wp-json\/wp\/v2\/posts\/68088","targetHints":{"allow":["GET"]}}],"collection":[{"href":"https:\/\/redept.com.br\/blogosfera\/wp-json\/wp\/v2\/posts"}],"about":[{"href":"https:\/\/redept.com.br\/blogosfera\/wp-json\/wp\/v2\/types\/post"}],"author":[{"embeddable":true,"href":"https:\/\/redept.com.br\/blogosfera\/wp-json\/wp\/v2\/users\/2"}],"replies":[{"embeddable":true,"href":"https:\/\/redept.com.br\/blogosfera\/wp-json\/wp\/v2\/comments?post=68088"}],"version-history":[{"count":0,"href":"https:\/\/redept.com.br\/blogosfera\/wp-json\/wp\/v2\/posts\/68088\/revisions"}],"wp:attachment":[{"href":"https:\/\/redept.com.br\/blogosfera\/wp-json\/wp\/v2\/media?parent=68088"}],"wp:term":[{"taxonomy":"category","embeddable":true,"href":"https:\/\/redept.com.br\/blogosfera\/wp-json\/wp\/v2\/categories?post=68088"},{"taxonomy":"post_tag","embeddable":true,"href":"https:\/\/redept.com.br\/blogosfera\/wp-json\/wp\/v2\/tags?post=68088"}],"curies":[{"name":"wp","href":"https:\/\/api.w.org\/{rel}","templated":true}]}}