{"id":6809,"date":"2024-11-28T20:54:04","date_gmt":"2024-11-28T23:54:04","guid":{"rendered":"https:\/\/redept.org\/blogosfera\/movimento-correnteza-reafirma-compromisso-com-a-educacao-publica-e-vence-eleicao-do-dce-uern\/"},"modified":"2024-11-28T20:54:04","modified_gmt":"2024-11-28T23:54:04","slug":"movimento-correnteza-reafirma-compromisso-com-a-educacao-publica-e-vence-eleicao-do-dce-uern","status":"publish","type":"post","link":"https:\/\/redept.com.br\/blogosfera\/movimento-correnteza-reafirma-compromisso-com-a-educacao-publica-e-vence-eleicao-do-dce-uern\/","title":{"rendered":"Movimento Correnteza reafirma compromisso com a educa\u00e7\u00e3o p\u00fablica e vence elei\u00e7\u00e3o do DCE UERN"},"content":{"rendered":"<p>Iuna Brasil e L\u00edvia Ellen Rodrigues | Mossor\u00f3 (RN)<\/p>\n<p>Ns dias 21 e 22 de novembro foram realizadas as elei\u00e7\u00f5es para a nova diretoria do Diret\u00f3rio Central dos Estudantes Anat\u00e1lia de Melo Alves na UERN. Nesse momento fundamental de aprofundamento da democracia e dos debates pol\u00edticos da entidade, o Movimento Correnteza, junto a diversos de Centros Acad\u00eamicos e atl\u00e9ticas, reafirmou o seu compromisso com o movimento estudantil ao inscrever a chapa mais representativa do processo eleitoral, contando n\u00e3o s\u00f3 com representantes em todos os campi, mas com centenas de apoiadores inscritos.<\/p>\n<p>Movida pela vontade de manter acesa a chama do movimento estudantil em toda universidade, a Chapa 2 \u2013 Ousar Lutar: Raquel Rocha presente! realizou uma jornada de brigadas do Jornal A Verdade atrelada \u00e0 campanha, vendendo 79 jornais em tr\u00eas campi e levando \u00e0 vit\u00f3ria nas elei\u00e7\u00f5es do DCE com quase 70% dos votos v\u00e1lidos (1294 votos). A Chapa 2 reivindicou o legado de lutas e conquistas da hist\u00f3rica entidade que homenageia a revolucion\u00e1ria potiguar Anatalia de Melo Alves e de Raquel Rocha, militante do Movimento Correnteza e da Uni\u00e3o da Juventude Rebeli\u00e3o, diretora do DCE da UFRN e da Uni\u00e3o Estadual dos Estudantes e que enfrentou o sistema capitalista e lutou pela educa\u00e7\u00e3o p\u00fablica com ousadia, disposi\u00e7\u00e3o e disciplina revolucion\u00e1ria.<\/p>\n<h4>O caminho para mudar a educa\u00e7\u00e3o \u00e9 a luta<\/h4>\n<p>Enquanto setores do Movimento Estudantil se aliaram a uma reitoria as demandas b\u00e1scias dos estudantes como mais espa\u00e7os de descanso e pol\u00edticas de assist\u00eancia estundatil, o Movimento Correnteza provou que \u00e9 poss\u00edvel ousar mais e que n\u00e3o precisamos nos contentar com o m\u00ednimo oferecido por governos e reitorias.<\/p>\n<p>Foi a luta do movimento estudantil, a partir de ocupa\u00e7\u00f5es, atos, mesas de debate e demais mobiliza\u00e7\u00f5es amplificadas pela for\u00e7a do DCE Anat\u00e1lia de Melo na gest\u00e3o \u201cAos que ousam sonhar\u201d, que garantiu que os estudantes questionassem o sucateamento da educa\u00e7\u00e3o, as falsas solu\u00e7\u00f5es para a fome dos estudantes e conquistassem, ent\u00e3o, vit\u00f3rias essenciais para a universidade, como a reforma do anfiteatro de Natal, a constru\u00e7\u00e3o do campus de Ass\u00fa, o projeto arquitet\u00f4nico dos Restaurantes Universit\u00e1rios em 6 campi da UERN, o or\u00e7amento participativo direcionado para a estrutura da UERN, entre muitas outras).<\/p>\n<p>\u00c9 pelo exemplo de Raquel Rocha, Emmanuel Bezerra, Anat\u00e1lia de Melo Alves e tantos outros lutadores que se nortear\u00e1 a nova gest\u00e3o do DCE, que tem como perspectiva a amplia\u00e7\u00e3o da entidade e a constru\u00e7\u00e3o de uma luta cada vez mais coletiva, afastada da velha pol\u00edtica entreguista e conciliadora, para avan\u00e7ar na constru\u00e7\u00e3o de um movimento estudantil comprometido com o trabalho persistente e cotidiano, mostrando para os estudantes que o caminho de vit\u00f3rias \u00e9 a luta.<\/p>\n<!-- Begin Yuzo --><div class='yuzo_related_post style-1'  data-version='5.12.89'><!-- without result --><div class='yuzo_clearfixed yuzo__title yuzo__title'><h3>Related Post<\/h3><\/div>\n\t\t\t\t\t\t  <div class=\"relatedthumb \" style=\"width:125px;float:left;overflow:hidden;\">  \n\t\t\t\t\t\t\t  \n\t\t\t\t\t\t\t  <a  href=\"https:\/\/redept.com.br\/blogosfera\/projeto-maos-solidarias-vai-alfabetizar-35-mil-pessoas-em-minas-gerais-ainda-em-2025\/\"  >\n\t\t\t\t\t\t\t\t\t  <div class=\"yuzo-img-wrap \" style=\"width: 125px;height:90px;\">\n\t\t\t\t\t\t\t\t\t\t\n\t\t\t\t\t\t\t\t\t\t<div class=\"yuzo-img\" style=\"background:url('https:\/\/redept.org\/blogosfera\/wp-content\/plugins\/yuzo-related-post\/assets\/images\/default.png') 50% 50% no-repeat;width: 125px;height:90px;margin-bottom: 5px;background-size: cover; \"><\/div>\n\t\t\t\t\t\t\t\t\t  <\/div>\n\t\t\t\t\t\t\t\t\t  \n\t\t\t\t\t\t\t\t   <span class=\"yuzo__text--title\" style=\"font-size:13px;\">Projeto M\u00e3os Solid\u00e1rias vai alfabetizar 3,5 mil pe...<\/span>\n\t\t\t\t\t\t\t  \n\t\t\t\t\t\t\t  \n\t\t\t\t\t\t\t  <\/a>\n\n\t\t\t\t\t\t  <\/div>\n\t\t\t\t\t\t  <div class=\"relatedthumb \" style=\"width:125px;float:left;overflow:hidden;\">  \n\t\t\t\t\t\t\t  \n\t\t\t\t\t\t\t  <a  href=\"https:\/\/redept.com.br\/blogosfera\/prisao-de-braga-netto-e-golpe-na-extrema-direita-e-bolsonaro-deve-ser-o-proximo-avaliam-especialistas\/\"  >\n\t\t\t\t\t\t\t\t\t  <div class=\"yuzo-img-wrap \" style=\"width: 125px;height:90px;\">\n\t\t\t\t\t\t\t\t\t\t\n\t\t\t\t\t\t\t\t\t\t<div class=\"yuzo-img\" style=\"background:url('https:\/\/redept.org\/blogosfera\/wp-content\/plugins\/yuzo-related-post\/assets\/images\/default.png') 50% 50% no-repeat;width: 125px;height:90px;margin-bottom: 5px;background-size: cover; \"><\/div>\n\t\t\t\t\t\t\t\t\t  <\/div>\n\t\t\t\t\t\t\t\t\t  \n\t\t\t\t\t\t\t\t   <span class=\"yuzo__text--title\" style=\"font-size:13px;\">Pris\u00e3o de Braga Netto \u00e9 \u2018golpe na extrema di...<\/span>\n\t\t\t\t\t\t\t  \n\t\t\t\t\t\t\t  \n\t\t\t\t\t\t\t  <\/a>\n\n\t\t\t\t\t\t  <\/div>\n\t\t\t\t\t\t  <div class=\"relatedthumb \" style=\"width:125px;float:left;overflow:hidden;\">  \n\t\t\t\t\t\t\t  \n\t\t\t\t\t\t\t  <a  href=\"https:\/\/redept.com.br\/blogosfera\/china-quer-impulsionar-o-consumo-e-expandir-a-demanda-externa-em-2025\/\"  >\n\t\t\t\t\t\t\t\t\t  <div class=\"yuzo-img-wrap \" style=\"width: 125px;height:90px;\">\n\t\t\t\t\t\t\t\t\t\t\n\t\t\t\t\t\t\t\t\t\t<div class=\"yuzo-img\" style=\"background:url('https:\/\/redept.org\/blogosfera\/wp-content\/plugins\/yuzo-related-post\/assets\/images\/default.png') 50% 50% no-repeat;width: 125px;height:90px;margin-bottom: 5px;background-size: cover; \"><\/div>\n\t\t\t\t\t\t\t\t\t  <\/div>\n\t\t\t\t\t\t\t\t\t  \n\t\t\t\t\t\t\t\t   <span class=\"yuzo__text--title\" style=\"font-size:13px;\">China quer Impulsionar o consumo e expandir a dema...<\/span>\n\t\t\t\t\t\t\t  \n\t\t\t\t\t\t\t  \n\t\t\t\t\t\t\t  <\/a>\n\n\t\t\t\t\t\t  <\/div>\n\t\t\t\t\t\t  <div class=\"relatedthumb \" style=\"width:125px;float:left;overflow:hidden;\">  \n\t\t\t\t\t\t\t  \n\t\t\t\t\t\t\t  <a  href=\"https:\/\/redept.com.br\/blogosfera\/policia-militar-esta-umbilicalmente-ligada-a-escravidao-diz-advogado-da-conectas\/\"  >\n\t\t\t\t\t\t\t\t\t  <div class=\"yuzo-img-wrap \" style=\"width: 125px;height:90px;\">\n\t\t\t\t\t\t\t\t\t\t\n\t\t\t\t\t\t\t\t\t\t<div class=\"yuzo-img\" style=\"background:url('https:\/\/redept.org\/blogosfera\/wp-content\/plugins\/yuzo-related-post\/assets\/images\/default.png') 50% 50% no-repeat;width: 125px;height:90px;margin-bottom: 5px;background-size: cover; \"><\/div>\n\t\t\t\t\t\t\t\t\t  <\/div>\n\t\t\t\t\t\t\t\t\t  \n\t\t\t\t\t\t\t\t   <span class=\"yuzo__text--title\" style=\"font-size:13px;\">Pol\u00edcia Militar est\u00e1 umbilicalmente ligada \u00e0 escra...<\/span>\n\t\t\t\t\t\t\t  \n\t\t\t\t\t\t\t  \n\t\t\t\t\t\t\t  <\/a>\n\n\t\t\t\t\t\t  <\/div>\n<\/div> <script>\n\t\t\t\t\t\t  jQuery(document).ready(function( $ ){\n\t\t\t\t\t\t\t\/\/jQuery('.yuzo_related_post').equalizer({ overflow : 'relatedthumb' });\n\t\t\t\t\t\t\tjQuery('.yuzo_related_post .yuzo_wraps').equalizer({ columns : '> div' });\n\t\t\t\t\t\t   })\n\t\t\t\t\t\t  <\/script> <!-- End Yuzo :) -->","protected":false},"excerpt":{"rendered":"<p>Iuna Brasil e L\u00edvia Ellen Rodrigues | Mossor\u00f3 (RN) Ns dias 21 e 22 de novembro foram realizadas as elei\u00e7\u00f5es para a nova diretoria do Diret\u00f3rio Central dos Estudantes Anat\u00e1lia de Melo Alves na UERN. Nesse momento fundamental de aprofundamento da democracia e dos debates pol\u00edticos da entidade, o Movimento Correnteza, junto a diversos de [&hellip;]<\/p>\n","protected":false},"author":2,"featured_media":0,"comment_status":"open","ping_status":"closed","sticky":false,"template":"","format":"standard","meta":{"fifu_image_url":"","fifu_image_alt":"","footnotes":""},"categories":[2378,2379,95,67,2380,1203,362,51,190],"tags":[],"class_list":["post-6809","post","type-post","status-publish","format-standard","hentry","category-acesso-a-universidade","category-dce","category-educacao","category-juventude","category-luta-da-juventude","category-movimento-correnteza","category-movimento-estudantil","category-ultimas-noticias","category-uniao-da-juventude-rebeliao"],"_links":{"self":[{"href":"https:\/\/redept.com.br\/blogosfera\/wp-json\/wp\/v2\/posts\/6809","targetHints":{"allow":["GET"]}}],"collection":[{"href":"https:\/\/redept.com.br\/blogosfera\/wp-json\/wp\/v2\/posts"}],"about":[{"href":"https:\/\/redept.com.br\/blogosfera\/wp-json\/wp\/v2\/types\/post"}],"author":[{"embeddable":true,"href":"https:\/\/redept.com.br\/blogosfera\/wp-json\/wp\/v2\/users\/2"}],"replies":[{"embeddable":true,"href":"https:\/\/redept.com.br\/blogosfera\/wp-json\/wp\/v2\/comments?post=6809"}],"version-history":[{"count":0,"href":"https:\/\/redept.com.br\/blogosfera\/wp-json\/wp\/v2\/posts\/6809\/revisions"}],"wp:attachment":[{"href":"https:\/\/redept.com.br\/blogosfera\/wp-json\/wp\/v2\/media?parent=6809"}],"wp:term":[{"taxonomy":"category","embeddable":true,"href":"https:\/\/redept.com.br\/blogosfera\/wp-json\/wp\/v2\/categories?post=6809"},{"taxonomy":"post_tag","embeddable":true,"href":"https:\/\/redept.com.br\/blogosfera\/wp-json\/wp\/v2\/tags?post=6809"}],"curies":[{"name":"wp","href":"https:\/\/api.w.org\/{rel}","templated":true}]}}