{"id":6810,"date":"2024-11-28T20:42:34","date_gmt":"2024-11-28T23:42:34","guid":{"rendered":"https:\/\/redept.org\/blogosfera\/lula-anuncia-maior-pacote-de-politicas-para-periferias-com-seus-65-milhoes-de-brasileiros\/"},"modified":"2024-11-28T20:42:34","modified_gmt":"2024-11-28T23:42:34","slug":"lula-anuncia-maior-pacote-de-politicas-para-periferias-com-seus-65-milhoes-de-brasileiros","status":"publish","type":"post","link":"https:\/\/redept.com.br\/blogosfera\/lula-anuncia-maior-pacote-de-politicas-para-periferias-com-seus-65-milhoes-de-brasileiros\/","title":{"rendered":"Lula anuncia maior pacote de pol\u00edticas para periferias com seus 6,5 milh\u00f5es de brasileiros"},"content":{"rendered":"<p><img fetchpriority=\"high\" width=\"1024\" height=\"610\"src=\"https:\/\/redept.org\/blogosfera\/wp-content\/uploads\/2024\/11\/54171242593_050b5d657d_k.jpg\" alt=\"\" decoding=\"async\" srcset=\"https:\/\/vermelho.org.br\/wp-content\/uploads\/2024\/11\/54171242593_050b5d657d_k-1024x610.jpg 1024w, https:\/\/vermelho.org.br\/wp-content\/uploads\/2024\/11\/54171242593_050b5d657d_k-300x179.jpg 300w, https:\/\/vermelho.org.br\/wp-content\/uploads\/2024\/11\/54171242593_050b5d657d_k-768x458.jpg 768w, https:\/\/vermelho.org.br\/wp-content\/uploads\/2024\/11\/54171242593_050b5d657d_k-1536x915.jpg 1536w, https:\/\/redept.org\/blogosfera\/wp-content\/uploads\/2024\/11\/54171242593_050b5d657d_k.jpg 2048w\" sizes=\"(max-width: 1024px) 100vw, 1024px\"><\/p>\n<p>Em um momento marcante para as pol\u00edticas urbanas brasileiras, o Governo Federal, por meio do Minist\u00e9rio das Cidades, apresentou nesta quinta-feira (28) o <em>Programa Periferia Viva<\/em>, a maior iniciativa de inclus\u00e3o e desenvolvimento voltada para as comunidades perif\u00e9ricas do pa\u00eds. Com um investimento de mais de <strong>R$ 7 bilh\u00f5es<\/strong>, o pacote integra a\u00e7\u00f5es de urbaniza\u00e7\u00e3o, preven\u00e7\u00e3o de desastres, melhorias habitacionais e regulariza\u00e7\u00e3o fundi\u00e1ria.<\/p>\n<p>O presidente Luiz In\u00e1cio Lula da Silva anunciou o programa, reafirmando o compromisso do governo com as \u00e1reas mais vulner\u00e1veis do pa\u00eds. Em discurso emocionado durante a cerim\u00f4nia de lan\u00e7amento, Lula chamou o evento de \u201co encontro dos invis\u00edveis\u201d, simbolizando o reconhecimento oficial das periferias brasileiras como protagonistas nas pol\u00edticas p\u00fablicas.<\/p>\n<p>\u201cHoje, a periferia deste pa\u00eds se torna vis\u00edvel para o governo e para a sociedade\u201d, afirmou o presidente, destacando a desigualdade hist\u00f3rica que impede muitos brasileiros de escolherem onde viver ou suas profiss\u00f5es. \u201cEnquanto alguns podem decidir ser jornalistas, engenheiros, outros ficam com o que resta. A mesma l\u00f3gica vale para as moradias: uns escolhem bairros e condom\u00ednios; outros s\u00e3o empurrados para as \u00e1reas mais prec\u00e1rias\u201d, disse.<\/p>\n<p><strong>Um marco na gest\u00e3o das periferias<\/strong><\/p>\n<p>A cria\u00e7\u00e3o da in\u00e9dita <strong>Secretaria Nacional de Periferias<\/strong> estabelece um novo paradigma na rela\u00e7\u00e3o do Estado com as comunidades. \u201cAs periferias n\u00e3o s\u00e3o apenas \u00e1reas vulner\u00e1veis, mas territ\u00f3rios repletos de pot\u00eancia, inova\u00e7\u00e3o e resili\u00eancia,\u201d afirmou o ministro das Cidades, Jader Filho, durante a cerim\u00f4nia de lan\u00e7amento no Pal\u00e1cio do Planalto.<\/p>\n<p>O programa \u00e9 uma articula\u00e7\u00e3o entre o Minist\u00e9rio das Cidades e outros 16 minist\u00e9rios, com o objetivo de promover pol\u00edticas p\u00fablicas coordenadas para atender \u00e0s necessidades das favelas e comunidades urbanas em todas as regi\u00f5es do Brasil.<\/p>\n<p><strong>Principais a\u00e7\u00f5es do Periferia Viva<\/strong><\/p>\n<ol>\n<li><strong>Urbaniza\u00e7\u00e3o de favelas:<\/strong> R$ 5,3 bilh\u00f5es ser\u00e3o destinados \u00e0 infraestrutura urbana, impactando 59 territ\u00f3rios perif\u00e9ricos em 48 munic\u00edpios.<\/li>\n<li><strong>Preven\u00e7\u00e3o de desastres:<\/strong> Com um investimento de R$ 1,7 bilh\u00e3o, 84 projetos para conten\u00e7\u00e3o de encostas e redu\u00e7\u00e3o de riscos ser\u00e3o implementados em \u00e1reas vulner\u00e1veis.<\/li>\n<li><strong>Regulariza\u00e7\u00e3o fundi\u00e1ria:<\/strong> Mais de 285 mil fam\u00edlias ser\u00e3o beneficiadas com t\u00edtulos de propriedade, proporcionando seguran\u00e7a jur\u00eddica e acesso a pol\u00edticas p\u00fablicas.<\/li>\n<li><strong>Melhorias habitacionais:<\/strong> Milhares de resid\u00eancias receber\u00e3o reformas estruturais, incluindo a constru\u00e7\u00e3o de banheiros, promovendo condi\u00e7\u00f5es dignas de moradia.<\/li>\n<\/ol>\n<p><strong>Mapeando e potencializando as periferias<\/strong><\/p>\n<p>Para garantir a efic\u00e1cia das a\u00e7\u00f5es, o Minist\u00e9rio das Cidades lan\u00e7ou o <em>Mapa das Periferias<\/em>, uma plataforma que re\u00fane dados oficiais sobre vulnerabilidades e pot\u00eancias dos territ\u00f3rios perif\u00e9ricos. Essa ferramenta in\u00e9dita subsidiar\u00e1 pol\u00edticas p\u00fablicas mais assertivas e inclusivas.<\/p>\n<p>Al\u00e9m disso, uma parceria com a ONU permitir\u00e1 a cria\u00e7\u00e3o de <strong>120 planos municipais de redu\u00e7\u00e3o de riscos<\/strong>, abordando problemas espec\u00edficos de cada territ\u00f3rio.<\/p>\n<p><strong>Inclus\u00e3o postal e digital<\/strong><\/p>\n<p>O programa tamb\u00e9m inclui o projeto <strong>CEP para Todos<\/strong>, que expandir\u00e1 o endere\u00e7amento tradicional e implementar\u00e1 o <strong>CEP Digital<\/strong>, beneficiando comunidades perif\u00e9ricas e \u00e1reas remotas. Segundo o ministro das Comunica\u00e7\u00f5es, Juscelino Filho, o CEP \u00e9 mais que um c\u00f3digo postal: \u201c\u00c9 uma chave para inclus\u00e3o social e econ\u00f4mica, conectando brasileiros ao mercado digital e a servi\u00e7os essenciais.\u201d<\/p>\n<p><strong>Reconhecimento \u00e0s iniciativas populares<\/strong><\/p>\n<p>Durante o evento, o Pr\u00eamio Periferia Viva reconheceu 178 iniciativas comunit\u00e1rias que transformam as periferias brasileiras. Joyce Paix\u00e3o, de Recife, destacou a import\u00e2ncia do programa: \u201cEste \u00e9 um investimento p\u00fablico que reconhece nossa for\u00e7a e luta hist\u00f3rica. As periferias n\u00e3o precisam de assistencialismo, mas de oportunidades.\u201d<\/p>\n<p><strong>Mem\u00f3rias e desafios sociais<\/strong><\/p>\n<p>Lula relembrou suas pr\u00f3prias experi\u00eancias de vida, marcadas pela pobreza extrema, para contextualizar os desafios enfrentados pelas comunidades perif\u00e9ricas. O presidente contou que viveu, na inf\u00e2ncia, sem acesso a saneamento b\u00e1sico ou \u00e1gua encanada. \u201cA nossa casa tinha 27 pessoas, sem banheiro, sem geladeira. A mis\u00e9ria era tanta que a gente resfriava cerveja num po\u00e7o\u201d, relatou, emocionando o p\u00fablico ao falar sobre a indignidade que ainda afeta milh\u00f5es de brasileiros.<\/p>\n<p>Dados citados pelo presidente refor\u00e7am a gravidade da situa\u00e7\u00e3o: \u201cQuatro milh\u00f5es e meio de brasileiros n\u00e3o t\u00eam um banheiro. \u00c9 inacredit\u00e1vel, algo que deveria ser b\u00e1sico para garantir a cidadania\u201d.<\/p>\n<p><strong>Habita\u00e7\u00e3o digna e infraestrutura como prioridades<\/strong><\/p>\n<p>Entre os eixos do programa, Lula destacou a necessidade de evitar erros hist\u00f3ricos na constru\u00e7\u00e3o de habita\u00e7\u00f5es populares. Ele foi categ\u00f3rico ao afirmar que n\u00e3o apoiar\u00e1 projetos que care\u00e7am de infraestrutura b\u00e1sica, como escolas, creches e \u00e1reas de lazer. \u201cSe a gente entregar conjuntos habitacionais sem essas condi\u00e7\u00f5es, estaremos criando um espa\u00e7o para o narcotr\u00e1fico, e n\u00e3o para a cidadania\u201d, afirmou.<\/p>\n<p>O presidente tamb\u00e9m mencionou sua luta para transformar um terreno na Vila Carioca, em S\u00e3o Paulo, em um centro de lazer para a comunidade local. \u201cH\u00e1 10 anos tento resolver isso, mas est\u00e1 parado na Justi\u00e7a. Enquanto isso, onde poder\u00edamos ter crian\u00e7as brincando, temos apenas pap\u00e9is sendo guardados\u201d, lamentou.<\/p>\n<p><strong>Reformas e inclus\u00e3o econ\u00f4mica<\/strong><\/p>\n<p>Outro ponto central do discurso foi a pol\u00edtica econ\u00f4mica do governo, que busca equilibrar a responsabilidade fiscal com a inclus\u00e3o social. Lula destacou o aumento da faixa de isen\u00e7\u00e3o do imposto de renda para pessoas que ganham at\u00e9 R$ 5 mil e reafirmou o compromisso de taxar grandes fortunas de forma justa.<\/p>\n<p>\u201cNingu\u00e9m tem direito de receber o que n\u00e3o lhe cabe, mas tamb\u00e9m ningu\u00e9m deve ser esquecido. Estamos moralizando o sistema para que o dinheiro p\u00fablico chegue a quem mais precisa\u201d, explicou.<\/p>\n<p><strong>Democracia e conviv\u00eancia pac\u00edfica<\/strong><\/p>\n<p>Ao encerrar sua fala, o presidente destacou que as transforma\u00e7\u00f5es sociais dependem da democracia e da participa\u00e7\u00e3o popular. \u201cA democracia \u00e9 como uma fam\u00edlia: exige concess\u00f5es di\u00e1rias, di\u00e1logo e respeito. Sem isso, nada funciona. Queremos um pa\u00eds onde torcer para times diferentes ou professar religi\u00f5es distintas n\u00e3o seja motivo de divis\u00e3o, mas de conviv\u00eancia pac\u00edfica.\u201d<\/p>\n<p>O programa \u201cPeriferias Vivas\u201d representa, segundo Lula, um marco na constru\u00e7\u00e3o de uma sociedade mais justa e fraterna. \u201cVoc\u00eas n\u00e3o ser\u00e3o mais invis\u00edveis. O governo est\u00e1 enxergando voc\u00eas, e as mudan\u00e7as est\u00e3o apenas come\u00e7ando\u201d, concluiu o presidente, sendo aplaudido de p\u00e9 pelos presentes.<\/p>\n<p>O post <a href=\"https:\/\/vermelho.org.br\/2024\/11\/28\/lula-anuncia-maior-pacote-de-politicas-para-periferias-com-seus-65-milhoes-de-brasileiros\/\">Lula anuncia maior pacote de pol\u00edticas para periferias com seus 6,5 milh\u00f5es de brasileiros<\/a> apareceu primeiro em <a href=\"https:\/\/vermelho.org.br\/\">Vermelho<\/a>.<\/p>\n<!-- Begin Yuzo --><div class='yuzo_related_post style-1'  data-version='5.12.89'><!-- without result --><div class='yuzo_clearfixed yuzo__title yuzo__title'><h3>Related Post<\/h3><\/div>\n\t\t\t\t\t\t  <div class=\"relatedthumb \" style=\"width:125px;float:left;overflow:hidden;\">  \n\t\t\t\t\t\t\t  \n\t\t\t\t\t\t\t  <a  href=\"https:\/\/redept.com.br\/blogosfera\/comunidade-arabe-celebra-dia-da-terra-palestina-e-cobra-fim-de-ataques-imperialistas\/\"  >\n\t\t\t\t\t\t\t\t\t  <div class=\"yuzo-img-wrap \" style=\"width: 125px;height:90px;\">\n\t\t\t\t\t\t\t\t\t\t\n\t\t\t\t\t\t\t\t\t\t<div class=\"yuzo-img\" style=\"background:url('https:\/\/redept.org\/blogosfera\/wp-content\/plugins\/yuzo-related-post\/assets\/images\/default.png') 50% 50% no-repeat;width: 125px;height:90px;margin-bottom: 5px;background-size: cover; \"><\/div>\n\t\t\t\t\t\t\t\t\t  <\/div>\n\t\t\t\t\t\t\t\t\t  \n\t\t\t\t\t\t\t\t   <span class=\"yuzo__text--title\" style=\"font-size:13px;\">Comunidade \u00e1rabe celebra Dia da Terra Palestina e ...<\/span>\n\t\t\t\t\t\t\t  \n\t\t\t\t\t\t\t  \n\t\t\t\t\t\t\t  <\/a>\n\n\t\t\t\t\t\t  <\/div>\n\t\t\t\t\t\t  <div class=\"relatedthumb \" style=\"width:125px;float:left;overflow:hidden;\">  \n\t\t\t\t\t\t\t  \n\t\t\t\t\t\t\t  <a  href=\"https:\/\/redept.com.br\/blogosfera\/putin-discursa-no-dia-da-vitoria-e-defende-guerra-na-ucrania-toda-a-russia-apoia\/\"  >\n\t\t\t\t\t\t\t\t\t  <div class=\"yuzo-img-wrap \" style=\"width: 125px;height:90px;\">\n\t\t\t\t\t\t\t\t\t\t\n\t\t\t\t\t\t\t\t\t\t<div class=\"yuzo-img\" style=\"background:url('https:\/\/redept.org\/blogosfera\/wp-content\/plugins\/yuzo-related-post\/assets\/images\/default.png') 50% 50% no-repeat;width: 125px;height:90px;margin-bottom: 5px;background-size: cover; \"><\/div>\n\t\t\t\t\t\t\t\t\t  <\/div>\n\t\t\t\t\t\t\t\t\t  \n\t\t\t\t\t\t\t\t   <span class=\"yuzo__text--title\" style=\"font-size:13px;\">Putin discursa no Dia da Vit\u00f3ria e defende guerra ...<\/span>\n\t\t\t\t\t\t\t  \n\t\t\t\t\t\t\t  \n\t\t\t\t\t\t\t  <\/a>\n\n\t\t\t\t\t\t  <\/div>\n\t\t\t\t\t\t  <div class=\"relatedthumb \" style=\"width:125px;float:left;overflow:hidden;\">  \n\t\t\t\t\t\t\t  \n\t\t\t\t\t\t\t  <a  href=\"https:\/\/redept.com.br\/blogosfera\/resultado-mega-sena-2976-sorteio-de-24-de-fevereiro\/\"  >\n\t\t\t\t\t\t\t\t\t  <div class=\"yuzo-img-wrap \" style=\"width: 125px;height:90px;\">\n\t\t\t\t\t\t\t\t\t\t\n\t\t\t\t\t\t\t\t\t\t<div class=\"yuzo-img\" style=\"background:url('https:\/\/redept.com.br\/blogosfera\/wp-content\/uploads\/2026\/02\/barbara_domingos_ginastica_ritmica_paris_2024-e1750275354406-8-150x150.webp') 50% 50% no-repeat;width: 125px;height:90px;margin-bottom: 5px;background-size: cover; \"><\/div>\n\t\t\t\t\t\t\t\t\t  <\/div>\n\t\t\t\t\t\t\t\t\t  \n\t\t\t\t\t\t\t\t   <span class=\"yuzo__text--title\" style=\"font-size:13px;\">Resultado Mega Sena 2976 sorteio de 24 de fevereir...<\/span>\n\t\t\t\t\t\t\t  \n\t\t\t\t\t\t\t  \n\t\t\t\t\t\t\t  <\/a>\n\n\t\t\t\t\t\t  <\/div>\n\t\t\t\t\t\t  <div class=\"relatedthumb \" style=\"width:125px;float:left;overflow:hidden;\">  \n\t\t\t\t\t\t\t  \n\t\t\t\t\t\t\t  <a  href=\"https:\/\/redept.com.br\/blogosfera\/eua-e-mail-de-musk-a-servidores-publicos-gera-caos-entenda\/\"  >\n\t\t\t\t\t\t\t\t\t  <div class=\"yuzo-img-wrap \" style=\"width: 125px;height:90px;\">\n\t\t\t\t\t\t\t\t\t\t\n\t\t\t\t\t\t\t\t\t\t<div class=\"yuzo-img\" style=\"background:url('https:\/\/redept.com.br\/blogosfera\/wp-content\/uploads\/2025\/02\/whatsapp-image-2025-02-25-at-14.26.42-150x150.jpeg') 50% 50% no-repeat;width: 125px;height:90px;margin-bottom: 5px;background-size: cover; \"><\/div>\n\t\t\t\t\t\t\t\t\t  <\/div>\n\t\t\t\t\t\t\t\t\t  \n\t\t\t\t\t\t\t\t   <span class=\"yuzo__text--title\" style=\"font-size:13px;\">EUA: e-mail de Musk a servidores p\u00fablicos gera cao...<\/span>\n\t\t\t\t\t\t\t  \n\t\t\t\t\t\t\t  \n\t\t\t\t\t\t\t  <\/a>\n\n\t\t\t\t\t\t  <\/div>\n<\/div> <script>\n\t\t\t\t\t\t  jQuery(document).ready(function( $ ){\n\t\t\t\t\t\t\t\/\/jQuery('.yuzo_related_post').equalizer({ overflow : 'relatedthumb' });\n\t\t\t\t\t\t\tjQuery('.yuzo_related_post .yuzo_wraps').equalizer({ columns : '> div' });\n\t\t\t\t\t\t   })\n\t\t\t\t\t\t  <\/script> <!-- End Yuzo :) -->","protected":false},"excerpt":{"rendered":"<p>Em um momento marcante para as pol\u00edticas urbanas brasileiras, o Governo Federal, por meio do Minist\u00e9rio das Cidades, apresentou nesta quinta-feira (28) o Programa Periferia Viva, a maior iniciativa de inclus\u00e3o e desenvolvimento voltada para as comunidades perif\u00e9ricas do pa\u00eds. Com um investimento de mais de R$ 7 bilh\u00f5es, o pacote integra a\u00e7\u00f5es de urbaniza\u00e7\u00e3o, [&hellip;]<\/p>\n","protected":false},"author":2,"featured_media":6811,"comment_status":"closed","ping_status":"closed","sticky":false,"template":"","format":"standard","meta":{"fifu_image_url":"","fifu_image_alt":"","footnotes":""},"categories":[45,2381,2382,1259,2383,2384,2385,2386,2387],"tags":[],"class_list":["post-6810","post","type-post","status-publish","format-standard","has-post-thumbnail","hentry","category-brasil","category-endereco-postal","category-favela","category-habitacao","category-periferia-viva","category-prevencao-de-desastres","category-regularizacao-fundiaria","category-secretaria-nacional-das-periferias","category-urbanizacao"],"_links":{"self":[{"href":"https:\/\/redept.com.br\/blogosfera\/wp-json\/wp\/v2\/posts\/6810","targetHints":{"allow":["GET"]}}],"collection":[{"href":"https:\/\/redept.com.br\/blogosfera\/wp-json\/wp\/v2\/posts"}],"about":[{"href":"https:\/\/redept.com.br\/blogosfera\/wp-json\/wp\/v2\/types\/post"}],"author":[{"embeddable":true,"href":"https:\/\/redept.com.br\/blogosfera\/wp-json\/wp\/v2\/users\/2"}],"replies":[{"embeddable":true,"href":"https:\/\/redept.com.br\/blogosfera\/wp-json\/wp\/v2\/comments?post=6810"}],"version-history":[{"count":0,"href":"https:\/\/redept.com.br\/blogosfera\/wp-json\/wp\/v2\/posts\/6810\/revisions"}],"wp:featuredmedia":[{"embeddable":true,"href":"https:\/\/redept.com.br\/blogosfera\/wp-json\/wp\/v2\/media\/6811"}],"wp:attachment":[{"href":"https:\/\/redept.com.br\/blogosfera\/wp-json\/wp\/v2\/media?parent=6810"}],"wp:term":[{"taxonomy":"category","embeddable":true,"href":"https:\/\/redept.com.br\/blogosfera\/wp-json\/wp\/v2\/categories?post=6810"},{"taxonomy":"post_tag","embeddable":true,"href":"https:\/\/redept.com.br\/blogosfera\/wp-json\/wp\/v2\/tags?post=6810"}],"curies":[{"name":"wp","href":"https:\/\/api.w.org\/{rel}","templated":true}]}}