{"id":68325,"date":"2025-12-22T11:36:34","date_gmt":"2025-12-22T14:36:34","guid":{"rendered":"https:\/\/redept.com.br\/blogosfera\/gremio-estudantil-emmanuel-bezerra-vence-gestao-escolar-autoritaria\/"},"modified":"2025-12-22T11:36:34","modified_gmt":"2025-12-22T14:36:34","slug":"gremio-estudantil-emmanuel-bezerra-vence-gestao-escolar-autoritaria","status":"publish","type":"post","link":"https:\/\/redept.com.br\/blogosfera\/gremio-estudantil-emmanuel-bezerra-vence-gestao-escolar-autoritaria\/","title":{"rendered":"Gr\u00eamio Estudantil Emmanuel Bezerra vence gest\u00e3o escolar autorit\u00e1ria"},"content":{"rendered":"<p><img fetchpriority=\"high\" width=\"828\" height=\"1009\"src=\"https:\/\/redept.com.br\/blogosfera\/wp-content\/uploads\/2025\/12\/image-1.jpg\" alt=\"\" link_thumbnail=\"\" decoding=\"async\" srcset=\"https:\/\/redept.com.br\/blogosfera\/wp-content\/uploads\/2025\/12\/image-1.jpg 828w, https:\/\/averdade.org.br\/wp-content\/uploads\/2025\/12\/image-1-287x350.jpg 287w, https:\/\/averdade.org.br\/wp-content\/uploads\/2025\/12\/image-1-205x250.jpg 205w, https:\/\/averdade.org.br\/wp-content\/uploads\/2025\/12\/image-1-768x936.jpg 768w, https:\/\/averdade.org.br\/wp-content\/uploads\/2025\/12\/image-1-150x183.jpg 150w, https:\/\/averdade.org.br\/wp-content\/uploads\/2025\/12\/image-1-300x366.jpg 300w, https:\/\/averdade.org.br\/wp-content\/uploads\/2025\/12\/image-1-696x848.jpg 696w\" sizes=\"(max-width: 828px) 100vw, 828px\"><\/p>\n<p><strong>O Gr\u00eamio Estudantil Emmanuel Bezerra (GEEB-IVP) faz recuar a gest\u00e3o autorit\u00e1ria do Instituto Vivaldo Pereira, em Currais Novos, e segue atuando na escola mobilizando os estudantes<\/strong><\/p>\n<p><strong>Gabriel Borges | Uni\u00e3o da Juventude Rebeli\u00e3o (RN)<\/strong><\/p>\n<hr>\n<p><strong>JUVENTUDE<\/strong> \u2013 Depois de dias enfrentando arbitrariedades, persegui\u00e7\u00e3o pol\u00edtica e tentativas expl\u00edcitas de silenciar a organiza\u00e7\u00e3o estudantil, o Gr\u00eamio Estudantil Emmanuel Bezerra (GEEB-IVP) acaba de conquistar uma vit\u00f3ria hist\u00f3rica no Instituto Vivaldo Pereira, em Currais Novos\/RN. Desde que os estudantes passaram a reivindicar o b\u00e1sico \u2014 uma sala para funcionar \u2014 a gest\u00e3o escolar desencadeou uma ofensiva autorit\u00e1ria. Mesmo com diversas salas vazias e desativadas, a dire\u00e7\u00e3o se recusou repetidamente a garantir um espa\u00e7o, dificultando reuni\u00f5es e inviabilizando o funcionamento regular do gr\u00eamio, fundado em 23 de outubro e eleito democraticamente no dia 30 do mesmo m\u00eas.<\/p>\n<p>A persegui\u00e7\u00e3o come\u00e7ou quando os estudantes realizaram um ato pac\u00edfico de colagem de cartazes, cobrando aquilo que toda entidade estudantil precisa para existir, a gest\u00e3o respondeu da pior forma poss\u00edvel: com ilegalidade. Sem di\u00e1logo, sem notifica\u00e7\u00e3o e sem o direito de defesa, a dire\u00e7\u00e3o anunciou a suspens\u00e3o das atividades do GEEB-IVP. No entanto, a pr\u00f3pria legisla\u00e7\u00e3o brasileira \u00e9 clara: n\u00e3o existe, em nenhuma lei, qualquer previs\u00e3o de \u201csuspender gr\u00eamio estudantil\u201d. A Lei do Gr\u00eamio Livre garante autonomia plena \u00e0s entidades estudantis, protegendo justamente contra esse tipo de abuso.<\/p>\n<h4>Vit\u00f3ria dos estudantes<\/h4>\n<p>Diante da arbitrariedade, o Gr\u00eamio n\u00e3o recuou. Protocolou um documento de defesa na 9\u00aa DIREC, denunciando todas as irregularidades cometidas pela gest\u00e3o. E foi quando aquilo que as dire\u00e7\u00f5es autorit\u00e1rias mais temem aconteceu: a verdade veio \u00e0 tona. Foi reconhecido que o GEEB-IVP n\u00e3o cometeu nenhuma irregularidade, que o ato pac\u00edfico dos estudantes foi leg\u00edtimo e que a medida da dire\u00e7\u00e3o escolar era ilegal e nula, por violar a autonomia garantida \u00e0s organiza\u00e7\u00f5es estudantis.<\/p>\n<p>A vit\u00f3ria do Gr\u00eamio exp\u00f4s, de forma clara, o abuso cometido pela dire\u00e7\u00e3o e refor\u00e7ou a import\u00e2ncia da organiza\u00e7\u00e3o da juventude dentro das escolas. Mas a persegui\u00e7\u00e3o n\u00e3o terminou com o protocolo do documento, ap\u00f3s o gr\u00eamio publicar sua nota de rep\u00fadio e divulgar o v\u00eddeo entregando a defesa \u00e0 9\u00aa DIREC, uma onda de hostilidade tomou conta da escola. Estudantes \u2014 e at\u00e9 ex-estudantes \u2014 manipulados passaram a atacar verbalmente os membros do gr\u00eamio, colando cartazes e tentando constranger quem ousou enfrentar as arbitrariedades. A gest\u00e3o permaneceu em sil\u00eancio, alimentando um clima que lembrava antigos m\u00e9todos autorit\u00e1rios que a ditadura militar\u00a0 usava para destruir o movimento estudantil e perseguir os estudantes.<\/p>\n<p>O Gr\u00eamio Emmanuel Bezerra est\u00e1 oficialmente de volta, mais forte, mais consciente e com sua legitimidade reconhecida por inst\u00e2ncia superior. A tentativa de persegui\u00e7\u00e3o fracassou \u2014 e, ironicamente, apenas refor\u00e7ou a import\u00e2ncia de um gr\u00eamio ativo, combativo e independente, fiel \u00e0 mem\u00f3ria de Emmanuel Bezerra, estudante potiguar torturado e assassinado pela ditadura militar fascista. O que aconteceu no Instituto Vivaldo Pereira n\u00e3o \u00e9 um epis\u00f3dio isolado: faz parte de um cen\u00e1rio nacional onde a juventude enfrenta velhas estruturas de poder dentro das escolas. Mas tamb\u00e9m faz parte de uma nova fase hist\u00f3rica: a fase em que os estudantes n\u00e3o se calam mais.<\/p>\n<!-- Begin Yuzo --><div class='yuzo_related_post style-1'  data-version='5.12.89'><!-- without result --><div class='yuzo_clearfixed yuzo__title yuzo__title'><h3>Related Post<\/h3><\/div>\n\t\t\t\t\t\t  <div class=\"relatedthumb \" style=\"width:125px;float:left;overflow:hidden;\">  \n\t\t\t\t\t\t\t  \n\t\t\t\t\t\t\t  <a  href=\"https:\/\/redept.com.br\/blogosfera\/de-olho-na-cop-30-lula-vai-a-colombia-para-aprovar-fundo-de-incentivo-a-paises-protetores-das-florestas\/\"  >\n\t\t\t\t\t\t\t\t\t  <div class=\"yuzo-img-wrap \" style=\"width: 125px;height:90px;\">\n\t\t\t\t\t\t\t\t\t\t\n\t\t\t\t\t\t\t\t\t\t<div class=\"yuzo-img\" style=\"background:url('https:\/\/redept.org\/blogosfera\/wp-content\/plugins\/yuzo-related-post\/assets\/images\/default.png') 50% 50% no-repeat;width: 125px;height:90px;margin-bottom: 5px;background-size: cover; \"><\/div>\n\t\t\t\t\t\t\t\t\t  <\/div>\n\t\t\t\t\t\t\t\t\t  \n\t\t\t\t\t\t\t\t   <span class=\"yuzo__text--title\" style=\"font-size:13px;\">De olho na COP 30, Lula vai \u00e0 Col\u00f4mbia para aprova...<\/span>\n\t\t\t\t\t\t\t  \n\t\t\t\t\t\t\t  \n\t\t\t\t\t\t\t  <\/a>\n\n\t\t\t\t\t\t  <\/div>\n\t\t\t\t\t\t  <div class=\"relatedthumb \" style=\"width:125px;float:left;overflow:hidden;\">  \n\t\t\t\t\t\t\t  \n\t\t\t\t\t\t\t  <a  href=\"https:\/\/redept.com.br\/blogosfera\/parlamentares-e-organizacoes-pedem-suspensao-imediata-do-processo-de-concessao-do-parque-nacional-e-da-flona-de-brasilia\/\"  >\n\t\t\t\t\t\t\t\t\t  <div class=\"yuzo-img-wrap \" style=\"width: 125px;height:90px;\">\n\t\t\t\t\t\t\t\t\t\t\n\t\t\t\t\t\t\t\t\t\t<div class=\"yuzo-img\" style=\"background:url('https:\/\/redept.com.br\/blogosfera\/wp-content\/uploads\/2025\/07\/img20250707162435770MED-1-150x150.jpg') 50% 50% no-repeat;width: 125px;height:90px;margin-bottom: 5px;background-size: cover; \"><\/div>\n\t\t\t\t\t\t\t\t\t  <\/div>\n\t\t\t\t\t\t\t\t\t  \n\t\t\t\t\t\t\t\t   <span class=\"yuzo__text--title\" style=\"font-size:13px;\">Parlamentares e organiza\u00e7\u00f5es pedem suspens\u00e3o imedi...<\/span>\n\t\t\t\t\t\t\t  \n\t\t\t\t\t\t\t  \n\t\t\t\t\t\t\t  <\/a>\n\n\t\t\t\t\t\t  <\/div>\n\t\t\t\t\t\t  <div class=\"relatedthumb \" style=\"width:125px;float:left;overflow:hidden;\">  \n\t\t\t\t\t\t\t  \n\t\t\t\t\t\t\t  <a  href=\"https:\/\/redept.com.br\/blogosfera\/ira-reitera-que-bloqueio-de-ormuz-se-limita-a-paises-hostis\/\"  >\n\t\t\t\t\t\t\t\t\t  <div class=\"yuzo-img-wrap \" style=\"width: 125px;height:90px;\">\n\t\t\t\t\t\t\t\t\t\t\n\t\t\t\t\t\t\t\t\t\t<div class=\"yuzo-img\" style=\"background:url('https:\/\/redept.com.br\/blogosfera\/wp-content\/uploads\/2026\/03\/flickr_-_official_us_navy_imagery_-_us_navy_ships_transit_the_strait_of_hormuz-150x150.jpg') 50% 50% no-repeat;width: 125px;height:90px;margin-bottom: 5px;background-size: cover; \"><\/div>\n\t\t\t\t\t\t\t\t\t  <\/div>\n\t\t\t\t\t\t\t\t\t  \n\t\t\t\t\t\t\t\t   <span class=\"yuzo__text--title\" style=\"font-size:13px;\">Ir\u00e3 reitera que bloqueio de Ormuz se limita a \u2018pa\u00ed...<\/span>\n\t\t\t\t\t\t\t  \n\t\t\t\t\t\t\t  \n\t\t\t\t\t\t\t  <\/a>\n\n\t\t\t\t\t\t  <\/div>\n\t\t\t\t\t\t  <div class=\"relatedthumb \" style=\"width:125px;float:left;overflow:hidden;\">  \n\t\t\t\t\t\t\t  \n\t\t\t\t\t\t\t  <a  href=\"https:\/\/redept.com.br\/blogosfera\/pais-de-jovem-morto-pela-pm-de-tarcisio-denunciam-caso-a-onu\/\"  >\n\t\t\t\t\t\t\t\t\t  <div class=\"yuzo-img-wrap \" style=\"width: 125px;height:90px;\">\n\t\t\t\t\t\t\t\t\t\t\n\t\t\t\t\t\t\t\t\t\t<div class=\"yuzo-img\" style=\"background:url('https:\/\/redept.com.br\/blogosfera\/wp-content\/uploads\/2025\/06\/onu-1-150x150.jpg') 50% 50% no-repeat;width: 125px;height:90px;margin-bottom: 5px;background-size: cover; \"><\/div>\n\t\t\t\t\t\t\t\t\t  <\/div>\n\t\t\t\t\t\t\t\t\t  \n\t\t\t\t\t\t\t\t   <span class=\"yuzo__text--title\" style=\"font-size:13px;\">Pais de jovem morto pela PM de Tarc\u00edsio denunciam ...<\/span>\n\t\t\t\t\t\t\t  \n\t\t\t\t\t\t\t  \n\t\t\t\t\t\t\t  <\/a>\n\n\t\t\t\t\t\t  <\/div>\n<\/div> <script>\n\t\t\t\t\t\t  jQuery(document).ready(function( $ ){\n\t\t\t\t\t\t\t\/\/jQuery('.yuzo_related_post').equalizer({ overflow : 'relatedthumb' });\n\t\t\t\t\t\t\tjQuery('.yuzo_related_post .yuzo_wraps').equalizer({ columns : '> div' });\n\t\t\t\t\t\t   })\n\t\t\t\t\t\t  <\/script> <!-- End Yuzo :) -->","protected":false},"excerpt":{"rendered":"<p><img decoding=\"async\" width=\"828\" height=\"1009\" src=\"https:\/\/averdade.org.br\/wp-content\/uploads\/2025\/12\/image-1.jpg\" alt=\"\">O Gr\u00eamio Estudantil Emmanuel Bezerra (GEEB-IVP) faz recuar a gest\u00e3o autorit\u00e1ria do Instituto Vivaldo Pereira, em Currais Novos, e segue atuando na escola mobilizando os estudantes Gabriel Borges | Uni\u00e3o da Juventude Rebeli\u00e3o (RN) JUVENTUDE \u2013 Depois de dias enfrentando arbitrariedades, persegui\u00e7\u00e3o pol\u00edtica e tentativas expl\u00edcitas de silenciar a organiza\u00e7\u00e3o estudantil, o Gr\u00eamio Estudantil Emmanuel [\u2026]<\/p>\n","protected":false},"author":2,"featured_media":68326,"comment_status":"open","ping_status":"closed","sticky":false,"template":"","format":"standard","meta":{"fifu_image_url":"","fifu_image_alt":"","footnotes":""},"categories":[24606,67,2380,190],"tags":[],"class_list":["post-68325","post","type-post","status-publish","format-standard","has-post-thumbnail","hentry","category-emmanuel-bezerra","category-juventude","category-luta-da-juventude","category-uniao-da-juventude-rebeliao"],"_links":{"self":[{"href":"https:\/\/redept.com.br\/blogosfera\/wp-json\/wp\/v2\/posts\/68325","targetHints":{"allow":["GET"]}}],"collection":[{"href":"https:\/\/redept.com.br\/blogosfera\/wp-json\/wp\/v2\/posts"}],"about":[{"href":"https:\/\/redept.com.br\/blogosfera\/wp-json\/wp\/v2\/types\/post"}],"author":[{"embeddable":true,"href":"https:\/\/redept.com.br\/blogosfera\/wp-json\/wp\/v2\/users\/2"}],"replies":[{"embeddable":true,"href":"https:\/\/redept.com.br\/blogosfera\/wp-json\/wp\/v2\/comments?post=68325"}],"version-history":[{"count":0,"href":"https:\/\/redept.com.br\/blogosfera\/wp-json\/wp\/v2\/posts\/68325\/revisions"}],"wp:featuredmedia":[{"embeddable":true,"href":"https:\/\/redept.com.br\/blogosfera\/wp-json\/wp\/v2\/media\/68326"}],"wp:attachment":[{"href":"https:\/\/redept.com.br\/blogosfera\/wp-json\/wp\/v2\/media?parent=68325"}],"wp:term":[{"taxonomy":"category","embeddable":true,"href":"https:\/\/redept.com.br\/blogosfera\/wp-json\/wp\/v2\/categories?post=68325"},{"taxonomy":"post_tag","embeddable":true,"href":"https:\/\/redept.com.br\/blogosfera\/wp-json\/wp\/v2\/tags?post=68325"}],"curies":[{"name":"wp","href":"https:\/\/api.w.org\/{rel}","templated":true}]}}