{"id":68965,"date":"2025-12-30T18:15:17","date_gmt":"2025-12-30T21:15:17","guid":{"rendered":"https:\/\/redept.com.br\/blogosfera\/grupos-acusam-israel-de-matar-32-prisioneiros-palestinos-em-2025\/"},"modified":"2025-12-30T18:15:17","modified_gmt":"2025-12-30T21:15:17","slug":"grupos-acusam-israel-de-matar-32-prisioneiros-palestinos-em-2025","status":"publish","type":"post","link":"https:\/\/redept.com.br\/blogosfera\/grupos-acusam-israel-de-matar-32-prisioneiros-palestinos-em-2025\/","title":{"rendered":"Grupos acusam Israel de matar 32 prisioneiros palestinos em 2025"},"content":{"rendered":"<p>Tr\u00eas grupos palestinos que trabalham jur\u00eddica de civis palestinos acusaram o Estado de Israel de \u201cmanter vigente um genoc\u00eddio sistem\u00e1tico\u201d nas pris\u00f5es do pa\u00eds contra os detidos, a partir de um informe divulgado nesta ter\u00e7a-feira (30\/12) que registra ao menos 32 mortes de prisioneiros palestinos nos pres\u00eddios israelenses em 2025.<\/p>\n<p>A den\u00fancia foi feita por entidades que atuam na defesa de civis palestinos detidos em penitenci\u00e1rias israelenses. S\u00e3o elas: a Comiss\u00e3o Palestina para Assuntos de Detidos, a Sociedade Palestina de Prisioneiros (PPS, por sua sigla em ingl\u00eas) e a Addameer.<\/p>\n<p>Segundo o informe, que traz documentos oficiais relacionados \u00e0s 32 mortes registradas, tais estat\u00edsticas indicam que os palestinos presos em Israel est\u00e3o sujeitos a \u201cpol\u00edticas sistem\u00e1ticas severamente desumanas\u201d.<\/p>\n<p><strong>Ver | Com 80% das casas destru\u00eddas, palestinos em Gaza enfrentam chuvas e inunda\u00e7\u00f5es<\/strong><\/p>\n<p>O documento afirma que os palestinos s\u00e3o submetidos a tortura, fome, neglig\u00eancia m\u00e9dica, viol\u00eancia sexual, isolamento em massa e priva\u00e7\u00e3o de todas as necessidades humanas b\u00e1sicas.<\/p>\n<p>\u201cEssas instala\u00e7\u00f5es se transformaram em locais de tortura, projetados para quebrar os prisioneiros f\u00edsica e mentalmente por meio de sofrimento prolongado e deliberado e pol\u00edticas de execu\u00e7\u00e3o lenta\u201d, diz o relat\u00f3rio.<\/p>\n<p>O informe tamb\u00e9m estima que s\u00e3o mais de 100 os prisioneiros palestinos que morreram nessas condi\u00e7\u00f5es, se considerados os casos documentados desde outubro de 2023, quando teve in\u00edcio a ofensiva militar de Israel na Faixa de Gaza, mas admite que somente 86 tiveram seu caso devidamente documentado, com identidade reconhecida.<\/p>\n<p>Ademais, o relat\u00f3rio observa que h\u00e1 casos nos quais os corpos dos cidad\u00e3os palestinos est\u00e3o retidos pelas autoridades israelenses, sem um laudo conclusivo sobre a causa das mortes.<\/p>\n<figure aria-describedby=\"caption-attachment-241936\"><img fetchpriority=\"high\" decoding=\"async\"src=\"https:\/\/redept.com.br\/blogosfera\/wp-content\/uploads\/2025\/12\/123.jpg\" alt=\"\" width=\"1024\" height=\"710\" srcset=\"https:\/\/redept.com.br\/blogosfera\/wp-content\/uploads\/2025\/12\/123.jpg 1024w, https:\/\/operamundi.uol.com.br\/wp-content\/uploads\/2025\/12\/123-300x208.jpg 300w, https:\/\/operamundi.uol.com.br\/wp-content\/uploads\/2025\/12\/123-768x533.jpg 768w, https:\/\/operamundi.uol.com.br\/wp-content\/uploads\/2025\/12\/123-150x104.jpg 150w, https:\/\/operamundi.uol.com.br\/wp-content\/uploads\/2025\/12\/123-750x520.jpg 750w\" sizes=\"(max-width: 1024px) 100vw, 1024px\"><figcaption>Informe relata casos de viola\u00e7\u00f5es de direitos humanos em pris\u00f5es israelenses<br \/>Wikimedia Commons<\/figcaption><\/figure>\n<h3>Encarceramento em massa<\/h3>\n<p>Segundo as tr\u00eas entidades, o estudo sobre as mortes nas pris\u00f5es de Israel aborda casos relatados de encarceramento massivo de palestino tanto na Faixa de Gaza quanto na Cisjord\u00e2nia ocupada.<\/p>\n<p>Os n\u00fameros levantados indicam que mais de 21 mil deten\u00e7\u00f5es foram registradas desde outubro de 2023 na Cisjord\u00e2nia e em Jerusal\u00e9m, incluindo 1,6 mil pris\u00f5es de crian\u00e7as e 650 de mulheres. Somente em 2025, foram relatadas 7 mil deten\u00e7\u00f5es.<\/p>\n<p><strong>Ver | Em 80 dias, Israel violou 969 vezes o cessar-fogo em Gaza; Hamas exige respeito ao acordo<\/strong><\/p>\n<p>O informe das entidades palestinas inclui testemunhos de observadores de direitos humanos relatando \u201cum n\u00edvel sem precedentes de brutalidade e execu\u00e7\u00e3o sistem\u00e1tica de prisioneiros palestinos\u201d.<\/p>\n<p>\u201cEsses fatos comprovam que o que est\u00e1 acontecendo com os prisioneiros palestinos \u00e9 um genoc\u00eddio sistem\u00e1tico\u201d, enfatiza o relat\u00f3rio.<\/p>\n<p>O documento tamb\u00e9m afirma que \u201ca intensidade dos crimes e da brutalidade registrados ao longo de dois anos ultrapassou todos os limites legais, violando todas as leis, normas e conven\u00e7\u00f5es internacionais\u201d.<\/p>\n<p>Com informa\u00e7\u00f5es do <em>Middle East Eye<\/em>.<\/p>\n<p>O post Grupos acusam Israel de matar 32 prisioneiros palestinos em 2025 apareceu primeiro em Opera Mundi.<\/p>\n<!-- Begin Yuzo --><div class='yuzo_related_post style-1'  data-version='5.12.89'><!-- without result --><div class='yuzo_clearfixed yuzo__title yuzo__title'><h3>Related Post<\/h3><\/div>\n\t\t\t\t\t\t  <div class=\"relatedthumb \" style=\"width:125px;float:left;overflow:hidden;\">  \n\t\t\t\t\t\t\t  \n\t\t\t\t\t\t\t  <a  href=\"https:\/\/redept.com.br\/blogosfera\/morre-carlo-ginzburg-o-historiador-italiano-pai-da-micro-historia\/\"  >\n\t\t\t\t\t\t\t\t\t  <div class=\"yuzo-img-wrap \" style=\"width: 125px;height:90px;\">\n\t\t\t\t\t\t\t\t\t\t\n\t\t\t\t\t\t\t\t\t\t<div class=\"yuzo-img\" style=\"background:url('https:\/\/redept.com.br\/blogosfera\/wp-content\/uploads\/2026\/06\/81BXBuT7dQL-150x150.jpg') 50% 50% no-repeat;width: 125px;height:90px;margin-bottom: 5px;background-size: cover; \"><\/div>\n\t\t\t\t\t\t\t\t\t  <\/div>\n\t\t\t\t\t\t\t\t\t  \n\t\t\t\t\t\t\t\t   <span class=\"yuzo__text--title\" style=\"font-size:13px;\">Morre Carlo Ginzburg, o historiador italiano pai d...<\/span>\n\t\t\t\t\t\t\t  \n\t\t\t\t\t\t\t  \n\t\t\t\t\t\t\t  <\/a>\n\n\t\t\t\t\t\t  <\/div>\n\t\t\t\t\t\t  <div class=\"relatedthumb \" style=\"width:125px;float:left;overflow:hidden;\">  \n\t\t\t\t\t\t\t  \n\t\t\t\t\t\t\t  <a  href=\"https:\/\/redept.com.br\/blogosfera\/a-crise-do-ocidente-e-o-desafio-dos-brics\/\"  >\n\t\t\t\t\t\t\t\t\t  <div class=\"yuzo-img-wrap \" style=\"width: 125px;height:90px;\">\n\t\t\t\t\t\t\t\t\t\t\n\t\t\t\t\t\t\t\t\t\t<div class=\"yuzo-img\" style=\"background:url('https:\/\/redept.com.br\/blogosfera\/wp-content\/uploads\/2025\/07\/250707-Colonialismo7b-150x150.jpg') 50% 50% no-repeat;width: 125px;height:90px;margin-bottom: 5px;background-size: cover; \"><\/div>\n\t\t\t\t\t\t\t\t\t  <\/div>\n\t\t\t\t\t\t\t\t\t  \n\t\t\t\t\t\t\t\t   <span class=\"yuzo__text--title\" style=\"font-size:13px;\">A crise do Ocidente e o desafio dos Brics<\/span>\n\t\t\t\t\t\t\t  \n\t\t\t\t\t\t\t  \n\t\t\t\t\t\t\t  <\/a>\n\n\t\t\t\t\t\t  <\/div>\n\t\t\t\t\t\t  <div class=\"relatedthumb \" style=\"width:125px;float:left;overflow:hidden;\">  \n\t\t\t\t\t\t\t  \n\t\t\t\t\t\t\t  <a  href=\"https:\/\/redept.com.br\/blogosfera\/confup-reafirma-petrobras-publica-e-defende-projeto-nacional-de-soberania\/\"  >\n\t\t\t\t\t\t\t\t\t  <div class=\"yuzo-img-wrap \" style=\"width: 125px;height:90px;\">\n\t\t\t\t\t\t\t\t\t\t\n\t\t\t\t\t\t\t\t\t\t<div class=\"yuzo-img\" style=\"background:url('https:\/\/redept.org\/blogosfera\/wp-content\/plugins\/yuzo-related-post\/assets\/images\/default.png') 50% 50% no-repeat;width: 125px;height:90px;margin-bottom: 5px;background-size: cover; \"><\/div>\n\t\t\t\t\t\t\t\t\t  <\/div>\n\t\t\t\t\t\t\t\t\t  \n\t\t\t\t\t\t\t\t   <span class=\"yuzo__text--title\" style=\"font-size:13px;\">Confup reafirma Petrobr\u00e1s p\u00fablica e defende projet...<\/span>\n\t\t\t\t\t\t\t  \n\t\t\t\t\t\t\t  \n\t\t\t\t\t\t\t  <\/a>\n\n\t\t\t\t\t\t  <\/div>\n\t\t\t\t\t\t  <div class=\"relatedthumb \" style=\"width:125px;float:left;overflow:hidden;\">  \n\t\t\t\t\t\t\t  \n\t\t\t\t\t\t\t  <a  href=\"https:\/\/redept.com.br\/blogosfera\/sao-silvestre-2025-tem-numero-recorde-de-participacao-de-mulheres\/\"  >\n\t\t\t\t\t\t\t\t\t  <div class=\"yuzo-img-wrap \" style=\"width: 125px;height:90px;\">\n\t\t\t\t\t\t\t\t\t\t\n\t\t\t\t\t\t\t\t\t\t<div class=\"yuzo-img\" style=\"background:url('https:\/\/redept.org\/blogosfera\/wp-content\/plugins\/yuzo-related-post\/assets\/images\/default.png') 50% 50% no-repeat;width: 125px;height:90px;margin-bottom: 5px;background-size: cover; \"><\/div>\n\t\t\t\t\t\t\t\t\t  <\/div>\n\t\t\t\t\t\t\t\t\t  \n\t\t\t\t\t\t\t\t   <span class=\"yuzo__text--title\" style=\"font-size:13px;\">S\u00e3o Silvestre 2025 tem n\u00famero recorde de participa...<\/span>\n\t\t\t\t\t\t\t  \n\t\t\t\t\t\t\t  \n\t\t\t\t\t\t\t  <\/a>\n\n\t\t\t\t\t\t  <\/div>\n<\/div> <script>\n\t\t\t\t\t\t  jQuery(document).ready(function( $ ){\n\t\t\t\t\t\t\t\/\/jQuery('.yuzo_related_post').equalizer({ overflow : 'relatedthumb' });\n\t\t\t\t\t\t\tjQuery('.yuzo_related_post .yuzo_wraps').equalizer({ columns : '> div' });\n\t\t\t\t\t\t   })\n\t\t\t\t\t\t  <\/script> <!-- End Yuzo :) -->","protected":false},"excerpt":{"rendered":"<p>Tr\u00eas grupos palestinos que trabalham jur\u00eddica de civis palestinos acusaram o Estado de Israel de \u201cmanter vigente um genoc\u00eddio sistem\u00e1tico\u201d nas pris\u00f5es do pa\u00eds contra os detidos, a partir de um informe divulgado nesta ter\u00e7a-feira (30\/12) que registra ao menos 32 mortes de prisioneiros palestinos nos pres\u00eddios israelenses em 2025. A den\u00fancia foi feita por [\u2026]<\/p>\n<p>O post <a href=\"https:\/\/operamundi.uol.com.br\/guerra-israel-x-palestina\/grupos-acusam-israel-de-matar-32-prisioneiros-palestinos-em-2025\/\">Grupos acusam Israel de matar 32 prisioneiros palestinos em 2025<\/a> apareceu primeiro em <a href=\"https:\/\/operamundi.uol.com.br\/\">Opera Mundi<\/a>.<\/p>\n","protected":false},"author":2,"featured_media":68966,"comment_status":"closed","ping_status":"closed","sticky":false,"template":"","format":"standard","meta":{"fifu_image_url":"","fifu_image_alt":"","footnotes":""},"categories":[3248,307,22099,330,52,3938,25,32639,54,1728,2110,236],"tags":[],"class_list":["post-68965","post","type-post","status-publish","format-standard","has-post-thumbnail","hentry","category-cisjordania","category-direitos-humanos","category-encarceramento-em-massa","category-fome","category-gaza","category-guerra-israel-x-palestina","category-israel","category-negligencia-medica","category-palestina","category-prisao","category-tortura","category-violencia-sexual"],"_links":{"self":[{"href":"https:\/\/redept.com.br\/blogosfera\/wp-json\/wp\/v2\/posts\/68965","targetHints":{"allow":["GET"]}}],"collection":[{"href":"https:\/\/redept.com.br\/blogosfera\/wp-json\/wp\/v2\/posts"}],"about":[{"href":"https:\/\/redept.com.br\/blogosfera\/wp-json\/wp\/v2\/types\/post"}],"author":[{"embeddable":true,"href":"https:\/\/redept.com.br\/blogosfera\/wp-json\/wp\/v2\/users\/2"}],"replies":[{"embeddable":true,"href":"https:\/\/redept.com.br\/blogosfera\/wp-json\/wp\/v2\/comments?post=68965"}],"version-history":[{"count":0,"href":"https:\/\/redept.com.br\/blogosfera\/wp-json\/wp\/v2\/posts\/68965\/revisions"}],"wp:featuredmedia":[{"embeddable":true,"href":"https:\/\/redept.com.br\/blogosfera\/wp-json\/wp\/v2\/media\/68966"}],"wp:attachment":[{"href":"https:\/\/redept.com.br\/blogosfera\/wp-json\/wp\/v2\/media?parent=68965"}],"wp:term":[{"taxonomy":"category","embeddable":true,"href":"https:\/\/redept.com.br\/blogosfera\/wp-json\/wp\/v2\/categories?post=68965"},{"taxonomy":"post_tag","embeddable":true,"href":"https:\/\/redept.com.br\/blogosfera\/wp-json\/wp\/v2\/tags?post=68965"}],"curies":[{"name":"wp","href":"https:\/\/api.w.org\/{rel}","templated":true}]}}