{"id":69028,"date":"2026-01-01T12:14:04","date_gmt":"2026-01-01T15:14:04","guid":{"rendered":"https:\/\/redept.com.br\/blogosfera\/avancos-e-violencia-marcam-a-luta-das-mulheres-no-brasil-em-2025\/"},"modified":"2026-01-01T12:14:04","modified_gmt":"2026-01-01T15:14:04","slug":"avancos-e-violencia-marcam-a-luta-das-mulheres-no-brasil-em-2025","status":"publish","type":"post","link":"https:\/\/redept.com.br\/blogosfera\/avancos-e-violencia-marcam-a-luta-das-mulheres-no-brasil-em-2025\/","title":{"rendered":"Avan\u00e7os e viol\u00eancia marcam a luta das mulheres no Brasil em 2025"},"content":{"rendered":"<p><img loading=\"lazy\" width=\"853\" height=\"568\"src=\"https:\/\/redept.com.br\/blogosfera\/wp-content\/uploads\/2026\/01\/photo_2025-03-09_12-48-44-jpg.webp\" alt=\"\" decoding=\"async\" loading=\"lazy\" srcset=\"https:\/\/redept.com.br\/blogosfera\/wp-content\/uploads\/2026\/01\/photo_2025-03-09_12-48-44-jpg.webp 853w, https:\/\/vermelho.org.br\/wp-content\/uploads\/2026\/01\/photo_2025-03-09_12-48-44-jpg-300x200.webp 300w, https:\/\/vermelho.org.br\/wp-content\/uploads\/2026\/01\/photo_2025-03-09_12-48-44-jpg-768x511.webp 768w, https:\/\/vermelho.org.br\/wp-content\/uploads\/2026\/01\/photo_2025-03-09_12-48-44-jpg-272x182.webp 272w\" sizes=\"auto, (max-width: 853px) 100vw, 853px\"><\/p>\n<p>O ano de 2025 marcou a retomada do Estado brasileiro como indutor de pol\u00edticas p\u00fablicas para enfrentar as desigualdades de g\u00eanero, ap\u00f3s um ciclo prolongado de desmontes, negacionismo e ataque aos direitos das mulheres. Sob o governo do presidente Luiz In\u00e1cio Lula da Silva, a pauta de g\u00eanero voltou a ocupar lugar estrat\u00e9gico no projeto de reconstru\u00e7\u00e3o nacional, articulando combate \u00e0 viol\u00eancia, promo\u00e7\u00e3o da autonomia econ\u00f4mica, amplia\u00e7\u00e3o de direitos trabalhistas e fortalecimento da participa\u00e7\u00e3o pol\u00edtica feminina.<\/p>\n<p>Para a presidenta da Uni\u00e3o Brasileira de Mulheres (UBM), Vanja Andrea, o per\u00edodo representa um avan\u00e7o importante, ainda que atravessado por limites estruturais. \u201c2025 foi um ano importante. Quando n\u00f3s falamos sobre o governo federal e as iniciativas em rela\u00e7\u00e3o \u00e0s pol\u00edticas para as mulheres, pol\u00edticas importantes foram lan\u00e7adas e est\u00e3o a\u00ed em busca de serem implementadas, porque n\u00e3o basta estar no papel, tem que estar realmente na vida das mulheres\u201d, avalia.<\/p>\n<p>Esse movimento, no entanto, ocorre em campo de disputa permanente. Os avan\u00e7os institucionais conquistados ao longo do ano convivem com a persistente viol\u00eancia, a desigualdade salarial, a precariza\u00e7\u00e3o do trabalho e a sub-representa\u00e7\u00e3o pol\u00edtica das mulheres \u2014 express\u00f5es de um modelo patriarcal, racista e excludente que segue operando na sociedade brasileira e nos espa\u00e7os de poder.<\/p>\n<p><strong>Combate \u00e0 viol\u00eancia: o Estado de volta \u00e0 linha de frente<\/strong><\/p>\n<p>Em 2025, o enfrentamento \u00e0 viol\u00eancia contra as mulheres voltou a ser tratado como responsabilidade direta do Estado, rompendo com a l\u00f3gica de omiss\u00e3o que marcou anos anteriores. A san\u00e7\u00e3o da <a href=\"https:\/\/www.planalto.gov.br\/ccivil_03\/_ato2023-2026\/2025\/Lei\/L15212.htm\">Lei n\u00ba 15.212\/2025<\/a>, que oficializou a denomina\u00e7\u00e3o Lei Maria da Penha, teve forte valor simb\u00f3lico ao reafirmar uma das principais conquistas da luta feminista brasileira.<\/p>\n<p>Na mesma dire\u00e7\u00e3o, a <a href=\"https:\/\/www.planalto.gov.br\/ccivil_03\/_ato2023-2026\/2025\/Lei\/L15125.htm\">Lei n\u00ba 15.125\/2025,<\/a> que autoriza o uso de tornozeleira eletr\u00f4nica para agressores, representou um avan\u00e7o concreto na prote\u00e7\u00e3o das mulheres, ao deslocar o foco da vigil\u00e2ncia da v\u00edtima para o agressor \u2014 reivindica\u00e7\u00e3o hist\u00f3rica dos movimentos feministas. J\u00e1 a Lei n\u00ba 15.280\/2025 ampliou a prote\u00e7\u00e3o \u00e0s v\u00edtimas de crimes sexuais, refor\u00e7ando mecanismos de controle sobre investigados e condenados.<\/p>\n<p><strong>Leia tamb\u00e9m:<\/strong> <a href=\"https:\/\/vermelho.org.br\/2025\/12\/12\/misoginia-racismo-e-transfobia-marcam-violencia-digital-contra-mulheres-na-politica\/\">Misoginia, racismo e transfobia marcam viol\u00eancia digital contra mulheres na pol\u00edtica<\/a><\/p>\n<p>Essas iniciativas foram acompanhadas da reconstru\u00e7\u00e3o de pol\u00edticas p\u00fablicas desmontadas a partir de 2016, como o programa Mulher Viver sem Viol\u00eancia, a amplia\u00e7\u00e3o das Casas da Mulher Brasileira e o fortalecimento do <strong>Ligue 180<\/strong>.<\/p>\n<p>Para Vanja, o avan\u00e7o s\u00f3 foi poss\u00edvel porque houve articula\u00e7\u00e3o interministerial e press\u00e3o social. \u201cN\u00e3o foi apenas do minist\u00e9rio da Mulher, mas sob a coordena\u00e7\u00e3o do Minist\u00e9rio de forma transversal com os Minist\u00e9rios do Desenvolvimento Social, do Trabalho, da Educa\u00e7\u00e3o, da Sa\u00fade, para que essas pol\u00edticas pudessem ser transformadas em realidade\u201d, afirma.<\/p>\n<p><strong>A viol\u00eancia que persiste e convoca mobiliza\u00e7\u00e3o<\/strong><\/p>\n<p>Apesar do arcabou\u00e7o legal e institucional, a viol\u00eancia contra as mulheres seguiu como uma das faces mais brutais da desigualdade social em 2025. Dados do DataSenado indicam que 3,7 milh\u00f5es de brasileiras sofreram viol\u00eancia dom\u00e9stica ou familiar ao longo do ano. O feminic\u00eddio manteve \u00edndices alarmantes, com mais de mil mulheres assassinadas em 2025, muitas delas com crueldade.<\/p>\n<p>\u201cEsse ano n\u00f3s tivemos um alto \u00edndice de feminic\u00eddio. Mulheres assassinadas com requinte de crueldade\u201d, denuncia Vanja. Para ela, a resposta precisa ser coletiva: \u201cN\u00e3o \u00e9 s\u00f3 com o Minist\u00e9rio da Justi\u00e7a. Isso tem que envolver v\u00e1rios minist\u00e9rios, v\u00e1rios governos, v\u00e1rias secretarias, a sociedade civil como um todo, e todo mundo se responsabilizando\u201d.<\/p>\n<p><strong>Leia tamb\u00e9m: <\/strong><a href=\"https:\/\/vermelho.org.br\/2025\/12\/05\/mulheres-vivas-brasil-se-levanta-contra-a-barbarie-do-feminicidio\/\">Mulheres Vivas: Brasil se levanta contra a barb\u00e1rie do feminic\u00eddio<\/a><\/p>\n<p>Esse cen\u00e1rio impulsionou mobiliza\u00e7\u00f5es nacionais como os atos <strong>Mulheres Vivas<\/strong>, que recolocaram a luta feminista no centro do debate p\u00fablico. \u201cN\u00f3s nos queremos vivas, atuantes, participantes da vida efetiva do Brasil, da luta por direitos\u201d, resume a dirigente.<\/p>\n<p>Paralelamente, avan\u00e7ou a viol\u00eancia pol\u00edtica e digital de g\u00eanero, especialmente contra mulheres que ousam ocupar espa\u00e7os institucionais. Ataques mis\u00f3ginos, racistas e transf\u00f3bicos passaram a operar como instrumentos de silenciamento e intimida\u00e7\u00e3o, revelando que a democracia brasileira segue sendo hostil \u00e0 presen\u00e7a feminina \u2014 sobretudo \u00e0s mulheres negras, ind\u00edgenas e trans.<\/p>\n<p><strong>Entre leis e realidade, o direito de viver segue em disputa<\/strong><\/p>\n<p>O balan\u00e7o de 2025 deixa claro que o Brasil voltou a contar com um Estado presente no enfrentamento \u00e0 viol\u00eancia contra as mulheres, mas tamb\u00e9m exp\u00f5e a profundidade de um problema que n\u00e3o se resolve apenas com leis. A perman\u00eancia dos altos \u00edndices de feminic\u00eddio, da viol\u00eancia dom\u00e9stica e dos ataques digitais revela que a desigualdade de g\u00eanero est\u00e1 enraizada em estruturas sociais, culturais e pol\u00edticas que exigem enfrentamento permanente.<\/p>\n<p>Como apontam os movimentos feministas, entre eles a UBM, avan\u00e7ar na prote\u00e7\u00e3o legal \u00e9 fundamental, mas insuficiente sem mobiliza\u00e7\u00e3o social, articula\u00e7\u00e3o interinstitucional e compromisso cont\u00ednuo dos governos. O desafio que permanece \u00e9 transformar esse enfrentamento em pol\u00edtica duradoura, capaz de garantir que o direito b\u00e1sico de viver sem viol\u00eancia deixe de ser promessa e se torne realidade cotidiana.<\/p>\n<p>O post <a href=\"https:\/\/vermelho.org.br\/2026\/01\/01\/avancos-e-violencia-marcam-a-luta-das-mulheres-no-brasil-em-2025\/\">Avan\u00e7os e viol\u00eancia marcam a luta das mulheres no Brasil em 2025<\/a> apareceu primeiro em <a href=\"https:\/\/vermelho.org.br\/\">Vermelho<\/a>.<\/p>\n<!-- Begin Yuzo --><div class='yuzo_related_post style-1'  data-version='5.12.89'><!-- without result --><div class='yuzo_clearfixed yuzo__title yuzo__title'><h3>Related Post<\/h3><\/div>\n\t\t\t\t\t\t  <div class=\"relatedthumb \" style=\"width:125px;float:left;overflow:hidden;\">  \n\t\t\t\t\t\t\t  \n\t\t\t\t\t\t\t  <a  href=\"https:\/\/redept.com.br\/blogosfera\/paim-defende-reducao-da-jornada-de-trabalho-sem-corte-salarial\/\"  >\n\t\t\t\t\t\t\t\t\t  <div class=\"yuzo-img-wrap \" style=\"width: 125px;height:90px;\">\n\t\t\t\t\t\t\t\t\t\t\n\t\t\t\t\t\t\t\t\t\t<div class=\"yuzo-img\" style=\"background:url('https:\/\/redept.org\/blogosfera\/wp-content\/plugins\/yuzo-related-post\/assets\/images\/default.png') 50% 50% no-repeat;width: 125px;height:90px;margin-bottom: 5px;background-size: cover; \"><\/div>\n\t\t\t\t\t\t\t\t\t  <\/div>\n\t\t\t\t\t\t\t\t\t  \n\t\t\t\t\t\t\t\t   <span class=\"yuzo__text--title\" style=\"font-size:13px;\">Paim defende redu\u00e7\u00e3o da jornada de trabalho sem co...<\/span>\n\t\t\t\t\t\t\t  \n\t\t\t\t\t\t\t  \n\t\t\t\t\t\t\t  <\/a>\n\n\t\t\t\t\t\t  <\/div>\n\t\t\t\t\t\t  <div class=\"relatedthumb \" style=\"width:125px;float:left;overflow:hidden;\">  \n\t\t\t\t\t\t\t  \n\t\t\t\t\t\t\t  <a  href=\"https:\/\/redept.com.br\/blogosfera\/o-que-e-noticia-no-jornal-tvt-news-primeira-edicao-12-09-2025\/\"  >\n\t\t\t\t\t\t\t\t\t  <div class=\"yuzo-img-wrap \" style=\"width: 125px;height:90px;\">\n\t\t\t\t\t\t\t\t\t\t\n\t\t\t\t\t\t\t\t\t\t<div class=\"yuzo-img\" style=\"background:url('https:\/\/redept.com.br\/blogosfera\/wp-content\/uploads\/2025\/09\/jornal_tvt_news-10-150x150.jpeg') 50% 50% no-repeat;width: 125px;height:90px;margin-bottom: 5px;background-size: cover; \"><\/div>\n\t\t\t\t\t\t\t\t\t  <\/div>\n\t\t\t\t\t\t\t\t\t  \n\t\t\t\t\t\t\t\t   <span class=\"yuzo__text--title\" style=\"font-size:13px;\">O que \u00e9 not\u00edcia no Jornal TVT News Primeira Edi\u00e7\u00e3o...<\/span>\n\t\t\t\t\t\t\t  \n\t\t\t\t\t\t\t  \n\t\t\t\t\t\t\t  <\/a>\n\n\t\t\t\t\t\t  <\/div>\n\t\t\t\t\t\t  <div class=\"relatedthumb \" style=\"width:125px;float:left;overflow:hidden;\">  \n\t\t\t\t\t\t\t  \n\t\t\t\t\t\t\t  <a  href=\"https:\/\/redept.com.br\/blogosfera\/o-que-e-noticia-no-jornal-tvt-news-primeira-edicao-02-10-2025\/\"  >\n\t\t\t\t\t\t\t\t\t  <div class=\"yuzo-img-wrap \" style=\"width: 125px;height:90px;\">\n\t\t\t\t\t\t\t\t\t\t\n\t\t\t\t\t\t\t\t\t\t<div class=\"yuzo-img\" style=\"background:url('https:\/\/redept.com.br\/blogosfera\/wp-content\/uploads\/2025\/10\/jornal_tvt_news-2-150x150.jpeg') 50% 50% no-repeat;width: 125px;height:90px;margin-bottom: 5px;background-size: cover; \"><\/div>\n\t\t\t\t\t\t\t\t\t  <\/div>\n\t\t\t\t\t\t\t\t\t  \n\t\t\t\t\t\t\t\t   <span class=\"yuzo__text--title\" style=\"font-size:13px;\">O que \u00e9 not\u00edcia no Jornal TVT News Primeira Edi\u00e7\u00e3o...<\/span>\n\t\t\t\t\t\t\t  \n\t\t\t\t\t\t\t  \n\t\t\t\t\t\t\t  <\/a>\n\n\t\t\t\t\t\t  <\/div>\n\t\t\t\t\t\t  <div class=\"relatedthumb \" style=\"width:125px;float:left;overflow:hidden;\">  \n\t\t\t\t\t\t\t  \n\t\t\t\t\t\t\t  <a  href=\"https:\/\/redept.com.br\/blogosfera\/luiz-marinho-e-moises-selerges-debatem-o-futuro-do-trabalho-em-plenaria-neste-sabado-24\/\"  >\n\t\t\t\t\t\t\t\t\t  <div class=\"yuzo-img-wrap \" style=\"width: 125px;height:90px;\">\n\t\t\t\t\t\t\t\t\t\t\n\t\t\t\t\t\t\t\t\t\t<div class=\"yuzo-img\" style=\"background:url('https:\/\/redept.com.br\/blogosfera\/wp-content\/uploads\/2026\/01\/53487081516_9853b68b4e_c-150x150.jpg') 50% 50% no-repeat;width: 125px;height:90px;margin-bottom: 5px;background-size: cover; \"><\/div>\n\t\t\t\t\t\t\t\t\t  <\/div>\n\t\t\t\t\t\t\t\t\t  \n\t\t\t\t\t\t\t\t   <span class=\"yuzo__text--title\" style=\"font-size:13px;\">Luiz Marinho e Mois\u00e9s Selerges debatem o futuro do...<\/span>\n\t\t\t\t\t\t\t  \n\t\t\t\t\t\t\t  \n\t\t\t\t\t\t\t  <\/a>\n\n\t\t\t\t\t\t  <\/div>\n<\/div> <script>\n\t\t\t\t\t\t  jQuery(document).ready(function( $ ){\n\t\t\t\t\t\t\t\/\/jQuery('.yuzo_related_post').equalizer({ overflow : 'relatedthumb' });\n\t\t\t\t\t\t\tjQuery('.yuzo_related_post .yuzo_wraps').equalizer({ columns : '> div' });\n\t\t\t\t\t\t   })\n\t\t\t\t\t\t  <\/script> <!-- End Yuzo :) -->","protected":false},"excerpt":{"rendered":"<p>O ano de 2025 marcou a retomada do Estado brasileiro como indutor de pol\u00edticas p\u00fablicas para enfrentar as desigualdades de g\u00eanero, ap\u00f3s um ciclo prolongado de desmontes, negacionismo e ataque aos direitos das mulheres. Sob o governo do presidente Luiz In\u00e1cio Lula da Silva, a pauta de g\u00eanero voltou a ocupar lugar estrat\u00e9gico no projeto [&hellip;]<\/p>\n","protected":false},"author":2,"featured_media":0,"comment_status":"open","ping_status":"closed","sticky":false,"template":"","format":"standard","meta":{"fifu_image_url":"","fifu_image_alt":"","footnotes":""},"categories":[1088,17,4778,278,82,32688,5743,422],"tags":[],"class_list":["post-69028","post","type-post","status-publish","format-standard","hentry","category-feminicidio","category-governo-lula","category-lei-maria-da-penha","category-movimentos","category-mulheres","category-mulheres-vivas","category-ubm","category-violencia-contra-a-mulher"],"_links":{"self":[{"href":"https:\/\/redept.com.br\/blogosfera\/wp-json\/wp\/v2\/posts\/69028","targetHints":{"allow":["GET"]}}],"collection":[{"href":"https:\/\/redept.com.br\/blogosfera\/wp-json\/wp\/v2\/posts"}],"about":[{"href":"https:\/\/redept.com.br\/blogosfera\/wp-json\/wp\/v2\/types\/post"}],"author":[{"embeddable":true,"href":"https:\/\/redept.com.br\/blogosfera\/wp-json\/wp\/v2\/users\/2"}],"replies":[{"embeddable":true,"href":"https:\/\/redept.com.br\/blogosfera\/wp-json\/wp\/v2\/comments?post=69028"}],"version-history":[{"count":0,"href":"https:\/\/redept.com.br\/blogosfera\/wp-json\/wp\/v2\/posts\/69028\/revisions"}],"wp:attachment":[{"href":"https:\/\/redept.com.br\/blogosfera\/wp-json\/wp\/v2\/media?parent=69028"}],"wp:term":[{"taxonomy":"category","embeddable":true,"href":"https:\/\/redept.com.br\/blogosfera\/wp-json\/wp\/v2\/categories?post=69028"},{"taxonomy":"post_tag","embeddable":true,"href":"https:\/\/redept.com.br\/blogosfera\/wp-json\/wp\/v2\/tags?post=69028"}],"curies":[{"name":"wp","href":"https:\/\/api.w.org\/{rel}","templated":true}]}}