{"id":69168,"date":"2026-01-03T13:11:24","date_gmt":"2026-01-03T16:11:24","guid":{"rendered":"https:\/\/redept.com.br\/blogosfera\/entidades-brasileiras-repudiam-ataque-dos-eua-a-venezuela\/"},"modified":"2026-01-03T13:11:24","modified_gmt":"2026-01-03T16:11:24","slug":"entidades-brasileiras-repudiam-ataque-dos-eua-a-venezuela","status":"publish","type":"post","link":"https:\/\/redept.com.br\/blogosfera\/entidades-brasileiras-repudiam-ataque-dos-eua-a-venezuela\/","title":{"rendered":"Entidades brasileiras repudiam ataque dos EUA \u00e0 Venezuela"},"content":{"rendered":"<p><img fetchpriority=\"high\" width=\"1024\" height=\"613\"src=\"https:\/\/redept.com.br\/blogosfera\/wp-content\/uploads\/2026\/01\/venezuelajpg.webp\" alt=\"\" decoding=\"async\" srcset=\"https:\/\/vermelho.org.br\/wp-content\/uploads\/2026\/01\/venezuela.jpg-1024x613.webp 1024w, https:\/\/vermelho.org.br\/wp-content\/uploads\/2026\/01\/venezuela.jpg-300x179.webp 300w, https:\/\/vermelho.org.br\/wp-content\/uploads\/2026\/01\/venezuela.jpg-768x459.webp 768w, https:\/\/redept.com.br\/blogosfera\/wp-content\/uploads\/2026\/01\/venezuelajpg.webp 1170w\" sizes=\"(max-width: 1024px) 100vw, 1024px\"><\/p>\n<p>Organiza\u00e7\u00f5es populares, centrais sindicais e movimentos sociais brasileiros divulgaram, neste s\u00e1bado (3), uma s\u00e9rie de notas p\u00fablicas condenando os ataques militares dos Estados Unidos contra a Venezuela e o sequestro do presidente Nicol\u00e1s Maduro e de sua esposa, Cilia Flores. As manifesta\u00e7\u00f5es apontam viola\u00e7\u00e3o do direito internacional, denunciam inger\u00eancia imperialista e convocam mobiliza\u00e7\u00e3o em defesa da soberania venezuelana e da paz regional.<\/p>\n<p><strong>Rep\u00fadio ao terrorismo de Estado e \u00e0 viola\u00e7\u00e3o do direito internacional<\/strong><\/p>\n<p>O <a href=\"https:\/\/cebrapaz.org.br\/2026\/01\/03\/nota-em-defesa-da-soberania-venezuelana-e-contra-o-terrorismo-de-estado-norte-americano\/\">Centro Brasileiro de Solidariedade aos Povos e Luta pela Paz (Cebrapaz)<\/a> classificou a ofensiva como \u201cato de terrorismo de Estado\u201d, afirmando que os bombardeios e o sequestro da lideran\u00e7a venezuelana ferem a Carta da ONU e os princ\u00edpios de conviv\u00eancia entre as na\u00e7\u00f5es. Para a entidade, a opera\u00e7\u00e3o militar revela o car\u00e1ter predat\u00f3rio do imperialismo norte-americano, interessado no controle de recursos estrat\u00e9gicos, como petr\u00f3leo e minerais.<\/p>\n<p>O Cebrapaz ressaltou ainda que a agress\u00e3o n\u00e3o se limita \u00e0 Venezuela, mas representa um precedente perigoso para toda a Am\u00e9rica Latina e o Caribe, conclamando organiza\u00e7\u00f5es populares e movimentos sociais a promoverem atos imediatos de solidariedade.<\/p>\n<p><strong>Centrais sindicais denunciam golpismo e inger\u00eancia<\/strong><\/p>\n<p>Em <a href=\"https:\/\/www.instagram.com\/p\/DTDhmuIkYB7\/?utm_source=ig_web_copy_link&amp;igsh=NTc4MTIwNjQ2YQ==\">nota conjunta<\/a>, as centrais sindicais brasileiras afirmaram que o ataque confirma uma escalada golpista contra a Venezuela, constru\u00edda ao longo de d\u00e9cadas desde a Revolu\u00e7\u00e3o Bolivariana. CUT, For\u00e7a Sindical, UGT, CTB, CSB, NCST, Intersindical e P\u00fablica Central do Servidor destacaram que a ret\u00f3rica de defesa da democracia e de combate ao narcotr\u00e1fico encobre interesses econ\u00f4micos e geopol\u00edticos, incluindo o controle do petr\u00f3leo venezuelano e o enfraquecimento de iniciativas como o BRICS.<\/p>\n<p>As centrais defenderam que apenas o povo venezuelano tem legitimidade para decidir seu destino e alertaram que a interven\u00e7\u00e3o representa amea\u00e7a direta \u00e0 estabilidade regional, inclusive ao Brasil.<\/p>\n<p><strong>CTB: defender a Venezuela \u00e9 defender a Am\u00e9rica Latina<\/strong><\/p>\n<p>A <a href=\"https:\/\/www.ctb.org.br\/2026\/01\/03\/ctb-condena-ofensiva-militar-dos-eua-contra-a-venezuela-e-cobra-respeito-a-soberania-dos-povos\/\">Central dos Trabalhadores e Trabalhadoras do Brasil (CTB) <\/a>afirmou que os ataques militares e a captura do presidente venezuelano configuram grave afronta \u00e0 soberania nacional e ao direito internacional. Para a entidade, a escalada intervencionista ultrapassa as fronteiras da Venezuela e coloca em risco a paz de todo o continente.<\/p>\n<p>A CTB reiterou que a Am\u00e9rica Latina deve ser um territ\u00f3rio de di\u00e1logo e coopera\u00e7\u00e3o, reafirmando solidariedade ao povo venezuelano e apoio \u00e0 mobiliza\u00e7\u00e3o internacional contra o imperialismo.<\/p>\n<p><strong>Movimento estudantil<\/strong><\/p>\n<p>A <a href=\"https:\/\/www.instagram.com\/p\/DTDcWrNjgl9\/?utm_source=ig_web_copy_link&amp;igsh=MzRlODBiNWFlZA==\">Uni\u00e3o Nacional dos Estudantes (UNE)<\/a> j\u00e1 havia denunciado, em dezembro do ano passado, que os verdadeiros objetivos dos EUA nunca foram o \u201ccombate ao narcotr\u00e1fico\u201d ou a \u201cdefesa da democracia\u201d mas exercer seu controle imperialista sobre a Am\u00e9rica Latina, buscando derrubar todos os projetos de resist\u00eancia popular que se recusassem a abrir m\u00e3o de sua soberania e entregar seus recursos naturais. <\/p>\n<p>Diante do que considera um ataque criminoso e terrorista, a UNE defende que o Brasil deve denunciar energicamente nos f\u00f3runs globais que a agress\u00e3o contra a Venezuela representa um ataque \u00e0 toda a Am\u00e9rica Latina. O movimento estudantil ainda convocou o conjunto dos movimentos sociais brasileiros a construir uma agenda de mobiliza\u00e7\u00e3o em defesa do povo venezuelano e da soberania da Am\u00e9rica Latina.<\/p>\n<p><strong>Conam destaca la\u00e7os populares e comunit\u00e1rios<\/strong><\/p>\n<p>A Confedera\u00e7\u00e3o Nacional das Associa\u00e7\u00f5es de Moradores (Conam) tamb\u00e9m manifestou solidariedade ao povo venezuelano, lembrando os hist\u00f3ricos la\u00e7os de coopera\u00e7\u00e3o entre movimentos comunit\u00e1rios do Brasil e da Venezuela. A entidade afirmou que a soberania dos povos latino-americanos n\u00e3o \u00e9 negoci\u00e1vel e condenou qualquer agress\u00e3o motivada por interesses econ\u00f4micos e pol\u00edticos.<\/p>\n<p><strong>UBM denuncia ofensiva imperialista e exige liberta\u00e7\u00e3o<\/strong><\/p>\n<p>A Uni\u00e3o Brasileira de Mulheres (UBM) classificou o sequestro do presidente Nicol\u00e1s Maduro como ato criminoso de agress\u00e3o imperialista. A entidade destacou que o ataque representa amea\u00e7a direta \u00e0 soberania e \u00e0 estabilidade da Am\u00e9rica Latina e apresentou tr\u00eas exig\u00eancias centrais: a liberta\u00e7\u00e3o imediata de Maduro e Cilia Flores, o fim da agress\u00e3o dos EUA e o respeito \u00e0 autodetermina\u00e7\u00e3o dos povos.<\/p>\n<p><strong>Contag refor\u00e7a defesa da autodetermina\u00e7\u00e3o dos povos<\/strong><\/p>\n<p>A Confedera\u00e7\u00e3o Nacional dos Trabalhadores Rurais Agricultores e Agricultoras Familiares (Contag) destacou que a interven\u00e7\u00e3o norte-americana viola frontalmente o direito internacional e amea\u00e7a toda a regi\u00e3o. Em nota assinada pela presidenta V\u00e2nia Marques, a entidade afirmou que a hist\u00f3ria latino-americana comprova que interven\u00e7\u00f5es desse tipo resultam em retrocessos sociais e ataques aos trabalhadores.<\/p>\n<p>A Contag defendeu o multilateralismo, a solu\u00e7\u00e3o pac\u00edfica de conflitos e a integra\u00e7\u00e3o latino-americana, somando-se \u00e0s exig\u00eancias pelo fim imediato da agress\u00e3o e pela liberta\u00e7\u00e3o das lideran\u00e7as venezuelanas.<\/p>\n<p><strong>MST fala em guerra e saque<\/strong><\/p>\n<p>O <a href=\"https:\/\/mst.org.br\/2026\/01\/03\/mst-esta-com-o-povo-venezuelano\/\">Movimento dos Trabalhadores Rurais Sem Terra (MST)<\/a> afirmou que o ataque \u00e9 o ponto m\u00e1ximo de uma longa sequ\u00eancia de agress\u00f5es contra a Revolu\u00e7\u00e3o Bolivariana. Para o movimento, trata-se de uma a\u00e7\u00e3o de guerra voltada ao saque do petr\u00f3leo venezuelano e \u00e0 retomada da l\u00f3gica da Doutrina Monroe, que trata a Am\u00e9rica Latina como \u201cquintal\u201d do imperialismo.<\/p>\n<p>O MST convocou organiza\u00e7\u00f5es populares do Brasil e do mundo a se somarem \u00e0 solidariedade internacional e reafirmou apoio hist\u00f3rico ao povo venezuelano.<\/p>\n<p><strong>Sindicato dos Escritores<\/strong><\/p>\n<p>O Sindicato dos Escritores do Estado de S\u00e3o Paulo condenou como grave a viola\u00e7\u00e3o da soberania da Venezuela. O SINDEESP entende que o uso da for\u00e7a, a coer\u00e7\u00e3o externa e a interven\u00e7\u00e3o em assuntos internos de um Estado soberano s\u00e3o pr\u00e1ticas incompat\u00edveis com qualquer ordem internacional fundada na democracia e na paz.<\/p>\n<p>A agress\u00e3o \u00e0 soberania venezuelana n\u00e3o constitui um fato isolado, para os escritores, mas insere-se em uma l\u00f3gica recorrente de desestabiliza\u00e7\u00e3o pol\u00edtica, econ\u00f4mica e institucional que historicamente vitimou pa\u00edses da Am\u00e9rica Latina, sempre com consequ\u00eancias devastadoras para suas popula\u00e7\u00f5es.<\/p>\n<p><strong>Unidade em defesa da soberania e da paz<\/strong><\/p>\n<p>Apesar das diferentes origens e campos de atua\u00e7\u00e3o, as entidades convergem em um ponto central: a rejei\u00e7\u00e3o \u00e0 interven\u00e7\u00e3o militar, a defesa da soberania da Venezuela e a convoca\u00e7\u00e3o \u00e0 unidade dos povos latino-americanos contra a guerra e a inger\u00eancia externa. Para os movimentos, defender a Venezuela \u00e9 defender a autodetermina\u00e7\u00e3o e a paz em toda a Am\u00e9rica Latina.<\/p>\n<p>O post <a href=\"https:\/\/vermelho.org.br\/2026\/01\/03\/entidades-brasileiras-repudiam-ataque-dos-eua-a-venezuela\/\">Entidades brasileiras repudiam ataque dos EUA \u00e0 Venezuela<\/a> apareceu primeiro em <a href=\"https:\/\/vermelho.org.br\/\">Vermelho<\/a>.<\/p>\n<!-- Begin Yuzo --><div class='yuzo_related_post style-1'  data-version='5.12.89'><!-- without result --><div class='yuzo_clearfixed yuzo__title yuzo__title'><h3>Related Post<\/h3><\/div>\n\t\t\t\t\t\t  <div class=\"relatedthumb \" style=\"width:125px;float:left;overflow:hidden;\">  \n\t\t\t\t\t\t\t  \n\t\t\t\t\t\t\t  <a  href=\"https:\/\/redept.com.br\/blogosfera\/policia-penal-do-df-suspende-paralisacao-e-visitas-a-familiares-em-unidades-prisionais-retornam-nesta-quarta-8\/\"  >\n\t\t\t\t\t\t\t\t\t  <div class=\"yuzo-img-wrap \" style=\"width: 125px;height:90px;\">\n\t\t\t\t\t\t\t\t\t\t\n\t\t\t\t\t\t\t\t\t\t<div class=\"yuzo-img\" style=\"background:url('https:\/\/redept.org\/blogosfera\/wp-content\/plugins\/yuzo-related-post\/assets\/images\/default.png') 50% 50% no-repeat;width: 125px;height:90px;margin-bottom: 5px;background-size: cover; \"><\/div>\n\t\t\t\t\t\t\t\t\t  <\/div>\n\t\t\t\t\t\t\t\t\t  \n\t\t\t\t\t\t\t\t   <span class=\"yuzo__text--title\" style=\"font-size:13px;\">Pol\u00edcia Penal do DF suspende paralisa\u00e7\u00e3o e visitas...<\/span>\n\t\t\t\t\t\t\t  \n\t\t\t\t\t\t\t  \n\t\t\t\t\t\t\t  <\/a>\n\n\t\t\t\t\t\t  <\/div>\n\t\t\t\t\t\t  <div class=\"relatedthumb \" style=\"width:125px;float:left;overflow:hidden;\">  \n\t\t\t\t\t\t\t  \n\t\t\t\t\t\t\t  <a  href=\"https:\/\/redept.com.br\/blogosfera\/certified-rainforest-alliance-coffee-farm-in-colombia-had-overcrowded-housing\/\"  >\n\t\t\t\t\t\t\t\t\t  <div class=\"yuzo-img-wrap \" style=\"width: 125px;height:90px;\">\n\t\t\t\t\t\t\t\t\t\t\n\t\t\t\t\t\t\t\t\t\t<div class=\"yuzo-img\" style=\"background:url('https:\/\/redept.com.br\/blogosfera\/wp-content\/uploads\/2025\/06\/siberia_cafe_dorm_fernando_martinho-1-150x150.jpg') 50% 50% no-repeat;width: 125px;height:90px;margin-bottom: 5px;background-size: cover; \"><\/div>\n\t\t\t\t\t\t\t\t\t  <\/div>\n\t\t\t\t\t\t\t\t\t  \n\t\t\t\t\t\t\t\t   <span class=\"yuzo__text--title\" style=\"font-size:13px;\">Certified Rainforest Alliance coffee farm in Colom...<\/span>\n\t\t\t\t\t\t\t  \n\t\t\t\t\t\t\t  \n\t\t\t\t\t\t\t  <\/a>\n\n\t\t\t\t\t\t  <\/div>\n\t\t\t\t\t\t  <div class=\"relatedthumb \" style=\"width:125px;float:left;overflow:hidden;\">  \n\t\t\t\t\t\t\t  \n\t\t\t\t\t\t\t  <a  href=\"https:\/\/redept.com.br\/blogosfera\/apos-tornozeleira-centrao-avalia-situacao-de-bolsonaro-como-irreversivel\/\"  >\n\t\t\t\t\t\t\t\t\t  <div class=\"yuzo-img-wrap \" style=\"width: 125px;height:90px;\">\n\t\t\t\t\t\t\t\t\t\t\n\t\t\t\t\t\t\t\t\t\t<div class=\"yuzo-img\" style=\"background:url('https:\/\/redept.com.br\/blogosfera\/wp-content\/uploads\/2025\/07\/Bolsonaro-tornozeleira-150x150.jpg') 50% 50% no-repeat;width: 125px;height:90px;margin-bottom: 5px;background-size: cover; \"><\/div>\n\t\t\t\t\t\t\t\t\t  <\/div>\n\t\t\t\t\t\t\t\t\t  \n\t\t\t\t\t\t\t\t   <span class=\"yuzo__text--title\" style=\"font-size:13px;\">Ap\u00f3s tornozeleira, Centr\u00e3o avalia situa\u00e7\u00e3o de Bols...<\/span>\n\t\t\t\t\t\t\t  \n\t\t\t\t\t\t\t  \n\t\t\t\t\t\t\t  <\/a>\n\n\t\t\t\t\t\t  <\/div>\n\t\t\t\t\t\t  <div class=\"relatedthumb \" style=\"width:125px;float:left;overflow:hidden;\">  \n\t\t\t\t\t\t\t  \n\t\t\t\t\t\t\t  <a  href=\"https:\/\/redept.com.br\/blogosfera\/parlamentares-elevam-tom-das-criticas-na-cldf-apos-ausencia-de-presidente-do-brb-em-comissao\/\"  >\n\t\t\t\t\t\t\t\t\t  <div class=\"yuzo-img-wrap \" style=\"width: 125px;height:90px;\">\n\t\t\t\t\t\t\t\t\t\t\n\t\t\t\t\t\t\t\t\t\t<div class=\"yuzo-img\" style=\"background:url('https:\/\/redept.org\/blogosfera\/wp-content\/plugins\/yuzo-related-post\/assets\/images\/default.png') 50% 50% no-repeat;width: 125px;height:90px;margin-bottom: 5px;background-size: cover; \"><\/div>\n\t\t\t\t\t\t\t\t\t  <\/div>\n\t\t\t\t\t\t\t\t\t  \n\t\t\t\t\t\t\t\t   <span class=\"yuzo__text--title\" style=\"font-size:13px;\">Parlamentares elevam tom das cr\u00edticas na CLDF ap\u00f3s...<\/span>\n\t\t\t\t\t\t\t  \n\t\t\t\t\t\t\t  \n\t\t\t\t\t\t\t  <\/a>\n\n\t\t\t\t\t\t  <\/div>\n<\/div> <script>\n\t\t\t\t\t\t  jQuery(document).ready(function( $ ){\n\t\t\t\t\t\t\t\/\/jQuery('.yuzo_related_post').equalizer({ overflow : 'relatedthumb' });\n\t\t\t\t\t\t\tjQuery('.yuzo_related_post .yuzo_wraps').equalizer({ columns : '> div' });\n\t\t\t\t\t\t   })\n\t\t\t\t\t\t  <\/script> <!-- End Yuzo :) -->","protected":false},"excerpt":{"rendered":"<p>Organiza\u00e7\u00f5es populares, centrais sindicais e movimentos sociais brasileiros divulgaram, neste s\u00e1bado (3), uma s\u00e9rie de notas p\u00fablicas condenando os ataques militares dos Estados Unidos contra a Venezuela e o sequestro do presidente Nicol\u00e1s Maduro e de sua esposa, Cilia Flores. As manifesta\u00e7\u00f5es apontam viola\u00e7\u00e3o do direito internacional, denunciam inger\u00eancia imperialista e convocam mobiliza\u00e7\u00e3o em defesa [&hellip;]<\/p>\n","protected":false},"author":2,"featured_media":0,"comment_status":"open","ping_status":"closed","sticky":false,"template":"","format":"standard","meta":{"fifu_image_url":"","fifu_image_alt":"","footnotes":""},"categories":[5475,280,32786,282,1023,3696,9,32787,278,302,2328,2827,1048,5743,1049],"tags":[],"class_list":["post-69168","post","type-post","status-publish","format-standard","hentry","category-cebrapaz","category-centrais-sindicais","category-conam","category-ctb","category-donald-trump","category-doutrina-monroe","category-eua","category-in-tervencao","category-movimentos","category-mst","category-nicolas-maduro","category-petroleo","category-soberania","category-ubm","category-venezuela"],"_links":{"self":[{"href":"https:\/\/redept.com.br\/blogosfera\/wp-json\/wp\/v2\/posts\/69168","targetHints":{"allow":["GET"]}}],"collection":[{"href":"https:\/\/redept.com.br\/blogosfera\/wp-json\/wp\/v2\/posts"}],"about":[{"href":"https:\/\/redept.com.br\/blogosfera\/wp-json\/wp\/v2\/types\/post"}],"author":[{"embeddable":true,"href":"https:\/\/redept.com.br\/blogosfera\/wp-json\/wp\/v2\/users\/2"}],"replies":[{"embeddable":true,"href":"https:\/\/redept.com.br\/blogosfera\/wp-json\/wp\/v2\/comments?post=69168"}],"version-history":[{"count":0,"href":"https:\/\/redept.com.br\/blogosfera\/wp-json\/wp\/v2\/posts\/69168\/revisions"}],"wp:attachment":[{"href":"https:\/\/redept.com.br\/blogosfera\/wp-json\/wp\/v2\/media?parent=69168"}],"wp:term":[{"taxonomy":"category","embeddable":true,"href":"https:\/\/redept.com.br\/blogosfera\/wp-json\/wp\/v2\/categories?post=69168"},{"taxonomy":"post_tag","embeddable":true,"href":"https:\/\/redept.com.br\/blogosfera\/wp-json\/wp\/v2\/tags?post=69168"}],"curies":[{"name":"wp","href":"https:\/\/api.w.org\/{rel}","templated":true}]}}