{"id":69263,"date":"2026-01-04T18:43:23","date_gmt":"2026-01-04T21:43:23","guid":{"rendered":"https:\/\/redept.com.br\/blogosfera\/movimentos-farao-ato-em-defesa-da-democracia-e-contra-a-anistia-no-dia-8\/"},"modified":"2026-01-04T18:43:23","modified_gmt":"2026-01-04T21:43:23","slug":"movimentos-farao-ato-em-defesa-da-democracia-e-contra-a-anistia-no-dia-8","status":"publish","type":"post","link":"https:\/\/redept.com.br\/blogosfera\/movimentos-farao-ato-em-defesa-da-democracia-e-contra-a-anistia-no-dia-8\/","title":{"rendered":"Movimentos far\u00e3o ato em defesa da democracia e contra a anistia no dia 8"},"content":{"rendered":"<p><img fetchpriority=\"high\" width=\"823\" height=\"462\"src=\"https:\/\/redept.com.br\/blogosfera\/wp-content\/uploads\/2026\/01\/ok-semanistia_Roberto-Parizotti.jpg\" alt=\"\" decoding=\"async\" srcset=\"https:\/\/redept.com.br\/blogosfera\/wp-content\/uploads\/2026\/01\/ok-semanistia_Roberto-Parizotti.jpg 823w, https:\/\/vermelho.org.br\/wp-content\/uploads\/2026\/01\/ok-semanistia_Roberto-Parizotti-300x168.jpg 300w, https:\/\/vermelho.org.br\/wp-content\/uploads\/2026\/01\/ok-semanistia_Roberto-Parizotti-768x431.jpg 768w\" sizes=\"(max-width: 823px) 100vw, 823px\"><\/p>\n<p>A pr\u00f3xima quinta-feira (8) \u2014 data que marca os tr\u00eas anos da tentativa de golpe por bolsonaristas \u2014 ter\u00e1 atos em Bras\u00edlia em defesa da democracia e contra o Projeto de Lei da \u201cDosimetria\u201d, anistia disfar\u00e7ada aprovada pelo Congresso no final do ano.<\/p>\n<p>A partir das 10h30, haver\u00e1 uma cerim\u00f4nia oficial no Pal\u00e1cio do Planalto para autoridades dos Tr\u00eas Poderes e convidados. Conforme noticiado anteriormente, a atividade poder\u00e1 marcar o veto do presidente Luiz In\u00e1cio Lula da Silva ao PL da Dosimetria.<\/p>\n<p>No mesmo hor\u00e1rio, as frentes Brasil Popular e Povo Sem Medo, centrais sindicais, partidos pol\u00edticos e diversos movimentos sociais far\u00e3o manifesta\u00e7\u00e3o p\u00fablica em frente ao Pal\u00e1cio do Planalto, contra a anistia e em defesa da democracia. Ao fim do ato oficial, o presidente Lula dever\u00e1 descer a rampa do pal\u00e1cio, indo ao encontro da milit\u00e2ncia.<\/p>\n<p>O Supremo Tribunal Federal (STF) tamb\u00e9m far\u00e1 atividades na mesma data. Com o nome \u201cDemocracia Inabalada: 8 de janeiro \u2013 um dia para n\u00e3o esquecer\u201d, a programa\u00e7\u00e3o inclui a abertura da exposi\u00e7\u00e3o \u201c8 de janeiro: M\u00e3os da Reconstru\u00e7\u00e3o\u201d, a ser exibida no Espa\u00e7o do Servidor, no STF.<\/p>\n<p>Em seguida, ser\u00e1 exibido o document\u00e1rio \u201cDemocracia Inabalada: M\u00e3os da Reconstru\u00e7\u00e3o\u201d no Museu do pr\u00f3prio tribunal.<\/p>\n<p>Na sequ\u00eancia, haver\u00e1 uma roda de conversa com profissionais da imprensa sobre o tema, tamb\u00e9m no Museu do STF e, por fim, a mesa-redonda \u201cUm dia para n\u00e3o esquecer\u201d, no sal\u00e3o nobre do Supremo.<\/p>\n<p><strong>O 8 de Janeiro e seus desdobramentos<\/strong><\/p>\n<p>O dia 8 de janeiro ficou tristemente marcado na hist\u00f3ria do Brasil pela destrui\u00e7\u00e3o das sedes dos Tr\u00eas Poderes por bolsonaristas que, insatisfeitos com a posse de Luiz In\u00e1cio Lula da Silva como presidente da Rep\u00fablica, ocorrida uma semana antes, buscavam retomar o poder \u00e0 for\u00e7a por meio de um golpe de Estado.<\/p>\n<p>Os atos foram parte de um longo processo de ataques \u00e0s institui\u00e7\u00f5es, liderados pelo ex-presidente Jair Bolsonaro, que almejava continuar seu projeto autorit\u00e1rio mesmo ap\u00f3s a vit\u00f3ria de seu oponente em outubro de 2022. Mais de 1,4 mil pessoas foram presas pelos ataques no 8 de janeiro e, at\u00e9 setembro, 141 ainda estavam presas ap\u00f3s terem sido condenadas numa s\u00e9rie de julgamentos no STF.<\/p>\n<p>Jair Bolsonaro e o n\u00facleo crucial da trama golpista foram condenados em setembro de 2025. O ex-presidente cumpre pena de 27 anos e tr\u00eas meses de pris\u00e3o e teve sua inelegibilidade \u2014 declarada anteriormente por condena\u00e7\u00e3o no Tribunal Superior Eleitoral (TSE) por abuso de poder pol\u00edtico \u2014 estendida at\u00e9 2060.<\/p>\n<p><strong>Saiba mais:<\/strong> <a href=\"https:\/\/vermelho.org.br\/2025\/12\/24\/o-ano-em-que-finalmente-o-brasil-puniu-golpistas\/\">O ano em que finalmente o Brasil puniu golpistas<\/a><\/p>\n<p>Na sequ\u00eancia, os demais n\u00facleos golpistas foram julgados e a maioria dos acusados foi condenada. Os julgamentos terminaram no final do ano passado.<\/p>\n<p>Por\u00e9m, mesmo antes do julgamento final de Bolsonaro, a extrema-direita tentou impedir o julgamento e, ao mesmo tempo, fazer passar uma anistia.<\/p>\n<p>Em preju\u00edzo do pr\u00f3prio pa\u00eds, o ent\u00e3o deputado Eduardo Bolsonaro (PL-SP) articulou junto ao governo de Donald Trump, ao longo do primeiro semestre de 2025, formas de chantagear as autoridades brasileiras a fim de barrar o julgamento, o que resultou no tarifa\u00e7o de 50%, mais tarde revertido por a\u00e7\u00e3o do governo Lula.<\/p>\n<p>Na frente parlamentar, os bolsonaristas tentaram fazer passar, inicialmente sem sucesso, propostas para anistiar Bolsonaro. O mais recente, aprovado pela C\u00e2mara e depois pelo Senado no final de 2025, foi o Projeto de Lei da Dosimetria. Sob a falsa justificativa de reduzir as penas dos golpistas, na pr\u00e1tica a mat\u00e9ria tem o objetivo de livrar Bolsonaro e demais l\u00edderes de suas respectivas penas.<\/p>\n<p><strong>Saiba mais: <\/strong><a href=\"https:\/\/vermelho.org.br\/2025\/12\/18\/dosimetria-passa-no-senado-mas-e-alvo-de-acao-no-stf-e-sera-vetada-por-lula\/\">Dosimetria passa no Senado, mas \u00e9 alvo de a\u00e7\u00e3o no STF e ser\u00e1 vetada por Lula<\/a><\/p>\n<p>Logo ap\u00f3s a tramita\u00e7\u00e3o final, o presidente Lula disse que vetar\u00e1 o projeto. Al\u00e9m disso, o presidente excluiu os golpistas do 8 de janeiro do indulto natalino. <\/p>\n<p>A aprova\u00e7\u00e3o do projeto gerou revolta em boa parte da popula\u00e7\u00e3o, que foi \u00e0s ruas novamente contra a anistia disfar\u00e7ada e tem ocupado as redes sociais denunciando a manobra para livrar os criminosos que atentaram contra o pa\u00eds e a democracia.<\/p>\n<p>As manifesta\u00e7\u00f5es da pr\u00f3xima quinta s\u00e3o mais um desdobramento da insatisfa\u00e7\u00e3o com a impunidade aprovada pela maioria dos parlamentares e dever\u00e1 prosseguir mesmo ap\u00f3s o veto presidencial, j\u00e1 que o Congresso poder\u00e1 derrub\u00e1-lo ap\u00f3s o fim do recesso parlamentar. Al\u00e9m dessas movimenta\u00e7\u00f5es, tamb\u00e9m h\u00e1 a\u00e7\u00e3o no STF contra o PL.<\/p>\n<p>O post <a href=\"https:\/\/vermelho.org.br\/2026\/01\/04\/movimentos-farao-ato-em-defesa-da-democracia-e-contra-a-anistia-no-dia-8\/\">Movimentos far\u00e3o ato em defesa da democracia e contra a anistia no dia 8<\/a> apareceu primeiro em <a href=\"https:\/\/vermelho.org.br\/\">Vermelho<\/a>.<\/p>\n<!-- Begin Yuzo --><div class='yuzo_related_post style-1'  data-version='5.12.89'><!-- without result --><div class='yuzo_clearfixed yuzo__title yuzo__title'><h3>Related Post<\/h3><\/div>\n\t\t\t\t\t\t  <div class=\"relatedthumb \" style=\"width:125px;float:left;overflow:hidden;\">  \n\t\t\t\t\t\t\t  \n\t\t\t\t\t\t\t  <a  href=\"https:\/\/redept.com.br\/blogosfera\/norberto-manica-mandante-da-chacina-de-unai-e-preso-no-rio-grande-do-sul-21-anos-depois-do-crime\/\"  >\n\t\t\t\t\t\t\t\t\t  <div class=\"yuzo-img-wrap \" style=\"width: 125px;height:90px;\">\n\t\t\t\t\t\t\t\t\t\t\n\t\t\t\t\t\t\t\t\t\t<div class=\"yuzo-img\" style=\"background:url('https:\/\/redept.org\/blogosfera\/wp-content\/plugins\/yuzo-related-post\/assets\/images\/default.png') 50% 50% no-repeat;width: 125px;height:90px;margin-bottom: 5px;background-size: cover; \"><\/div>\n\t\t\t\t\t\t\t\t\t  <\/div>\n\t\t\t\t\t\t\t\t\t  \n\t\t\t\t\t\t\t\t   <span class=\"yuzo__text--title\" style=\"font-size:13px;\">Norberto M\u00e2nica, mandante da Chacina de Una\u00ed, \u00e9 pr...<\/span>\n\t\t\t\t\t\t\t  \n\t\t\t\t\t\t\t  \n\t\t\t\t\t\t\t  <\/a>\n\n\t\t\t\t\t\t  <\/div>\n\t\t\t\t\t\t  <div class=\"relatedthumb \" style=\"width:125px;float:left;overflow:hidden;\">  \n\t\t\t\t\t\t\t  \n\t\t\t\t\t\t\t  <a  href=\"https:\/\/redept.com.br\/blogosfera\/sobrecarga-e-desvalorizacao-a-realidade-dos-professores-goianos-na-gestao-caiado\/\"  >\n\t\t\t\t\t\t\t\t\t  <div class=\"yuzo-img-wrap \" style=\"width: 125px;height:90px;\">\n\t\t\t\t\t\t\t\t\t\t\n\t\t\t\t\t\t\t\t\t\t<div class=\"yuzo-img\" style=\"background:url('https:\/\/redept.com.br\/blogosfera\/wp-content\/uploads\/2025\/04\/Foto-de-Capa-8-3-150x150.png') 50% 50% no-repeat;width: 125px;height:90px;margin-bottom: 5px;background-size: cover; \"><\/div>\n\t\t\t\t\t\t\t\t\t  <\/div>\n\t\t\t\t\t\t\t\t\t  \n\t\t\t\t\t\t\t\t   <span class=\"yuzo__text--title\" style=\"font-size:13px;\">Sobrecarga e desvaloriza\u00e7\u00e3o: a realidade dos profe...<\/span>\n\t\t\t\t\t\t\t  \n\t\t\t\t\t\t\t  \n\t\t\t\t\t\t\t  <\/a>\n\n\t\t\t\t\t\t  <\/div>\n\t\t\t\t\t\t  <div class=\"relatedthumb \" style=\"width:125px;float:left;overflow:hidden;\">  \n\t\t\t\t\t\t\t  \n\t\t\t\t\t\t\t  <a  href=\"https:\/\/redept.com.br\/blogosfera\/como-a-seguranca-desperdica-dinheiro-publico\/\"  >\n\t\t\t\t\t\t\t\t\t  <div class=\"yuzo-img-wrap \" style=\"width: 125px;height:90px;\">\n\t\t\t\t\t\t\t\t\t\t\n\t\t\t\t\t\t\t\t\t\t<div class=\"yuzo-img\" style=\"background:url('https:\/\/redept.com.br\/blogosfera\/wp-content\/uploads\/2026\/04\/4e29bd98-9904-4472-8680-20762034e44e-150x150.jpg') 50% 50% no-repeat;width: 125px;height:90px;margin-bottom: 5px;background-size: cover; \"><\/div>\n\t\t\t\t\t\t\t\t\t  <\/div>\n\t\t\t\t\t\t\t\t\t  \n\t\t\t\t\t\t\t\t   <span class=\"yuzo__text--title\" style=\"font-size:13px;\">Como a Seguran\u00e7a desperdi\u00e7a dinheiro p\u00fablico<\/span>\n\t\t\t\t\t\t\t  \n\t\t\t\t\t\t\t  \n\t\t\t\t\t\t\t  <\/a>\n\n\t\t\t\t\t\t  <\/div>\n\t\t\t\t\t\t  <div class=\"relatedthumb \" style=\"width:125px;float:left;overflow:hidden;\">  \n\t\t\t\t\t\t\t  \n\t\t\t\t\t\t\t  <a  href=\"https:\/\/sul21.com.br\/noticias\/geral\/2025\/12\/terceirizados-da-equatorial-protestam-por-mas-condicoes-em-alojamento-e-atrasos-nos-salarios\/\"  >\n\t\t\t\t\t\t\t\t\t  <div class=\"yuzo-img-wrap \" style=\"width: 125px;height:90px;\">\n\t\t\t\t\t\t\t\t\t\t\n\t\t\t\t\t\t\t\t\t\t<div class=\"yuzo-img\" style=\"background:url('https:\/\/redept.org\/blogosfera\/wp-content\/plugins\/yuzo-related-post\/assets\/images\/default.png') 50% 50% no-repeat;width: 125px;height:90px;margin-bottom: 5px;background-size: cover; \"><\/div>\n\t\t\t\t\t\t\t\t\t  <\/div>\n\t\t\t\t\t\t\t\t\t  \n\t\t\t\t\t\t\t\t   <span class=\"yuzo__text--title\" style=\"font-size:13px;\">Terceirizados da Equatorial protestam por m\u00e1s cond...<\/span>\n\t\t\t\t\t\t\t  \n\t\t\t\t\t\t\t  \n\t\t\t\t\t\t\t  <\/a>\n\n\t\t\t\t\t\t  <\/div>\n<\/div> <script>\n\t\t\t\t\t\t  jQuery(document).ready(function( $ ){\n\t\t\t\t\t\t\t\/\/jQuery('.yuzo_related_post').equalizer({ overflow : 'relatedthumb' });\n\t\t\t\t\t\t\tjQuery('.yuzo_related_post .yuzo_wraps').equalizer({ columns : '> div' });\n\t\t\t\t\t\t   })\n\t\t\t\t\t\t  <\/script> <!-- End Yuzo :) -->","protected":false},"excerpt":{"rendered":"<p>A pr\u00f3xima quinta-feira (8) \u2014 data que marca os tr\u00eas anos da tentativa de golpe por bolsonaristas \u2014 ter\u00e1 atos em Bras\u00edlia em defesa da democracia e contra o Projeto de Lei da \u201cDosimetria\u201d, anistia disfar\u00e7ada aprovada pelo Congresso no final do ano. A partir das 10h30, haver\u00e1 uma cerim\u00f4nia oficial no Pal\u00e1cio do Planalto [&hellip;]<\/p>\n","protected":false},"author":2,"featured_media":0,"comment_status":"open","ping_status":"closed","sticky":false,"template":"","format":"standard","meta":{"fifu_image_url":"","fifu_image_alt":"","footnotes":""},"categories":[16774,1272,278,20752,32852,2609],"tags":[],"class_list":["post-69263","post","type-post","status-publish","format-standard","hentry","category-8-de-janeiro-de-2023","category-golpismo-bolsonarista","category-movimentos","category-pl-da-dosimetria","category-protesto-contra-a-anistia","category-sem-anistia"],"_links":{"self":[{"href":"https:\/\/redept.com.br\/blogosfera\/wp-json\/wp\/v2\/posts\/69263","targetHints":{"allow":["GET"]}}],"collection":[{"href":"https:\/\/redept.com.br\/blogosfera\/wp-json\/wp\/v2\/posts"}],"about":[{"href":"https:\/\/redept.com.br\/blogosfera\/wp-json\/wp\/v2\/types\/post"}],"author":[{"embeddable":true,"href":"https:\/\/redept.com.br\/blogosfera\/wp-json\/wp\/v2\/users\/2"}],"replies":[{"embeddable":true,"href":"https:\/\/redept.com.br\/blogosfera\/wp-json\/wp\/v2\/comments?post=69263"}],"version-history":[{"count":0,"href":"https:\/\/redept.com.br\/blogosfera\/wp-json\/wp\/v2\/posts\/69263\/revisions"}],"wp:attachment":[{"href":"https:\/\/redept.com.br\/blogosfera\/wp-json\/wp\/v2\/media?parent=69263"}],"wp:term":[{"taxonomy":"category","embeddable":true,"href":"https:\/\/redept.com.br\/blogosfera\/wp-json\/wp\/v2\/categories?post=69263"},{"taxonomy":"post_tag","embeddable":true,"href":"https:\/\/redept.com.br\/blogosfera\/wp-json\/wp\/v2\/tags?post=69263"}],"curies":[{"name":"wp","href":"https:\/\/api.w.org\/{rel}","templated":true}]}}