{"id":69380,"date":"2026-01-05T16:03:16","date_gmt":"2026-01-05T19:03:16","guid":{"rendered":"https:\/\/redept.com.br\/blogosfera\/colonizacao-israelense-seca-nascentes-e-expulsa-palestinos-da-cisjordania\/"},"modified":"2026-01-05T16:03:16","modified_gmt":"2026-01-05T19:03:16","slug":"colonizacao-israelense-seca-nascentes-e-expulsa-palestinos-da-cisjordania","status":"publish","type":"post","link":"https:\/\/redept.com.br\/blogosfera\/colonizacao-israelense-seca-nascentes-e-expulsa-palestinos-da-cisjordania\/","title":{"rendered":"Coloniza\u00e7\u00e3o israelense seca nascentes e expulsa palestinos da Cisjord\u00e2nia"},"content":{"rendered":"<p><img fetchpriority=\"high\" width=\"770\" height=\"513\"src=\"https:\/\/redept.com.br\/blogosfera\/wp-content\/uploads\/2026\/01\/Wadi-Auja-now-prohibited-for-Palestinians-to-access-1757221750.webp\" alt=\"\" decoding=\"async\" srcset=\"https:\/\/redept.com.br\/blogosfera\/wp-content\/uploads\/2026\/01\/Wadi-Auja-now-prohibited-for-Palestinians-to-access-1757221750.webp 770w, https:\/\/vermelho.org.br\/wp-content\/uploads\/2026\/01\/Wadi-Auja-now-prohibited-for-Palestinians-to-access-1757221750-300x200.webp 300w, https:\/\/vermelho.org.br\/wp-content\/uploads\/2026\/01\/Wadi-Auja-now-prohibited-for-Palestinians-to-access-1757221750-768x512.webp 768w, https:\/\/vermelho.org.br\/wp-content\/uploads\/2026\/01\/Wadi-Auja-now-prohibited-for-Palestinians-to-access-1757221750-272x182.webp 272w\" sizes=\"(max-width: 770px) 100vw, 770px\"><\/p>\n<p>Na Cisjord\u00e2nia ocupada, a \u00e1gua \u2014 fonte hist\u00f3rica de vida e sustento \u2014 tornou-se instrumento de domina\u00e7\u00e3o. Em al-Auja, uma das mais antigas bacias hidrogr\u00e1ficas da Palestina, fam\u00edlias palestinas relatam que assentamentos israelenses cercaram nascentes, instalaram bombas e secaram os canais que abasteciam a comunidade h\u00e1 gera\u00e7\u00f5es, aprofundando uma crise estrutural descrita por especialistas como \u201capartheid h\u00eddrico\u201d.<\/p>\n<p>A desigualdade no acesso \u00e9 mensur\u00e1vel. Jad Isaac, diretor do Instituto de Pesquisa Aplicada de Jerusal\u00e9m (ARIJ), afirma que um colono israelense consome cerca de sete vezes mais \u00e1gua do que um palestino. Enquanto a cota palestina n\u00e3o ultrapassa 80 litros por pessoa\/dia, em comunidades marginalizadas ela cai para menos de 15 litros \u2014 muito abaixo da recomenda\u00e7\u00e3o m\u00ednima global de 100 litros.<\/p>\n<p><strong>Nascente cercada, canos secos<\/strong><\/p>\n<p>A nascente de al-Auja jorra h\u00e1 s\u00e9culos no Vale do Jord\u00e3o. Hoje, um assentamento israelense se interp\u00f5e entre os moradores e a \u00e1gua. Segundo relatos locais, colonos cercaram a \u00e1rea e passaram a extrair diretamente do aqu\u00edfero, inclusive a centenas de metros abaixo da nascente.<\/p>\n<p>Do alto, a assimetria \u00e9 vis\u00edvel: imagens a\u00e9reas mostram estufas palestinas murchas ao lado de assentamentos agr\u00edcolas verdes e irrigados, abastecidos por \u00e1gua confiscada.<\/p>\n<p><strong>A \u201carmadilha de Oslo\u201d<\/strong><\/p>\n<p>Com fontes bloqueadas ou tomadas, os palestinos foram empurrados para uma depend\u00eancia estrutural. Isaac descreve os Acordos de Oslo como uma \u201carmadilha\u201d: Israel recusou negociar direitos h\u00eddricos e imp\u00f4s que necessidades palestinas sejam submetidas \u00e0 aprova\u00e7\u00e3o israelense \u2014 que, ent\u00e3o, vende a \u00e1gua de volta.<\/p>\n<p>A Autoridade Palestina compra mais de 100 milh\u00f5es de metros c\u00fabicos por ano de empresas israelenses, efetivamente recomprando seus pr\u00f3prios recursos. Ordens militares consolidaram o controle total das fontes e novas barreiras \u2014 como o chamado \u201cmuro carmesim\u201d no norte do Vale do Jord\u00e3o \u2014 ampliam a separa\u00e7\u00e3o entre comunidades e terras agr\u00edcolas.<\/p>\n<p>Organiza\u00e7\u00f5es de direitos humanos alertam que a escassez induzida funciona como press\u00e3o para expuls\u00e3o silenciosa. Dados do ARIJ indicam que mais de 56 nascentes na Cisjord\u00e2nia sofreram ataques ou ocupa\u00e7\u00f5es por colonos.<br \/>\u201cA apreens\u00e3o das nascentes indica a passagem do controle de recursos para a coer\u00e7\u00e3o direta sobre a popula\u00e7\u00e3o\u201d, diz Isaac. O resultado \u00e9 migra\u00e7\u00e3o for\u00e7ada e desmantelamento de comunidades rurais \u2014 um \u201cdeslocamento lento\u201d.<\/p>\n<p><strong>Endosso governamental e desmonte da infraestrutura<\/strong><\/p>\n<p>A apropria\u00e7\u00e3o h\u00eddrica conta com respaldo pol\u00edtico. Em v\u00eddeo que circula nas redes, o ministro das Finan\u00e7as israelense, Bezalel Smotrich, elogia colonos por retomarem \u201co controle\u201d de po\u00e7os e \u00e1reas. Enquanto isso, obras palestinas s\u00e3o barradas: barragens de capta\u00e7\u00e3o de chuva s\u00e3o proibidas, cisternas demolidas e, com o muro de separa\u00e7\u00e3o, ao menos 31 po\u00e7os artesianos ficaram isolados.<\/p>\n<p>Estudos apontam que o controle h\u00eddrico \u00e9 central \u00e0 coloniza\u00e7\u00e3o. A Lei da \u00c1gua de 1959 declarou todos os recursos como propriedade p\u00fablica do Estado israelense, consolidando uma gest\u00e3o centralizada que prioriza assentamentos, especialmente em regi\u00f5es \u00e1ridas, e exclui palestinos \u2014 incluindo comunidades bedu\u00ednas. A ret\u00f3rica de \u201cfazer o deserto florescer\u201d sustentou megaprojetos de desvio, n\u00e3o para sustentabilidade, mas para fixa\u00e7\u00e3o de colonos e refor\u00e7o de fronteiras.<\/p>\n<p><strong>Escassez fabricada, crise alimentar e de sa\u00fade<\/strong><\/p>\n<p>A restri\u00e7\u00e3o \u00e0 \u00e1gua compromete a soberania alimentar e a sa\u00fade. Sem irriga\u00e7\u00e3o e pastagem, fam\u00edlias dependem de alimentos ultraprocessados; entre bedu\u00ednos urbanizados, a incid\u00eancia de diabetes disparou, fen\u00f4meno raro at\u00e9 meados do s\u00e9culo XX. A escassez, frequentemente apresentada como natural, \u00e9 produzida pela apropria\u00e7\u00e3o desigual.<\/p>\n<p>Pesquisadores concluem que a crise n\u00e3o decorre de \u201ch\u00e1bitos\u201d, mas da desapropria\u00e7\u00e3o de terra e \u00e1gua. A justi\u00e7a h\u00eddrica \u00e9 insepar\u00e1vel da descoloniza\u00e7\u00e3o: sem acesso equitativo aos recursos naturais, n\u00e3o h\u00e1 sa\u00fade p\u00fablica, seguran\u00e7a alimentar nem direitos humanos. A experi\u00eancia da Cisjord\u00e2nia serve de alerta global: quando a \u00e1gua vira commodity e instrumento de poder, popula\u00e7\u00f5es locais pagam o pre\u00e7o mais alto.<\/p>\n<p><em>Com informa\u00e7\u00f5es da Aljazira<\/em><\/p>\n<p>O post <a href=\"https:\/\/vermelho.org.br\/2026\/01\/05\/colonizacao-israelense-seca-nascentes-e-expulsa-palestinos-da-cisjordania\/\">Coloniza\u00e7\u00e3o israelense seca nascentes e expulsa palestinos da Cisjord\u00e2nia<\/a> apareceu primeiro em <a href=\"https:\/\/vermelho.org.br\/\">Vermelho<\/a>.<\/p>\n<!-- Begin Yuzo --><div class='yuzo_related_post style-1'  data-version='5.12.89'><!-- without result --><div class='yuzo_clearfixed yuzo__title yuzo__title'><h3>Related Post<\/h3><\/div>\n\t\t\t\t\t\t  <div class=\"relatedthumb \" style=\"width:125px;float:left;overflow:hidden;\">  \n\t\t\t\t\t\t\t  \n\t\t\t\t\t\t\t  <a  href=\"https:\/\/redept.com.br\/blogosfera\/lula-destaca-proposta-chinesa-e-defende-governanca-global-da-ia-em-cupula-na-india\/\"  >\n\t\t\t\t\t\t\t\t\t  <div class=\"yuzo-img-wrap \" style=\"width: 125px;height:90px;\">\n\t\t\t\t\t\t\t\t\t\t\n\t\t\t\t\t\t\t\t\t\t<div class=\"yuzo-img\" style=\"background:url('https:\/\/redept.org\/blogosfera\/wp-content\/plugins\/yuzo-related-post\/assets\/images\/default.png') 50% 50% no-repeat;width: 125px;height:90px;margin-bottom: 5px;background-size: cover; \"><\/div>\n\t\t\t\t\t\t\t\t\t  <\/div>\n\t\t\t\t\t\t\t\t\t  \n\t\t\t\t\t\t\t\t   <span class=\"yuzo__text--title\" style=\"font-size:13px;\">Lula destaca proposta chinesa e defende governan\u00e7a...<\/span>\n\t\t\t\t\t\t\t  \n\t\t\t\t\t\t\t  \n\t\t\t\t\t\t\t  <\/a>\n\n\t\t\t\t\t\t  <\/div>\n\t\t\t\t\t\t  <div class=\"relatedthumb \" style=\"width:125px;float:left;overflow:hidden;\">  \n\t\t\t\t\t\t\t  \n\t\t\t\t\t\t\t  <a  href=\"https:\/\/redept.com.br\/blogosfera\/metas-climaticas-travam-cop30-se-aproxima-e-poucos-paises-avancam\/\"  >\n\t\t\t\t\t\t\t\t\t  <div class=\"yuzo-img-wrap \" style=\"width: 125px;height:90px;\">\n\t\t\t\t\t\t\t\t\t\t\n\t\t\t\t\t\t\t\t\t\t<div class=\"yuzo-img\" style=\"background:url('https:\/\/redept.com.br\/blogosfera\/wp-content\/uploads\/2025\/02\/chris-leboutillier-TUJud0AWAPI-unsplash-scaled-1-2048x1366-1-150x150.webp') 50% 50% no-repeat;width: 125px;height:90px;margin-bottom: 5px;background-size: cover; \"><\/div>\n\t\t\t\t\t\t\t\t\t  <\/div>\n\t\t\t\t\t\t\t\t\t  \n\t\t\t\t\t\t\t\t   <span class=\"yuzo__text--title\" style=\"font-size:13px;\">Metas clim\u00e1ticas travam: COP30 se aproxima e pouco...<\/span>\n\t\t\t\t\t\t\t  \n\t\t\t\t\t\t\t  \n\t\t\t\t\t\t\t  <\/a>\n\n\t\t\t\t\t\t  <\/div>\n\t\t\t\t\t\t  <div class=\"relatedthumb \" style=\"width:125px;float:left;overflow:hidden;\">  \n\t\t\t\t\t\t\t  \n\t\t\t\t\t\t\t  <a  href=\"https:\/\/redept.com.br\/blogosfera\/brumadinho-jogo-ainda-esta-sendo-jogado-no-processo-criminal-contra-a-vale-dizem-advogados\/\"  >\n\t\t\t\t\t\t\t\t\t  <div class=\"yuzo-img-wrap \" style=\"width: 125px;height:90px;\">\n\t\t\t\t\t\t\t\t\t\t\n\t\t\t\t\t\t\t\t\t\t<div class=\"yuzo-img\" style=\"background:url('https:\/\/redept.org\/blogosfera\/wp-content\/plugins\/yuzo-related-post\/assets\/images\/default.png') 50% 50% no-repeat;width: 125px;height:90px;margin-bottom: 5px;background-size: cover; \"><\/div>\n\t\t\t\t\t\t\t\t\t  <\/div>\n\t\t\t\t\t\t\t\t\t  \n\t\t\t\t\t\t\t\t   <span class=\"yuzo__text--title\" style=\"font-size:13px;\">Brumadinho: \u2018Jogo ainda est\u00e1 sendo jogado no proce...<\/span>\n\t\t\t\t\t\t\t  \n\t\t\t\t\t\t\t  \n\t\t\t\t\t\t\t  <\/a>\n\n\t\t\t\t\t\t  <\/div>\n\t\t\t\t\t\t  <div class=\"relatedthumb \" style=\"width:125px;float:left;overflow:hidden;\">  \n\t\t\t\t\t\t\t  \n\t\t\t\t\t\t\t  <a  href=\"https:\/\/redept.com.br\/blogosfera\/denise-pessoa-lanca-ferramenta-digital-para-ouvir-e-engajar-o-setor-cultural\/\"  >\n\t\t\t\t\t\t\t\t\t  <div class=\"yuzo-img-wrap \" style=\"width: 125px;height:90px;\">\n\t\t\t\t\t\t\t\t\t\t\n\t\t\t\t\t\t\t\t\t\t<div class=\"yuzo-img\" style=\"background:url('https:\/\/redept.org\/blogosfera\/wp-content\/plugins\/yuzo-related-post\/assets\/images\/default.png') 50% 50% no-repeat;width: 125px;height:90px;margin-bottom: 5px;background-size: cover; \"><\/div>\n\t\t\t\t\t\t\t\t\t  <\/div>\n\t\t\t\t\t\t\t\t\t  \n\t\t\t\t\t\t\t\t   <span class=\"yuzo__text--title\" style=\"font-size:13px;\">Denise Pess\u00f4a lan\u00e7a ferramenta digital para ouvir ...<\/span>\n\t\t\t\t\t\t\t  \n\t\t\t\t\t\t\t  \n\t\t\t\t\t\t\t  <\/a>\n\n\t\t\t\t\t\t  <\/div>\n<\/div> <script>\n\t\t\t\t\t\t  jQuery(document).ready(function( $ ){\n\t\t\t\t\t\t\t\/\/jQuery('.yuzo_related_post').equalizer({ overflow : 'relatedthumb' });\n\t\t\t\t\t\t\tjQuery('.yuzo_related_post .yuzo_wraps').equalizer({ columns : '> div' });\n\t\t\t\t\t\t   })\n\t\t\t\t\t\t  <\/script> <!-- End Yuzo :) -->","protected":false},"excerpt":{"rendered":"<p>Na Cisjord\u00e2nia ocupada, a \u00e1gua \u2014 fonte hist\u00f3rica de vida e sustento \u2014 tornou-se instrumento de domina\u00e7\u00e3o. Em al-Auja, uma das mais antigas bacias hidrogr\u00e1ficas da Palestina, fam\u00edlias palestinas relatam que assentamentos israelenses cercaram nascentes, instalaram bombas e secaram os canais que abasteciam a comunidade h\u00e1 gera\u00e7\u00f5es, aprofundando uma crise estrutural descrita por especialistas como [&hellip;]<\/p>\n","protected":false},"author":2,"featured_media":0,"comment_status":"open","ping_status":"closed","sticky":false,"template":"","format":"standard","meta":{"fifu_image_url":"","fifu_image_alt":"","footnotes":""},"categories":[32900,3248,7213,28002,50,25,54,126,1291],"tags":[],"class_list":["post-69380","post","type-post","status-publish","format-standard","hentry","category-apartheid-hidrico","category-cisjordania","category-colonizacao","category-crise-alimentar","category-internacional","category-israel","category-palestina","category-saude","category-seguranca-hidrica"],"_links":{"self":[{"href":"https:\/\/redept.com.br\/blogosfera\/wp-json\/wp\/v2\/posts\/69380","targetHints":{"allow":["GET"]}}],"collection":[{"href":"https:\/\/redept.com.br\/blogosfera\/wp-json\/wp\/v2\/posts"}],"about":[{"href":"https:\/\/redept.com.br\/blogosfera\/wp-json\/wp\/v2\/types\/post"}],"author":[{"embeddable":true,"href":"https:\/\/redept.com.br\/blogosfera\/wp-json\/wp\/v2\/users\/2"}],"replies":[{"embeddable":true,"href":"https:\/\/redept.com.br\/blogosfera\/wp-json\/wp\/v2\/comments?post=69380"}],"version-history":[{"count":0,"href":"https:\/\/redept.com.br\/blogosfera\/wp-json\/wp\/v2\/posts\/69380\/revisions"}],"wp:attachment":[{"href":"https:\/\/redept.com.br\/blogosfera\/wp-json\/wp\/v2\/media?parent=69380"}],"wp:term":[{"taxonomy":"category","embeddable":true,"href":"https:\/\/redept.com.br\/blogosfera\/wp-json\/wp\/v2\/categories?post=69380"},{"taxonomy":"post_tag","embeddable":true,"href":"https:\/\/redept.com.br\/blogosfera\/wp-json\/wp\/v2\/tags?post=69380"}],"curies":[{"name":"wp","href":"https:\/\/api.w.org\/{rel}","templated":true}]}}