{"id":69468,"date":"2026-01-06T11:31:14","date_gmt":"2026-01-06T14:31:14","guid":{"rendered":"https:\/\/redept.com.br\/blogosfera\/ano-comeca-com-aumento-nas-tarifas-do-transporte-publico-em-capitais-brasileiras\/"},"modified":"2026-01-06T11:31:14","modified_gmt":"2026-01-06T14:31:14","slug":"ano-comeca-com-aumento-nas-tarifas-do-transporte-publico-em-capitais-brasileiras","status":"publish","type":"post","link":"https:\/\/redept.com.br\/blogosfera\/ano-comeca-com-aumento-nas-tarifas-do-transporte-publico-em-capitais-brasileiras\/","title":{"rendered":"Ano come\u00e7a com aumento nas tarifas do transporte p\u00fablico em capitais brasileiras"},"content":{"rendered":"<p>O in\u00edcio de 2026 \u00e9 marcado por reajustes nas tarifas do transporte coletivo p\u00fablico em diversas capitais do pa\u00eds. Pelo menos cinco grandes cidades, <a href=\"https:\/\/sp156.prefeitura.sp.gov.br\/\" target=\"_blank\" rel=\"noopener noreferrer nofollow\">S\u00e3o Paulo<\/a>, Rio de Janeiro, Belo Horizonte, Florian\u00f3polis e Fortaleza, j\u00e1 aplicaram ou anunciaram aumentos nas passagens de \u00f4nibus, metr\u00f4, trens urbanos e outros modais, com validade entre o fim de dezembro e os primeiros dias de janeiro. Em Jo\u00e3o Pessoa, embora o transporte urbano municipal tenha sido mantido, houve reajuste nas linhas intermunicipais da regi\u00e3o metropolitana. Confira na <a href=\"https:\/\/tvtnews.com.br\/\"><strong><em>TVT News<\/em><\/strong><\/a>.<\/p>\n<p>O aumento ocorrem em meio a debates recorrentes sobre financiamento do transporte p\u00fablico, impacto no custo de vida e equil\u00edbrio financeiro dos sistemas, frequentemente pressionados pela alta de insumos, combust\u00edveis e custos operacionais.<\/p>\n<figure>\n<div>\n<blockquote data-secret=\"TkReB5XvhP\"><p><a href=\"https:\/\/tvtnews.com.br\/vereador-acao-suspensao-aumento-onibus-sp\/\">Vereador ingressa com a\u00e7\u00e3o e pede suspens\u00e3o do aumento do \u00f4nibus em S\u00e3o Paulo<\/a><\/p><\/blockquote>\n<\/div>\n<\/figure>\n<h3>S\u00e3o Paulo<\/h3>\n<p>Na capital paulista, o reajuste entra em vigor no dia 6 de janeiro. A tarifa dos \u00f4nibus municipais sobe de R$ 5,00 para R$ 5,30, um aumento de R$ 0,30. No mesmo dia, tamb\u00e9m ser\u00e1 reajustada a tarifa b\u00e1sica do sistema metroferrovi\u00e1rio da Regi\u00e3o Metropolitana de S\u00e3o Paulo, que inclui metr\u00f4, trens da CPTM e linhas operadas pela ViaMobilidade, passando de R$ 5,20 para R$ 5,40.<\/p>\n<h3>Rio de Janeiro<\/h3>\n<p>No Rio de Janeiro, as tarifas dos transportes municipais \u2014 \u00f4nibus, VLT, BRT, \u201ccabritinhos\u201d e vans \u2014 foram reajustadas a partir de 4 de janeiro. O aumento \u00e9 de R$ 0,30, elevando o valor da passagem de R$ 4,70 para R$ 5,00.<\/p>\n<h3>Belo Horizonte<\/h3>\n<p>Em Belo Horizonte, o reajuste atinge todas as linhas do transporte coletivo municipal desde 1\u00ba de janeiro. A tarifa principal, que engloba linhas diametrais, radiais, troncais, perimetrais e semi-expressas, passou de R$ 5,75 para R$ 6,25, alta de 8,6%. Nas linhas circulares e alimentadoras, o valor subiu de R$ 5,50 para R$ 6,00.<\/p>\n<p>As linhas do servi\u00e7o social, que atendem vilas e favelas, permanecem com tarifa zero. O aumento tamb\u00e9m foi aplicado ao servi\u00e7o suplementar, com reajustes diferenciados conforme o grupo de linhas.<\/p>\n<h3>Florian\u00f3polis<\/h3>\n<p>Na capital catarinense, al\u00e9m do aumento das tarifas, o sistema de transporte coletivo deixar\u00e1 de aceitar pagamento em dinheiro a partir do dia 5 de janeiro. Desde 1\u00ba de janeiro, a passagem paga por QR Code passou de R$ 6,90 para R$ 7,70, um aumento de 11,5%. Para usu\u00e1rios do Cart\u00e3o Cidad\u00e3o, a tarifa subiu para R$ 6,20. J\u00e1 o valor das linhas executivas passou de R$ 18 para R$ 20.<\/p>\n<p>A prefeitura de Florian\u00f3polis afirma que o reajuste \u00e9 necess\u00e1rio para garantir o equil\u00edbrio financeiro do sistema e assegurar a continuidade da opera\u00e7\u00e3o do transporte coletivo.<\/p>\n<h3>Fortaleza<\/h3>\n<p>Em Fortaleza, a Empresa de Transporte Urbano de Fortaleza (Etufor) anunciou que a tarifa inteira dos \u00f4nibus subiu de R$ 4,50 para R$ 5,40 a partir de 1\u00ba de janeiro. A tarifa estudantil, no entanto, foi mantida em R$ 1,50.<\/p>\n<h3>Jo\u00e3o Pessoa<\/h3>\n<p>Na capital paraibana, n\u00e3o houve altera\u00e7\u00e3o no valor das passagens do transporte urbano municipal. Contudo, as linhas intermunicipais urbanas da regi\u00e3o metropolitana de Jo\u00e3o Pessoa sofreram reajuste de 3,8%, conforme publica\u00e7\u00e3o no Di\u00e1rio Oficial do Estado em 30 de dezembro. Cada linha teve um valor espec\u00edfico atualizado; no caso da linha Jo\u00e3o Pessoa\u2013Bayeux, a tarifa passou a custar R$ 5,40.<\/p>\n<h2><strong>Aumento de tarifas em 2026<\/strong><\/h2>\n<figure>\n<table>\n<thead>\n<tr>\n<th>Cidade<\/th>\n<th>Modal \/ Sistema<\/th>\n<th>Tarifa anterior<\/th>\n<th>Nova tarifa<\/th>\n<th>In\u00edcio da vig\u00eancia<\/th>\n<\/tr>\n<\/thead>\n<tbody>\n<tr>\n<td>S\u00e3o Paulo (SP)<\/td>\n<td>\u00d4nibus municipal<\/td>\n<td>R$ 5,00<\/td>\n<td>R$ 5,30<\/td>\n<td>06\/01\/2026<\/td>\n<\/tr>\n<tr>\n<td>S\u00e3o Paulo (SP)<\/td>\n<td>Metr\u00f4\/CPTM\/ViaMobilidade<\/td>\n<td>R$ 5,20<\/td>\n<td>R$ 5,40<\/td>\n<td>06\/01\/2026<\/td>\n<\/tr>\n<tr>\n<td>Rio de Janeiro (RJ)<\/td>\n<td>Transporte municipal (\u00f4nibus, BRT, VLT)<\/td>\n<td>R$ 4,70<\/td>\n<td>R$ 5,00<\/td>\n<td>04\/01\/2026<\/td>\n<\/tr>\n<tr>\n<td>Belo Horizonte (MG)<\/td>\n<td>Tarifa principal<\/td>\n<td>R$ 5,75<\/td>\n<td>R$ 6,25<\/td>\n<td>01\/01\/2026<\/td>\n<\/tr>\n<tr>\n<td>Belo Horizonte (MG)<\/td>\n<td>Linhas circulares\/alimentadoras<\/td>\n<td>R$ 5,50<\/td>\n<td>R$ 6,00<\/td>\n<td>01\/01\/2026<\/td>\n<\/tr>\n<tr>\n<td>Florian\u00f3polis (SC)<\/td>\n<td>\u00d4nibus (QR Code)<\/td>\n<td>R$ 6,90<\/td>\n<td>R$ 7,70<\/td>\n<td>01\/01\/2026<\/td>\n<\/tr>\n<tr>\n<td>Florian\u00f3polis (SC)<\/td>\n<td>\u00d4nibus (Cart\u00e3o Cidad\u00e3o)<\/td>\n<td>\u2014<\/td>\n<td>R$ 6,20<\/td>\n<td>01\/01\/2026<\/td>\n<\/tr>\n<tr>\n<td>Florian\u00f3polis (SC)<\/td>\n<td>Linhas executivas<\/td>\n<td>R$ 18,00<\/td>\n<td>R$ 20,00<\/td>\n<td>01\/01\/2026<\/td>\n<\/tr>\n<tr>\n<td>Fortaleza (CE)<\/td>\n<td>\u00d4nibus (tarifa inteira)<\/td>\n<td>R$ 4,50<\/td>\n<td>R$ 5,40<\/td>\n<td>01\/01\/2026<\/td>\n<\/tr>\n<tr>\n<td>Jo\u00e3o Pessoa (PB)<\/td>\n<td>Linha intermunicipal JP\u2013Bayeux<\/td>\n<td>\u2014<\/td>\n<td>R$ 5,40<\/td>\n<td>30\/12\/2025<\/td>\n<\/tr>\n<\/tbody>\n<\/table>\n<\/figure>\n<p>The post <a rel=\"nofollow\" href=\"https:\/\/tvtnews.com.br\/ano-aumento-transporte-publico-capitais\/\">Ano come\u00e7a com aumento nas tarifas do transporte p\u00fablico em capitais brasileiras<\/a> appeared first on <a rel=\"nofollow\" href=\"https:\/\/tvtnews.com.br\/\">TVT News<\/a>.<\/p>\n<!-- Begin Yuzo --><div class='yuzo_related_post style-1'  data-version='5.12.89'><!-- without result --><div class='yuzo_clearfixed yuzo__title yuzo__title'><h3>Related Post<\/h3><\/div>\n\t\t\t\t\t\t  <div class=\"relatedthumb \" style=\"width:125px;float:left;overflow:hidden;\">  \n\t\t\t\t\t\t\t  \n\t\t\t\t\t\t\t  <a  href=\"https:\/\/redept.com.br\/blogosfera\/venezuela-propoe-transformacao-da-justica-a-partir-de-juizes-de-paz-nas-comunas\/\"  >\n\t\t\t\t\t\t\t\t\t  <div class=\"yuzo-img-wrap \" style=\"width: 125px;height:90px;\">\n\t\t\t\t\t\t\t\t\t\t\n\t\t\t\t\t\t\t\t\t\t<div class=\"yuzo-img\" style=\"background:url('https:\/\/redept.org\/blogosfera\/wp-content\/plugins\/yuzo-related-post\/assets\/images\/default.png') 50% 50% no-repeat;width: 125px;height:90px;margin-bottom: 5px;background-size: cover; \"><\/div>\n\t\t\t\t\t\t\t\t\t  <\/div>\n\t\t\t\t\t\t\t\t\t  \n\t\t\t\t\t\t\t\t   <span class=\"yuzo__text--title\" style=\"font-size:13px;\">Venezuela prop\u00f5e transforma\u00e7\u00e3o da justi\u00e7a a partir...<\/span>\n\t\t\t\t\t\t\t  \n\t\t\t\t\t\t\t  \n\t\t\t\t\t\t\t  <\/a>\n\n\t\t\t\t\t\t  <\/div>\n\t\t\t\t\t\t  <div class=\"relatedthumb \" style=\"width:125px;float:left;overflow:hidden;\">  \n\t\t\t\t\t\t\t  \n\t\t\t\t\t\t\t  <a  href=\"https:\/\/redept.com.br\/blogosfera\/operacao-da-pf-investiga-aplicacao-de-r-1-bi-da-rioprevidencia-no-master\/\"  >\n\t\t\t\t\t\t\t\t\t  <div class=\"yuzo-img-wrap \" style=\"width: 125px;height:90px;\">\n\t\t\t\t\t\t\t\t\t\t\n\t\t\t\t\t\t\t\t\t\t<div class=\"yuzo-img\" style=\"background:url('https:\/\/redept.com.br\/blogosfera\/wp-content\/uploads\/2026\/01\/Rioprevidencia-150x150.jpg') 50% 50% no-repeat;width: 125px;height:90px;margin-bottom: 5px;background-size: cover; \"><\/div>\n\t\t\t\t\t\t\t\t\t  <\/div>\n\t\t\t\t\t\t\t\t\t  \n\t\t\t\t\t\t\t\t   <span class=\"yuzo__text--title\" style=\"font-size:13px;\">Opera\u00e7\u00e3o da PF investiga aplica\u00e7\u00e3o de R$ 1 bi da R...<\/span>\n\t\t\t\t\t\t\t  \n\t\t\t\t\t\t\t  \n\t\t\t\t\t\t\t  <\/a>\n\n\t\t\t\t\t\t  <\/div>\n\t\t\t\t\t\t  <div class=\"relatedthumb \" style=\"width:125px;float:left;overflow:hidden;\">  \n\t\t\t\t\t\t\t  \n\t\t\t\t\t\t\t  <a  href=\"https:\/\/redept.com.br\/blogosfera\/assentamento-contestado-pr-completa-26-anos-de-luta-e-fortalecimento-da-agroecologia\/\"  >\n\t\t\t\t\t\t\t\t\t  <div class=\"yuzo-img-wrap \" style=\"width: 125px;height:90px;\">\n\t\t\t\t\t\t\t\t\t\t\n\t\t\t\t\t\t\t\t\t\t<div class=\"yuzo-img\" style=\"background:url('https:\/\/redept.com.br\/blogosfera\/wp-content\/uploads\/2025\/03\/image-92-1024x682-1-150x150.jpeg') 50% 50% no-repeat;width: 125px;height:90px;margin-bottom: 5px;background-size: cover; \"><\/div>\n\t\t\t\t\t\t\t\t\t  <\/div>\n\t\t\t\t\t\t\t\t\t  \n\t\t\t\t\t\t\t\t   <span class=\"yuzo__text--title\" style=\"font-size:13px;\">Assentamento Contestado (PR) completa 26 anos de l...<\/span>\n\t\t\t\t\t\t\t  \n\t\t\t\t\t\t\t  \n\t\t\t\t\t\t\t  <\/a>\n\n\t\t\t\t\t\t  <\/div>\n\t\t\t\t\t\t  <div class=\"relatedthumb \" style=\"width:125px;float:left;overflow:hidden;\">  \n\t\t\t\t\t\t\t  \n\t\t\t\t\t\t\t  <a  href=\"https:\/\/redept.com.br\/blogosfera\/bolsonaro-em-copacabana-anatomia-de-um-semifracasso\/\"  >\n\t\t\t\t\t\t\t\t\t  <div class=\"yuzo-img-wrap \" style=\"width: 125px;height:90px;\">\n\t\t\t\t\t\t\t\t\t\t\n\t\t\t\t\t\t\t\t\t\t<div class=\"yuzo-img\" style=\"background:url('https:\/\/redept.com.br\/blogosfera\/wp-content\/uploads\/2025\/03\/5103101668492422691-1024x644-1-150x150.jpg') 50% 50% no-repeat;width: 125px;height:90px;margin-bottom: 5px;background-size: cover; \"><\/div>\n\t\t\t\t\t\t\t\t\t  <\/div>\n\t\t\t\t\t\t\t\t\t  \n\t\t\t\t\t\t\t\t   <span class=\"yuzo__text--title\" style=\"font-size:13px;\">Bolsonaro em Copacabana: anatomia de um (semi)frac...<\/span>\n\t\t\t\t\t\t\t  \n\t\t\t\t\t\t\t  \n\t\t\t\t\t\t\t  <\/a>\n\n\t\t\t\t\t\t  <\/div>\n<\/div> <script>\n\t\t\t\t\t\t  jQuery(document).ready(function( $ ){\n\t\t\t\t\t\t\t\/\/jQuery('.yuzo_related_post').equalizer({ overflow : 'relatedthumb' });\n\t\t\t\t\t\t\tjQuery('.yuzo_related_post .yuzo_wraps').equalizer({ columns : '> div' });\n\t\t\t\t\t\t   })\n\t\t\t\t\t\t  <\/script> <!-- End Yuzo :) -->","protected":false},"excerpt":{"rendered":"<p>O in\u00edcio de 2026 \u00e9 marcado por reajustes nas tarifas do transporte coletivo p\u00fablico em diversas capitais do pa\u00eds. Pelo menos cinco grandes cidades, S\u00e3o Paulo, Rio de Janeiro, Belo Horizonte, Florian\u00f3polis e Fortaleza, j\u00e1 aplicaram ou anunciaram aumentos nas passagens de \u00f4nibus, metr\u00f4, trens urbanos e outros modais, com validade entre o fim de [&hellip;]<\/p>\n","protected":false},"author":2,"featured_media":0,"comment_status":"open","ping_status":"closed","sticky":false,"template":"","format":"standard","meta":{"fifu_image_url":"","fifu_image_alt":"","footnotes":""},"categories":[264,489,2921],"tags":[],"class_list":["post-69468","post","type-post","status-publish","format-standard","hentry","category-cidadania","category-destaque-pequeno","category-transportes"],"_links":{"self":[{"href":"https:\/\/redept.com.br\/blogosfera\/wp-json\/wp\/v2\/posts\/69468","targetHints":{"allow":["GET"]}}],"collection":[{"href":"https:\/\/redept.com.br\/blogosfera\/wp-json\/wp\/v2\/posts"}],"about":[{"href":"https:\/\/redept.com.br\/blogosfera\/wp-json\/wp\/v2\/types\/post"}],"author":[{"embeddable":true,"href":"https:\/\/redept.com.br\/blogosfera\/wp-json\/wp\/v2\/users\/2"}],"replies":[{"embeddable":true,"href":"https:\/\/redept.com.br\/blogosfera\/wp-json\/wp\/v2\/comments?post=69468"}],"version-history":[{"count":0,"href":"https:\/\/redept.com.br\/blogosfera\/wp-json\/wp\/v2\/posts\/69468\/revisions"}],"wp:attachment":[{"href":"https:\/\/redept.com.br\/blogosfera\/wp-json\/wp\/v2\/media?parent=69468"}],"wp:term":[{"taxonomy":"category","embeddable":true,"href":"https:\/\/redept.com.br\/blogosfera\/wp-json\/wp\/v2\/categories?post=69468"},{"taxonomy":"post_tag","embeddable":true,"href":"https:\/\/redept.com.br\/blogosfera\/wp-json\/wp\/v2\/tags?post=69468"}],"curies":[{"name":"wp","href":"https:\/\/api.w.org\/{rel}","templated":true}]}}