{"id":69474,"date":"2026-01-06T13:32:23","date_gmt":"2026-01-06T16:32:23","guid":{"rendered":"https:\/\/redept.com.br\/blogosfera\/eua-decidiram-retomar-doutrina-monroe-e-tarcisio-zema-caiado-e-ratinho-jr-sao-traidores-diz-jose-dirceu\/"},"modified":"2026-01-06T13:32:23","modified_gmt":"2026-01-06T16:32:23","slug":"eua-decidiram-retomar-doutrina-monroe-e-tarcisio-zema-caiado-e-ratinho-jr-sao-traidores-diz-jose-dirceu","status":"publish","type":"post","link":"https:\/\/redept.com.br\/blogosfera\/eua-decidiram-retomar-doutrina-monroe-e-tarcisio-zema-caiado-e-ratinho-jr-sao-traidores-diz-jose-dirceu\/","title":{"rendered":"EUA decidiram retomar Doutrina Monroe e Tarc\u00edsio, Zema, Caiado e Ratinho Jr. s\u00e3o \u201ctraidores\u201d, diz Jos\u00e9 Dirceu"},"content":{"rendered":"<p>Governadores apoiam a\u00e7\u00e3o dos EUA na Venezuela enquanto Brasil vive s\u00e9rio risco com a volta ao imperialismo e neocolonialismo, onde os pa\u00edses latino-americanos seriam tratados como col\u00f4nias, perdendo o controle sobre seus destinos pol\u00edticos, rela\u00e7\u00f5es diplom\u00e1ticas e riquezas naturais<\/p>\n<p>O post EUA decidiram retomar Doutrina Monroe e Tarc\u00edsio, Zema, Caiado e Ratinho Jr. s\u00e3o \u201ctraidores\u201d, diz Jos\u00e9 Dirceu apareceu primeiro em .<\/p>\n<!-- Begin Yuzo --><div class='yuzo_related_post style-1'  data-version='5.12.89'><!-- without result --><div class='yuzo_clearfixed yuzo__title yuzo__title'><h3>Related Post<\/h3><\/div>\n\t\t\t\t\t\t  <div class=\"relatedthumb \" style=\"width:125px;float:left;overflow:hidden;\">  \n\t\t\t\t\t\t\t  \n\t\t\t\t\t\t\t  <a  href=\"https:\/\/redept.com.br\/blogosfera\/1a-marcha-do-acampamento-terra-livre-ocupa-a-esplanada-com-povo-do-baixo-tapajos-na-linha-de-frente\/\"  >\n\t\t\t\t\t\t\t\t\t  <div class=\"yuzo-img-wrap \" style=\"width: 125px;height:90px;\">\n\t\t\t\t\t\t\t\t\t\t\n\t\t\t\t\t\t\t\t\t\t<div class=\"yuzo-img\" style=\"background:url('https:\/\/redept.org\/blogosfera\/wp-content\/plugins\/yuzo-related-post\/assets\/images\/default.png') 50% 50% no-repeat;width: 125px;height:90px;margin-bottom: 5px;background-size: cover; \"><\/div>\n\t\t\t\t\t\t\t\t\t  <\/div>\n\t\t\t\t\t\t\t\t\t  \n\t\t\t\t\t\t\t\t   <span class=\"yuzo__text--title\" style=\"font-size:13px;\">1\u00aa marcha do Acampamento Terra Livre ocupa a Espla...<\/span>\n\t\t\t\t\t\t\t  \n\t\t\t\t\t\t\t  \n\t\t\t\t\t\t\t  <\/a>\n\n\t\t\t\t\t\t  <\/div>\n\t\t\t\t\t\t  <div class=\"relatedthumb \" style=\"width:125px;float:left;overflow:hidden;\">  \n\t\t\t\t\t\t\t  \n\t\t\t\t\t\t\t  <a  href=\"https:\/\/sul21.com.br\/noticias\/politica\/2025\/11\/marcha-funebre-e-champanhe-prisao-de-bolsonaro-atrai-manifestantes-a-sede-da-pf\/\"  >\n\t\t\t\t\t\t\t\t\t  <div class=\"yuzo-img-wrap \" style=\"width: 125px;height:90px;\">\n\t\t\t\t\t\t\t\t\t\t\n\t\t\t\t\t\t\t\t\t\t<div class=\"yuzo-img\" style=\"background:url('https:\/\/agenciabrasil.ebc.com.br\/ebc.png?id=1669075&amp;o=node') 50% 50% no-repeat;width: 125px;height:90px;margin-bottom: 5px;background-size: cover; \"><\/div>\n\t\t\t\t\t\t\t\t\t  <\/div>\n\t\t\t\t\t\t\t\t\t  \n\t\t\t\t\t\t\t\t   <span class=\"yuzo__text--title\" style=\"font-size:13px;\">Marcha f\u00fanebre e champanhe: pris\u00e3o de Bolsonaro at...<\/span>\n\t\t\t\t\t\t\t  \n\t\t\t\t\t\t\t  \n\t\t\t\t\t\t\t  <\/a>\n\n\t\t\t\t\t\t  <\/div>\n\t\t\t\t\t\t  <div class=\"relatedthumb \" style=\"width:125px;float:left;overflow:hidden;\">  \n\t\t\t\t\t\t\t  \n\t\t\t\t\t\t\t  <a  href=\"https:\/\/redept.com.br\/blogosfera\/nova-forma-de-ingresso-na-ufmg-gera-controversias-entre-educadores-e-estudantes\/\"  >\n\t\t\t\t\t\t\t\t\t  <div class=\"yuzo-img-wrap \" style=\"width: 125px;height:90px;\">\n\t\t\t\t\t\t\t\t\t\t\n\t\t\t\t\t\t\t\t\t\t<div class=\"yuzo-img\" style=\"background:url('https:\/\/redept.org\/blogosfera\/wp-content\/plugins\/yuzo-related-post\/assets\/images\/default.png') 50% 50% no-repeat;width: 125px;height:90px;margin-bottom: 5px;background-size: cover; \"><\/div>\n\t\t\t\t\t\t\t\t\t  <\/div>\n\t\t\t\t\t\t\t\t\t  \n\t\t\t\t\t\t\t\t   <span class=\"yuzo__text--title\" style=\"font-size:13px;\">Nova forma de ingresso na UFMG gera controv\u00e9rsias ...<\/span>\n\t\t\t\t\t\t\t  \n\t\t\t\t\t\t\t  \n\t\t\t\t\t\t\t  <\/a>\n\n\t\t\t\t\t\t  <\/div>\n\t\t\t\t\t\t  <div class=\"relatedthumb \" style=\"width:125px;float:left;overflow:hidden;\">  \n\t\t\t\t\t\t\t  \n\t\t\t\t\t\t\t  <a  href=\"https:\/\/redept.com.br\/blogosfera\/jovens-senadores-tomam-posse-e-defendem-pauta-ambiental\/\"  >\n\t\t\t\t\t\t\t\t\t  <div class=\"yuzo-img-wrap \" style=\"width: 125px;height:90px;\">\n\t\t\t\t\t\t\t\t\t\t\n\t\t\t\t\t\t\t\t\t\t<div class=\"yuzo-img\" style=\"background:url('https:\/\/redept.org\/blogosfera\/wp-content\/plugins\/yuzo-related-post\/assets\/images\/default.png') 50% 50% no-repeat;width: 125px;height:90px;margin-bottom: 5px;background-size: cover; \"><\/div>\n\t\t\t\t\t\t\t\t\t  <\/div>\n\t\t\t\t\t\t\t\t\t  \n\t\t\t\t\t\t\t\t   <span class=\"yuzo__text--title\" style=\"font-size:13px;\">Jovens Senadores tomam posse e defendem pauta ambi...<\/span>\n\t\t\t\t\t\t\t  \n\t\t\t\t\t\t\t  \n\t\t\t\t\t\t\t  <\/a>\n\n\t\t\t\t\t\t  <\/div>\n<\/div> <script>\n\t\t\t\t\t\t  jQuery(document).ready(function( $ ){\n\t\t\t\t\t\t\t\/\/jQuery('.yuzo_related_post').equalizer({ overflow : 'relatedthumb' });\n\t\t\t\t\t\t\tjQuery('.yuzo_related_post .yuzo_wraps').equalizer({ columns : '> div' });\n\t\t\t\t\t\t   })\n\t\t\t\t\t\t  <\/script> <!-- End Yuzo :) -->","protected":false},"excerpt":{"rendered":"<p>Governadores apoiam a\u00e7\u00e3o dos EUA na Venezuela enquanto Brasil vive s\u00e9rio risco com a volta ao imperialismo e neocolonialismo, onde os pa\u00edses latino-americanos seriam tratados como col\u00f4nias, perdendo o controle sobre seus destinos pol\u00edticos, rela\u00e7\u00f5es diplom\u00e1ticas e riquezas naturais<\/p>\n<p>O post <a rel=\"nofollow\" href=\"https:\/\/urbsmagna.com\/eua-doutrina-monroe-tarcisio-zema-caiado-ratinho-jr-traidores-jose-dirceu\/\">EUA decidiram retomar Doutrina Monroe e Tarc\u00edsio, Zema, Caiado e Ratinho Jr. s\u00e3o \u201ctraidores\u201d, diz Jos\u00e9 Dirceu<\/a> apareceu primeiro em <a rel=\"nofollow\" href=\"https:\/\/urbsmagna.com\/\"><\/a>.<\/p>\n","protected":false},"author":2,"featured_media":0,"comment_status":"open","ping_status":"closed","sticky":false,"template":"","format":"standard","meta":{"fifu_image_url":"","fifu_image_alt":"","footnotes":""},"categories":[19533,32840,9,1312,191,11892,5471,25181,6420,1049],"tags":[],"class_list":["post-69474","post","type-post","status-publish","format-standard","hentry","category-analise-politica","category-crise-na-venezuela","category-eua","category-geopolitica","category-noticias","category-politica-dos-eua","category-politica-nacional","category-relacoes-eua-venezuela","category-trumpismo","category-venezuela"],"_links":{"self":[{"href":"https:\/\/redept.com.br\/blogosfera\/wp-json\/wp\/v2\/posts\/69474","targetHints":{"allow":["GET"]}}],"collection":[{"href":"https:\/\/redept.com.br\/blogosfera\/wp-json\/wp\/v2\/posts"}],"about":[{"href":"https:\/\/redept.com.br\/blogosfera\/wp-json\/wp\/v2\/types\/post"}],"author":[{"embeddable":true,"href":"https:\/\/redept.com.br\/blogosfera\/wp-json\/wp\/v2\/users\/2"}],"replies":[{"embeddable":true,"href":"https:\/\/redept.com.br\/blogosfera\/wp-json\/wp\/v2\/comments?post=69474"}],"version-history":[{"count":0,"href":"https:\/\/redept.com.br\/blogosfera\/wp-json\/wp\/v2\/posts\/69474\/revisions"}],"wp:attachment":[{"href":"https:\/\/redept.com.br\/blogosfera\/wp-json\/wp\/v2\/media?parent=69474"}],"wp:term":[{"taxonomy":"category","embeddable":true,"href":"https:\/\/redept.com.br\/blogosfera\/wp-json\/wp\/v2\/categories?post=69474"},{"taxonomy":"post_tag","embeddable":true,"href":"https:\/\/redept.com.br\/blogosfera\/wp-json\/wp\/v2\/tags?post=69474"}],"curies":[{"name":"wp","href":"https:\/\/api.w.org\/{rel}","templated":true}]}}