{"id":69480,"date":"2026-01-06T14:04:48","date_gmt":"2026-01-06T17:04:48","guid":{"rendered":"https:\/\/redept.com.br\/blogosfera\/passagem-de-onibus-sobe-em-12-cidades-da-grande-sp-guarulhos-e-osasco-estao-entre-as-tarifas-mais-altas\/"},"modified":"2026-01-06T14:04:48","modified_gmt":"2026-01-06T17:04:48","slug":"passagem-de-onibus-sobe-em-12-cidades-da-grande-sp-guarulhos-e-osasco-estao-entre-as-tarifas-mais-altas","status":"publish","type":"post","link":"https:\/\/redept.com.br\/blogosfera\/passagem-de-onibus-sobe-em-12-cidades-da-grande-sp-guarulhos-e-osasco-estao-entre-as-tarifas-mais-altas\/","title":{"rendered":"Passagem de \u00f4nibus sobe em 12 cidades da Grande SP; Guarulhos e Osasco est\u00e3o entre as tarifas mais altas"},"content":{"rendered":"<p>O ano de 2026 come\u00e7ou com aumento nas tarifas de \u00f4nibus municipais em ao menos 12 das 39 cidades da Regi\u00e3o Metropolitana de S\u00e3o Paulo. Entre os aumentos anunciados, <a href=\"https:\/\/www.guarulhos.sp.gov.br\/\" target=\"_blank\" rel=\"noopener noreferrer nofollow\">Guarulhos <\/a>e Osasco ganham destaque por concentrarem valores elevados e por atingirem diretamente um grande contingente de trabalhadores que dependem diariamente do transporte coletivo. Confira na<a href=\"https:\/\/tvtnews.com.br\/\"><strong><em> TVT News<\/em><\/strong><\/a>.<\/p>\n<p>Em Guarulhos, o reajuste entrou em vigor j\u00e1 no dia 1\u00ba de janeiro. A passagem, que custava R$ 5,30 em dinheiro e R$ 5,10 no Cart\u00e3o Cidad\u00e3o, passou para R$ 6,20, colocando o munic\u00edpio entre os mais caros da regi\u00e3o. Apenas Itaquaquecetuba supera esse valor no pagamento em dinheiro, com tarifa de R$ 6,30.<\/p>\n<p>Osasco tamb\u00e9m aplicou aumento a partir do dia 5 de janeiro. O valor da passagem subiu de R$ 5,80 para R$ 6,10, patamar semelhante ao adotado por cidades vizinhas como Barueri, Carapicu\u00edba, Itapevi e Jandira. O reajuste refor\u00e7a a press\u00e3o sobre o or\u00e7amento das fam\u00edlias que utilizam o transporte municipal para se deslocar dentro do munic\u00edpio ou fazer integra\u00e7\u00f5es com a capital.<\/p>\n<figure>\n<div>\n<blockquote data-secret=\"4kj4f20qfl\"><p><a href=\"https:\/\/tvtnews.com.br\/qual-preco-onibus-abc-paulista-tarifas-sete-cidades\/\">Qual o pre\u00e7o do \u00f4nibus no ABC Paulista? Veja como ficam as tarifas nas sete cidades<\/a><\/p><\/blockquote>\n<\/div>\n<\/figure>\n<h2>Mais aumento<\/h2>\n<p>Na cidade de S\u00e3o Paulo, o aumento come\u00e7a a valer na pr\u00f3xima ter\u00e7a-feira (6). A tarifa passa de R$ 5 para R$ 5,30, ap\u00f3s um per\u00edodo de congelamento. A capital se soma, assim, ao grupo de munic\u00edpios que decidiram atualizar os pre\u00e7os neste in\u00edcio de ano.<\/p>\n<p>Al\u00e9m de Guarulhos, Osasco e S\u00e3o Paulo, tamb\u00e9m anunciaram reajustes Itaquaquecetuba, Ribeir\u00e3o Pires, Aruj\u00e1, Barueri, Carapicu\u00edba, Itapevi, Jandira, Mau\u00e1 e Rio Grande da Serra, com novos valores variando conforme a forma de pagamento \u2014 cart\u00e3o ou dinheiro \u2014 e a data de in\u00edcio da cobran\u00e7a.<\/p>\n<p>Enquanto isso, seis cidades informaram que n\u00e3o haver\u00e1 reajuste em 2026, entre elas Santo Andr\u00e9 e S\u00e3o Bernardo do Campo. Outras dez ainda estudam a possibilidade de aumento, e nove munic\u00edpios adotam tarifa zero ou n\u00e3o possuem transporte municipal, como S\u00e3o Caetano do Sul e Guararema. Mairipor\u00e3 e Tabo\u00e3o da Serra n\u00e3o responderam sobre eventual reajuste at\u00e9 o momento.<\/p>\n<p>Com os novos valores, Guarulhos e Osasco passam a figurar no centro do debate sobre o custo do transporte p\u00fablico na Grande S\u00e3o Paulo, especialmente em um contexto de infla\u00e7\u00e3o acumulada e de forte depend\u00eancia do \u00f4nibus como principal meio de deslocamento da popula\u00e7\u00e3o metropolitana.<\/p>\n<figure>\n<div>\n<blockquote data-secret=\"0c2IENTWlC\"><p><a href=\"https:\/\/tvtnews.com.br\/ano-aumento-transporte-publico-capitais\/\">Ano come\u00e7a com aumento nas tarifas do transporte p\u00fablico em capitais brasileiras<\/a><\/p><\/blockquote>\n<\/div>\n<\/figure>\n<p>The post <a rel=\"nofollow\" href=\"https:\/\/tvtnews.com.br\/aumento-guarulhos-osasco-tarifas-mais-altas\/\">Passagem de \u00f4nibus sobe em 12 cidades da Grande SP; Guarulhos e Osasco est\u00e3o entre as tarifas mais altas<\/a> appeared first on <a rel=\"nofollow\" href=\"https:\/\/tvtnews.com.br\/\">TVT News<\/a>.<\/p>\n<!-- Begin Yuzo --><div class='yuzo_related_post style-1'  data-version='5.12.89'><!-- without result --><div class='yuzo_clearfixed yuzo__title yuzo__title'><h3>Related Post<\/h3><\/div>\n\t\t\t\t\t\t  <div class=\"relatedthumb \" style=\"width:125px;float:left;overflow:hidden;\">  \n\t\t\t\t\t\t\t  \n\t\t\t\t\t\t\t  <a  href=\"https:\/\/redept.com.br\/blogosfera\/stf-coloca-eduardo-bolsonaro-no-banco-dos-reus\/\"  >\n\t\t\t\t\t\t\t\t\t  <div class=\"yuzo-img-wrap \" style=\"width: 125px;height:90px;\">\n\t\t\t\t\t\t\t\t\t\t\n\t\t\t\t\t\t\t\t\t\t<div class=\"yuzo-img\" style=\"background:url('https:\/\/redept.com.br\/blogosfera\/wp-content\/uploads\/2025\/11\/eduardo-bolsonaro-150x150.jpg') 50% 50% no-repeat;width: 125px;height:90px;margin-bottom: 5px;background-size: cover; \"><\/div>\n\t\t\t\t\t\t\t\t\t  <\/div>\n\t\t\t\t\t\t\t\t\t  \n\t\t\t\t\t\t\t\t   <span class=\"yuzo__text--title\" style=\"font-size:13px;\">STF coloca Eduardo Bolsonaro no banco dos r\u00e9us<\/span>\n\t\t\t\t\t\t\t  \n\t\t\t\t\t\t\t  \n\t\t\t\t\t\t\t  <\/a>\n\n\t\t\t\t\t\t  <\/div>\n\t\t\t\t\t\t  <div class=\"relatedthumb \" style=\"width:125px;float:left;overflow:hidden;\">  \n\t\t\t\t\t\t\t  \n\t\t\t\t\t\t\t  <a  href=\"https:\/\/redept.com.br\/blogosfera\/china-reage-a-trump-e-anuncia-tarifas-sobre-produtos-importados-dos-eua\/\"  >\n\t\t\t\t\t\t\t\t\t  <div class=\"yuzo-img-wrap \" style=\"width: 125px;height:90px;\">\n\t\t\t\t\t\t\t\t\t\t\n\t\t\t\t\t\t\t\t\t\t<div class=\"yuzo-img\" style=\"background:url('https:\/\/redept.org\/blogosfera\/wp-content\/plugins\/yuzo-related-post\/assets\/images\/default.png') 50% 50% no-repeat;width: 125px;height:90px;margin-bottom: 5px;background-size: cover; \"><\/div>\n\t\t\t\t\t\t\t\t\t  <\/div>\n\t\t\t\t\t\t\t\t\t  \n\t\t\t\t\t\t\t\t   <span class=\"yuzo__text--title\" style=\"font-size:13px;\">China reage a Trump e anuncia tarifas sobre produt...<\/span>\n\t\t\t\t\t\t\t  \n\t\t\t\t\t\t\t  \n\t\t\t\t\t\t\t  <\/a>\n\n\t\t\t\t\t\t  <\/div>\n\t\t\t\t\t\t  <div class=\"relatedthumb \" style=\"width:125px;float:left;overflow:hidden;\">  \n\t\t\t\t\t\t\t  \n\t\t\t\t\t\t\t  <a  href=\"https:\/\/redept.com.br\/blogosfera\/noticias-do-dia-com-o-jornal-tvt-news-segunda-edicao-16-06\/\"  >\n\t\t\t\t\t\t\t\t\t  <div class=\"yuzo-img-wrap \" style=\"width: 125px;height:90px;\">\n\t\t\t\t\t\t\t\t\t\t\n\t\t\t\t\t\t\t\t\t\t<div class=\"yuzo-img\" style=\"background:url('https:\/\/redept.com.br\/blogosfera\/wp-content\/uploads\/2025\/06\/jornal_tvt_new-16-150x150.jpeg') 50% 50% no-repeat;width: 125px;height:90px;margin-bottom: 5px;background-size: cover; \"><\/div>\n\t\t\t\t\t\t\t\t\t  <\/div>\n\t\t\t\t\t\t\t\t\t  \n\t\t\t\t\t\t\t\t   <span class=\"yuzo__text--title\" style=\"font-size:13px;\">Not\u00edcias do dia com o Jornal TVT News Segunda Edi\u00e7...<\/span>\n\t\t\t\t\t\t\t  \n\t\t\t\t\t\t\t  \n\t\t\t\t\t\t\t  <\/a>\n\n\t\t\t\t\t\t  <\/div>\n\t\t\t\t\t\t  <div class=\"relatedthumb \" style=\"width:125px;float:left;overflow:hidden;\">  \n\t\t\t\t\t\t\t  \n\t\t\t\t\t\t\t  <a  href=\"https:\/\/redept.com.br\/blogosfera\/moradores-do-ribeiropolis-organizam-luta-por-moradia-em-praia-grande-sp\/\"  >\n\t\t\t\t\t\t\t\t\t  <div class=\"yuzo-img-wrap \" style=\"width: 125px;height:90px;\">\n\t\t\t\t\t\t\t\t\t\t\n\t\t\t\t\t\t\t\t\t\t<div class=\"yuzo-img\" style=\"background:url('https:\/\/redept.com.br\/blogosfera\/wp-content\/uploads\/2025\/08\/Materia-Ribeiropolis-3-150x150.jpg') 50% 50% no-repeat;width: 125px;height:90px;margin-bottom: 5px;background-size: cover; \"><\/div>\n\t\t\t\t\t\t\t\t\t  <\/div>\n\t\t\t\t\t\t\t\t\t  \n\t\t\t\t\t\t\t\t   <span class=\"yuzo__text--title\" style=\"font-size:13px;\">Moradores do Ribeir\u00f3polis organizam luta por morad...<\/span>\n\t\t\t\t\t\t\t  \n\t\t\t\t\t\t\t  \n\t\t\t\t\t\t\t  <\/a>\n\n\t\t\t\t\t\t  <\/div>\n<\/div> <script>\n\t\t\t\t\t\t  jQuery(document).ready(function( $ ){\n\t\t\t\t\t\t\t\/\/jQuery('.yuzo_related_post').equalizer({ overflow : 'relatedthumb' });\n\t\t\t\t\t\t\tjQuery('.yuzo_related_post .yuzo_wraps').equalizer({ columns : '> div' });\n\t\t\t\t\t\t   })\n\t\t\t\t\t\t  <\/script> <!-- End Yuzo :) -->","protected":false},"excerpt":{"rendered":"<p>O ano de 2026 come\u00e7ou com aumento nas tarifas de \u00f4nibus municipais em ao menos 12 das 39 cidades da Regi\u00e3o Metropolitana de S\u00e3o Paulo. Entre os aumentos anunciados, Guarulhos e Osasco ganham destaque por concentrarem valores elevados e por atingirem diretamente um grande contingente de trabalhadores que dependem diariamente do transporte coletivo. Confira na [&hellip;]<\/p>\n","protected":false},"author":2,"featured_media":0,"comment_status":"open","ping_status":"closed","sticky":false,"template":"","format":"standard","meta":{"fifu_image_url":"","fifu_image_alt":"","footnotes":""},"categories":[489,221,2921],"tags":[],"class_list":["post-69480","post","type-post","status-publish","format-standard","hentry","category-destaque-pequeno","category-economia","category-transportes"],"_links":{"self":[{"href":"https:\/\/redept.com.br\/blogosfera\/wp-json\/wp\/v2\/posts\/69480","targetHints":{"allow":["GET"]}}],"collection":[{"href":"https:\/\/redept.com.br\/blogosfera\/wp-json\/wp\/v2\/posts"}],"about":[{"href":"https:\/\/redept.com.br\/blogosfera\/wp-json\/wp\/v2\/types\/post"}],"author":[{"embeddable":true,"href":"https:\/\/redept.com.br\/blogosfera\/wp-json\/wp\/v2\/users\/2"}],"replies":[{"embeddable":true,"href":"https:\/\/redept.com.br\/blogosfera\/wp-json\/wp\/v2\/comments?post=69480"}],"version-history":[{"count":0,"href":"https:\/\/redept.com.br\/blogosfera\/wp-json\/wp\/v2\/posts\/69480\/revisions"}],"wp:attachment":[{"href":"https:\/\/redept.com.br\/blogosfera\/wp-json\/wp\/v2\/media?parent=69480"}],"wp:term":[{"taxonomy":"category","embeddable":true,"href":"https:\/\/redept.com.br\/blogosfera\/wp-json\/wp\/v2\/categories?post=69480"},{"taxonomy":"post_tag","embeddable":true,"href":"https:\/\/redept.com.br\/blogosfera\/wp-json\/wp\/v2\/tags?post=69480"}],"curies":[{"name":"wp","href":"https:\/\/api.w.org\/{rel}","templated":true}]}}