{"id":69488,"date":"2026-01-06T14:23:44","date_gmt":"2026-01-06T17:23:44","guid":{"rendered":"https:\/\/redept.com.br\/blogosfera\/como-pedir-o-passe-livre-estudantil-e-a-meia-tarifa-no-transporte-em-sao-paulo\/"},"modified":"2026-01-06T14:23:44","modified_gmt":"2026-01-06T17:23:44","slug":"como-pedir-o-passe-livre-estudantil-e-a-meia-tarifa-no-transporte-em-sao-paulo","status":"publish","type":"post","link":"https:\/\/redept.com.br\/blogosfera\/como-pedir-o-passe-livre-estudantil-e-a-meia-tarifa-no-transporte-em-sao-paulo\/","title":{"rendered":"Como pedir o Passe Livre Estudantil e a meia tarifa no transporte em S\u00e3o Paulo"},"content":{"rendered":"<p>Al\u00e9m dos benef\u00edcios de passe livre e meia passagem oferecidos para \u00f4nibus metropolitanos (gerenciados pela EMTU), os sistemas de \u00f4nibus municipais, sobretudo na capital, contemplam meia tarifa e casos de gratuidade com regras pr\u00f3prias. Confira na <a href=\"https:\/\/tvtnews.com.br\/\"><strong><em>TVT News<\/em><\/strong><\/a> as informa\u00e7\u00f5es sobre o que existe, quem tem direito e como solicitar.<\/p>\n<h2>Benef\u00edcios no transporte metropolitano (EMTU)<\/h2>\n<figure>\n<table>\n<thead>\n<tr>\n<th>Benef\u00edcio<\/th>\n<th>O que garante<\/th>\n<th>Quem pode pedir<\/th>\n<\/tr>\n<\/thead>\n<tbody>\n<tr>\n<td><strong>Passe Livre Escolar<\/strong><\/td>\n<td><strong>Gratuidade total<\/strong> no transporte intermunicipal<\/td>\n<td>Estudantes com renda familiar per capita &lt; 1,5 sal\u00e1rio m\u00ednimo ou vinculados a bolsas sociais (FIES, PROUNI, cotas) e que estudam em outro munic\u00edpio da regi\u00e3o metropolitana. <\/td>\n<\/tr>\n<tr>\n<td><strong>Meia Tarifa<\/strong><\/td>\n<td><strong>50% de desconto<\/strong> no valor da passagem intermunicipal<\/td>\n<td>Estudantes que n\u00e3o t\u00eam direito \u00e0 gratuidade e professores que residem e trabalham em munic\u00edpios distintos dentro da Grande S\u00e3o Paulo.<\/td>\n<\/tr>\n<\/tbody>\n<\/table>\n<\/figure>\n<h3>Como pedir? (EMTU)<\/h3>\n<ol>\n<li><strong>Cadastro institucional:<\/strong><br \/>A escola ou universidade deve cadastrar o estudante\/professor no <strong><a href=\"https:\/\/www.emtu.sp.gov.br\/parceiros\/login.htm\" target=\"_blank\" rel=\"noopener noreferrer nofollow\">Portal Parceiros\/EMTU<\/a><\/strong>.<\/li>\n<li><strong>Formul\u00e1rio e envio de documentos:<\/strong><br \/>A pessoa acessa o site da EMTU na \u00e1rea \u201cPasse Escolar\u201d, preenche dados, envia documentos e paga a taxa (valor em torno de <strong>7 tarifas-piso<\/strong>).<\/li>\n<li><strong>An\u00e1lise e aprova\u00e7\u00e3o:<\/strong><br \/>Ap\u00f3s ser aprovado, o benef\u00edcio \u00e9 liberado no banco de dados da EMTU.<\/li>\n<li><strong>Cart\u00e3o TOP Escolar:<\/strong><br \/>O titular deve solicitar o <strong>Cart\u00e3o TOP<\/strong> (pelo app ou em ponto de atendimento) para que o benef\u00edcio seja carregado e usado nos \u00f4nibus metropolitanos.<\/li>\n<\/ol>\n<h3>Requisitos<\/h3>\n<ul>\n<li>Morar em um munic\u00edpio diferente do da escola;<\/li>\n<li>Curso presencial ou com frequ\u00eancia obrigat\u00f3ria;<\/li>\n<li>Trajeto intermunicipal habilitado pelo sistema;<\/li>\n<li>N\u00e3o possuir outro benef\u00edcio para o mesmo percurso. <\/li>\n<\/ul>\n<h2>Transporte municipal da cidade de S\u00e3o Paulo (SPTrans)<\/h2>\n<p>Na cidade de S\u00e3o Paulo, o transporte <a href=\"https:\/\/estudante.sptrans.com.br\/\" target=\"_blank\" rel=\"noopener noreferrer nofollow\">coletivo municipal<\/a> possui regras espec\u00edficas para estudantes e outros usu\u00e1rios.<\/p>\n<h3>Bilhete \u00danico Estudante (Meia Tarifa municipal)<\/h3>\n<p>O benef\u00edcio concede 50% de desconto nas tarifas de \u00f4nibus municipais, metr\u00f4 e CPTM, para estudantes regularmente matriculados. A modalidade \u00e9 oferecida por meio do Bilhete \u00danico Estudante. <\/p>\n<figure>\n<table>\n<thead>\n<tr>\n<th>Item<\/th>\n<th>Detalhes<\/th>\n<\/tr>\n<\/thead>\n<tbody>\n<tr>\n<td><strong>Desconto na tarifa<\/strong><\/td>\n<td>R$ ~2,70 por viagem de \u00f4nibus municipal (estudante). <\/td>\n<\/tr>\n<tr>\n<td><strong>Integra\u00e7\u00f5es inclusas<\/strong><\/td>\n<td>Permite integra\u00e7\u00e3o com trem\/metro com desconto tarif\u00e1rio de estudante.<\/td>\n<\/tr>\n<tr>\n<td><strong>Quem pode solicitar<\/strong><\/td>\n<td>Estudantes matriculados em institui\u00e7\u00f5es de ensino reconhecidas. <\/td>\n<\/tr>\n<tr>\n<td><strong>Onde usar<\/strong><\/td>\n<td>\u00d4nibus municipal<\/td>\n<\/tr>\n<\/tbody>\n<\/table>\n<\/figure>\n<h3><strong>Gratuidade municipal no transporte de S\u00e3o Paulo<\/strong><\/h3>\n<ul>\n<li>A capital paulista adota <strong>tarifa zero<\/strong> em <strong>\u00f4nibus municipais aos domingos e feriados espec\u00edficos<\/strong> (Natal, Ano Novo e no anivers\u00e1rio da cidade). <\/li>\n<li><strong>N\u00e3o existe gratuidade universal di\u00e1ria<\/strong> para estudantes no transporte municipal de S\u00e3o Paulo, exceto por meio de pol\u00edticas espec\u00edficas ou programas sociais municipais. Os estudantes usam a meia tarifa via Bilhete \u00danico. <\/li>\n<\/ul>\n<p>Outras cidades na regi\u00e3o metropolitana podem ter iniciativas pr\u00f3prias de tarifa zero ou benef\u00edcios autom\u00e1ticos (como casos relatados de S\u00e3o Caetano do Sul), mas s\u00e3o pol\u00edticas municipais isoladas e n\u00e3o integradas ao Bilhete \u00danico ou EMTU. <\/p>\n<h2>Dicas pr\u00e1ticas<\/h2>\n<ul>\n<li>Para a <strong>EMTU<\/strong>, o benef\u00edcio se aplica <strong>somente se o trajeto escolar for intermunicipal<\/strong>. Caso o estudante more e estude no mesmo munic\u00edpio, <strong>n\u00e3o h\u00e1 direito ao Passe Livre\/Meia EMTU<\/strong>. <\/li>\n<li>No caso do <strong>Bilhete \u00danico Estudante<\/strong>, a meia tarifa depende de cadastro e emiss\u00e3o de cart\u00e3o dentro do sistema da SPTrans. <\/li>\n<li><strong>Documentos exigidos<\/strong> geralmente incluem RG, CPF, comprovante de matr\u00edcula e, para gratuidade na EMTU, comprovante de renda ou bolsa. <\/li>\n<\/ul>\n<h2>Onde solicitar<\/h2>\n<figure>\n<table>\n<thead>\n<tr>\n<th>Benef\u00edcio<\/th>\n<th>Onde solicitar<\/th>\n<\/tr>\n<\/thead>\n<tbody>\n<tr>\n<td>Passe Livre Escolar \/ Meia Tarifa EMTU<\/td>\n<td><strong>Site da EMTU \u2013 Passe Escolar<\/strong> (preenchimento do formul\u00e1rio)<\/td>\n<\/tr>\n<tr>\n<td>Bilhete \u00danico Estudante (meia municipal)<\/td>\n<td><strong>SPTrans \u2013 Solicita\u00e7\u00e3o Bilhete \u00danico Estudante<\/strong><\/td>\n<\/tr>\n<tr>\n<td>Informa\u00e7\u00f5es adicionais<\/td>\n<td>Atendimento presencial (pontos SPTrans ou Centrais de Atendimento EMTU\/Cart\u00e3o TOP)<\/td>\n<\/tr>\n<\/tbody>\n<\/table>\n<\/figure>\n<p>The post <a rel=\"nofollow\" href=\"https:\/\/tvtnews.com.br\/pedir-passe-livre-estudante-meia-tarifa-sao-paulo\/\">Como pedir o Passe Livre Estudantil e a meia tarifa no transporte em S\u00e3o Paulo<\/a> appeared first on <a rel=\"nofollow\" href=\"https:\/\/tvtnews.com.br\/\">TVT News<\/a>.<\/p>\n<!-- Begin Yuzo --><div class='yuzo_related_post style-1'  data-version='5.12.89'><!-- without result --><div class='yuzo_clearfixed yuzo__title yuzo__title'><h3>Related Post<\/h3><\/div>\n\t\t\t\t\t\t  <div class=\"relatedthumb \" style=\"width:125px;float:left;overflow:hidden;\">  \n\t\t\t\t\t\t\t  \n\t\t\t\t\t\t\t  <a  href=\"https:\/\/redept.com.br\/blogosfera\/numero-de-jovens-aprendizes-bate-recorde-sao-710-mil-no-mercado-de-trabalho\/\"  >\n\t\t\t\t\t\t\t\t\t  <div class=\"yuzo-img-wrap \" style=\"width: 125px;height:90px;\">\n\t\t\t\t\t\t\t\t\t\t\n\t\t\t\t\t\t\t\t\t\t<div class=\"yuzo-img\" style=\"background:url('https:\/\/redept.org\/blogosfera\/wp-content\/plugins\/yuzo-related-post\/assets\/images\/default.png') 50% 50% no-repeat;width: 125px;height:90px;margin-bottom: 5px;background-size: cover; \"><\/div>\n\t\t\t\t\t\t\t\t\t  <\/div>\n\t\t\t\t\t\t\t\t\t  \n\t\t\t\t\t\t\t\t   <span class=\"yuzo__text--title\" style=\"font-size:13px;\">N\u00famero de jovens aprendizes bate recorde: s\u00e3o 710 ...<\/span>\n\t\t\t\t\t\t\t  \n\t\t\t\t\t\t\t  \n\t\t\t\t\t\t\t  <\/a>\n\n\t\t\t\t\t\t  <\/div>\n\t\t\t\t\t\t  <div class=\"relatedthumb \" style=\"width:125px;float:left;overflow:hidden;\">  \n\t\t\t\t\t\t\t  \n\t\t\t\t\t\t\t  <a  href=\"https:\/\/redept.com.br\/blogosfera\/centrais-sindicais-e-estudantes-protestam-contra-juros-altos-e-aumento-da-passagem-em-porto-alegre\/\"  >\n\t\t\t\t\t\t\t\t\t  <div class=\"yuzo-img-wrap \" style=\"width: 125px;height:90px;\">\n\t\t\t\t\t\t\t\t\t\t\n\t\t\t\t\t\t\t\t\t\t<div class=\"yuzo-img\" style=\"background:url('https:\/\/redept.com.br\/blogosfera\/wp-content\/uploads\/2025\/03\/manifestacao-estudantes-cut-rs-150x150.jpeg') 50% 50% no-repeat;width: 125px;height:90px;margin-bottom: 5px;background-size: cover; \"><\/div>\n\t\t\t\t\t\t\t\t\t  <\/div>\n\t\t\t\t\t\t\t\t\t  \n\t\t\t\t\t\t\t\t   <span class=\"yuzo__text--title\" style=\"font-size:13px;\">Centrais sindicais e estudantes protestam contra j...<\/span>\n\t\t\t\t\t\t\t  \n\t\t\t\t\t\t\t  \n\t\t\t\t\t\t\t  <\/a>\n\n\t\t\t\t\t\t  <\/div>\n\t\t\t\t\t\t  <div class=\"relatedthumb \" style=\"width:125px;float:left;overflow:hidden;\">  \n\t\t\t\t\t\t\t  \n\t\t\t\t\t\t\t  <a  href=\"https:\/\/redept.com.br\/blogosfera\/a-vinganca-dos-patriarcas\/\"  >\n\t\t\t\t\t\t\t\t\t  <div class=\"yuzo-img-wrap \" style=\"width: 125px;height:90px;\">\n\t\t\t\t\t\t\t\t\t\t\n\t\t\t\t\t\t\t\t\t\t<div class=\"yuzo-img\" style=\"background:url('https:\/\/redept.org\/blogosfera\/wp-content\/plugins\/yuzo-related-post\/assets\/images\/default.png') 50% 50% no-repeat;width: 125px;height:90px;margin-bottom: 5px;background-size: cover; \"><\/div>\n\t\t\t\t\t\t\t\t\t  <\/div>\n\t\t\t\t\t\t\t\t\t  \n\t\t\t\t\t\t\t\t   <span class=\"yuzo__text--title\" style=\"font-size:13px;\">A vingan\u00e7a dos patriarcas<\/span>\n\t\t\t\t\t\t\t  \n\t\t\t\t\t\t\t  \n\t\t\t\t\t\t\t  <\/a>\n\n\t\t\t\t\t\t  <\/div>\n\t\t\t\t\t\t  <div class=\"relatedthumb \" style=\"width:125px;float:left;overflow:hidden;\">  \n\t\t\t\t\t\t\t  \n\t\t\t\t\t\t\t  <a  href=\"https:\/\/redept.com.br\/blogosfera\/a-coprari-convoca-a-assembleia-geral-extraordinaria-em-centenario-do-sul-pr\/\"  >\n\t\t\t\t\t\t\t\t\t  <div class=\"yuzo-img-wrap \" style=\"width: 125px;height:90px;\">\n\t\t\t\t\t\t\t\t\t\t\n\t\t\t\t\t\t\t\t\t\t<div class=\"yuzo-img\" style=\"background:url('https:\/\/redept.org\/blogosfera\/wp-content\/plugins\/yuzo-related-post\/assets\/images\/default.png') 50% 50% no-repeat;width: 125px;height:90px;margin-bottom: 5px;background-size: cover; \"><\/div>\n\t\t\t\t\t\t\t\t\t  <\/div>\n\t\t\t\t\t\t\t\t\t  \n\t\t\t\t\t\t\t\t   <span class=\"yuzo__text--title\" style=\"font-size:13px;\">A Coprari convoca a assembleia geral extraordin\u00e1ri...<\/span>\n\t\t\t\t\t\t\t  \n\t\t\t\t\t\t\t  \n\t\t\t\t\t\t\t  <\/a>\n\n\t\t\t\t\t\t  <\/div>\n<\/div> <script>\n\t\t\t\t\t\t  jQuery(document).ready(function( $ ){\n\t\t\t\t\t\t\t\/\/jQuery('.yuzo_related_post').equalizer({ overflow : 'relatedthumb' });\n\t\t\t\t\t\t\tjQuery('.yuzo_related_post .yuzo_wraps').equalizer({ columns : '> div' });\n\t\t\t\t\t\t   })\n\t\t\t\t\t\t  <\/script> <!-- End Yuzo :) -->","protected":false},"excerpt":{"rendered":"<p>Al\u00e9m dos benef\u00edcios de passe livre e meia passagem oferecidos para \u00f4nibus metropolitanos (gerenciados pela EMTU), os sistemas de \u00f4nibus municipais, sobretudo na capital, contemplam meia tarifa e casos de gratuidade com regras pr\u00f3prias. Confira na TVT News as informa\u00e7\u00f5es sobre o que existe, quem tem direito e como solicitar. Benef\u00edcios no transporte metropolitano (EMTU) [&hellip;]<\/p>\n","protected":false},"author":2,"featured_media":0,"comment_status":"open","ping_status":"closed","sticky":false,"template":"","format":"standard","meta":{"fifu_image_url":"","fifu_image_alt":"","footnotes":""},"categories":[264,472,2921],"tags":[],"class_list":["post-69488","post","type-post","status-publish","format-standard","hentry","category-cidadania","category-destaque-ahome","category-transportes"],"_links":{"self":[{"href":"https:\/\/redept.com.br\/blogosfera\/wp-json\/wp\/v2\/posts\/69488","targetHints":{"allow":["GET"]}}],"collection":[{"href":"https:\/\/redept.com.br\/blogosfera\/wp-json\/wp\/v2\/posts"}],"about":[{"href":"https:\/\/redept.com.br\/blogosfera\/wp-json\/wp\/v2\/types\/post"}],"author":[{"embeddable":true,"href":"https:\/\/redept.com.br\/blogosfera\/wp-json\/wp\/v2\/users\/2"}],"replies":[{"embeddable":true,"href":"https:\/\/redept.com.br\/blogosfera\/wp-json\/wp\/v2\/comments?post=69488"}],"version-history":[{"count":0,"href":"https:\/\/redept.com.br\/blogosfera\/wp-json\/wp\/v2\/posts\/69488\/revisions"}],"wp:attachment":[{"href":"https:\/\/redept.com.br\/blogosfera\/wp-json\/wp\/v2\/media?parent=69488"}],"wp:term":[{"taxonomy":"category","embeddable":true,"href":"https:\/\/redept.com.br\/blogosfera\/wp-json\/wp\/v2\/categories?post=69488"},{"taxonomy":"post_tag","embeddable":true,"href":"https:\/\/redept.com.br\/blogosfera\/wp-json\/wp\/v2\/tags?post=69488"}],"curies":[{"name":"wp","href":"https:\/\/api.w.org\/{rel}","templated":true}]}}