{"id":69497,"date":"2026-01-06T14:53:44","date_gmt":"2026-01-06T17:53:44","guid":{"rendered":"https:\/\/redept.com.br\/blogosfera\/tvt-exibe-ultimo-episodio-da-serie-tarifa-zero\/"},"modified":"2026-01-06T14:53:44","modified_gmt":"2026-01-06T17:53:44","slug":"tvt-exibe-ultimo-episodio-da-serie-tarifa-zero","status":"publish","type":"post","link":"https:\/\/redept.com.br\/blogosfera\/tvt-exibe-ultimo-episodio-da-serie-tarifa-zero\/","title":{"rendered":"TVT exibe \u00faltimo epis\u00f3dio da s\u00e9rie Tarifa Zero"},"content":{"rendered":"<p>A TVT exibe hoje, ter\u00e7a-feira (6), o quarto e \u00faltimo epis\u00f3dio da <a href=\"https:\/\/tvtnews.com.br\/tarifa-zero-vira-debate-nacional-e-ganha-forca-no-parlamento-diz-clovis-girardi\/\">s\u00e9rie especial<\/a> produzida em parceria com a\u00a0<strong>Frente Nacional de Parlamentares em Defesa da Tarifa Zero<\/strong>. A iniciativa, que ganhou for\u00e7a institucional entre o final de 2024 e 2025, tem como objetivo transformar o transporte p\u00fablico em um direito universal, superando obst\u00e1culos como o custo fiscal para grandes metr\u00f3poles e a necessidade de um\u00a0<strong>Pacto Federativo<\/strong>\u00a0que envolva Uni\u00e3o, estados e munic\u00edpios. Leia em <strong><a href=\"https:\/\/tvtnews.com.br\/\">TVT News<\/a><\/strong>. <\/p>\n<p>O debate parlamentar, que se articula em frentes nacionais e projetos legislativos, busca consolidar uma pol\u00edtica p\u00fablica de mobilidade urbana justa e acess\u00edvel. A s\u00e9rie de quatro programas, exibida \u00e0s ter\u00e7as-feiras \u00e0s 18h, abordou desde os fundamentos da tarifa zero como direito social at\u00e9 experi\u00eancias concretas de implementa\u00e7\u00e3o no Brasil e no mundo.<\/p>\n<figure>\n<div>\n<\/div>\n<\/figure>\n<p><strong>Resumo dos epis\u00f3dios anteriores<\/strong><\/p>\n<p><strong>Primeiro epis\u00f3dio: \u201cTarifa Zero: Transporte p\u00fablico \u00e9 um direito do cidad\u00e3o?\u201d<\/strong><br \/>Apresentado pelo vereador Cl\u00f3vis Girardi (PT-Santo Andr\u00e9), o programa debateu a tarifa zero como instrumento de redu\u00e7\u00e3o de desigualdades e garantia de direitos constitucionais. Participaram Clariana Cunha (Instituto Polis), a vereadora Luna Zarattini (SP) e o deputado estadual Maurici. Os convidados destacaram:<\/p>\n<ul>\n<li>O transporte como\u00a0<strong>barreira econ\u00f4mica<\/strong>\u00a0que limita o acesso \u00e0 cidade, especialmente para mulheres, idosos e popula\u00e7\u00f5es perif\u00e9ricas.<\/li>\n<li>A necessidade de\u00a0<strong>integrar modais<\/strong>\u00a0(\u00f4nibus, trem, metr\u00f4) em regi\u00f5es metropolitanas, com mudan\u00e7as na Constitui\u00e7\u00e3o para criar autoridade \u00fanica.<\/li>\n<li>Experi\u00eancias como a tarifa zero aos domingos em S\u00e3o Paulo, criticada pela falta de oferta adequada de \u00f4nibus.<\/li>\n<\/ul>\n<figure>\n<div>\n<\/div>\n<\/figure>\n<p><strong>Segundo epis\u00f3dio: \u201cTarifa Zero: conhe\u00e7a os modelos\u201d<\/strong><br \/>Com media\u00e7\u00e3o da vereadora Fernanda Henrique (Ribeir\u00e3o Pires), o programa explorou\u00a0<strong>modelos de financiamento e casos de sucesso<\/strong>. Especialistas como Jean Carlo Gama (GV Cidades) e Daniel Santini (FA USP) apontaram:<\/p>\n<ul>\n<li>O Brasil \u00e9\u00a0<strong>l\u00edder mundial<\/strong>\u00a0em cidades com tarifa zero (138 munic\u00edpios), mas o modelo atual de financiamento por tarifa \u00e9 \u201cregressivo e leva ao colapso\u201d.<\/li>\n<li>Experi\u00eancias como\u00a0<strong>S\u00e3o Caetano do Sul<\/strong>\u00a0(SP) e\u00a0<strong>Maric\u00e1<\/strong>\u00a0(RJ) mostraram aumento de at\u00e9 320% no uso do transporte ap\u00f3s a gratuidade, com custo de 1,5% a 2% do or\u00e7amento municipal.<\/li>\n<li>A mudan\u00e7a para\u00a0<strong>remunera\u00e7\u00e3o por quil\u00f4metro rodado<\/strong>\u00a0(e n\u00e3o por passageiro) \u00e9 essencial para garantir qualidade e sustentabilidade.<\/li>\n<\/ul>\n<figure>\n<div>\n<\/div>\n<\/figure>\n<p><strong>Terceiro epis\u00f3dio: \u201cTarifa Zero: Governo Lula\u201d<\/strong><br \/>Com a vereadora Duda Hidalgo (PT-Ribeir\u00e3o Preto), o epis\u00f3dio focou no\u00a0<strong>debate nacional liderado pelo governo federal<\/strong>. Participaram o vereador Uriel Biazim (Embu das Artes) e o deputado federal Gilmar Tatto (PT-SP), que detalharam:<\/p>\n<ul>\n<li>O presidente Lula\u00a0<strong>escalou uma equipe t\u00e9cnica<\/strong>, liderada pelo ministro Fernando Haddad, para estudar a viabilidade da tarifa zero em \u00e2mbito nacional.<\/li>\n<li>Propostas de financiamento incluem a\u00a0<strong>reformula\u00e7\u00e3o do vale-transporte<\/strong>, com cria\u00e7\u00e3o de um fundo tripartite (Uni\u00e3o, estados, munic\u00edpios) e taxa\u00e7\u00e3o de setores poluentes.<\/li>\n<li>H\u00e1\u00a0<strong>projetos em tramita\u00e7\u00e3o no Congresso<\/strong>, como o marco regulat\u00f3rio da mobilidade e a PEC da tarifa zero, al\u00e9m de estudos encomendados \u00e0 Universidade de Bras\u00edlia.<\/li>\n<\/ul>\n<figure>\n<div>\n<\/div>\n<\/figure>\n<p><strong>O que esperar do \u00faltimo epis\u00f3dio<\/strong><br \/>O quarto programa, baseado no trailer divulgado, ter\u00e1 como tema\u00a0<strong>\u201cTarifa Zero na sua cidade\u201d<\/strong>, com foco em como parlamentares locais podem implementar ou ampliar a pol\u00edtica. O debate refor\u00e7ar\u00e1 a necessidade de um\u00a0<strong>Pacto Federativo<\/strong>\u00a0para financiamento compartilhado, evitando a queda na qualidade dos servi\u00e7os.<\/p>\n<p>A s\u00e9rie coincide com um momento hist\u00f3rico: o Brasil tem\u00a0<strong>138 cidades com tarifa zero universal<\/strong>, sendo o pa\u00eds com mais experi\u00eancias no mundo. Na C\u00e2mara dos Deputados, tramita o\u00a0<strong>PL 2121\/2024<\/strong>, que prop\u00f5e a gratuidade nacional. Para Cl\u00f3vis Girardi, a pergunta central deixou de ser \u201cse \u00e9 poss\u00edvel\u201d para \u201ccomo viabilizar\u201d.<\/p>\n<p><strong>Como assistir<\/strong><br \/>O \u00faltimo epis\u00f3dio vai ao ar \u00e0s\u00a0<strong>18h<\/strong>\u00a0na TVT:<\/p>\n<ul>\n<li><strong>Canal 44.1<\/strong>\u00a0(sinal digital aberto na Grande S\u00e3o Paulo)<\/li>\n<li><strong>Canal 555<\/strong>\u00a0(parab\u00f3lica digital em todo o Brasil)<\/li>\n<li><strong>YouTube<\/strong>:\u00a0<a href=\"https:\/\/www.youtube.com\/@redetvt\" target=\"_blank\" rel=\"noreferrer noopener nofollow\">@redetvt<\/a><\/li>\n<\/ul>\n<p>A Frente Nacional de Parlamentares segue articulando projetos legislativos e pressionando por um\u00a0<strong>Sistema \u00danico de Mobilidade<\/strong>, inspirado no SUS, para garantir transporte como direito social.<\/p>\n<p>The post <a rel=\"nofollow\" href=\"https:\/\/tvtnews.com.br\/tvt-exibe-ultimo-episodio-da-serie-tarifa-zero\/\">TVT exibe \u00faltimo epis\u00f3dio da s\u00e9rie Tarifa Zero<\/a> appeared first on <a rel=\"nofollow\" href=\"https:\/\/tvtnews.com.br\/\">TVT News<\/a>.<\/p>\n<!-- Begin Yuzo --><div class='yuzo_related_post style-1'  data-version='5.12.89'><!-- without result --><div class='yuzo_clearfixed yuzo__title yuzo__title'><h3>Related Post<\/h3><\/div>\n\t\t\t\t\t\t  <div class=\"relatedthumb \" style=\"width:125px;float:left;overflow:hidden;\">  \n\t\t\t\t\t\t\t  \n\t\t\t\t\t\t\t  <a  href=\"https:\/\/redept.com.br\/blogosfera\/agencia-publica-celebra-15-anos-discutindo-o-futuro-do-jornalismo\/\"  >\n\t\t\t\t\t\t\t\t\t  <div class=\"yuzo-img-wrap \" style=\"width: 125px;height:90px;\">\n\t\t\t\t\t\t\t\t\t\t\n\t\t\t\t\t\t\t\t\t\t<div class=\"yuzo-img\" style=\"background:url('https:\/\/redept.org\/blogosfera\/wp-content\/plugins\/yuzo-related-post\/assets\/images\/default.png') 50% 50% no-repeat;width: 125px;height:90px;margin-bottom: 5px;background-size: cover; \"><\/div>\n\t\t\t\t\t\t\t\t\t  <\/div>\n\t\t\t\t\t\t\t\t\t  \n\t\t\t\t\t\t\t\t   <span class=\"yuzo__text--title\" style=\"font-size:13px;\">Ag\u00eancia P\u00fablica celebra 15 anos discutindo o futur...<\/span>\n\t\t\t\t\t\t\t  \n\t\t\t\t\t\t\t  \n\t\t\t\t\t\t\t  <\/a>\n\n\t\t\t\t\t\t  <\/div>\n\t\t\t\t\t\t  <div class=\"relatedthumb \" style=\"width:125px;float:left;overflow:hidden;\">  \n\t\t\t\t\t\t\t  \n\t\t\t\t\t\t\t  <a  href=\"https:\/\/redept.com.br\/blogosfera\/sem-pizza-quem-roubou-vai-responder-dizem-petistas-apos-rejeicao-ao-relatorio-da-maioria-entregue-a-pf-pgr-agu-e-stf\/\"  >\n\t\t\t\t\t\t\t\t\t  <div class=\"yuzo-img-wrap \" style=\"width: 125px;height:90px;\">\n\t\t\t\t\t\t\t\t\t\t\n\t\t\t\t\t\t\t\t\t\t<div class=\"yuzo-img\" style=\"background:url('https:\/\/redept.org\/blogosfera\/wp-content\/plugins\/yuzo-related-post\/assets\/images\/default.png') 50% 50% no-repeat;width: 125px;height:90px;margin-bottom: 5px;background-size: cover; \"><\/div>\n\t\t\t\t\t\t\t\t\t  <\/div>\n\t\t\t\t\t\t\t\t\t  \n\t\t\t\t\t\t\t\t   <span class=\"yuzo__text--title\" style=\"font-size:13px;\">\u201cSem pizza; quem roubou vai responder\u201d, dizem peti...<\/span>\n\t\t\t\t\t\t\t  \n\t\t\t\t\t\t\t  \n\t\t\t\t\t\t\t  <\/a>\n\n\t\t\t\t\t\t  <\/div>\n\t\t\t\t\t\t  <div class=\"relatedthumb \" style=\"width:125px;float:left;overflow:hidden;\">  \n\t\t\t\t\t\t\t  \n\t\t\t\t\t\t\t  <a  href=\"https:\/\/redept.com.br\/blogosfera\/espetaculo-inspirado-na-obra-de-conceicao-evaristo-tera-apresentacoes-gratuitas-em-brasilia-neste-fim-de-semana\/\"  >\n\t\t\t\t\t\t\t\t\t  <div class=\"yuzo-img-wrap \" style=\"width: 125px;height:90px;\">\n\t\t\t\t\t\t\t\t\t\t\n\t\t\t\t\t\t\t\t\t\t<div class=\"yuzo-img\" style=\"background:url('https:\/\/redept.org\/blogosfera\/wp-content\/plugins\/yuzo-related-post\/assets\/images\/default.png') 50% 50% no-repeat;width: 125px;height:90px;margin-bottom: 5px;background-size: cover; \"><\/div>\n\t\t\t\t\t\t\t\t\t  <\/div>\n\t\t\t\t\t\t\t\t\t  \n\t\t\t\t\t\t\t\t   <span class=\"yuzo__text--title\" style=\"font-size:13px;\">Espet\u00e1culo inspirado na obra de Concei\u00e7\u00e3o Evaristo...<\/span>\n\t\t\t\t\t\t\t  \n\t\t\t\t\t\t\t  \n\t\t\t\t\t\t\t  <\/a>\n\n\t\t\t\t\t\t  <\/div>\n\t\t\t\t\t\t  <div class=\"relatedthumb \" style=\"width:125px;float:left;overflow:hidden;\">  \n\t\t\t\t\t\t\t  \n\t\t\t\t\t\t\t  <a  href=\"https:\/\/redept.com.br\/blogosfera\/genocidio-em-gaza-expoe-barbarie-do-lobby-sionista-e-da-industria-belica-mundial-dizem-analistas\/\"  >\n\t\t\t\t\t\t\t\t\t  <div class=\"yuzo-img-wrap \" style=\"width: 125px;height:90px;\">\n\t\t\t\t\t\t\t\t\t\t\n\t\t\t\t\t\t\t\t\t\t<div class=\"yuzo-img\" style=\"background:url('https:\/\/redept.org\/blogosfera\/wp-content\/plugins\/yuzo-related-post\/assets\/images\/default.png') 50% 50% no-repeat;width: 125px;height:90px;margin-bottom: 5px;background-size: cover; \"><\/div>\n\t\t\t\t\t\t\t\t\t  <\/div>\n\t\t\t\t\t\t\t\t\t  \n\t\t\t\t\t\t\t\t   <span class=\"yuzo__text--title\" style=\"font-size:13px;\">Genoc\u00eddio em Gaza exp\u00f5e barb\u00e1rie do lobby sionista...<\/span>\n\t\t\t\t\t\t\t  \n\t\t\t\t\t\t\t  \n\t\t\t\t\t\t\t  <\/a>\n\n\t\t\t\t\t\t  <\/div>\n<\/div> <script>\n\t\t\t\t\t\t  jQuery(document).ready(function( $ ){\n\t\t\t\t\t\t\t\/\/jQuery('.yuzo_related_post').equalizer({ overflow : 'relatedthumb' });\n\t\t\t\t\t\t\tjQuery('.yuzo_related_post .yuzo_wraps').equalizer({ columns : '> div' });\n\t\t\t\t\t\t   })\n\t\t\t\t\t\t  <\/script> <!-- End Yuzo :) -->","protected":false},"excerpt":{"rendered":"<p>A TVT exibe hoje, ter\u00e7a-feira (6), o quarto e \u00faltimo epis\u00f3dio da s\u00e9rie especial produzida em parceria com a\u00a0Frente Nacional de Parlamentares em Defesa da Tarifa Zero. A iniciativa, que ganhou for\u00e7a institucional entre o final de 2024 e 2025, tem como objetivo transformar o transporte p\u00fablico em um direito universal, superando obst\u00e1culos como o [&hellip;]<\/p>\n","protected":false},"author":2,"featured_media":0,"comment_status":"open","ping_status":"closed","sticky":false,"template":"","format":"standard","meta":{"fifu_image_url":"","fifu_image_alt":"","footnotes":""},"categories":[264,472,663,2921,2709],"tags":[],"class_list":["post-69497","post","type-post","status-publish","format-standard","hentry","category-cidadania","category-destaque-ahome","category-tarifa-zero","category-transportes","category-tvt"],"_links":{"self":[{"href":"https:\/\/redept.com.br\/blogosfera\/wp-json\/wp\/v2\/posts\/69497","targetHints":{"allow":["GET"]}}],"collection":[{"href":"https:\/\/redept.com.br\/blogosfera\/wp-json\/wp\/v2\/posts"}],"about":[{"href":"https:\/\/redept.com.br\/blogosfera\/wp-json\/wp\/v2\/types\/post"}],"author":[{"embeddable":true,"href":"https:\/\/redept.com.br\/blogosfera\/wp-json\/wp\/v2\/users\/2"}],"replies":[{"embeddable":true,"href":"https:\/\/redept.com.br\/blogosfera\/wp-json\/wp\/v2\/comments?post=69497"}],"version-history":[{"count":0,"href":"https:\/\/redept.com.br\/blogosfera\/wp-json\/wp\/v2\/posts\/69497\/revisions"}],"wp:attachment":[{"href":"https:\/\/redept.com.br\/blogosfera\/wp-json\/wp\/v2\/media?parent=69497"}],"wp:term":[{"taxonomy":"category","embeddable":true,"href":"https:\/\/redept.com.br\/blogosfera\/wp-json\/wp\/v2\/categories?post=69497"},{"taxonomy":"post_tag","embeddable":true,"href":"https:\/\/redept.com.br\/blogosfera\/wp-json\/wp\/v2\/tags?post=69497"}],"curies":[{"name":"wp","href":"https:\/\/api.w.org\/{rel}","templated":true}]}}