{"id":69498,"date":"2026-01-06T14:56:42","date_gmt":"2026-01-06T17:56:42","guid":{"rendered":"https:\/\/redept.com.br\/blogosfera\/passagem-de-onibus-confira-o-valor-da-passagem-na-sua-cidade-em-2026\/"},"modified":"2026-01-06T14:56:42","modified_gmt":"2026-01-06T17:56:42","slug":"passagem-de-onibus-confira-o-valor-da-passagem-na-sua-cidade-em-2026","status":"publish","type":"post","link":"https:\/\/redept.com.br\/blogosfera\/passagem-de-onibus-confira-o-valor-da-passagem-na-sua-cidade-em-2026\/","title":{"rendered":"Passagem de \u00f4nibus: confira o valor da passagem na sua cidade em 2026"},"content":{"rendered":"<p>O <a href=\"https:\/\/tvtnews.com.br\/efemerides-de-janeiro-de-2026\/\" data-type=\"post\" data-id=\"774780\">ano de 2026<\/a> come\u00e7ou com aumento do valor da passagem de \u00f4nibus em v\u00e1rias cidades do pa\u00eds. Confira em <a href=\"http:\/\/tvtnews.com.br\/\" data-type=\"link\" data-id=\"tvtnews.com.br\" target=\"_blank\" rel=\"noopener noreferrer nofollow\">TVT News <\/a>qual o pre\u00e7o da passagem de \u00f4nibus na sua cidade.<\/p>\n<h2>Qual o valor da passagem de \u00f4nibus nas capitais ?<\/h2>\n<p>Pelo menos cinco grandes cidades, <a href=\"https:\/\/tvtnews.com.br\/tag\/sao-paulo\/\" data-type=\"post_tag\" data-id=\"4578\">S\u00e3o Paulo<\/a>, Rio de Janeiro, Belo Horizonte, Florian\u00f3polis e Fortaleza, ter\u00e3o <a href=\"https:\/\/tvtnews.com.br\/ano-aumento-transporte-publico-capitais\/\" data-type=\"link\" data-id=\"https:\/\/tvtnews.com.br\/ano-aumento-transporte-publico-capitais\/\">aumento no pre\u00e7o passagem de \u00f4nibus<\/a>, metr\u00f4, trens urbanos e outros modais, com validade entre o fim de dezembro e os primeiros dias de janeiro. <\/p>\n<p>Em Jo\u00e3o Pessoa, embora o transporte urbano municipal tenha sido mantido, houve reajuste nas linhas intermunicipais da regi\u00e3o metropolitana. <\/p>\n<p>O aumento no valor da passagem de \u00f4nibus ocorre em meio a debates recorrentes sobre financiamento do transporte p\u00fablico, impacto no custo de vida e equil\u00edbrio financeiro dos sistemas, frequentemente pressionados pela alta de insumos, combust\u00edveis e custos operacionais.<\/p>\n<h3>Confira o pre\u00e7o da passagem de \u00f4nibus nas capitais<\/h3>\n<\/p>\n<figure>\n<table>\n<thead>\n<tr>\n<th>Cidade<\/th>\n<th>Transporte<\/th>\n<th>Tarifa anterior<\/th>\n<th>Nova tarifa<\/th>\n<th>In\u00edcio da vig\u00eancia<\/th>\n<\/tr>\n<\/thead>\n<tbody>\n<tr>\n<td>S\u00e3o Paulo (SP)<\/td>\n<td>\u00d4nibus municipal<\/td>\n<td>R$ 5,00<\/td>\n<td>R$ 5,30<\/td>\n<td>06\/01\/2026<\/td>\n<\/tr>\n<tr>\n<td>S\u00e3o Paulo (SP)<\/td>\n<td>Metr\u00f4\/CPTM\/ViaMobilidade<\/td>\n<td>R$ 5,20<\/td>\n<td>R$ 5,40<\/td>\n<td>06\/01\/2026<\/td>\n<\/tr>\n<tr>\n<td>Rio de Janeiro (RJ)<\/td>\n<td>Transporte municipal (\u00f4nibus, BRT, VLT)<\/td>\n<td>R$ 4,70<\/td>\n<td>R$ 5,00<\/td>\n<td>04\/01\/2026<\/td>\n<\/tr>\n<tr>\n<td>Belo Horizonte (MG)<\/td>\n<td>Tarifa principal<\/td>\n<td>R$ 5,75<\/td>\n<td>R$ 6,25<\/td>\n<td>01\/01\/2026<\/td>\n<\/tr>\n<tr>\n<td>Belo Horizonte (MG)<\/td>\n<td>Linhas circulares\/alimentadoras<\/td>\n<td>R$ 5,50<\/td>\n<td>R$ 6,00<\/td>\n<td>01\/01\/2026<\/td>\n<\/tr>\n<tr>\n<td>Florian\u00f3polis (SC)<\/td>\n<td>\u00d4nibus (QR Code)<\/td>\n<td>R$ 6,90<\/td>\n<td>R$ 7,70<\/td>\n<td>01\/01\/2026<\/td>\n<\/tr>\n<tr>\n<td>Florian\u00f3polis (SC)<\/td>\n<td>\u00d4nibus (Cart\u00e3o Cidad\u00e3o)<\/td>\n<td>\u2014<\/td>\n<td>R$ 6,20<\/td>\n<td>01\/01\/2026<\/td>\n<\/tr>\n<tr>\n<td>Florian\u00f3polis (SC)<\/td>\n<td>Linhas executivas<\/td>\n<td>R$ 18,00<\/td>\n<td>R$ 20,00<\/td>\n<td>01\/01\/2026<\/td>\n<\/tr>\n<tr>\n<td>Fortaleza (CE)<\/td>\n<td>\u00d4nibus (tarifa inteira)<\/td>\n<td>R$ 4,50<\/td>\n<td>R$ 5,40<\/td>\n<td>01\/01\/2026<\/td>\n<\/tr>\n<tr>\n<td>Jo\u00e3o Pessoa (PB)<\/td>\n<td>Linha intermunicipal JP\u2013Bayeux<\/td>\n<td>\u2014<\/td>\n<td>R$ 5,40<\/td>\n<td>30\/12\/2025<\/td>\n<\/tr>\n<\/tbody>\n<\/table>\n<\/figure>\n<figure><img fetchpriority=\"high\" fetchpriority=\"high\" decoding=\"async\" width=\"1024\" height=\"577\"src=\"https:\/\/redept.com.br\/blogosfera\/wp-content\/uploads\/2026\/01\/onibus_sp-2-e1767721854486.webp\" alt=\"passagem-de-onibus-confira-o-valor-da-passagem-na-sua-cidade-em-2026-tvt-news\" title=\"Passagem de \u00f4nibus: confira o valor da passagem na sua cidade em 2026 1\" srcset=\"https:\/\/redept.com.br\/blogosfera\/wp-content\/uploads\/2026\/01\/onibus_sp-2-e1767721854486.webp 1024w, https:\/\/tvtnews.com.br\/wp-content\/uploads\/2026\/01\/onibus_sp-2-e1767721854486-300x169.webp 300w, https:\/\/tvtnews.com.br\/wp-content\/uploads\/2026\/01\/onibus_sp-2-e1767721854486-768x433.webp 768w\" sizes=\"(max-width: 1024px) 100vw, 1024px\"><figcaption>Na capital paulista, n\u00e3o h\u00e1 tarifa zero durante a semana.  Foto: Paulo Pinto\/Ag\u00eancia Brasil<\/figcaption><\/figure>\n<\/p>\n<h2>Qual o valor da passagem de \u00f4nibus no ABC Paulista?<\/h2>\n<p>No\u00a0<strong><a href=\"https:\/\/tvtnews.com.br\/tag\/abc-paulista\/\" data-type=\"post_tag\" data-id=\"4508\">ABC Paulista<\/a><\/strong>, enquanto algumas <a href=\"https:\/\/tvtnews.com.br\/qual-preco-onibus-abc-paulista-tarifas-sete-cidades\/\" data-type=\"link\" data-id=\"https:\/\/tvtnews.com.br\/qual-preco-onibus-abc-paulista-tarifas-sete-cidades\/\">prefeituras optaram por congelar o valor da passagem de \u00f4nibus<\/a>, outras seguiram a tend\u00eancia de aumento observada no estado. Confira, na\u00a0<strong>TVT News<\/strong>, quanto custa pegar \u00f4nibus em cada uma das sete cidades do ABC e o que mudou.<\/p>\n<figure>\n<table>\n<tbody>\n<tr>\n<td><strong>Cidade<\/strong><\/td>\n<td><strong>Pre\u00e7o da passagem de \u00f4nibus<\/strong><\/td>\n<\/tr>\n<tr>\n<td>Santo Andr\u00e9<\/td>\n<td>R$ 5,90<\/td>\n<\/tr>\n<tr>\n<td>S\u00e3o Bernardo do Campo<\/td>\n<td>R$ 5,95<\/td>\n<\/tr>\n<tr>\n<td>S\u00e3o Caetano do Sul<\/td>\n<td>Tarifa zero<\/td>\n<\/tr>\n<tr>\n<td>Diadema<\/td>\n<td>Reajuste em avalia\u00e7\u00e3o<\/td>\n<\/tr>\n<tr>\n<td>Mau\u00e1<\/td>\n<td>R$ 5,90 (dinheiro)<\/td>\n<\/tr>\n<tr>\n<td>Ribeir\u00e3o Pires<\/td>\n<td>R$ 6,40 (dinheiro)<\/td>\n<\/tr>\n<tr>\n<td>Rio Grande da Serra<\/td>\n<td>R$ 5,50<\/td>\n<\/tr>\n<\/tbody>\n<\/table>\n<\/figure>\n<figure><img decoding=\"async\" width=\"1024\" height=\"576\"src=\"https:\/\/redept.com.br\/blogosfera\/wp-content\/uploads\/2026\/01\/Qual-o-preco-do-onibus-no-Grande-ABC.jpg\" alt=\"Qual-o-preco-do-onibus-no-Grande-ABC-divulgacao-tvt-news\" title=\"Passagem de \u00f4nibus: confira o valor da passagem na sua cidade em 2026 2\" srcset=\"https:\/\/tvtnews.com.br\/wp-content\/uploads\/2026\/01\/Qual-o-preco-do-onibus-no-Grande-ABC-1024x576.jpg 1024w, https:\/\/tvtnews.com.br\/wp-content\/uploads\/2026\/01\/Qual-o-preco-do-onibus-no-Grande-ABC-300x169.jpg 300w, https:\/\/tvtnews.com.br\/wp-content\/uploads\/2026\/01\/Qual-o-preco-do-onibus-no-Grande-ABC-768x432.jpg 768w, https:\/\/tvtnews.com.br\/wp-content\/uploads\/2026\/01\/Qual-o-preco-do-onibus-no-Grande-ABC-1536x864.jpg 1536w, https:\/\/redept.com.br\/blogosfera\/wp-content\/uploads\/2026\/01\/Qual-o-preco-do-onibus-no-Grande-ABC.jpg 1600w\" sizes=\"(max-width: 1024px) 100vw, 1024px\"><figcaption>Veja os valores das passagens de \u00f4nibus no ABC Paulista. Foto: Divulga\u00e7\u00e3o<\/figcaption><\/figure>\n<\/p>\n<h2>Qual o valor da passagem de \u00f4nibus na Grande S\u00e3o Paulo<\/h2>\n<p>Ao menos 12 das <a href=\"https:\/\/tvtnews.com.br\/aumento-guarulhos-osasco-tarifas-mais-altas\/\" data-type=\"link\" data-id=\"https:\/\/tvtnews.com.br\/aumento-guarulhos-osasco-tarifas-mais-altas\/\">39 cidades da Regi\u00e3o Metropolitana de S\u00e3o Paulo v\u00e3o aumentar o pre\u00e7o da passagem de \u00f4nibus<\/a>. Entre os aumentos anunciados,\u00a0<a href=\"https:\/\/www.guarulhos.sp.gov.br\/\" target=\"_blank\" rel=\"noreferrer noopener nofollow\">Guarulhos\u00a0<\/a>e Osasco ganham destaque por concentrarem valores elevados e por atingirem diretamente um grande contingente de trabalhadores que dependem diariamente do transporte coletivo.<\/p>\n<p>Em Guarulhos, o reajuste entrou em vigor j\u00e1 no dia 1\u00ba de janeiro. A passagem, que custava R$ 5,30 em dinheiro e R$ 5,10 no Cart\u00e3o Cidad\u00e3o, passou para R$ 6,20, colocando o munic\u00edpio entre os mais caros da regi\u00e3o. Apenas Itaquaquecetuba supera esse valor no pagamento em dinheiro, com tarifa de R$ 6,30.<\/p>\n<p>Osasco tamb\u00e9m aplicou aumento a partir do dia 5 de janeiro. O valor da passagem subiu de R$ 5,80 para R$ 6,10, patamar semelhante ao adotado por cidades vizinhas como Barueri, Carapicu\u00edba, Itapevi e Jandira. O reajuste refor\u00e7a a press\u00e3o sobre o or\u00e7amento das fam\u00edlias que utilizam o transporte municipal para se deslocar dentro do munic\u00edpio ou fazer integra\u00e7\u00f5es com a capital.<\/p>\n<\/p>\n<figure><img decoding=\"async\" width=\"1024\" height=\"576\"src=\"https:\/\/redept.com.br\/blogosfera\/wp-content\/uploads\/2026\/01\/aumento.jpg\" alt=\"Entre os aumentos anunciados, Guarulhos e Osasco ganham destaque por concentrarem valores elevados e por atingirem diretamente um grande contingente de trabalhadores. Foto: Wikicommons\" title=\"Passagem de \u00f4nibus: confira o valor da passagem na sua cidade em 2026 3\" srcset=\"https:\/\/tvtnews.com.br\/wp-content\/uploads\/2026\/01\/aumento-1024x576.jpg 1024w, https:\/\/tvtnews.com.br\/wp-content\/uploads\/2026\/01\/aumento-300x169.jpg 300w, https:\/\/tvtnews.com.br\/wp-content\/uploads\/2026\/01\/aumento-768x432.jpg 768w, https:\/\/tvtnews.com.br\/wp-content\/uploads\/2026\/01\/aumento-1536x864.jpg 1536w, https:\/\/redept.com.br\/blogosfera\/wp-content\/uploads\/2026\/01\/aumento.jpg 1600w\" sizes=\"(max-width: 1024px) 100vw, 1024px\"><figcaption>Entre os aumentos anunciados, Guarulhos e Osasco ganham destaque por concentrarem valores elevados e por atingirem diretamente um grande contingente de trabalhadores. Foto: Wikicommons<\/figcaption><\/figure>\n<\/p>\n<h2>Como pedir o Passe Livre Estudantil e a meia tarifa no transporte em S\u00e3o Paulo<\/h2>\n<p>Al\u00e9m dos benef\u00edcios de passe livre e meia passagem oferecidos para \u00f4nibus metropolitanos (gerenciados pela EMTU), os sistemas de \u00f4nibus municipais, sobretudo na capital, contemplam meia tarifa e casos de gratuidade com regras pr\u00f3prias. Confira na TVT News as informa\u00e7\u00f5es sobre o que existe, quem tem direito e como solicitar.<\/p>\n<h2>Benef\u00edcios no transporte metropolitano (EMTU)<\/h2>\n<figure>\n<table>\n<thead>\n<tr>\n<th>Benef\u00edcio<\/th>\n<th>O que garante<\/th>\n<th>Quem pode pedir<\/th>\n<\/tr>\n<\/thead>\n<tbody>\n<tr>\n<td><strong>Passe Livre Escolar<\/strong><\/td>\n<td><strong>Gratuidade total<\/strong> no transporte intermunicipal<\/td>\n<td>Estudantes com renda familiar per capita &lt; 1,5 sal\u00e1rio m\u00ednimo ou vinculados a bolsas sociais (FIES, PROUNI, cotas) e que estudam em outro munic\u00edpio da regi\u00e3o metropolitana. <\/td>\n<\/tr>\n<tr>\n<td><strong>Meia Tarifa<\/strong><\/td>\n<td><strong>50% de desconto<\/strong> no valor da passagem de \u00f4nibus intermunicipal<\/td>\n<td>Estudantes que n\u00e3o t\u00eam direito \u00e0 gratuidade e professores que residem e trabalham em munic\u00edpios distintos dentro da Grande S\u00e3o Paulo.<\/td>\n<\/tr>\n<\/tbody>\n<\/table>\n<\/figure>\n<h3>Como pedir passe livre? (EMTU)<\/h3>\n<ol>\n<li><strong>Cadastro institucional:<\/strong><br \/>A escola ou universidade deve cadastrar o estudante\/professor no <strong><a href=\"https:\/\/www.emtu.sp.gov.br\/parceiros\/login.htm\" target=\"_blank\" rel=\"noopener noreferrer nofollow\">Portal Parceiros\/EMTU<\/a><\/strong>.<\/li>\n<li><strong>Formul\u00e1rio e envio de documentos:<\/strong><br \/>A pessoa acessa o site da EMTU na \u00e1rea \u201cPasse Escolar\u201d, preenche dados, envia documentos e paga a taxa (valor em torno de <strong>7 tarifas-piso<\/strong>).<\/li>\n<li><strong>An\u00e1lise e aprova\u00e7\u00e3o:<\/strong><br \/>Ap\u00f3s ser aprovado, o benef\u00edcio \u00e9 liberado no banco de dados da EMTU.<\/li>\n<li><strong>Cart\u00e3o TOP Escolar:<\/strong><br \/>O titular deve solicitar o <strong>Cart\u00e3o TOP<\/strong> (pelo app ou em ponto de atendimento) para que o benef\u00edcio seja carregado e usado nos \u00f4nibus metropolitanos.<\/li>\n<\/ol>\n<h3>Requisitos<\/h3>\n<ul>\n<li>Morar em um munic\u00edpio diferente do da escola;<\/li>\n<li>Curso presencial ou com frequ\u00eancia obrigat\u00f3ria;<\/li>\n<li>Trajeto intermunicipal habilitado pelo sistema;<\/li>\n<li>N\u00e3o possuir outro benef\u00edcio para o mesmo percurso. <\/li>\n<\/ul>\n<h2>Dicas para pedir passe livre e meia tarifa<\/h2>\n<ul>\n<li>Para a <strong>EMTU<\/strong>, o benef\u00edcio se aplica <strong>somente se o trajeto escolar for intermunicipal<\/strong>. Caso o estudante more e estude no mesmo munic\u00edpio, <strong>n\u00e3o h\u00e1 direito ao Passe Livre\/Meia EMTU<\/strong>. <\/li>\n<li>No caso do <strong>Bilhete \u00danico Estudante<\/strong>, a meia tarifa depende de cadastro e emiss\u00e3o de cart\u00e3o dentro do sistema da SPTrans. <\/li>\n<li><strong>Documentos exigidos<\/strong> geralmente incluem RG, CPF, comprovante de matr\u00edcula e, para gratuidade na EMTU, comprovante de renda ou bolsa. <\/li>\n<\/ul>\n<h2>Onde solicitar passe livre e meia tarifa <\/h2>\n<figure>\n<table>\n<thead>\n<tr>\n<th>Benef\u00edcio<\/th>\n<th>Onde solicitar<\/th>\n<\/tr>\n<\/thead>\n<tbody>\n<tr>\n<td>Passe Livre Escolar \/ Meia Tarifa EMTU<\/td>\n<td><strong>Site da EMTU \u2013 Passe Escolar<\/strong> (preenchimento do formul\u00e1rio)<\/td>\n<\/tr>\n<tr>\n<td>Bilhete \u00danico Estudante (meia municipal)<\/td>\n<td><strong>SPTrans \u2013 Solicita\u00e7\u00e3o Bilhete \u00danico Estudante<\/strong><\/td>\n<\/tr>\n<tr>\n<td>Informa\u00e7\u00f5es adicionais<\/td>\n<td>Atendimento presencial (pontos SPTrans ou Centrais de Atendimento EMTU\/Cart\u00e3o TOP)<\/td>\n<\/tr>\n<\/tbody>\n<\/table>\n<\/figure>\n<\/p>\n<h2>TVT exibe s\u00e9rie de programas sobre tarifa zero nos transportes<\/h2>\n<p>Jovens parlamentares do Brasil se unem na luta pela implementa\u00e7\u00e3o da tarifa zero nos transportes em todas as cidades. A TVT exibe s\u00e9rie de quatro programas da rec\u00e9m-criada Frente Nacional de Parlamentares em Defesa da <a href=\"https:\/\/tvtnews.com.br\/tag\/tarifa-zero\/\" data-type=\"post_tag\" data-id=\"4357\">Tarifa Zero<\/a>.<\/p>\n<p>O <a href=\"https:\/\/tvtnews.com.br\/tvt-exibe-ultimo-episodio-da-serie-tarifa-zero\/\" data-type=\"link\" data-id=\"https:\/\/tvtnews.com.br\/tvt-exibe-ultimo-episodio-da-serie-tarifa-zero\/\">programa Tarifa Zero<\/a> acontece em um momento decisivo. Hoje, 137 cidades brasileiras j\u00e1 adotam a Tarifa Zero todos os dias, demonstrando que a pol\u00edtica n\u00e3o \u00e9 utopia: \u00e9 realidade, funciona e melhora a vida das pessoas.<\/p>\n<\/p>\n<h2>O que fala o programa Parlamentares pela Tarifa Zero<\/h2>\n<p>O programa Parlamentares pela Tarifa Zero est\u00e1 organizado em quatro pain\u00e9is tem\u00e1ticos:<\/p>\n<p>1. Tarifa Zero como direito social<br \/>2. Modelos de financiamento e experi\u00eancias municipais<br \/>3. Tarifa Zero e o Governo Federal<br \/>4. Tarifa Zero na sua cidade \u2013 com presen\u00e7a de parlamentares que implementam ou estudam a pol\u00edtica em seus munic\u00edpios.<\/p>\n<p>Nos quatro epis\u00f3dios, produzidos com apoio t\u00e9cnico-operacional da <a href=\"https:\/\/tvtnews.com.br\/tag\/tvt\/\" data-type=\"post_tag\" data-id=\"4316\">TVT<\/a>, os convidados trazem diferentes perspectivas em rela\u00e7\u00e3o ao tema do valor do transporte p\u00fablico, marcando assim o in\u00edcio de uma articula\u00e7\u00e3o nacional pela garantia da Tarifa Zero como direito.<\/p>\n<p>\u201cO Brasil d\u00e1 um passo hist\u00f3rico na luta por uma mobilidade urbana mais justa. O F\u00f3rum re\u00fane vereadoras, vereadores, deputadas e deputados estaduais e federais de diferentes partidos, regi\u00f5es e trajet\u00f3rias. A iniciativa nasce para transformar o transporte p\u00fablico em um direito universal, enfrentando desigualdades e ampliando o acesso \u00e0 cidade\u201d, conta o vereador por Santo Andr\u00e9, Cl\u00f3vis Girardi.<\/p>\n<figure><img loading=\"lazy\" loading=\"lazy\" decoding=\"async\" width=\"1024\" height=\"576\"src=\"https:\/\/redept.com.br\/blogosfera\/wp-content\/uploads\/2026\/01\/vereradores_tarifa_zero-2-2048x1152-1.jpg\" alt=\"tvt-vai-exibir-serie-de-programas-sobre-tarifa-zero-nos-transportes-confira-o-grupo-do-brasil-na-copa-do-mundo-2026-frente-nacional-de-parlamentares-em-defesa-da-tarifa-zero-sera-lancada-em-4-de-dezembro-tvt-news\" title=\"Passagem de \u00f4nibus: confira o valor da passagem na sua cidade em 2026 4\" srcset=\"https:\/\/tvtnews.com.br\/wp-content\/uploads\/2025\/12\/vereradores_tarifa_zero-2-1024x576.jpg 1024w, https:\/\/tvtnews.com.br\/wp-content\/uploads\/2025\/12\/vereradores_tarifa_zero-2-300x169.jpg 300w, https:\/\/tvtnews.com.br\/wp-content\/uploads\/2025\/12\/vereradores_tarifa_zero-2-768x432.jpg 768w, https:\/\/tvtnews.com.br\/wp-content\/uploads\/2025\/12\/vereradores_tarifa_zero-2-1536x864.jpg 1536w, https:\/\/redept.com.br\/blogosfera\/wp-content\/uploads\/2026\/01\/vereradores_tarifa_zero-2-2048x1152-1.jpg 2048w\" sizes=\"auto, (max-width: 1024px) 100vw, 1024px\"><figcaption>Maria Paula, vereadora de Araraquara (SP), participou das grava\u00e7\u00f5es dos programas sobre isen\u00e7\u00e3o de tarifa nos transportes p\u00fablicos. Foto: Alexandre Barbosa \/ TVT News<\/figcaption><\/figure>\n<\/p>\n<h2>Assista ao programa Tarifa Zero<\/h2>\n<p>Nomes como <a href=\"https:\/\/www.instagram.com\/girardiclovis\/reels\/\" data-type=\"link\" data-id=\"https:\/\/www.instagram.com\/girardiclovis\/reels\/\" target=\"_blank\" rel=\"noopener noreferrer nofollow\">Cl\u00f3vis Girardi<\/a>, Luna <a href=\"https:\/\/tvtnews.com.br\/vereadora-luna-detalha-programa-roubo-celulares\/\" data-type=\"post\" data-id=\"767979\">Zarattini<\/a>, Bia Alcantara, Duda Hidalgo, Uriel Biazin, Maria Paula, Luiza Dulci, Bruna Biondi, Fernanda Henrique, Dep. Est. Maurici, Dep. Fed. Jilmar Tatto participam de s\u00e9rie de programas exibidos na TVT.<\/p>\n<h3>Primeiro epis\u00f3dio: transporte p\u00fablico como direito do cidad\u00e3o<\/h3>\n<ul>\n<li>O transporte como\u00a0<strong>barreira econ\u00f4mica<\/strong>\u00a0que limita o acesso \u00e0 cidade, especialmente para mulheres, idosos e popula\u00e7\u00f5es perif\u00e9ricas.<\/li>\n<li>A necessidade de\u00a0<strong>integrar modais<\/strong>\u00a0(\u00f4nibus, trem, metr\u00f4) em regi\u00f5es metropolitanas, com mudan\u00e7as na Constitui\u00e7\u00e3o para criar autoridade \u00fanica.<\/li>\n<li>Experi\u00eancias como a tarifa zero aos domingos em S\u00e3o Paulo, criticada pela falta de oferta adequada de \u00f4nibus.<\/li>\n<\/ul>\n<figure>\n<div>\n<\/div>\n<\/figure>\n<h3><strong>Segundo epis\u00f3dio: \u201cTarifa Zero: conhe\u00e7a os modelos\u201d<\/strong><\/h3>\n<p>Com media\u00e7\u00e3o da vereadora Fernanda Henrique (Ribeir\u00e3o Pires), o programa explorou\u00a0<strong>modelos de financiamento e casos de sucesso<\/strong>. Especialistas como Jean Carlo Gama (GV Cidades) e Daniel Santini (FA USP) apontaram:<\/p>\n<ul>\n<li>O Brasil \u00e9\u00a0<strong>l\u00edder mundial<\/strong>\u00a0em cidades com tarifa zero (138 munic\u00edpios), mas o modelo atual de financiamento por tarifa \u00e9 \u201cregressivo e leva ao colapso\u201d.<\/li>\n<li>Experi\u00eancias como\u00a0<strong>S\u00e3o Caetano do Sul<\/strong>\u00a0(SP) e\u00a0<strong>Maric\u00e1<\/strong>\u00a0(RJ) mostraram aumento de at\u00e9 320% no uso do transporte ap\u00f3s a gratuidade, com custo de 1,5% a 2% do or\u00e7amento municipal.<\/li>\n<li>A mudan\u00e7a para\u00a0<strong>remunera\u00e7\u00e3o por quil\u00f4metro rodado<\/strong>\u00a0(e n\u00e3o por passageiro) \u00e9 essencial para garantir qualidade e sustentabilidade.<\/li>\n<\/ul>\n<figure>\n<div>\n<\/div>\n<\/figure>\n<h3><strong>Terceiro epis\u00f3dio: \u201cTarifa Zero: Governo Lula\u201d<\/strong><\/h3>\n<p>Com a vereadora Duda Hidalgo (PT-Ribeir\u00e3o Preto), o epis\u00f3dio focou no\u00a0<strong>debate nacional liderado pelo governo federal<\/strong>. Participaram o vereador Uriel Biazim (Embu das Artes) e o deputado federal Gilmar Tatto (PT-SP), que detalharam:<\/p>\n<ul>\n<li>O presidente Lula\u00a0<strong>escalou uma equipe t\u00e9cnica<\/strong>, liderada pelo ministro Fernando Haddad, para estudar a viabilidade da tarifa zero em \u00e2mbito nacional.<\/li>\n<li>Propostas de financiamento incluem a\u00a0<strong>reformula\u00e7\u00e3o do vale-transporte<\/strong>, com cria\u00e7\u00e3o de um fundo tripartite (Uni\u00e3o, estados, munic\u00edpios) e taxa\u00e7\u00e3o de setores poluentes.<\/li>\n<li>H\u00e1\u00a0<strong>projetos em tramita\u00e7\u00e3o no Congresso<\/strong>, como o marco regulat\u00f3rio da mobilidade e a PEC da tarifa zero, al\u00e9m de estudos encomendados \u00e0 Universidade de Bras\u00edlia.<\/li>\n<li>\n<\/ul>\n<figure>\n<div>\n<\/div>\n<\/figure>\n<h3><strong>\u00daltimo epis\u00f3dio<\/strong><\/h3>\n<p>O quarto programa ter\u00e1 como tema\u00a0<strong>\u201cTarifa Zero na sua cidade\u201d<\/strong>, com foco em como parlamentares locais podem implementar ou ampliar a pol\u00edtica. O debate refor\u00e7a a necessidade de um\u00a0<strong>Pacto Federativo<\/strong>\u00a0para financiamento compartilhado, evitando a queda na qualidade dos servi\u00e7os.<\/p>\n<\/p>\n<p><em>Com colabora\u00e7\u00e3o de Gabriel Valery, Raquel Freitas e Tiago Pereira<\/em><\/p>\n<p>The post <a rel=\"nofollow\" href=\"https:\/\/tvtnews.com.br\/passagem-de-onibus-confira-valor-da-passagem-2026\/\">Passagem de \u00f4nibus: confira o valor da passagem na sua cidade em 2026<\/a> appeared first on <a rel=\"nofollow\" href=\"https:\/\/tvtnews.com.br\/\">TVT News<\/a>.<\/p>\n<!-- Begin Yuzo --><div class='yuzo_related_post style-1'  data-version='5.12.89'><!-- without result --><div class='yuzo_clearfixed yuzo__title yuzo__title'><h3>Related Post<\/h3><\/div>\n\t\t\t\t\t\t  <div class=\"relatedthumb \" style=\"width:125px;float:left;overflow:hidden;\">  \n\t\t\t\t\t\t\t  \n\t\t\t\t\t\t\t  <a  href=\"https:\/\/sul21.com.br\/opiniao\/2025\/11\/o-poder-e-a-liberdade-por-luiz-marques\/\"  >\n\t\t\t\t\t\t\t\t\t  <div class=\"yuzo-img-wrap \" style=\"width: 125px;height:90px;\">\n\t\t\t\t\t\t\t\t\t\t\n\t\t\t\t\t\t\t\t\t\t<div class=\"yuzo-img\" style=\"background:url('https:\/\/redept.org\/blogosfera\/wp-content\/plugins\/yuzo-related-post\/assets\/images\/default.png') 50% 50% no-repeat;width: 125px;height:90px;margin-bottom: 5px;background-size: cover; \"><\/div>\n\t\t\t\t\t\t\t\t\t  <\/div>\n\t\t\t\t\t\t\t\t\t  \n\t\t\t\t\t\t\t\t   <span class=\"yuzo__text--title\" style=\"font-size:13px;\">O poder e a liberdade (por Luiz Marques)<\/span>\n\t\t\t\t\t\t\t  \n\t\t\t\t\t\t\t  \n\t\t\t\t\t\t\t  <\/a>\n\n\t\t\t\t\t\t  <\/div>\n\t\t\t\t\t\t  <div class=\"relatedthumb \" style=\"width:125px;float:left;overflow:hidden;\">  \n\t\t\t\t\t\t\t  \n\t\t\t\t\t\t\t  <a  href=\"https:\/\/redept.com.br\/blogosfera\/as-raposas-do-congresso-roubando-r-200-bilhoes-do-orcamento-secreto-e-a-midia-vem-falar-que-lula-quer-um-nos-contra-eles\/\"  >\n\t\t\t\t\t\t\t\t\t  <div class=\"yuzo-img-wrap \" style=\"width: 125px;height:90px;\">\n\t\t\t\t\t\t\t\t\t\t\n\t\t\t\t\t\t\t\t\t\t<div class=\"yuzo-img\" style=\"background:url('https:\/\/redept.org\/blogosfera\/wp-content\/plugins\/yuzo-related-post\/assets\/images\/default.png') 50% 50% no-repeat;width: 125px;height:90px;margin-bottom: 5px;background-size: cover; \"><\/div>\n\t\t\t\t\t\t\t\t\t  <\/div>\n\t\t\t\t\t\t\t\t\t  \n\t\t\t\t\t\t\t\t   <span class=\"yuzo__text--title\" style=\"font-size:13px;\">As raposas do Congresso roubando R$ 200 bilh\u00f5es do...<\/span>\n\t\t\t\t\t\t\t  \n\t\t\t\t\t\t\t  \n\t\t\t\t\t\t\t  <\/a>\n\n\t\t\t\t\t\t  <\/div>\n\t\t\t\t\t\t  <div class=\"relatedthumb \" style=\"width:125px;float:left;overflow:hidden;\">  \n\t\t\t\t\t\t\t  \n\t\t\t\t\t\t\t  <a  href=\"https:\/\/redept.com.br\/blogosfera\/michelle-bolsonaro-mente-sobre-lula-a-seguidores-no-ne-esta-trazendo-as-pessoas-pra-miseria\/\"  >\n\t\t\t\t\t\t\t\t\t  <div class=\"yuzo-img-wrap \" style=\"width: 125px;height:90px;\">\n\t\t\t\t\t\t\t\t\t\t\n\t\t\t\t\t\t\t\t\t\t<div class=\"yuzo-img\" style=\"background:url('https:\/\/redept.org\/blogosfera\/wp-content\/plugins\/yuzo-related-post\/assets\/images\/default.png') 50% 50% no-repeat;width: 125px;height:90px;margin-bottom: 5px;background-size: cover; \"><\/div>\n\t\t\t\t\t\t\t\t\t  <\/div>\n\t\t\t\t\t\t\t\t\t  \n\t\t\t\t\t\t\t\t   <span class=\"yuzo__text--title\" style=\"font-size:13px;\">Michelle Bolsonaro mente sobre Lula a seguidores n...<\/span>\n\t\t\t\t\t\t\t  \n\t\t\t\t\t\t\t  \n\t\t\t\t\t\t\t  <\/a>\n\n\t\t\t\t\t\t  <\/div>\n\t\t\t\t\t\t  <div class=\"relatedthumb \" style=\"width:125px;float:left;overflow:hidden;\">  \n\t\t\t\t\t\t\t  \n\t\t\t\t\t\t\t  <a  href=\"https:\/\/redept.com.br\/blogosfera\/lideres-globais-acionam-lula-em-meio-ao-caos-na-venezuela-qual-o-papel-do-brasil\/\"  >\n\t\t\t\t\t\t\t\t\t  <div class=\"yuzo-img-wrap \" style=\"width: 125px;height:90px;\">\n\t\t\t\t\t\t\t\t\t\t\n\t\t\t\t\t\t\t\t\t\t<div class=\"yuzo-img\" style=\"background:url('https:\/\/redept.org\/blogosfera\/wp-content\/plugins\/yuzo-related-post\/assets\/images\/default.png') 50% 50% no-repeat;width: 125px;height:90px;margin-bottom: 5px;background-size: cover; \"><\/div>\n\t\t\t\t\t\t\t\t\t  <\/div>\n\t\t\t\t\t\t\t\t\t  \n\t\t\t\t\t\t\t\t   <span class=\"yuzo__text--title\" style=\"font-size:13px;\">L\u00edderes globais acionam Lula em meio ao caos na Ve...<\/span>\n\t\t\t\t\t\t\t  \n\t\t\t\t\t\t\t  \n\t\t\t\t\t\t\t  <\/a>\n\n\t\t\t\t\t\t  <\/div>\n<\/div> <script>\n\t\t\t\t\t\t  jQuery(document).ready(function( $ ){\n\t\t\t\t\t\t\t\/\/jQuery('.yuzo_related_post').equalizer({ overflow : 'relatedthumb' });\n\t\t\t\t\t\t\tjQuery('.yuzo_related_post .yuzo_wraps').equalizer({ columns : '> div' });\n\t\t\t\t\t\t   })\n\t\t\t\t\t\t  <\/script> <!-- End Yuzo :) -->","protected":false},"excerpt":{"rendered":"<p>O ano de 2026 come\u00e7ou com aumento do valor da passagem de \u00f4nibus em v\u00e1rias cidades do pa\u00eds. Confira em TVT News qual o pre\u00e7o da passagem de \u00f4nibus na sua cidade. Qual o valor da passagem de \u00f4nibus nas capitais ? Pelo menos cinco grandes cidades, S\u00e3o Paulo, Rio de Janeiro, Belo Horizonte, Florian\u00f3polis [&hellip;]<\/p>\n","protected":false},"author":2,"featured_media":0,"comment_status":"open","ping_status":"closed","sticky":false,"template":"","format":"standard","meta":{"fifu_image_url":"","fifu_image_alt":"","footnotes":""},"categories":[264,472,663,2921],"tags":[],"class_list":["post-69498","post","type-post","status-publish","format-standard","hentry","category-cidadania","category-destaque-ahome","category-tarifa-zero","category-transportes"],"_links":{"self":[{"href":"https:\/\/redept.com.br\/blogosfera\/wp-json\/wp\/v2\/posts\/69498","targetHints":{"allow":["GET"]}}],"collection":[{"href":"https:\/\/redept.com.br\/blogosfera\/wp-json\/wp\/v2\/posts"}],"about":[{"href":"https:\/\/redept.com.br\/blogosfera\/wp-json\/wp\/v2\/types\/post"}],"author":[{"embeddable":true,"href":"https:\/\/redept.com.br\/blogosfera\/wp-json\/wp\/v2\/users\/2"}],"replies":[{"embeddable":true,"href":"https:\/\/redept.com.br\/blogosfera\/wp-json\/wp\/v2\/comments?post=69498"}],"version-history":[{"count":0,"href":"https:\/\/redept.com.br\/blogosfera\/wp-json\/wp\/v2\/posts\/69498\/revisions"}],"wp:attachment":[{"href":"https:\/\/redept.com.br\/blogosfera\/wp-json\/wp\/v2\/media?parent=69498"}],"wp:term":[{"taxonomy":"category","embeddable":true,"href":"https:\/\/redept.com.br\/blogosfera\/wp-json\/wp\/v2\/categories?post=69498"},{"taxonomy":"post_tag","embeddable":true,"href":"https:\/\/redept.com.br\/blogosfera\/wp-json\/wp\/v2\/tags?post=69498"}],"curies":[{"name":"wp","href":"https:\/\/api.w.org\/{rel}","templated":true}]}}