{"id":69621,"date":"2026-01-07T13:18:18","date_gmt":"2026-01-07T16:18:18","guid":{"rendered":"https:\/\/redept.com.br\/blogosfera\/movimentos-convocam-atos-pela-democracia-e-contra-a-anistia-neste-8-de-janeiro\/"},"modified":"2026-01-07T13:18:18","modified_gmt":"2026-01-07T16:18:18","slug":"movimentos-convocam-atos-pela-democracia-e-contra-a-anistia-neste-8-de-janeiro","status":"publish","type":"post","link":"https:\/\/redept.com.br\/blogosfera\/movimentos-convocam-atos-pela-democracia-e-contra-a-anistia-neste-8-de-janeiro\/","title":{"rendered":"Movimentos convocam atos pela democracia e contra a anistia neste 8 de janeiro"},"content":{"rendered":"<p><img fetchpriority=\"high\" width=\"1024\" height=\"576\"src=\"https:\/\/redept.com.br\/blogosfera\/wp-content\/uploads\/2026\/01\/semanistia_Foto-Juliana-Barbosa-MST-PR.jpg\" alt=\"\" decoding=\"async\" srcset=\"https:\/\/vermelho.org.br\/wp-content\/uploads\/2024\/03\/semanistia_Foto-Juliana-Barbosa-MST-PR-1024x576.jpg 1024w, https:\/\/vermelho.org.br\/wp-content\/uploads\/2024\/03\/semanistia_Foto-Juliana-Barbosa-MST-PR-300x169.jpg 300w, https:\/\/vermelho.org.br\/wp-content\/uploads\/2024\/03\/semanistia_Foto-Juliana-Barbosa-MST-PR-768x432.jpg 768w, https:\/\/vermelho.org.br\/wp-content\/uploads\/2024\/03\/semanistia_Foto-Juliana-Barbosa-MST-PR-1536x864.jpg 1536w, https:\/\/redept.com.br\/blogosfera\/wp-content\/uploads\/2026\/01\/semanistia_Foto-Juliana-Barbosa-MST-PR.jpg 1890w\" sizes=\"(max-width: 1024px) 100vw, 1024px\"><\/p>\n<p>Nesta quinta-feira, 8 de janeiro, completam-se tr\u00eas anos dos ataques golpistas \u00e0s sedes dos Tr\u00eas Poderes, ocorridos logo no in\u00edcio do terceiro mandato do presidente Luiz In\u00e1cio Lula da Silva, em 2023. <\/p>\n<p>Ao longo do dia, entidades dos movimentos sociais est\u00e3o chamando a popula\u00e7\u00e3o a participar de manifesta\u00e7\u00f5es nas principais cidades do pa\u00eds em defesa da democracia e da soberania e contra a anistia aos golpistas, contida no PL da Dosimetria aprovado pelo Congresso.<\/p>\n<p>As manifesta\u00e7\u00f5es s\u00e3o lideradas pelas frentes Brasil Popular e Povo Sem Medo, movimentos sociais, centrais sindicais e partidos do campo democr\u00e1tico e de esquerda, entre os quais o PCdoB, o PT e o PSol.<\/p>\n<p><strong>Leia mais<\/strong>: <a href=\"https:\/\/vermelho.org.br\/2025\/12\/07\/maioria-da-populacao-acha-que-a-prisao-de-bolsonaro-e-justa-aponta-datafolha\/\">Maioria da popula\u00e7\u00e3o acha que a pris\u00e3o de Bolsonaro \u00e9 justa, aponta Datafolha<\/a><\/p>\n<p>O principal ato ser\u00e1 em Bras\u00edlia, em frente ao Pal\u00e1cio do Planalto \u2014 a concentra\u00e7\u00e3o est\u00e1 sendo chamada para as 8h. Na sede do governo federal, \u00e0s 10h30, acontece uma cerim\u00f4nia oficial com o presidente Lula e autoridades do Executivo, Legislativo e Judici\u00e1rio. Ao fim do ato oficial, o presidente dever\u00e1 descer a rampa, indo ao encontro da milit\u00e2ncia.<\/p>\n<p>Nesta ter\u00e7a-feira (6), o l\u00edder do governo no Senado, Jaques Wagner (PT-BA), <a href=\"https:\/\/vermelho.org.br\/2026\/01\/07\/lider-do-governo-confirma-que-lula-vetara-anistia-disfarcada-de-dosimetria\/\">confirmou que Lula vetar\u00e1 o PL da Dosimetria<\/a> durante a cerim\u00f4nia. O projeto, aprovado pelo Congresso no final do ano, \u00e9 uma anistia disfar\u00e7ada a Jair Bolsonaro (PL), principal lideran\u00e7a da trama golpista que culminou com os ataques de 8 de janeiro de 2023.<\/p>\n<p><strong>Manifesta\u00e7\u00f5es pelo pa\u00eds<\/strong><\/p>\n<p>At\u00e9 o momento, j\u00e1 foram divulgados os seguintes atos:<\/p>\n<ul>\n<li><strong>Bras\u00edlia (DF):<\/strong> concentra\u00e7\u00e3o \u00e0s 8h, em frente ao Pal\u00e1cio do Planalto;<\/li>\n<li><strong>S\u00e3o Paulo (SP):<\/strong> 18h, na Faculdade de Direito da USP, Largo S\u00e3o Francisco, Centro;<\/li>\n<li><strong>Rio de Janeiro (RJ): <\/strong>16h, na Cinel\u00e2ndia, Centro;<\/li>\n<li><strong>Porto Alegre (RS): <\/strong>17h30, na Esquina Democr\u00e1tica, Centro;<\/li>\n<li><strong>Recife (PE):<\/strong> 15h, na esquina da Rua 7 de Setembro com a Avenida Conde da Boa Vista;<\/li>\n<li><strong>Fortaleza (CE):<\/strong> 15h, na Pra\u00e7a do Ferreira;<\/li>\n<li><strong>S\u00e3o Lu\u00eds (MA): <\/strong>16h, no Largo do Carmo, Centro.<\/li>\n<\/ul>\n<p>Ao longo do dia, o <strong>Portal Vermelho<\/strong> atualizar\u00e1 esta not\u00edcia com outros locais.<\/p>\n<p>O post <a href=\"https:\/\/vermelho.org.br\/2026\/01\/07\/movimentos-convocam-atos-pela-democracia-e-contra-a-anistia-neste-8-de-janeiro\/\">Movimentos convocam atos pela democracia e contra a anistia neste 8 de janeiro<\/a> apareceu primeiro em <a href=\"https:\/\/vermelho.org.br\/\">Vermelho<\/a>.<\/p>\n<!-- Begin Yuzo --><div class='yuzo_related_post style-1'  data-version='5.12.89'><!-- without result --><div class='yuzo_clearfixed yuzo__title yuzo__title'><h3>Related Post<\/h3><\/div>\n\t\t\t\t\t\t  <div class=\"relatedthumb \" style=\"width:125px;float:left;overflow:hidden;\">  \n\t\t\t\t\t\t\t  \n\t\t\t\t\t\t\t  <a  href=\"https:\/\/redept.com.br\/blogosfera\/ha-dez-anos-o-golpe-contra-dilma-abriu-a-ferida-que-a-extrema-direita-explorou\/\"  >\n\t\t\t\t\t\t\t\t\t  <div class=\"yuzo-img-wrap \" style=\"width: 125px;height:90px;\">\n\t\t\t\t\t\t\t\t\t\t\n\t\t\t\t\t\t\t\t\t\t<div class=\"yuzo-img\" style=\"background:url('https:\/\/redept.org\/blogosfera\/wp-content\/plugins\/yuzo-related-post\/assets\/images\/default.png') 50% 50% no-repeat;width: 125px;height:90px;margin-bottom: 5px;background-size: cover; \"><\/div>\n\t\t\t\t\t\t\t\t\t  <\/div>\n\t\t\t\t\t\t\t\t\t  \n\t\t\t\t\t\t\t\t   <span class=\"yuzo__text--title\" style=\"font-size:13px;\">H\u00e1 dez anos, o golpe contra Dilma abriu a ferida q...<\/span>\n\t\t\t\t\t\t\t  \n\t\t\t\t\t\t\t  \n\t\t\t\t\t\t\t  <\/a>\n\n\t\t\t\t\t\t  <\/div>\n\t\t\t\t\t\t  <div class=\"relatedthumb \" style=\"width:125px;float:left;overflow:hidden;\">  \n\t\t\t\t\t\t\t  \n\t\t\t\t\t\t\t  <a  href=\"https:\/\/redept.com.br\/blogosfera\/soberania-digital-esboco-para-um-projeto-para-o-brasil\/\"  >\n\t\t\t\t\t\t\t\t\t  <div class=\"yuzo-img-wrap \" style=\"width: 125px;height:90px;\">\n\t\t\t\t\t\t\t\t\t\t\n\t\t\t\t\t\t\t\t\t\t<div class=\"yuzo-img\" style=\"background:url('https:\/\/redept.com.br\/blogosfera\/wp-content\/uploads\/2025\/10\/Screenshot-2025-10-03-at-16-15-34-Brasil-tecnologiajpg-3-1024x538webp-imagem-WEBP-1024-538-pixels-150x150.png') 50% 50% no-repeat;width: 125px;height:90px;margin-bottom: 5px;background-size: cover; \"><\/div>\n\t\t\t\t\t\t\t\t\t  <\/div>\n\t\t\t\t\t\t\t\t\t  \n\t\t\t\t\t\t\t\t   <span class=\"yuzo__text--title\" style=\"font-size:13px;\">Soberania Digital: Esbo\u00e7o para um projeto para o B...<\/span>\n\t\t\t\t\t\t\t  \n\t\t\t\t\t\t\t  \n\t\t\t\t\t\t\t  <\/a>\n\n\t\t\t\t\t\t  <\/div>\n\t\t\t\t\t\t  <div class=\"relatedthumb \" style=\"width:125px;float:left;overflow:hidden;\">  \n\t\t\t\t\t\t\t  \n\t\t\t\t\t\t\t  <a  href=\"https:\/\/redept.com.br\/blogosfera\/lider-supremo-do-ira-volta-a-reivindicar-vitoria-sobre-israel-com-forca-que-nenhum-inimigo-esperava\/\"  >\n\t\t\t\t\t\t\t\t\t  <div class=\"yuzo-img-wrap \" style=\"width: 125px;height:90px;\">\n\t\t\t\t\t\t\t\t\t\t\n\t\t\t\t\t\t\t\t\t\t<div class=\"yuzo-img\" style=\"background:url('https:\/\/redept.org\/blogosfera\/wp-content\/plugins\/yuzo-related-post\/assets\/images\/default.png') 50% 50% no-repeat;width: 125px;height:90px;margin-bottom: 5px;background-size: cover; \"><\/div>\n\t\t\t\t\t\t\t\t\t  <\/div>\n\t\t\t\t\t\t\t\t\t  \n\t\t\t\t\t\t\t\t   <span class=\"yuzo__text--title\" style=\"font-size:13px;\">L\u00edder supremo do Ir\u00e3 volta a reivindicar vit\u00f3ria s...<\/span>\n\t\t\t\t\t\t\t  \n\t\t\t\t\t\t\t  \n\t\t\t\t\t\t\t  <\/a>\n\n\t\t\t\t\t\t  <\/div>\n\t\t\t\t\t\t  <div class=\"relatedthumb \" style=\"width:125px;float:left;overflow:hidden;\">  \n\t\t\t\t\t\t\t  \n\t\t\t\t\t\t\t  <a  href=\"https:\/\/redept.com.br\/blogosfera\/agro-ratinho-e-o-risco-a-mata-atlantica-que-vem-do-parana\/\"  >\n\t\t\t\t\t\t\t\t\t  <div class=\"yuzo-img-wrap \" style=\"width: 125px;height:90px;\">\n\t\t\t\t\t\t\t\t\t\t\n\t\t\t\t\t\t\t\t\t\t<div class=\"yuzo-img\" style=\"background:url('https:\/\/redept.org\/blogosfera\/wp-content\/plugins\/yuzo-related-post\/assets\/images\/default.png') 50% 50% no-repeat;width: 125px;height:90px;margin-bottom: 5px;background-size: cover; \"><\/div>\n\t\t\t\t\t\t\t\t\t  <\/div>\n\t\t\t\t\t\t\t\t\t  \n\t\t\t\t\t\t\t\t   <span class=\"yuzo__text--title\" style=\"font-size:13px;\">Agro, Ratinho e o risco \u00e0 Mata Atl\u00e2ntica que vem d...<\/span>\n\t\t\t\t\t\t\t  \n\t\t\t\t\t\t\t  \n\t\t\t\t\t\t\t  <\/a>\n\n\t\t\t\t\t\t  <\/div>\n<\/div> <script>\n\t\t\t\t\t\t  jQuery(document).ready(function( $ ){\n\t\t\t\t\t\t\t\/\/jQuery('.yuzo_related_post').equalizer({ overflow : 'relatedthumb' });\n\t\t\t\t\t\t\tjQuery('.yuzo_related_post .yuzo_wraps').equalizer({ columns : '> div' });\n\t\t\t\t\t\t   })\n\t\t\t\t\t\t  <\/script> <!-- End Yuzo :) -->","protected":false},"excerpt":{"rendered":"<p>Nesta quinta-feira, 8 de janeiro, completam-se tr\u00eas anos dos ataques golpistas \u00e0s sedes dos Tr\u00eas Poderes, ocorridos logo no in\u00edcio do terceiro mandato do presidente Luiz In\u00e1cio Lula da Silva, em 2023. Ao longo do dia, entidades dos movimentos sociais est\u00e3o chamando a popula\u00e7\u00e3o a participar de manifesta\u00e7\u00f5es nas principais cidades do pa\u00eds em defesa [&hellip;]<\/p>\n","protected":false},"author":2,"featured_media":0,"comment_status":"open","ping_status":"closed","sticky":false,"template":"","format":"standard","meta":{"fifu_image_url":"","fifu_image_alt":"","footnotes":""},"categories":[1269,2993,1271,1272,278,20752,2609],"tags":[],"class_list":["post-69621","post","type-post","status-publish","format-standard","hentry","category-8-de-janeiro","category-em-defesa-da-democracia","category-golpismo","category-golpismo-bolsonarista","category-movimentos","category-pl-da-dosimetria","category-sem-anistia"],"_links":{"self":[{"href":"https:\/\/redept.com.br\/blogosfera\/wp-json\/wp\/v2\/posts\/69621","targetHints":{"allow":["GET"]}}],"collection":[{"href":"https:\/\/redept.com.br\/blogosfera\/wp-json\/wp\/v2\/posts"}],"about":[{"href":"https:\/\/redept.com.br\/blogosfera\/wp-json\/wp\/v2\/types\/post"}],"author":[{"embeddable":true,"href":"https:\/\/redept.com.br\/blogosfera\/wp-json\/wp\/v2\/users\/2"}],"replies":[{"embeddable":true,"href":"https:\/\/redept.com.br\/blogosfera\/wp-json\/wp\/v2\/comments?post=69621"}],"version-history":[{"count":0,"href":"https:\/\/redept.com.br\/blogosfera\/wp-json\/wp\/v2\/posts\/69621\/revisions"}],"wp:attachment":[{"href":"https:\/\/redept.com.br\/blogosfera\/wp-json\/wp\/v2\/media?parent=69621"}],"wp:term":[{"taxonomy":"category","embeddable":true,"href":"https:\/\/redept.com.br\/blogosfera\/wp-json\/wp\/v2\/categories?post=69621"},{"taxonomy":"post_tag","embeddable":true,"href":"https:\/\/redept.com.br\/blogosfera\/wp-json\/wp\/v2\/tags?post=69621"}],"curies":[{"name":"wp","href":"https:\/\/api.w.org\/{rel}","templated":true}]}}